{"id":2737,"date":"2016-02-05T11:29:36","date_gmt":"2016-02-05T10:29:36","guid":{"rendered":"https:\/\/bruxelles-pantheres.be\/?p=2737"},"modified":"2016-02-05T11:35:17","modified_gmt":"2016-02-05T10:35:17","slug":"meeting-stop-a-letat-de-guerre-comprendre-et-reagir-14-fevrier-2016","status":"publish","type":"post","link":"https:\/\/bruxelles-pantheres.be\/?p=2737","title":{"rendered":"Meeting Stop a l\u2019\u00c9tat de guerre: comprendre et r\u00e9agir  14 F\u00e9vrier 2016"},"content":{"rendered":"<p style=\"text-align: center;\"><em><strong>Meeting <\/strong><\/em><br \/>\n<em><strong>Stop a l\u2019\u00c9tat de guerre: comprendre et r\u00e9agir<\/strong> <\/em><\/p>\n<p style=\"text-align: center;\"><strong>14 F\u00e9vrier 2016\u00a0<\/strong><\/p>\n<p style=\"text-align: center;\"><strong>14h00 \u00e0 18h00 <\/strong><br \/>\n<strong><a href=\"https:\/\/bruxelles-pantheres.be\/wp-content\/uploads\/2016\/02\/png\" rel=\"attachment wp-att-2738\"><img decoding=\"async\" class=\"alignnone size-full wp-image-2738\" src=\"https:\/\/bruxelles-pantheres.be\/wp-content\/uploads\/2016\/02\/png\" alt=\"\" width=\"641\" height=\"118\" srcset=\"https:\/\/bruxelles-pantheres.be\/wp-content\/uploads\/2016\/02\/png 641w, https:\/\/bruxelles-pantheres.be\/wp-content\/uploads\/2016\/02\/png-300x55. 300w\" sizes=\"(max-width: 641px) 100vw, 641px\" \/><\/a><\/strong><\/p>\n<p>{nl} Meeting met een dubbel doel: enerzijds samenkomen om informatie uit te wisselen over geplande acties en elkaar te ondersteunen waar mogelijk en wenselijk, en anderzijds onze krachten ballen om samen een grotere impact op d samenleving te kunnen hebben. Met dit doel voor ogen kondigen we nu al een meeting aan op zondag 14 februari, en de intentie om naar een gezamelijk strijdmoment toe te werken tijdens de lente van 2016. We hopen dat u dit initiatief wil ondersteunen door deze petitie te ondertekenen en u bij onze collectieve dynamiek aan te sluiten <a href=\"https:\/\/www.facebook.com\/events\/497944203724492\/\">(Facebook)<\/a><\/p>\n<p>{fr}Meeting qui a un double objectif. D\u2019une part pouvoir se rassembler et se communiquer les initiatives de chacun, se soutenir et s\u2019entraider la o\u00f9 s\u2019est possible et\/ou n\u00e9cessaire. D\u2019autre part, construire une puissance collective ou les initiatives de chacun nourrisent le rapport de force g\u00e9n\u00e9ral dans la soci\u00e9t\u00e9. A cette fin nous vous annon\u00e7ons d\u00e9ja la tenue d\u2019un meeting le dimanche 14 f\u00e9vrier et notre volont\u00e9 d\u2019aller vers un moment revendicatif fort au printemps 2016. Nous esp\u00e9rons que vous vous joindrez \u00e0 cette initiative en signant le texte d\u2019appel ci-joint mais aussi en joignant vos forces \u00e0 la dynamique collective. <a href=\"https:\/\/www.facebook.com\/events\/497944203724492\/\">(Facebook)<\/a><\/p>\n<div class=\"_42ef _8u\">\n<div class=\"_3uhg\"><a class=\"_2yug\" href=\"https:\/\/www.facebook.com\/Plateforme-Stop-%C3%A0-l%C3%A9tat-de-guerre-148056242229889\/\" target=\"_blank\">Plateforme Stop \u00e0 l&rsquo;\u00e9tat de guerre<\/a><\/div>\n<\/div>\n<p>toegang \/ entr\u00e9e: vrij \/ libre \/\/ info: stopetatdeguerre@riseup.net<\/p>\n<p><strong><a href=\"https:\/\/bruxelles-pantheres.be\/wp-content\/uploads\/2016\/02\/12657353_172205963148250_1501298891846960316_o.jpg\" rel=\"attachment wp-att-2739\"><img decoding=\"async\" class=\"alignnone size-large wp-image-2739\" src=\"https:\/\/bruxelles-pantheres.be\/wp-content\/uploads\/2016\/02\/12657353_172205963148250_1501298891846960316_o-1024x723.jpg\" alt=\"12657353_172205963148250_1501298891846960316_o\" width=\"1024\" height=\"723\" srcset=\"https:\/\/bruxelles-pantheres.be\/wp-content\/uploads\/2016\/02\/12657353_172205963148250_1501298891846960316_o-1024x723.jpg 1024w, https:\/\/bruxelles-pantheres.be\/wp-content\/uploads\/2016\/02\/12657353_172205963148250_1501298891846960316_o-300x212.jpg 300w, https:\/\/bruxelles-pantheres.be\/wp-content\/uploads\/2016\/02\/12657353_172205963148250_1501298891846960316_o-768x542.jpg 768w, https:\/\/bruxelles-pantheres.be\/wp-content\/uploads\/2016\/02\/12657353_172205963148250_1501298891846960316_o-1536x1085.jpg 1536w, https:\/\/bruxelles-pantheres.be\/wp-content\/uploads\/2016\/02\/12657353_172205963148250_1501298891846960316_o-1320x932.jpg 1320w, https:\/\/bruxelles-pantheres.be\/wp-content\/uploads\/2016\/02\/12657353_172205963148250_1501298891846960316_o.jpg 2048w\" sizes=\"(max-width: 1024px) 100vw, 1024px\" \/><\/a><\/strong><\/p>\n<p><em>Le texte de plateforme ci-joint constitue la base politique sur laquelle nous voulons, et nous vous invitons \u00e0, nous rassembler.<\/em><\/p>\n<h5 class=\"entry-title\"><a href=\"https:\/\/bruxelles-pantheres.be\/?p=2694\" target=\"_blank\">Stop \u00e0 l\u2019\u00e9tat de guerre, en Belgique comme \u00e0 l\u2019\u00e9tranger !<\/a><\/h5>\n","protected":false},"excerpt":{"rendered":"<p>Meeting Stop a l\u2019\u00c9tat de guerre: comprendre et r\u00e9agir 14 F\u00e9vrier 2016\u00a0 14h00 \u00e0 18h00 {nl} Meeting met een dubbel doel: enerzijds samenkomen om informatie uit te wisselen over geplande acties en elkaar te ondersteunen waar mogelijk en wenselijk, en anderzijds onze krachten ballen om samen een grotere impact op d samenleving te kunnen hebben. &#8230; <a title=\"Meeting Stop a l\u2019\u00c9tat de guerre: comprendre et r\u00e9agir  14 F\u00e9vrier 2016\" class=\"read-more\" href=\"https:\/\/bruxelles-pantheres.be\/?p=2737\" aria-label=\"En savoir plus sur Meeting Stop a l\u2019\u00c9tat de guerre: comprendre et r\u00e9agir  14 F\u00e9vrier 2016\">Lire la suite<\/a><\/p>\n","protected":false},"author":1,"featured_media":2739,"comment_status":"open","ping_status":"open","sticky":false,"template":"","format":"standard","meta":{"footnotes":""},"categories":[21,36,4,7,6,8,18,28,39,5],"tags":[31,14,15],"class_list":["post-2737","post","type-post","status-publish","format-standard","has-post-thumbnail","hentry","category-anti-imperialisme","category-europe","category-islamophobie","category-negrophobie","category-palestine-moyen-orient","category-prisons","category-resistance-bruxelles","category-racismes","category-sans-papier","category-violence-policiere","tag-belgique","tag-bruxelles","tag-resistance"],"_links":{"self":[{"href":"https:\/\/bruxelles-pantheres.be\/index.php?rest_route=\/wp\/v2\/posts\/2737","targetHints":{"allow":["GET"]}}],"collection":[{"href":"https:\/\/bruxelles-pantheres.be\/index.php?rest_route=\/wp\/v2\/posts"}],"about":[{"href":"https:\/\/bruxelles-pantheres.be\/index.php?rest_route=\/wp\/v2\/types\/post"}],"author":[{"embeddable":true,"href":"https:\/\/bruxelles-pantheres.be\/index.php?rest_route=\/wp\/v2\/users\/1"}],"replies":[{"embeddable":true,"href":"https:\/\/bruxelles-pantheres.be\/index.php?rest_route=%2Fwp%2Fv2%2Fcomments&post=2737"}],"version-history":[{"count":4,"href":"https:\/\/bruxelles-pantheres.be\/index.php?rest_route=\/wp\/v2\/posts\/2737\/revisions"}],"predecessor-version":[{"id":2743,"href":"https:\/\/bruxelles-pantheres.be\/index.php?rest_route=\/wp\/v2\/posts\/2737\/revisions\/2743"}],"wp:featuredmedia":[{"embeddable":true,"href":"https:\/\/bruxelles-pantheres.be\/index.php?rest_route=\/wp\/v2\/media\/2739"}],"wp:attachment":[{"href":"https:\/\/bruxelles-pantheres.be\/index.php?rest_route=%2Fwp%2Fv2%2Fmedia&parent=2737"}],"wp:term":[{"taxonomy":"category","embeddable":true,"href":"https:\/\/bruxelles-pantheres.be\/index.php?rest_route=%2Fwp%2Fv2%2Fcategories&post=2737"},{"taxonomy":"post_tag","embeddable":true,"href":"https:\/\/bruxelles-pantheres.be\/index.php?rest_route=%2Fwp%2Fv2%2Ftags&post=2737"}],"curies":[{"name":"wp","href":"https:\/\/api.w.org\/{rel}","templated":true}]}}