{"id":2763,"date":"2016-02-26T18:58:52","date_gmt":"2016-02-26T17:58:52","guid":{"rendered":"https:\/\/bruxelles-pantheres.be\/?p=2763"},"modified":"2016-02-26T19:12:51","modified_gmt":"2016-02-26T18:12:51","slug":"migrants-et-refugies-une-crise-dhumanite","status":"publish","type":"post","link":"https:\/\/bruxelles-pantheres.be\/?p=2763","title":{"rendered":"Migrants et r\u00e9fugi\u00e9s: une crise d&rsquo;humanit\u00e9"},"content":{"rendered":"<h3 style=\"text-align: center;\"><a href=\"https:\/\/bruxelles-pantheres.be\/wp-content\/uploads\/2016\/02\/unnamed.jpg\" rel=\"attachment wp-att-2764\"><img decoding=\"async\" class=\"alignnone size-full wp-image-2764\" src=\"https:\/\/bruxelles-pantheres.be\/wp-content\/uploads\/2016\/02\/unnamed.jpg\" alt=\"unnamed\" width=\"898\" height=\"644\" srcset=\"https:\/\/bruxelles-pantheres.be\/wp-content\/uploads\/2016\/02\/unnamed.jpg 898w, https:\/\/bruxelles-pantheres.be\/wp-content\/uploads\/2016\/02\/unnamed-300x215.jpg 300w, https:\/\/bruxelles-pantheres.be\/wp-content\/uploads\/2016\/02\/unnamed-768x551.jpg 768w\" sizes=\"(max-width: 898px) 100vw, 898px\" \/><\/a><\/h3>\n<h3 style=\"text-align: center;\"><span style=\"color: #ff0000;\">SAMEDI 27 F\u00c9VRIER \u00c0 14 HEURES<\/span><\/h3>\n<h3 style=\"text-align: center;\"><span style=\"color: #ff0000;\">GARE DU NORD<\/span><\/h3>\n<h3 style=\"text-align: center;\"><span style=\"color: #ff0000;\">Marche europ\u00e9enne pour les droits des r\u00e9fugi\u00e9s<\/span><\/h3>\n<p><a href=\"https:\/\/bruxelles-pantheres.be\/wp-content\/uploads\/2016\/02\/unnamed2.jpg\" rel=\"attachment wp-att-2765\"><img decoding=\"async\" class=\"size-full wp-image-2765 aligncenter\" src=\"https:\/\/bruxelles-pantheres.be\/wp-content\/uploads\/2016\/02\/unnamed2.jpg\" alt=\"unnamed2\" width=\"600\" height=\"840\" srcset=\"https:\/\/bruxelles-pantheres.be\/wp-content\/uploads\/2016\/02\/unnamed2.jpg 600w, https:\/\/bruxelles-pantheres.be\/wp-content\/uploads\/2016\/02\/unnamed2-214x300.jpg 214w\" sizes=\"(max-width: 600px) 100vw, 600px\" \/><\/a><\/p>\n<p>Le 27 f\u00e9vrier 2016, <strong>ce sont plus de 60 villes dans 19 pays d&rsquo;Europe et du monde <\/strong>qui manifesteront pour demander aux autorit\u00e9s d&rsquo;agir pour ouvrir des voies de passage s\u00fbres \u00e0 toute personne qui cherche protection.<\/p>\n<p>UNISSONS NOS VOIX !<\/p>\n<p>&nbsp;<\/p>\n<h3 class=\"rtbf-article-main__title col-xs-12 col-md-8 www-col-full-width\">Migrants et r\u00e9fugi\u00e9s: une crise d&rsquo;humanit\u00e9<\/h3>\n<div class=\"rtbf-paragraph\">\n<p>Depuis longtemps d\u00e9j\u00e0, la politique de fermeture des fronti\u00e8res de l\u2019Union europ\u00e9enne a g\u00e9n\u00e9r\u00e9 des naufrages, des atteintes aux droits humains et entra\u00een\u00e9 dans son sillage une x\u00e9nophobie grandissante.<\/p>\n<p>Depuis quelques mois, l\u2019affolement g\u00e9n\u00e9ralis\u00e9 face \u00e0 l\u2019arriv\u00e9e importante de r\u00e9fugi\u00e9s en Europe, sur fond de mont\u00e9e de la menace terroriste, fait \u00e9merger les \u00e9lans les plus sordides chez la majorit\u00e9 des dirigeants politiques europ\u00e9ens. Il semblerait que la seule boussole politique de l\u2019Union europ\u00e9enne soit d\u00e9sormais celle du cynisme absolu.<\/p>\n<p>Retenir les r\u00e9fugi\u00e9s le plus en amont possible, pour qu\u2019ils n\u2019atteignent pas nos territoires europ\u00e9ens, voil\u00e0 la strat\u00e9gie de l\u2019Union europ\u00e9enne. Et cela a r\u00e9ellement fonctionn\u00e9. Alors que des dizaines de milliers de personnes sont actuellement en train de fuir les bombardements en Syrie, la Turquie leur ferme sa fronti\u00e8re, sous influence contradictoire de l\u2019Union europ\u00e9enne qui a d\u2019abord fait pression pour la fermeture de la fronti\u00e8re terrestre et demand\u00e9 l\u2019introduction de visas pour les Syriens arrivant par voie a\u00e9rienne, puis plaid\u00e9 pour l\u2019ouverture de cette fronti\u00e8re. La Turquie, qui accueille d\u00e9j\u00e0 3 millions de r\u00e9fugi\u00e9s sur son sol, pourrait prochainement \u00eatre qualifi\u00e9e de \u00a0\u00bb pays tiers s\u00fbr \u00ab\u00a0. Cela permettrait aux \u00c9tats europ\u00e9ens de pouvoir refouler en Turquie les demandeurs d\u2019asile qui auraient transit\u00e9 par ce pays avant d\u2019arriver sur leur territoire, d\u00e9gageant ainsi l\u2019Europe de toute responsabilit\u00e9 de solidarit\u00e9 envers des peuples meurtris par la guerre, les conflits, la terreur.<\/p>\n<p>Cela signifie \u00e9galement que l\u2019Union europ\u00e9enne bafoue ses obligations internationales et morales vis-\u00e0-vis des r\u00e9fugi\u00e9s. La Convention de Gen\u00e8ve a \u00e9t\u00e9 con\u00e7ue au sortir de la Seconde Guerre mondiale pour la protection des populations d\u00e9plac\u00e9es et pour asseoir la notion de protection internationale. Il s\u2019agissait de contraindre les \u00c9tats, par un trait\u00e9 international, \u00e0 s\u2019occuper des personnes fuyant les pers\u00e9cutions, \u00e0 leur accorder des droits \u00e9quivalents \u00e0 ceux de leur population et \u00e0 aller au-del\u00e0 de la souverainet\u00e9 nationale pour ouvrir leurs portes \u00e0 ceux qui cherchaient \u00e0 vivre en paix. C\u2019\u00e9tait donc un instrument de paix con\u00e7u au sortir d\u2019une guerre terrifiante. Aujourd\u2019hui, il semble clair que les dirigeants europ\u00e9ens en place ne sont plus capables d\u2019\u00eatre \u00e0 la hauteur de l\u2019esprit de cette convention.<\/p>\n<p>Pour nous, citoyens europ\u00e9ens, cela signifie aussi qu\u2019en notre nom sont prises des d\u00e9cisions avec lesquelles nous sommes en d\u00e9saccord profond : les murs \u00e9rig\u00e9s sur les fronti\u00e8res terrestres entre la Turquie et la Gr\u00e8ce, entre la Turquie et la Bulgarie ou la cl\u00f4ture \u00e0 la fronti\u00e8re mac\u00e9donienne mise en place pour \u00e9viter que les r\u00e9fugi\u00e9s ne remontent vers l\u2019Europe du nord par la route des Balkans, le renforcement des contr\u00f4les maritimes et terrestres avec l\u2019envoi d\u2019agents de Frontex\u2026 Et maintenant des navires de l\u2019OTAN entra\u00eenant des passages \u00e0 haut risque par la mer Eg\u00e9e, o\u00f9 l\u2019on d\u00e9plore depuis d\u00e9but 2016 la mort de plus de 400 personnes, s\u2019ajoutant \u00e0 la longue liste de morts en M\u00e9diterran\u00e9e depuis 20 ans.<\/p>\n<p>Nous ne pouvons plus tol\u00e9rer de voir des photos d\u2019autres petits Aylan tous les matins sur nos \u00e9crans sans perdre totalement foi dans l\u2019Union europ\u00e9enne, dans nos dirigeants, pire, dans nos concitoyens.<\/p>\n<p>Car le probl\u00e8me vient \u00e9galement du fait que le sentiment de profonde indignation ressenti par beaucoup d\u2019entre nous ne semble pas partag\u00e9 par tous : pourquoi l\u2019\u00e9lan simple d\u2019humanit\u00e9 et de solidarit\u00e9 qui devrait s\u2019exprimer aujourd\u2019hui semble emp\u00each\u00e9 ? Par peur d\u2019\u00eatre envahis par les \u00e9trangers ? Un\u00a0million\u00a0de r\u00e9fugi\u00e9s sont arriv\u00e9s en Europe en 2015 pour plus de 500 millions d\u2019habitants\u2026 Nous sommes loin de l\u2019invasion. Par peur de perdre nos emplois, nos avantages sociaux ? Ceux qui nous font croire cela sont ceux-l\u00e0 m\u00eames qui pr\u00f4nent la d\u00e9r\u00e9gulation du march\u00e9 du travail avec toutes les cons\u00e9quences qu\u2019elle a sur l\u2019\u00e9conomie et l\u2019emploi. Par peur de l\u2019\u00e9tranger, du terroriste, du criminel ? Nous savons que les r\u00e9fugi\u00e9s fuient pr\u00e9cis\u00e9ment le terrorisme, et que c\u2019est pour \u00e9viter la guerre et la barbarie qu\u2019ils risquent leur vie et celle de leurs enfants.<\/p>\n<p>Si nous continuons \u00e0 cautionner la fermeture orchestr\u00e9e par les \u00c9tats europ\u00e9ens, c\u2019est nous que nous condamnons \u00e0 rester enferm\u00e9s. Enferm\u00e9s dans nos peurs, notre nationalisme, en compagnie de dirigeants qui ne prot\u00e8gent pas les int\u00e9r\u00eats de la paix, de la solidarit\u00e9 et de la vie. Ce sont les m\u00eames qui licencient, font baisser les salaires et les droits sociaux, encouragent le dumping social, ignorent les questions du climat ou coupent dans l\u2019aide au d\u00e9veloppement. Dans la m\u00eame logique, la m\u00eame optique : celle du profit avant tout, \u00e0 court terme, niant l\u2019humanit\u00e9.<\/p>\n<p>Non ce n\u2019est pas une \u00a0\u00bb crise des r\u00e9fugi\u00e9s \u00ab\u00a0, c\u2019est une crise de l\u2019humanit\u00e9. Juste parce qu\u2019il s\u2019agit d\u2019humains qui devraient prot\u00e9ger d\u2019autres humains de la folie de certains autres humains.<\/p>\n<p>C\u2019est pourquoi les collectifs citoyens solidaires des r\u00e9fugi\u00e9s et des migrants ainsi que toute une s\u00e9rie d\u2019associations invitent tous les citoyens qui refusent cette politique meurtri\u00e8re et mena\u00e7ante \u00e0 demander la mise en place d\u2019un passage s\u00fbr et l\u00e9gal pour les r\u00e9fugi\u00e9s, lors d\u2019une marche ce samedi 27 f\u00e9vrier 2016, \u00e0 13h30 \u00e0 Bruxelles.<\/p>\n<p><a href=\"https:\/\/twitter.com\/hashtag\/SafePassage?src=hash\">#<strong>SafePassage<\/strong><\/a> <strong>NOW<\/strong> !<\/p>\n<p><a title=\"http:\/\/www.bxlrefugees.be\/european-march-brussels%e2%80%8f\/\" href=\"http:\/\/www.bxlrefugees.be\/european-march-brussels%E2%80%8F\/\" target=\"_blank\">www.bxlrefugees.be\/european-march-brussels<\/a><\/p>\n<p>Caroline Intrand, Co-directrice du CIR\u00c9<\/p>\n<p>Alexis Deswaef, Pr\u00e9sident de la Ligue des droits de l\u2019Homme<\/p>\n<p>Philippe Hensmans, Directeur d\u2019Amnesty international Belgique francophone<\/p>\n<p>Pierre Verbeeren, Directeur g\u00e9n\u00e9ral de M\u00e9decins du Monde<\/p>\n<p>Arnaud Zacharie, Secr\u00e9taire g\u00e9n\u00e9ral du CNCD-11.11.11.<\/p>\n<\/div>\n<header class=\"col-xs-12 clearfix rtbf-article-main__header-main\"><\/header>\n<p>&nbsp;<\/p>\n","protected":false},"excerpt":{"rendered":"<p>SAMEDI 27 F\u00c9VRIER \u00c0 14 HEURES GARE DU NORD Marche europ\u00e9enne pour les droits des r\u00e9fugi\u00e9s Le 27 f\u00e9vrier 2016, ce sont plus de 60 villes dans 19 pays d&rsquo;Europe et du monde qui manifesteront pour demander aux autorit\u00e9s d&rsquo;agir pour ouvrir des voies de passage s\u00fbres \u00e0 toute personne qui cherche protection. UNISSONS NOS &#8230; <a title=\"Migrants et r\u00e9fugi\u00e9s: une crise d&rsquo;humanit\u00e9\" class=\"read-more\" href=\"https:\/\/bruxelles-pantheres.be\/?p=2763\" aria-label=\"En savoir plus sur Migrants et r\u00e9fugi\u00e9s: une crise d&rsquo;humanit\u00e9\">Lire la suite<\/a><\/p>\n","protected":false},"author":1,"featured_media":2764,"comment_status":"open","ping_status":"open","sticky":false,"template":"","format":"standard","meta":{"footnotes":""},"categories":[1,36,18,28,39],"tags":[],"class_list":["post-2763","post","type-post","status-publish","format-standard","has-post-thumbnail","hentry","category-non-classe","category-europe","category-resistance-bruxelles","category-racismes","category-sans-papier"],"_links":{"self":[{"href":"https:\/\/bruxelles-pantheres.be\/index.php?rest_route=\/wp\/v2\/posts\/2763","targetHints":{"allow":["GET"]}}],"collection":[{"href":"https:\/\/bruxelles-pantheres.be\/index.php?rest_route=\/wp\/v2\/posts"}],"about":[{"href":"https:\/\/bruxelles-pantheres.be\/index.php?rest_route=\/wp\/v2\/types\/post"}],"author":[{"embeddable":true,"href":"https:\/\/bruxelles-pantheres.be\/index.php?rest_route=\/wp\/v2\/users\/1"}],"replies":[{"embeddable":true,"href":"https:\/\/bruxelles-pantheres.be\/index.php?rest_route=%2Fwp%2Fv2%2Fcomments&post=2763"}],"version-history":[{"count":1,"href":"https:\/\/bruxelles-pantheres.be\/index.php?rest_route=\/wp\/v2\/posts\/2763\/revisions"}],"predecessor-version":[{"id":2766,"href":"https:\/\/bruxelles-pantheres.be\/index.php?rest_route=\/wp\/v2\/posts\/2763\/revisions\/2766"}],"wp:featuredmedia":[{"embeddable":true,"href":"https:\/\/bruxelles-pantheres.be\/index.php?rest_route=\/wp\/v2\/media\/2764"}],"wp:attachment":[{"href":"https:\/\/bruxelles-pantheres.be\/index.php?rest_route=%2Fwp%2Fv2%2Fmedia&parent=2763"}],"wp:term":[{"taxonomy":"category","embeddable":true,"href":"https:\/\/bruxelles-pantheres.be\/index.php?rest_route=%2Fwp%2Fv2%2Fcategories&post=2763"},{"taxonomy":"post_tag","embeddable":true,"href":"https:\/\/bruxelles-pantheres.be\/index.php?rest_route=%2Fwp%2Fv2%2Ftags&post=2763"}],"curies":[{"name":"wp","href":"https:\/\/api.w.org\/{rel}","templated":true}]}}