{"id":2767,"date":"2016-02-29T17:32:00","date_gmt":"2016-02-29T16:32:00","guid":{"rendered":"https:\/\/bruxelles-pantheres.be\/?p=2767"},"modified":"2016-02-27T17:35:53","modified_gmt":"2016-02-27T16:35:53","slug":"hommage-et-actualite-de-camilo-torres-video","status":"publish","type":"post","link":"https:\/\/bruxelles-pantheres.be\/?p=2767","title":{"rendered":"Hommage et actualit\u00e9 de Camilo Torres (vid\u00e9o)"},"content":{"rendered":"<h5 class=\"chapo\">Message de Fran\u00e7ois Houtart \u00e0 propos de sa rencontre avec Camilo Torres, de l&rsquo;engagement et de l&rsquo;actualit\u00e9 de ce pr\u00eatre et sociologue pr\u00e9curseur de la th\u00e9ologie de la lib\u00e9ration.<\/h5>\n<p><iframe src=\"https:\/\/www.youtube.com\/embed\/F7LAKTNTHcY\" width=\"560\" height=\"315\" frameborder=\"0\" allowfullscreen=\"allowfullscreen\"><\/iframe><\/p>\n<p>Fran\u00e7ois Houtart est sociologue, professeur \u00e9m\u00e9rite \u00e0 l\u2019Universit\u00e9 Catholique de Louvain et professeur \u00e0 l\u2019Instituto de Altos Estudios Nacionales \u00e0 Quito, en Equateur.<\/p>\n<p>Cette vid\u00e9o r\u00e9sume son intervention au colloque consacr\u00e9 \u00e0 Camilo Torres organis\u00e9 par le CriDIS le 15 f\u00e9vrier 2016 \u00e0 l\u2019Universit\u00e9 Catholique de Louvain. Elle a ensuite \u00e9t\u00e9 diffus\u00e9e lors de la conf\u00e9rence \u00ab\u00a0Camilo Torres, 50 ans apr\u00e8s\u00a0\u00bb \u00e0 l\u2019Institut des Hautes Etudes de l\u2019Am\u00e9rique latine (Paris).<\/p>\n<p>Source\u00a0: ISA RC47 Research Committee on Social Classes and Social Movements<\/p>\n","protected":false},"excerpt":{"rendered":"<p>Message de Fran\u00e7ois Houtart \u00e0 propos de sa rencontre avec Camilo Torres, de l&rsquo;engagement et de l&rsquo;actualit\u00e9 de ce pr\u00eatre et sociologue pr\u00e9curseur de la th\u00e9ologie de la lib\u00e9ration. Fran\u00e7ois Houtart est sociologue, professeur \u00e9m\u00e9rite \u00e0 l\u2019Universit\u00e9 Catholique de Louvain et professeur \u00e0 l\u2019Instituto de Altos Estudios Nacionales \u00e0 Quito, en Equateur. Cette vid\u00e9o r\u00e9sume &#8230; <a title=\"Hommage et actualit\u00e9 de Camilo Torres (vid\u00e9o)\" class=\"read-more\" href=\"https:\/\/bruxelles-pantheres.be\/?p=2767\" aria-label=\"En savoir plus sur Hommage et actualit\u00e9 de Camilo Torres (vid\u00e9o)\">Lire la suite<\/a><\/p>\n","protected":false},"author":1,"featured_media":2768,"comment_status":"open","ping_status":"open","sticky":false,"template":"","format":"video","meta":{"footnotes":""},"categories":[35,21,28],"tags":[163,164],"class_list":["post-2767","post","type-post","status-publish","format-video","has-post-thumbnail","hentry","category-amerique-du-sud","category-anti-imperialisme","category-racismes","tag-camilo-torres","tag-francois-houtart","post_format-post-format-video"],"_links":{"self":[{"href":"https:\/\/bruxelles-pantheres.be\/index.php?rest_route=\/wp\/v2\/posts\/2767","targetHints":{"allow":["GET"]}}],"collection":[{"href":"https:\/\/bruxelles-pantheres.be\/index.php?rest_route=\/wp\/v2\/posts"}],"about":[{"href":"https:\/\/bruxelles-pantheres.be\/index.php?rest_route=\/wp\/v2\/types\/post"}],"author":[{"embeddable":true,"href":"https:\/\/bruxelles-pantheres.be\/index.php?rest_route=\/wp\/v2\/users\/1"}],"replies":[{"embeddable":true,"href":"https:\/\/bruxelles-pantheres.be\/index.php?rest_route=%2Fwp%2Fv2%2Fcomments&post=2767"}],"version-history":[{"count":1,"href":"https:\/\/bruxelles-pantheres.be\/index.php?rest_route=\/wp\/v2\/posts\/2767\/revisions"}],"predecessor-version":[{"id":2769,"href":"https:\/\/bruxelles-pantheres.be\/index.php?rest_route=\/wp\/v2\/posts\/2767\/revisions\/2769"}],"wp:featuredmedia":[{"embeddable":true,"href":"https:\/\/bruxelles-pantheres.be\/index.php?rest_route=\/wp\/v2\/media\/2768"}],"wp:attachment":[{"href":"https:\/\/bruxelles-pantheres.be\/index.php?rest_route=%2Fwp%2Fv2%2Fmedia&parent=2767"}],"wp:term":[{"taxonomy":"category","embeddable":true,"href":"https:\/\/bruxelles-pantheres.be\/index.php?rest_route=%2Fwp%2Fv2%2Fcategories&post=2767"},{"taxonomy":"post_tag","embeddable":true,"href":"https:\/\/bruxelles-pantheres.be\/index.php?rest_route=%2Fwp%2Fv2%2Ftags&post=2767"}],"curies":[{"name":"wp","href":"https:\/\/api.w.org\/{rel}","templated":true}]}}