{"id":2772,"date":"2016-03-01T23:24:56","date_gmt":"2016-03-01T22:24:56","guid":{"rendered":"https:\/\/bruxelles-pantheres.be\/?p=2772"},"modified":"2016-03-01T23:24:56","modified_gmt":"2016-03-01T22:24:56","slug":"lettre-ouverte-a-l-ruquier-et-ses-chroniqueurs-douteux","status":"publish","type":"post","link":"https:\/\/bruxelles-pantheres.be\/?p=2772","title":{"rendered":"Lettre ouverte \u00e0 L. Ruquier et ses chroniqueurs douteux\u2026"},"content":{"rendered":"<p><a href=\"https:\/\/bruxelles-pantheres.be\/wp-content\/uploads\/2016\/03\/La-ou-bhl-passe..jpg\" rel=\"attachment wp-att-2773\"><img decoding=\"async\" class=\"size-full wp-image-2773 aligncenter\" src=\"https:\/\/bruxelles-pantheres.be\/wp-content\/uploads\/2016\/03\/La-ou-bhl-passe..jpg\" alt=\"La-ou-bhl-passe.\" width=\"526\" height=\"337\" srcset=\"https:\/\/bruxelles-pantheres.be\/wp-content\/uploads\/2016\/03\/La-ou-bhl-passe..jpg 526w, https:\/\/bruxelles-pantheres.be\/wp-content\/uploads\/2016\/03\/La-ou-bhl-passe.-300x192.jpg 300w\" sizes=\"(max-width: 526px) 100vw, 526px\" \/><\/a><\/p>\n<p>Vous avez, il y a quelques mois, annonc\u00e9 (au bout de 5 ans quand m\u00eame !) qu\u2019au vu de ses positions islamophobes \u00e0 travers ses propos et son livre \u00ab Le suicide fran\u00e7ais \u00bb vous n\u2019inviteriez plus jamais E. Zemmour sur un plateau t\u00e9l\u00e9 ajoutant m\u00eame, que vous regrettiez l\u2019avoir gard\u00e9 comme chroniqueur d\u2019ONPC aussi longtemps\u2026<!--more--><br \/>\nVous avez eu en d\u00e9but de nouvelle saison (le 29 ao\u00fbt 2015), comme invit\u00e9 principal M. Houellebecq pour la parution de son livre \u00ab Soumission \u00bb \u00e0 travers lequel il faudrait \u00eatre aveugle et sourd pour ne pas y lire le m\u00eame type de propos que ceux d\u2019E. Zemmour, et dans le quotidien anglais The Guardian l\u2019auteur avouait m\u00eame \u00ab \u00eatre sans doute islamophobe \u00bb\u2026<br \/>\nVous venez, pour la \u00e9ni\u00e8me fois, d\u2019avoir comme invit\u00e9 \u00ab politique \u00bb (sic) sous des allures de dandy, B-H L\u00e9vy dont on conna\u00eet depuis longtemps son affection tr\u00e8s particuli\u00e8re pour tout ce qui touche aux Arabes, pour son livre \u00ab L\u2019esprit du juda\u00efsme \u00bb o\u00f9 il n\u2019a \u00e9t\u00e9 au cours de son intervention, tant et plus question que d\u2019intervention divine \u00e0 l\u2019\u00e9gard du peuple \u00e9lu que seraient les juifs (\u00e9trange quand m\u00eame de devoir supporter de tels propos d\u2019un pseudo-philosophe, sur une cha\u00eene publique d\u2019un Etat qui n\u2019a de cesse de revendiquer la la\u00efcit\u00e9 de ses statuts, \u00e0 la moindre occasion, et particuli\u00e8rement d\u00e8s qu\u2019il s\u2019agit de l\u2019islam)\u2026 sans parler de l\u2019odieux mensonge dans <a href=\"https:\/\/blogs.mediapart.fr\/danvanhove\/blog\/010216\/antisionisme-etou-antisemitisme-mise-au-point\">la confusion faite sciemment par le B-H L\u00e9vy entre antisionisme et antis\u00e9mitisme qui n\u2019ont absolument rien \u00e0 voir l\u2019un avec l\u2019autre, mais que personne sur votre plateau, pas plus vous que vos douteux acolytes, n\u2019a eu la lucidit\u00e9 ni le courage de remettre en question\u2026 <\/a><br \/>\nVous vous \u00eates entour\u00e9 d\u2019un chroniqueur Y. Moix (membre du comit\u00e9 d&rsquo;honneur de l&rsquo;Institut des \u00e9tudes l\u00e9vinassiennes, fond\u00e9 \u00e0 J\u00e9rusalem par<a href=\"http:\/\/www.panamza.com\/06012014-yann-moix-arabe-voler\/\"> le m\u00eame B-H L\u00e9vy et A. Finkielkraut) moins am\u00e8ne lors de la soir\u00e9e face \u00e0 Ch. Taubira, dont certains propos en ce qui concerne les Arabes font froid dans le dos<\/a> ; ainsi que tr\u00e8s r\u00e9guli\u00e8rement d\u2019invit\u00e9s qui ne sont jamais en reste \u00e0 propos de tout ce qui encense la jud\u00e9it\u00e9. Au point que l\u2019on est en droit de se demander si vous avez conclu une quelconque convention avec les autorit\u00e9s juives du pays ou si vous en \u00eates encore \u00e0 devoir faire acte de contrition pour un pass\u00e9 dont vous vous sentez coupable (cela se soigne), ou montrer patte blanche pour \u00eatre bien assur\u00e9 que rien ni personne ne pourra jamais vous reprocher la moindre attitude critique vis-\u00e0-vis de certains juifs, voire d\u2019Isra\u00ebl et sa politique criminelle\u2026 et d\u2019avoir peut-\u00eatre ainsi votre rond de serviette au d\u00eener annuel du CRIF, sachant que vous semblez appr\u00e9cier au plus haut point la visibilit\u00e9 pour ne pas dire la notori\u00e9t\u00e9 publique (cela aussi, se soigne, rassurez-vous)\u2026<br \/>\nD\u00e8s lors, l\u2019une ou l\u2019autre suggestion : pourquoi n\u2019invitez-vous jamais de personnalit\u00e9s qui pourraient donner leur analyse sur les questions sensibles que sont devenues la mani\u00e8re dont est pr\u00e9sent\u00e9 et per\u00e7u l\u2019islam dans les m\u00e9dias dominants fran\u00e7ais (sans passer par l\u2019imam de service Chalghoumi, ni par les K. Daoud ou B. Sansal, svp); ou sur la question essentielle de la d\u00e9fense d\u2019un peuple occup\u00e9 par une puissance occupante qui pratique une politique d\u2019apartheid reconnue par les associations m\u00eames du pays qui la pratique ainsi que par des Rapports officiels de d\u00e9put\u00e9s europ\u00e9ens syst\u00e9matiquement mis sous les tables; ou sur le r\u00f4le des pacifistes isra\u00e9liens qui refusent de faire leur service militaire dans un pays d\u00e8s lors qu\u2019il s\u2019agit d\u2019apprendre \u00e0 tuer de l\u2019Arabe ; ou encore d\u2019inviter parfois d\u2019autres personnes qui ne font pas partie de l\u2019apparente clique dont vous semblez aimer vous entourer\u2026 ? Invitez donc les Michel Warshawski, Shlomo Sand, Gid\u00e9on L\u00e9vy, Jeff Halper ou Amira Hass, parmi d\u2019autres juifs (que vous m\u00e9connaissez sans doute) qui \u00e9crivent, t\u00e9moignent, et viendront vous parler de ce qu\u2019ils exp\u00e9rimentent sur le terrain, et qui n\u2019a rien \u00e0 voir avec la poudre aux yeux que nous jettent vos habituels infatu\u00e9s invit\u00e9s. De cette mani\u00e8re seulement, vous pourrez peut-\u00eatre, \u00eatre pris au s\u00e9rieux dans votre m\u00e9tier de journaliste-chroniqueur o\u00f9 vous manquez vraiment de cr\u00e9dibilit\u00e9 pour le coup\u2026<br \/>\nCes derni\u00e8res ann\u00e9es, vous ne pourrez me contredire tant le constat est clair : la France est mise \u00e0 mal. Mais avez-vous seulement r\u00e9alis\u00e9 qu\u2019elle l\u2019est par nombre d\u2019acteurs issus du paysage politico-m\u00e9diatique ? Et avez-vous conscience d\u2019y participer ?! Je vous invite \u00e0 prendre connaissance du r\u00e9cent <a href=\"http:\/\/www.coe.int\/t\/dghl\/monitoring\/ecri\/Country-by-country\/France\/FRA-CbC-V-2016-001-FRE.pdf\">Rapport du Conseil de l\u2019Europe<\/a>\u00a0 qui pointe la banalisation du racisme dans le pays, dont voici un extrait :<br \/>\n\u00ab Discours de haine islamophobe 26. Lors du 4\u00e8me cycle, l\u2019ECRI recommandait vivement aux autorit\u00e9s fran\u00e7aises de lutter contre toute manifestation raciste \u00e0 l\u2019encontre des musulmans et de maintenir et de renforcer la vigilance de fa\u00e7on \u00e0 ce que les actes islamophobes ne restent pas impunis. L\u2019ECRI constate que la situation en mati\u00e8re de discours de haine islamophobe reste pr\u00e9occupante. Elle constate que le rejet des musulmans est aliment\u00e9 par le discours de certains responsables politiques. Elle se r\u00e9f\u00e8re par exemple aux propos de Marine Le Pen (d\u00e9cembre 2010) comparant les pri\u00e8res de rue \u00e0 l\u2019occupation allemande ; du pr\u00e9sident de l\u2019UMP (octobre 2012) sur l\u2019arrachage de petits pains par des voyous musulmans en p\u00e9riode de ramadan ; du maire de Nice (juillet 2013) sur la compatibilit\u00e9 de l\u2019islam et de la d\u00e9mocratie ; ou encore aux propos du maire de Venelles (mai 2015), appelant sur son compte Twitter \u00e0 l\u2019interdiction du culte musulman en France, en r\u00e9action \u00e0 l\u2019annonce du Convention de l\u2019UMP sur l\u2019islam en France. \u00bb<br \/>\nPlus d\u2019une fois, vous m\u00e9riteriez que le CSA (s\u2019il exer\u00e7ait s\u00e9rieusement le r\u00f4le qui lui est d\u00e9volu) vous remonte les bretelles, et que dans la foul\u00e9e votre audimat soit en perte de vitesse puisqu\u2019il n\u2019y a que cela qui vous obs\u00e8de. Mais en attendant, je vous sugg\u00e8re plut\u00f4t de vous (d\u00e9s)informer un peu en lisant l\u2019article suivant, afin de pouvoir (peut-\u00eatre) r\u00e9pondre au sieur L\u00e9vy que vous ne manquerez assur\u00e9ment pas d\u2019inviter lors du prochain coup de pub dont il aura besoin pour esp\u00e9rer vendre p\u00e9niblement ses logorrh\u00e9es monomaniaques, avant d\u2019\u00eatre tra\u00een\u00e9 un jour devant le TPI pour coresponsabilit\u00e9 de <a href=\"http:\/\/www.legrandsoir.info\/le-jeu-trouble-de-la-france-en-libye.html\">Crimes de guerre \u00e0 l\u2019encontre du peuple libyen.<\/a><\/p>\n<p>Daniel Vanhove \u2013<br \/>\n01.03.16<br \/>\nObservateur civil<br \/>\nAuteur<\/p>\n","protected":false},"excerpt":{"rendered":"<p>Vous avez, il y a quelques mois, annonc\u00e9 (au bout de 5 ans quand m\u00eame !) qu\u2019au vu de ses positions islamophobes \u00e0 travers ses propos et son livre \u00ab Le suicide fran\u00e7ais \u00bb vous n\u2019inviteriez plus jamais E. Zemmour sur un plateau t\u00e9l\u00e9 ajoutant m\u00eame, que vous regrettiez l\u2019avoir gard\u00e9 comme chroniqueur d\u2019ONPC aussi &#8230; <a title=\"Lettre ouverte \u00e0 L. Ruquier et ses chroniqueurs douteux\u2026\" class=\"read-more\" href=\"https:\/\/bruxelles-pantheres.be\/?p=2772\" aria-label=\"En savoir plus sur Lettre ouverte \u00e0 L. Ruquier et ses chroniqueurs douteux\u2026\">Lire la suite<\/a><\/p>\n","protected":false},"author":1,"featured_media":922,"comment_status":"open","ping_status":"open","sticky":false,"template":"","format":"standard","meta":{"footnotes":""},"categories":[4,18,28],"tags":[94,38,15],"class_list":["post-2772","post","type-post","status-publish","format-standard","has-post-thumbnail","hentry","category-islamophobie","category-resistance-bruxelles","category-racismes","tag-daniel-vanhove","tag-guerre","tag-resistance"],"_links":{"self":[{"href":"https:\/\/bruxelles-pantheres.be\/index.php?rest_route=\/wp\/v2\/posts\/2772","targetHints":{"allow":["GET"]}}],"collection":[{"href":"https:\/\/bruxelles-pantheres.be\/index.php?rest_route=\/wp\/v2\/posts"}],"about":[{"href":"https:\/\/bruxelles-pantheres.be\/index.php?rest_route=\/wp\/v2\/types\/post"}],"author":[{"embeddable":true,"href":"https:\/\/bruxelles-pantheres.be\/index.php?rest_route=\/wp\/v2\/users\/1"}],"replies":[{"embeddable":true,"href":"https:\/\/bruxelles-pantheres.be\/index.php?rest_route=%2Fwp%2Fv2%2Fcomments&post=2772"}],"version-history":[{"count":1,"href":"https:\/\/bruxelles-pantheres.be\/index.php?rest_route=\/wp\/v2\/posts\/2772\/revisions"}],"predecessor-version":[{"id":2774,"href":"https:\/\/bruxelles-pantheres.be\/index.php?rest_route=\/wp\/v2\/posts\/2772\/revisions\/2774"}],"wp:featuredmedia":[{"embeddable":true,"href":"https:\/\/bruxelles-pantheres.be\/index.php?rest_route=\/wp\/v2\/media\/922"}],"wp:attachment":[{"href":"https:\/\/bruxelles-pantheres.be\/index.php?rest_route=%2Fwp%2Fv2%2Fmedia&parent=2772"}],"wp:term":[{"taxonomy":"category","embeddable":true,"href":"https:\/\/bruxelles-pantheres.be\/index.php?rest_route=%2Fwp%2Fv2%2Fcategories&post=2772"},{"taxonomy":"post_tag","embeddable":true,"href":"https:\/\/bruxelles-pantheres.be\/index.php?rest_route=%2Fwp%2Fv2%2Ftags&post=2772"}],"curies":[{"name":"wp","href":"https:\/\/api.w.org\/{rel}","templated":true}]}}