{"id":2784,"date":"2016-04-01T23:06:39","date_gmt":"2016-04-01T22:06:39","guid":{"rendered":"https:\/\/bruxelles-pantheres.be\/?p=2784"},"modified":"2016-03-12T23:16:11","modified_gmt":"2016-03-12T22:16:11","slug":"contre-lachat-des-avions-de-chasse","status":"publish","type":"post","link":"https:\/\/bruxelles-pantheres.be\/?p=2784","title":{"rendered":"Contre l\u2019achat des avions de chasse."},"content":{"rendered":"<p>Le Mouvement pour la paix appelle \u00e0 une<span style=\"color: #ff0000;\"> <strong>grande manifestation nationale contre l\u2019achat des avions de chasse, le dimanche 24 avril 2016<\/strong><\/span> \u00e0 14 h \u00e0 Bruxelles.<\/p>\n<p>De vredesbeweging roept op tot een <span style=\"color: #ff0000;\"><strong>grote nationale manifestatie tegen de gevechtsvliegtuigen op 24 april 2016 in Brussel.<\/strong><\/span><\/p>\n<p><a href=\"https:\/\/bruxelles-pantheres.be\/wp-content\/uploads\/2016\/03\/gvbanner.png\" rel=\"attachment wp-att-2786\"><img decoding=\"async\" class=\"size-full wp-image-2786 aligncenter\" src=\"https:\/\/bruxelles-pantheres.be\/wp-content\/uploads\/2016\/03\/gvbanner.png\" alt=\"gvbanner\" width=\"790\" height=\"195\" srcset=\"https:\/\/bruxelles-pantheres.be\/wp-content\/uploads\/2016\/03\/gvbanner.png 790w, https:\/\/bruxelles-pantheres.be\/wp-content\/uploads\/2016\/03\/gvbanner-300x74.png 300w, https:\/\/bruxelles-pantheres.be\/wp-content\/uploads\/2016\/03\/gvbanner-768x190.png 768w\" sizes=\"(max-width: 790px) 100vw, 790px\" \/><\/a><\/p>\n<p>Fin de l\u2019ann\u00e9e derni\u00e8re, <strong>le gouvernement annonce son \u00ab\u00a0accord de No\u00ebl\u00a0\u00bb<\/strong>\u00a0: l\u2019investissement dans du mat\u00e9riel militaire pour une valeur de 9,2 milliards d\u2019euros entre 2019-2030. Il pr\u00e9voit d\u2019utiliser 3,6 milliards d\u2019euros (40 % du montant) \u00e0 <strong>l\u2019acquisition de 34 nouveaux avions de chasse<\/strong>. Si l\u2019on compare avec des dossiers similaires \u00e0 l\u2019\u00e9tranger, ce montant est largement sous-estim\u00e9 et la r\u00e9alit\u00e9 serait plus proche de 5 milliards (et m\u00eame avec cette sous-estimation, la D\u00e9fense fait \u00e9tat d\u2019<strong>une d\u00e9pense de 15 milliards d\u2019euros pour tout le programme de remplacement<\/strong>\u00a0!). Une somme beaucoup trop \u00e9lev\u00e9e dans un contexte o\u00f9 le budget de l\u2019\u00c9tat est soumis \u00e0 de fortes pressions, que le dossier des avions de chasse viendra in\u00e9vitablement alourdir.<\/p>\n<p>L\u2019utilit\u00e9 de cette d\u00e9pense faramineuse est aussi questionnable puisque ces avions seront utilis\u00e9s pour des missions \u00e0 l\u2019\u00e9tranger, qui posent \u00e9norm\u00e9ment de questions.<\/p>\n<p>Vous trouverez nos arguments sur le site de la campagne\u00a0 <a href=\"http:\/\/www.pasdavionsdechasse.be\">www.pasdavionsdechasse.be<\/a><\/p>\n<p><a href=\"https:\/\/bruxelles-pantheres.be\/wp-content\/uploads\/2016\/03\/flyer_fr_klein.jpg\" rel=\"attachment wp-att-2785\"><img decoding=\"async\" class=\"size-full wp-image-2785 aligncenter\" src=\"https:\/\/bruxelles-pantheres.be\/wp-content\/uploads\/2016\/03\/flyer_fr_klein.jpg\" alt=\"flyer_fr_klein\" width=\"600\" height=\"843\" srcset=\"https:\/\/bruxelles-pantheres.be\/wp-content\/uploads\/2016\/03\/flyer_fr_klein.jpg 600w, https:\/\/bruxelles-pantheres.be\/wp-content\/uploads\/2016\/03\/flyer_fr_klein-214x300.jpg 214w\" sizes=\"(max-width: 600px) 100vw, 600px\" \/><\/a><\/p>\n","protected":false},"excerpt":{"rendered":"<p>Le Mouvement pour la paix appelle \u00e0 une grande manifestation nationale contre l\u2019achat des avions de chasse, le dimanche 24 avril 2016 \u00e0 14 h \u00e0 Bruxelles. De vredesbeweging roept op tot een grote nationale manifestatie tegen de gevechtsvliegtuigen op 24 april 2016 in Brussel. Fin de l\u2019ann\u00e9e derni\u00e8re, le gouvernement annonce son \u00ab\u00a0accord de &#8230; <a title=\"Contre l\u2019achat des avions de chasse.\" class=\"read-more\" href=\"https:\/\/bruxelles-pantheres.be\/?p=2784\" aria-label=\"En savoir plus sur Contre l\u2019achat des avions de chasse.\">Lire la suite<\/a><\/p>\n","protected":false},"author":1,"featured_media":2786,"comment_status":"open","ping_status":"open","sticky":false,"template":"","format":"standard","meta":{"footnotes":""},"categories":[18],"tags":[31,14,38,15],"class_list":["post-2784","post","type-post","status-publish","format-standard","has-post-thumbnail","hentry","category-resistance-bruxelles","tag-belgique","tag-bruxelles","tag-guerre","tag-resistance"],"_links":{"self":[{"href":"https:\/\/bruxelles-pantheres.be\/index.php?rest_route=\/wp\/v2\/posts\/2784","targetHints":{"allow":["GET"]}}],"collection":[{"href":"https:\/\/bruxelles-pantheres.be\/index.php?rest_route=\/wp\/v2\/posts"}],"about":[{"href":"https:\/\/bruxelles-pantheres.be\/index.php?rest_route=\/wp\/v2\/types\/post"}],"author":[{"embeddable":true,"href":"https:\/\/bruxelles-pantheres.be\/index.php?rest_route=\/wp\/v2\/users\/1"}],"replies":[{"embeddable":true,"href":"https:\/\/bruxelles-pantheres.be\/index.php?rest_route=%2Fwp%2Fv2%2Fcomments&post=2784"}],"version-history":[{"count":1,"href":"https:\/\/bruxelles-pantheres.be\/index.php?rest_route=\/wp\/v2\/posts\/2784\/revisions"}],"predecessor-version":[{"id":2787,"href":"https:\/\/bruxelles-pantheres.be\/index.php?rest_route=\/wp\/v2\/posts\/2784\/revisions\/2787"}],"wp:featuredmedia":[{"embeddable":true,"href":"https:\/\/bruxelles-pantheres.be\/index.php?rest_route=\/wp\/v2\/media\/2786"}],"wp:attachment":[{"href":"https:\/\/bruxelles-pantheres.be\/index.php?rest_route=%2Fwp%2Fv2%2Fmedia&parent=2784"}],"wp:term":[{"taxonomy":"category","embeddable":true,"href":"https:\/\/bruxelles-pantheres.be\/index.php?rest_route=%2Fwp%2Fv2%2Fcategories&post=2784"},{"taxonomy":"post_tag","embeddable":true,"href":"https:\/\/bruxelles-pantheres.be\/index.php?rest_route=%2Fwp%2Fv2%2Ftags&post=2784"}],"curies":[{"name":"wp","href":"https:\/\/api.w.org\/{rel}","templated":true}]}}