{"id":2796,"date":"2016-03-13T14:45:25","date_gmt":"2016-03-13T13:45:25","guid":{"rendered":"https:\/\/bruxelles-pantheres.be\/?p=2796"},"modified":"2016-03-13T14:45:25","modified_gmt":"2016-03-13T13:45:25","slug":"stop-au-racisme-detat-stop-a-la-violence-detat-stop-a-limpunite","status":"publish","type":"post","link":"https:\/\/bruxelles-pantheres.be\/?p=2796","title":{"rendered":"STOP AU RACISME D\u2019\u00c9TAT ! STOP A LA VIOLENCE D\u2019\u00c9TAT ! STOP A L\u2019IMPUNIT\u00c9 !"},"content":{"rendered":"<p>Dans le cadre de la Journ\u00e9e Internationale contre les brutalit\u00e9s polici\u00e8res, <em><strong>Bruxelles Panth\u00e8res<\/strong><\/em> soutient et appel \u00e0 une manifestation unitaire contre les violences polici\u00e8res et l\u2019impunit\u00e9.<\/p>\n<p><a href=\"https:\/\/bruxelles-pantheres.be\/wp-content\/uploads\/2016\/03\/banner.jpg.png\" rel=\"attachment wp-att-2797\"><img decoding=\"async\" class=\"alignnone size-full wp-image-2797\" src=\"https:\/\/bruxelles-pantheres.be\/wp-content\/uploads\/2016\/03\/banner.jpg.png\" alt=\"banner.jpg\" width=\"1633\" height=\"615\" srcset=\"https:\/\/bruxelles-pantheres.be\/wp-content\/uploads\/2016\/03\/banner.jpg.png 1633w, https:\/\/bruxelles-pantheres.be\/wp-content\/uploads\/2016\/03\/banner.jpg-300x113.png 300w, https:\/\/bruxelles-pantheres.be\/wp-content\/uploads\/2016\/03\/banner.jpg-1024x386.png 1024w, https:\/\/bruxelles-pantheres.be\/wp-content\/uploads\/2016\/03\/banner.jpg-768x289.png 768w, https:\/\/bruxelles-pantheres.be\/wp-content\/uploads\/2016\/03\/banner.jpg-1536x578.png 1536w, https:\/\/bruxelles-pantheres.be\/wp-content\/uploads\/2016\/03\/banner.jpg-1320x497.png 1320w\" sizes=\"(max-width: 1633px) 100vw, 1633px\" \/><\/a><\/p>\n<p><strong>A l\u2019occasion de la journ\u00e9e internationale contre les violences polici\u00e8res, la campagne STOP R\u00c9PRESSION dont Bruxelles Panth\u00e8res est membre organise une manifestation pour la 5 \u00e8me ann\u00e9e cons\u00e9cutive. L\u2019ann\u00e9e 2015 fut \u00e0 nouveau le th\u00e9\u00e2tre d\u2019une augmentation de la r\u00e9pression d\u2019\u00c9tat, et plus particuli\u00e8rement par son bras arm\u00e9 qu\u2019est la police.<\/strong><\/p>\n<p>Aucune am\u00e9lioration, que du contraire ! Dans les quartiers, un nombre important de policier.e.s commettent toujours aussi impun\u00e9ment des abus quotidiens, en particulier dans certaines communes. Cela passe par de petites violences syst\u00e9matiques, telles que des insultes, gifles, contr\u00f4les sans motif sur les jeunes. L\u2019acteur flamand, Zouzou Ben Chika, en a fait les frais r\u00e9cemment. Le fait qu\u2019une personnalit\u00e9 en soit victime aide \u00e0 mettre en lumi\u00e8re une r\u00e9alit\u00e9 quotidienne dans nos quartiers. Les petites violences, et l\u2019impunit\u00e9 quasi totale, qui les accompagnent installent une logique qui peut d\u00e9g\u00e9n\u00e9rer vers des violences beaucoup plus graves, comme le cas d\u2019Abdelamine, 19 ans, amput\u00e9 d\u2019une jambe apr\u00e8s qu\u2019une voiture de police lui ait fonc\u00e9 dessus.<\/p>\n<p>Il faut en outre compter les expulsions r\u00e9guli\u00e8res et le harc\u00e8lement constant des Sans-papiers, en particulier lors d\u2019arrestations apr\u00e8s des contr\u00f4les dans les transports, \u00e0 travers la collaboration de la STIB avec la police ; mais aussi des rafles du c\u00f4t\u00e9 de la gare du Nord qui visaient les migrant.e.s du parc Maximilien.<\/p>\n<p>Les arrestations et les coups arbitraires envers les militant-e-s lors de manifestations sont de plus en plus fr\u00e9quents. Le gouvernement emploie de plus en plus souvent la force pour faire appliquer son programme anti social.La seule perspective pour notre jeunesse, ce sont des emplois pr\u00e9caires sous-pay\u00e9s et les contr\u00f4les de l\u2019ONEM; des \u00e9coles avec des profs \u00e9puis\u00e9s, des services publics sous financ\u00e9s qui ne fonctionnent plus\u2026La seule politique de ce gouvernement, et d\u2019autres avant lui, c\u2019est la matraque, le fichage et la violence : contr\u00f4le des ch\u00f4meurs jusque dans leurs factures d\u2019\u00e9lectricit\u00e9, transformations des profs et du secteur social en \u2018indics\u2019 \u00e0 la solde du gouvernement, infiltr\u00e9s dans les manifestations syndicales et mitrailleuses sur les piquets de gr\u00e8ve, \u2026 Aujourd\u2019hui, pour risquer de subir la violence, il suffit d\u2019\u00eatre un-e citoyen-ne d\u00e9sirant s\u2019exprimer. Au nom de la s\u00e9curit\u00e9, ils d\u00e9mant\u00e8lent toujours plus les droits d\u00e9mocratiques du peuple. Le niveau d\u2019alerte mit en place fin novembre sert de pr\u00e9texte \u00e0 interdire toute manifestation d\u00e9mocratique, \u00e0 criminaliser les travailleurs et m\u00eame \u00e0 essayer de limiter le droit de gr\u00e8ve. Ces graves atteintes \u00e0 la d\u00e9mocratie nous concernent tou.te.s.<\/p>\n<p>Ce niveau 4 ou \u00ab \u00e9tat d\u2019urgence \u00bb, a rehauss\u00e9 encore le climat de peur et de division entre les citoyen-ne-s ; normalisant la pr\u00e9sence de militaires en rue, le sur-armement policier, les contr\u00f4les et fouilles dans les lieux publics ; et stigmatisant toujours plus les m\u00eames discrimin\u00e9-e-s. Le discours des gouvernements et des m\u00e9dias sur le terrorisme nourrit le racisme envers les migrant-e-s et les populations d\u2019origine arabe et les musulman-e-s. Perquisitions m\u00eame la nuit, garde-\u00e0-vues de 3 jours , bracelet \u00e9lectronique pour les personnes fich\u00e9es, \u2026 si l\u2019\u00c9tat vous accuse de terrorisme, plus que jamais, tout est permis. Loin de r\u00e9gler quoique ce soit, ces mesures ne font que semer la peur et la division, en particulier dans les quartiers pr\u00e9caris\u00e9s; avec des familles qui se r\u00e9veillent avec des policiers cagoul\u00e9s qui leur pointent des fusils automatiques dessus, ou simplement la peur qui fait qu\u2019on emp\u00eache les enfants de sortir jouer dehors. Les habitants de Molenbeek en ont d\u00e9j\u00e0 subi les cons\u00e9quences. Ces mesures serviront donc surtout \u00e0 augmenter le harc\u00e8lement et la criminalisation injuste des musulman.e.s dans notre soci\u00e9t\u00e9.<\/p>\n<p>C\u2019est pour toutes ces raisons que NOUS NE LAISSERONS PLUS FAIRE. Que l\u2019on soit jeune des quartiers, noir-e, arabe, musulman-e, rom, sans-papiers, militant-e et\/ou simplement citoyen-ne, organisons-nous pour d\u00e9noncer et pour que cessent ces injustices!<\/p>\n<p>A commencer par la quasi impunit\u00e9 des abus policiers, il faut porter plainte m\u00eame si nous savons que le comit\u00e9 p n\u2019est pas ind\u00e9pendant. Comme le site obspol.be qui liste les abus policiers, notre premi\u00e8re t\u00e2che c\u2019est de montrer et de d\u00e9noncer.<\/p>\n<p>Mais pour avoir un impact, face \u00e0 la r\u00e9pression, nous devons nous organiser:<\/p>\n<p>La MANIFESTATION DU 15 MARS, journ\u00e9e internationale contre les violences polici\u00e8res, doit montrer que nous ne sommes pas seuls et que cela suffit !<\/p>\n<p>En parall\u00e8le, nous continuons \u00e0 d\u00e9fendre la cr\u00e9ation de COMITES DE QUARTIERS, comme il en existe d\u00e9j\u00e0 aux USA ou en France, pour que les habitants puissent s\u2019organiser face aux abus. Pour d\u00e9noncer mais aussi pour aider les victimes, r\u00e9colter des preuves et mettre la pression sur les communes pour qu\u2019elles mettent fin aux agissements des policiers abusifs !<\/p>\n<p><strong>Nous d\u00e9fendons aussi, mais pas seulement:<\/strong><\/p>\n<p>\u2013 L\u2019APPLICATION IMM\u00c9DIATE DE LA LOI obligeant le PORT DU MATRICULE pour chaque agent<\/p>\n<p><strong>Pour pouvoir identifier un policier abusif<\/strong><\/p>\n<p>\u2013 Un ORGANE DE CONTR\u00d4LE DE LA POLICE R\u00c9ELLEMENT IND\u00c9PENDANT ET D\u00c9MOCRATIQUE, compos\u00e9 de citoyens uniquement.<\/p>\n<p><strong>Stop \u00e0 l\u2019impunit\u00e9<\/strong><\/p>\n<p>\u2013 Interdiction DES TASERS, LACRYMOG\u00c8NE ET FLASHBALL armes \u00ab non-l\u00e9tales \u00bb qui tuent<\/p>\n<p><strong>Stop \u00e0 la militarisation de la police<\/strong><\/p>\n<p>\u2013 INSTAURATION DU RECEPICE : papier prouvant le fait d\u2019avoir \u00e9t\u00e9 d\u00e9j\u00e0 contr\u00f4l\u00e9<\/p>\n<p><strong>Stop au harc\u00e8lement policier<\/strong><\/p>\n<p>STOP AU RACISME D\u2019\u00c9TAT ! STOP A LA VIOLENCE D\u2019\u00c9TAT ! STOP A L\u2019IMPUNIT\u00c9 !<\/p>\n<p>+ d&rsquo; <a href=\"http:\/\/www.stop-repression.be\/\">Infos<\/a><\/p>\n","protected":false},"excerpt":{"rendered":"<p>Dans le cadre de la Journ\u00e9e Internationale contre les brutalit\u00e9s polici\u00e8res, Bruxelles Panth\u00e8res soutient et appel \u00e0 une manifestation unitaire contre les violences polici\u00e8res et l\u2019impunit\u00e9. A l\u2019occasion de la journ\u00e9e internationale contre les violences polici\u00e8res, la campagne STOP R\u00c9PRESSION dont Bruxelles Panth\u00e8res est membre organise une manifestation pour la 5 \u00e8me ann\u00e9e cons\u00e9cutive. L\u2019ann\u00e9e &#8230; <a title=\"STOP AU RACISME D\u2019\u00c9TAT ! STOP A LA VIOLENCE D\u2019\u00c9TAT ! STOP A L\u2019IMPUNIT\u00c9 !\" class=\"read-more\" href=\"https:\/\/bruxelles-pantheres.be\/?p=2796\" aria-label=\"En savoir plus sur STOP AU RACISME D\u2019\u00c9TAT ! STOP A LA VIOLENCE D\u2019\u00c9TAT ! STOP A L\u2019IMPUNIT\u00c9 !\">Lire la suite<\/a><\/p>\n","protected":false},"author":1,"featured_media":2797,"comment_status":"open","ping_status":"open","sticky":false,"template":"","format":"standard","meta":{"footnotes":""},"categories":[1],"tags":[31,84,14,23,38,54,15],"class_list":["post-2796","post","type-post","status-publish","format-standard","has-post-thumbnail","hentry","category-non-classe","tag-belgique","tag-black-power","tag-bruxelles","tag-discrimination","tag-guerre","tag-police","tag-resistance"],"_links":{"self":[{"href":"https:\/\/bruxelles-pantheres.be\/index.php?rest_route=\/wp\/v2\/posts\/2796","targetHints":{"allow":["GET"]}}],"collection":[{"href":"https:\/\/bruxelles-pantheres.be\/index.php?rest_route=\/wp\/v2\/posts"}],"about":[{"href":"https:\/\/bruxelles-pantheres.be\/index.php?rest_route=\/wp\/v2\/types\/post"}],"author":[{"embeddable":true,"href":"https:\/\/bruxelles-pantheres.be\/index.php?rest_route=\/wp\/v2\/users\/1"}],"replies":[{"embeddable":true,"href":"https:\/\/bruxelles-pantheres.be\/index.php?rest_route=%2Fwp%2Fv2%2Fcomments&post=2796"}],"version-history":[{"count":1,"href":"https:\/\/bruxelles-pantheres.be\/index.php?rest_route=\/wp\/v2\/posts\/2796\/revisions"}],"predecessor-version":[{"id":2798,"href":"https:\/\/bruxelles-pantheres.be\/index.php?rest_route=\/wp\/v2\/posts\/2796\/revisions\/2798"}],"wp:featuredmedia":[{"embeddable":true,"href":"https:\/\/bruxelles-pantheres.be\/index.php?rest_route=\/wp\/v2\/media\/2797"}],"wp:attachment":[{"href":"https:\/\/bruxelles-pantheres.be\/index.php?rest_route=%2Fwp%2Fv2%2Fmedia&parent=2796"}],"wp:term":[{"taxonomy":"category","embeddable":true,"href":"https:\/\/bruxelles-pantheres.be\/index.php?rest_route=%2Fwp%2Fv2%2Fcategories&post=2796"},{"taxonomy":"post_tag","embeddable":true,"href":"https:\/\/bruxelles-pantheres.be\/index.php?rest_route=%2Fwp%2Fv2%2Ftags&post=2796"}],"curies":[{"name":"wp","href":"https:\/\/api.w.org\/{rel}","templated":true}]}}