{"id":2800,"date":"2016-03-13T20:34:28","date_gmt":"2016-03-13T19:34:28","guid":{"rendered":"https:\/\/bruxelles-pantheres.be\/?p=2800"},"modified":"2016-03-13T20:51:35","modified_gmt":"2016-03-13T19:51:35","slug":"une-histoire-decoloniale-de-la-belgique","status":"publish","type":"post","link":"https:\/\/bruxelles-pantheres.be\/?p=2800","title":{"rendered":"Une Histoire D\u00e9coloniale de la Belgique"},"content":{"rendered":"<p>MISE A JOUR DES PROGRAMMES SCOLAIRES!!!<\/p>\n<p>MOBILISONS-NOUS AFIN DE PR\u00c9SERVER A JAMAIS LA M\u00c9MOIRE, L\u2019HISTOIRE ET LA DIGNIT\u00c9 <span class=\"text_exposed_show\"> DE TOUS CES HOMMES AYANT COMBATTU LE NAZISME !!!<\/span><\/p>\n<div id='gallery-1' class='gallery galleryid-2800 gallery-columns-3 gallery-size-medium'><figure class='gallery-item'>\n\t\t\t<div class='gallery-icon landscape'>\n\t\t\t\t<a href='https:\/\/bruxelles-pantheres.be\/?attachment_id=2801#main'><img decoding=\"async\" width=\"300\" height=\"244\" src=\"https:\/\/bruxelles-pantheres.be\/wp-content\/uploads\/2016\/03\/943791_192760321097711_4897885540574082713_n-300x244.jpg\" class=\"attachment-medium size-medium\" alt=\"\" srcset=\"https:\/\/bruxelles-pantheres.be\/wp-content\/uploads\/2016\/03\/943791_192760321097711_4897885540574082713_n-300x244.jpg 300w, https:\/\/bruxelles-pantheres.be\/wp-content\/uploads\/2016\/03\/943791_192760321097711_4897885540574082713_n.jpg 396w\" sizes=\"(max-width: 300px) 100vw, 300px\" \/><\/a>\n\t\t\t<\/div><\/figure><figure class='gallery-item'>\n\t\t\t<div class='gallery-icon landscape'>\n\t\t\t\t<a href='https:\/\/bruxelles-pantheres.be\/?attachment_id=2802#main'><img decoding=\"async\" width=\"300\" height=\"240\" src=\"https:\/\/bruxelles-pantheres.be\/wp-content\/uploads\/2016\/03\/1506629_192761501097593_2153557462369730833_n-300x240.jpg\" class=\"attachment-medium size-medium\" alt=\"\" srcset=\"https:\/\/bruxelles-pantheres.be\/wp-content\/uploads\/2016\/03\/1506629_192761501097593_2153557462369730833_n-300x240.jpg 300w, https:\/\/bruxelles-pantheres.be\/wp-content\/uploads\/2016\/03\/1506629_192761501097593_2153557462369730833_n.jpg 362w\" sizes=\"(max-width: 300px) 100vw, 300px\" \/><\/a>\n\t\t\t<\/div><\/figure><figure class='gallery-item'>\n\t\t\t<div class='gallery-icon landscape'>\n\t\t\t\t<a href='https:\/\/bruxelles-pantheres.be\/?attachment_id=2803#main'><img decoding=\"async\" width=\"300\" height=\"196\" src=\"https:\/\/bruxelles-pantheres.be\/wp-content\/uploads\/2016\/03\/1688927_192762127764197_3580304094501900478_n-300x196.jpg\" class=\"attachment-medium size-medium\" alt=\"\" srcset=\"https:\/\/bruxelles-pantheres.be\/wp-content\/uploads\/2016\/03\/1688927_192762127764197_3580304094501900478_n-300x196.jpg 300w, https:\/\/bruxelles-pantheres.be\/wp-content\/uploads\/2016\/03\/1688927_192762127764197_3580304094501900478_n.jpg 514w\" sizes=\"(max-width: 300px) 100vw, 300px\" \/><\/a>\n\t\t\t<\/div><\/figure><figure class='gallery-item'>\n\t\t\t<div class='gallery-icon portrait'>\n\t\t\t\t<a href='https:\/\/bruxelles-pantheres.be\/?attachment_id=2804#main'><img decoding=\"async\" width=\"204\" height=\"300\" src=\"https:\/\/bruxelles-pantheres.be\/wp-content\/uploads\/2016\/03\/1914663_192721384434938_6280943320959991752_n-204x300.jpg\" class=\"attachment-medium size-medium\" alt=\"\" srcset=\"https:\/\/bruxelles-pantheres.be\/wp-content\/uploads\/2016\/03\/1914663_192721384434938_6280943320959991752_n-204x300.jpg 204w, https:\/\/bruxelles-pantheres.be\/wp-content\/uploads\/2016\/03\/1914663_192721384434938_6280943320959991752_n.jpg 605w\" sizes=\"(max-width: 204px) 100vw, 204px\" \/><\/a>\n\t\t\t<\/div><\/figure><figure class='gallery-item'>\n\t\t\t<div class='gallery-icon landscape'>\n\t\t\t\t<a href='https:\/\/bruxelles-pantheres.be\/?attachment_id=2805#main'><img decoding=\"async\" width=\"300\" height=\"188\" src=\"https:\/\/bruxelles-pantheres.be\/wp-content\/uploads\/2016\/03\/1928719_192760004431076_5416052891550817062_n-300x188.jpg\" class=\"attachment-medium size-medium\" alt=\"\" srcset=\"https:\/\/bruxelles-pantheres.be\/wp-content\/uploads\/2016\/03\/1928719_192760004431076_5416052891550817062_n-300x188.jpg 300w, https:\/\/bruxelles-pantheres.be\/wp-content\/uploads\/2016\/03\/1928719_192760004431076_5416052891550817062_n.jpg 382w\" sizes=\"(max-width: 300px) 100vw, 300px\" \/><\/a>\n\t\t\t<\/div><\/figure><figure class='gallery-item'>\n\t\t\t<div class='gallery-icon landscape'>\n\t\t\t\t<a href='https:\/\/bruxelles-pantheres.be\/?attachment_id=2806#main'><img decoding=\"async\" width=\"300\" height=\"193\" src=\"https:\/\/bruxelles-pantheres.be\/wp-content\/uploads\/2016\/03\/10270304_192721727768237_5421294147643439965_n-300x193.jpg\" class=\"attachment-medium size-medium\" alt=\"\" srcset=\"https:\/\/bruxelles-pantheres.be\/wp-content\/uploads\/2016\/03\/10270304_192721727768237_5421294147643439965_n-300x193.jpg 300w, https:\/\/bruxelles-pantheres.be\/wp-content\/uploads\/2016\/03\/10270304_192721727768237_5421294147643439965_n.jpg 605w\" sizes=\"(max-width: 300px) 100vw, 300px\" \/><\/a>\n\t\t\t<\/div><\/figure><figure class='gallery-item'>\n\t\t\t<div class='gallery-icon landscape'>\n\t\t\t\t<a href='https:\/\/bruxelles-pantheres.be\/?attachment_id=2807#main'><img decoding=\"async\" width=\"300\" height=\"213\" src=\"https:\/\/bruxelles-pantheres.be\/wp-content\/uploads\/2016\/03\/10342482_192724247767985_4111350234602987537_n-300x213.jpg\" class=\"attachment-medium size-medium\" alt=\"\" srcset=\"https:\/\/bruxelles-pantheres.be\/wp-content\/uploads\/2016\/03\/10342482_192724247767985_4111350234602987537_n-300x213.jpg 300w, https:\/\/bruxelles-pantheres.be\/wp-content\/uploads\/2016\/03\/10342482_192724247767985_4111350234602987537_n.jpg 500w\" sizes=\"(max-width: 300px) 100vw, 300px\" \/><\/a>\n\t\t\t<\/div><\/figure><figure class='gallery-item'>\n\t\t\t<div class='gallery-icon landscape'>\n\t\t\t\t<a href='https:\/\/bruxelles-pantheres.be\/?attachment_id=2808#main'><img decoding=\"async\" width=\"300\" height=\"248\" src=\"https:\/\/bruxelles-pantheres.be\/wp-content\/uploads\/2016\/03\/10491060_192765477763862_6643804186440216284_n-300x248.jpg\" class=\"attachment-medium size-medium\" alt=\"\" srcset=\"https:\/\/bruxelles-pantheres.be\/wp-content\/uploads\/2016\/03\/10491060_192765477763862_6643804186440216284_n-300x248.jpg 300w, https:\/\/bruxelles-pantheres.be\/wp-content\/uploads\/2016\/03\/10491060_192765477763862_6643804186440216284_n.jpg 463w\" sizes=\"(max-width: 300px) 100vw, 300px\" \/><\/a>\n\t\t\t<\/div><\/figure><figure class='gallery-item'>\n\t\t\t<div class='gallery-icon landscape'>\n\t\t\t\t<a href='https:\/\/bruxelles-pantheres.be\/?attachment_id=2809#main'><img decoding=\"async\" width=\"300\" height=\"118\" src=\"https:\/\/bruxelles-pantheres.be\/wp-content\/uploads\/2016\/03\/12226995_192761791097564_3825280424027011409_n-300x118.jpg\" class=\"attachment-medium size-medium\" alt=\"\" srcset=\"https:\/\/bruxelles-pantheres.be\/wp-content\/uploads\/2016\/03\/12226995_192761791097564_3825280424027011409_n-300x118.jpg 300w, https:\/\/bruxelles-pantheres.be\/wp-content\/uploads\/2016\/03\/12226995_192761791097564_3825280424027011409_n.jpg 605w\" sizes=\"(max-width: 300px) 100vw, 300px\" \/><\/a>\n\t\t\t<\/div><\/figure><figure class='gallery-item'>\n\t\t\t<div class='gallery-icon landscape'>\n\t\t\t\t<a href='https:\/\/bruxelles-pantheres.be\/?attachment_id=2810#main'><img decoding=\"async\" width=\"300\" height=\"223\" src=\"https:\/\/bruxelles-pantheres.be\/wp-content\/uploads\/2016\/03\/12705521_192721534434923_8156552648539871780_n-300x223.jpg\" class=\"attachment-medium size-medium\" alt=\"\" srcset=\"https:\/\/bruxelles-pantheres.be\/wp-content\/uploads\/2016\/03\/12705521_192721534434923_8156552648539871780_n-300x223.jpg 300w, https:\/\/bruxelles-pantheres.be\/wp-content\/uploads\/2016\/03\/12705521_192721534434923_8156552648539871780_n.jpg 388w\" sizes=\"(max-width: 300px) 100vw, 300px\" \/><\/a>\n\t\t\t<\/div><\/figure><figure class='gallery-item'>\n\t\t\t<div class='gallery-icon landscape'>\n\t\t\t\t<a href='https:\/\/bruxelles-pantheres.be\/?attachment_id=2811#main'><img decoding=\"async\" width=\"300\" height=\"247\" src=\"https:\/\/bruxelles-pantheres.be\/wp-content\/uploads\/2016\/03\/12809530_192765837763826_1540941674572325996_n-300x247.jpg\" class=\"attachment-medium size-medium\" alt=\"\" srcset=\"https:\/\/bruxelles-pantheres.be\/wp-content\/uploads\/2016\/03\/12809530_192765837763826_1540941674572325996_n-300x247.jpg 300w, https:\/\/bruxelles-pantheres.be\/wp-content\/uploads\/2016\/03\/12809530_192765837763826_1540941674572325996_n.jpg 430w\" sizes=\"(max-width: 300px) 100vw, 300px\" \/><\/a>\n\t\t\t<\/div><\/figure><figure class='gallery-item'>\n\t\t\t<div class='gallery-icon landscape'>\n\t\t\t\t<a href='https:\/\/bruxelles-pantheres.be\/?attachment_id=2812#main'><img decoding=\"async\" width=\"300\" height=\"197\" src=\"https:\/\/bruxelles-pantheres.be\/wp-content\/uploads\/2016\/03\/12813931_192762027764207_2517056474232353565_n-300x197.jpg\" class=\"attachment-medium size-medium\" alt=\"\" srcset=\"https:\/\/bruxelles-pantheres.be\/wp-content\/uploads\/2016\/03\/12813931_192762027764207_2517056474232353565_n-300x197.jpg 300w, https:\/\/bruxelles-pantheres.be\/wp-content\/uploads\/2016\/03\/12813931_192762027764207_2517056474232353565_n.jpg 605w\" sizes=\"(max-width: 300px) 100vw, 300px\" \/><\/a>\n\t\t\t<\/div><\/figure><figure class='gallery-item'>\n\t\t\t<div class='gallery-icon portrait'>\n\t\t\t\t<a href='https:\/\/bruxelles-pantheres.be\/?attachment_id=2813#main'><img decoding=\"async\" width=\"295\" height=\"300\" src=\"https:\/\/bruxelles-pantheres.be\/wp-content\/uploads\/2016\/03\/12814252_192765604430516_1039110976063352310_n-295x300.jpg\" class=\"attachment-medium size-medium\" alt=\"\" srcset=\"https:\/\/bruxelles-pantheres.be\/wp-content\/uploads\/2016\/03\/12814252_192765604430516_1039110976063352310_n-295x300.jpg 295w, https:\/\/bruxelles-pantheres.be\/wp-content\/uploads\/2016\/03\/12814252_192765604430516_1039110976063352310_n.jpg 299w\" sizes=\"(max-width: 295px) 100vw, 295px\" \/><\/a>\n\t\t\t<\/div><\/figure><figure class='gallery-item'>\n\t\t\t<div class='gallery-icon landscape'>\n\t\t\t\t<a href='https:\/\/bruxelles-pantheres.be\/?attachment_id=2814#main'><img decoding=\"async\" width=\"300\" height=\"211\" src=\"https:\/\/bruxelles-pantheres.be\/wp-content\/uploads\/2016\/03\/12814316_192724311101312_6617868438278948545_n-300x211.jpg\" class=\"attachment-medium size-medium\" alt=\"\" srcset=\"https:\/\/bruxelles-pantheres.be\/wp-content\/uploads\/2016\/03\/12814316_192724311101312_6617868438278948545_n-300x211.jpg 300w, https:\/\/bruxelles-pantheres.be\/wp-content\/uploads\/2016\/03\/12814316_192724311101312_6617868438278948545_n.jpg 605w\" sizes=\"(max-width: 300px) 100vw, 300px\" \/><\/a>\n\t\t\t<\/div><\/figure><figure class='gallery-item'>\n\t\t\t<div class='gallery-icon landscape'>\n\t\t\t\t<a href='https:\/\/bruxelles-pantheres.be\/?attachment_id=2815#main'><img decoding=\"async\" width=\"300\" height=\"227\" src=\"https:\/\/bruxelles-pantheres.be\/wp-content\/uploads\/2016\/03\/12814364_192762194430857_6981164063941370641_n-300x227.jpg\" class=\"attachment-medium size-medium\" alt=\"\" srcset=\"https:\/\/bruxelles-pantheres.be\/wp-content\/uploads\/2016\/03\/12814364_192762194430857_6981164063941370641_n-300x227.jpg 300w, https:\/\/bruxelles-pantheres.be\/wp-content\/uploads\/2016\/03\/12814364_192762194430857_6981164063941370641_n.jpg 323w\" sizes=\"(max-width: 300px) 100vw, 300px\" \/><\/a>\n\t\t\t<\/div><\/figure><figure class='gallery-item'>\n\t\t\t<div class='gallery-icon landscape'>\n\t\t\t\t<a href='https:\/\/bruxelles-pantheres.be\/?attachment_id=2816#main'><img decoding=\"async\" width=\"300\" height=\"199\" src=\"https:\/\/bruxelles-pantheres.be\/wp-content\/uploads\/2016\/03\/12821498_192761834430893_394443782723259768_n-300x199.jpg\" class=\"attachment-medium size-medium\" alt=\"\" srcset=\"https:\/\/bruxelles-pantheres.be\/wp-content\/uploads\/2016\/03\/12821498_192761834430893_394443782723259768_n-300x199.jpg 300w, https:\/\/bruxelles-pantheres.be\/wp-content\/uploads\/2016\/03\/12821498_192761834430893_394443782723259768_n.jpg 605w\" sizes=\"(max-width: 300px) 100vw, 300px\" \/><\/a>\n\t\t\t<\/div><\/figure><figure class='gallery-item'>\n\t\t\t<div class='gallery-icon landscape'>\n\t\t\t\t<a href='https:\/\/bruxelles-pantheres.be\/?attachment_id=2817#main'><img decoding=\"async\" width=\"300\" height=\"217\" src=\"https:\/\/bruxelles-pantheres.be\/wp-content\/uploads\/2016\/03\/12832325_192761757764234_1633900259652932945_n-300x217.jpg\" class=\"attachment-medium size-medium\" alt=\"\" srcset=\"https:\/\/bruxelles-pantheres.be\/wp-content\/uploads\/2016\/03\/12832325_192761757764234_1633900259652932945_n-300x217.jpg 300w, https:\/\/bruxelles-pantheres.be\/wp-content\/uploads\/2016\/03\/12832325_192761757764234_1633900259652932945_n.jpg 605w\" sizes=\"(max-width: 300px) 100vw, 300px\" \/><\/a>\n\t\t\t<\/div><\/figure><figure class='gallery-item'>\n\t\t\t<div class='gallery-icon landscape'>\n\t\t\t\t<a href='https:\/\/bruxelles-pantheres.be\/?attachment_id=2818#main'><img decoding=\"async\" width=\"300\" height=\"198\" src=\"https:\/\/bruxelles-pantheres.be\/wp-content\/uploads\/2016\/03\/12832568_192761674430909_8476780840155653110_n-300x198.jpg\" class=\"attachment-medium size-medium\" alt=\"\" srcset=\"https:\/\/bruxelles-pantheres.be\/wp-content\/uploads\/2016\/03\/12832568_192761674430909_8476780840155653110_n-300x198.jpg 300w, https:\/\/bruxelles-pantheres.be\/wp-content\/uploads\/2016\/03\/12832568_192761674430909_8476780840155653110_n.jpg 605w\" sizes=\"(max-width: 300px) 100vw, 300px\" \/><\/a>\n\t\t\t<\/div><\/figure>\n\t\t<\/div>\n\n<div class=\"text_exposed_show\">\n<p>Suite \u00e0 la sortie en salles du long-m\u00e9trage \u00ab les hommes d\u2019argile \u00bb et aux nombreuses activit\u00e9s organis\u00e9es autour de la th\u00e9matique, \u00e0 savoir l\u2019apport et l\u2019engagement des hommes issus des colonies provenant d\u2019Afrique, d\u2019Asie, d\u2019Orient, des \u00eeles du Pacifique dans la lutte contre le nazisme durant la seconde guerre mondiale, le Collectif \u00ab\u00a0Pour la M\u00e9moire, l\u2019histoire et la dignit\u00e9\u00a0\u00bb lance un appel \u00e0 la mobilisation afin de cr\u00e9er une plateforme r\u00e9unissant diff\u00e9rentes associations et institutions actives dans les secteurs \u00e9ducation permanente, d&rsquo;aide \u00e0 la jeunesse, de coh\u00e9sion sociale,\u2026<\/p>\n<p>Notre objectif est de demander au minist\u00e8re de l\u2019enseignement et plus pr\u00e9cis\u00e9ment \u00e0 Mme Jo\u00eblle Milquet (tr\u00e8s sensible \u00e0 la th\u00e9matique) de d\u00e9poser un amendement au Parlement de la F\u00e9d\u00e9ration Wallonie-Bruxelles, afin d\u2019int\u00e9grer dans nos manuels scolaires, cette grande page de l\u2019histoire n\u2019ayant jamais \u00e9t\u00e9 \u00e9crite.<\/p>\n<p>Notre demande consiste plus pr\u00e9cis\u00e9ment en une r\u00e9vision de tous les manuels scolaires concern\u00e9s par ce chapitre important, ainsi qu\u2019une mise \u00e0 jour de la formation des professeurs d\u2019histoire qui enseignent cette mati\u00e8re aupr\u00e8s des \u00e9l\u00e8ves du premier et du deuxi\u00e8me cycle de l\u2019enseignement secondaire francophone.<\/p>\n<p>En tant que membres d\u2019associations et institutions tr\u00e8s actives sur le terrain, nous demandons \u00e0 ce qu\u2019un travail scientifique soit mis en place afin que la M\u00e9moire, l\u2019Histoire et la Dignit\u00e9 de tous ces hommes soient pr\u00e9serv\u00e9es \u00e0 jamais.<\/p>\n<h4>Mourad Boucif,<br \/>\nPour le Collectif \u00ab\u00a0Pour la M\u00e9moire, l\u2019Histoire et la Dignit\u00e9 \u00bb<br \/>\n<span style=\"color: #ff0000;\">&#8212;&#8212;&#8212;&#8212;&#8212;&#8212;&#8212;&#8212;&#8212;&#8212;&#8212;&#8212;&#8212;&#8212;&#8212;&#8212;&#8212;&#8212;&#8212;&#8212;&#8212;&#8212;&#8212;&#8212;&#8212;&#8212;&#8212;&#8212;<\/span><\/h4>\n<h4><span style=\"color: #ff0000;\">Si vous souhaitez signer, et\/ou si vous souhaitez vous investir au del\u00e0 de signer l\u2019appel : <span class=\"_5yl5\">mourad.boucif@hotmail.com<\/span><\/span><\/h4>\n<p>UN GRAND MERCI A VOUS<br \/>\n&#8212;&#8212;&#8212;&#8212;&#8212;&#8212;&#8212;&#8212;&#8212;&#8212;&#8212;&#8212;&#8211;<br \/>\nVoici les premi\u00e8res associations signataires :<\/p>\n<p>Le Collectif \u00ab\u00a0Pour la M\u00e9moire, l\u2019Histoire et la Dignit\u00e9\u00a0\u00bb,<\/p>\n<p><strong>Bruxelles Panth\u00e8res<\/strong><\/p>\n<p>Un Souffle asbl<\/p>\n<p>Les Ambassadeurs de la Paix<\/p>\n<p>Les fibres de l\u2019\u00e2me asbl<\/p>\n<p>Entre deux Rives asbl<\/p>\n<p>La Cit\u00e9 des \u00c9crits asbl<br \/>\nLe Collectif Contre l&rsquo;islamophobie en Belgique (CCIB)<br \/>\nLes Ath\u00e9es la\u00efques unis contre les racismes<br \/>\nART Universel<\/p>\n<\/div>\n","protected":false},"excerpt":{"rendered":"<p>MISE A JOUR DES PROGRAMMES SCOLAIRES!!! MOBILISONS-NOUS AFIN DE PR\u00c9SERVER A JAMAIS LA M\u00c9MOIRE, L\u2019HISTOIRE ET LA DIGNIT\u00c9 DE TOUS CES HOMMES AYANT COMBATTU LE NAZISME !!! Suite \u00e0 la sortie en salles du long-m\u00e9trage \u00ab les hommes d\u2019argile \u00bb et aux nombreuses activit\u00e9s organis\u00e9es autour de la th\u00e9matique, \u00e0 savoir l\u2019apport et l\u2019engagement des &#8230; <a title=\"Une Histoire D\u00e9coloniale de la Belgique\" class=\"read-more\" href=\"https:\/\/bruxelles-pantheres.be\/?p=2800\" aria-label=\"En savoir plus sur Une Histoire D\u00e9coloniale de la Belgique\">Lire la suite<\/a><\/p>\n","protected":false},"author":1,"featured_media":2810,"comment_status":"open","ping_status":"open","sticky":false,"template":"","format":"standard","meta":{"footnotes":""},"categories":[1,21,25,36,4,7,18,28],"tags":[31,84,14,32,166,15],"class_list":["post-2800","post","type-post","status-publish","format-standard","has-post-thumbnail","hentry","category-non-classe","category-anti-imperialisme","category-enseignement","category-europe","category-islamophobie","category-negrophobie","category-resistance-bruxelles","category-racismes","tag-belgique","tag-black-power","tag-bruxelles","tag-culture","tag-mourad-boucif","tag-resistance"],"_links":{"self":[{"href":"https:\/\/bruxelles-pantheres.be\/index.php?rest_route=\/wp\/v2\/posts\/2800","targetHints":{"allow":["GET"]}}],"collection":[{"href":"https:\/\/bruxelles-pantheres.be\/index.php?rest_route=\/wp\/v2\/posts"}],"about":[{"href":"https:\/\/bruxelles-pantheres.be\/index.php?rest_route=\/wp\/v2\/types\/post"}],"author":[{"embeddable":true,"href":"https:\/\/bruxelles-pantheres.be\/index.php?rest_route=\/wp\/v2\/users\/1"}],"replies":[{"embeddable":true,"href":"https:\/\/bruxelles-pantheres.be\/index.php?rest_route=%2Fwp%2Fv2%2Fcomments&post=2800"}],"version-history":[{"count":3,"href":"https:\/\/bruxelles-pantheres.be\/index.php?rest_route=\/wp\/v2\/posts\/2800\/revisions"}],"predecessor-version":[{"id":2821,"href":"https:\/\/bruxelles-pantheres.be\/index.php?rest_route=\/wp\/v2\/posts\/2800\/revisions\/2821"}],"wp:featuredmedia":[{"embeddable":true,"href":"https:\/\/bruxelles-pantheres.be\/index.php?rest_route=\/wp\/v2\/media\/2810"}],"wp:attachment":[{"href":"https:\/\/bruxelles-pantheres.be\/index.php?rest_route=%2Fwp%2Fv2%2Fmedia&parent=2800"}],"wp:term":[{"taxonomy":"category","embeddable":true,"href":"https:\/\/bruxelles-pantheres.be\/index.php?rest_route=%2Fwp%2Fv2%2Fcategories&post=2800"},{"taxonomy":"post_tag","embeddable":true,"href":"https:\/\/bruxelles-pantheres.be\/index.php?rest_route=%2Fwp%2Fv2%2Ftags&post=2800"}],"curies":[{"name":"wp","href":"https:\/\/api.w.org\/{rel}","templated":true}]}}