{"id":2828,"date":"2016-03-19T21:17:16","date_gmt":"2016-03-19T20:17:16","guid":{"rendered":"https:\/\/bruxelles-pantheres.be\/?p=2828"},"modified":"2016-03-19T21:17:16","modified_gmt":"2016-03-19T20:17:16","slug":"il-nexiste-pas-de-nationalisme-ouvert-carte-blanche-11316","status":"publish","type":"post","link":"https:\/\/bruxelles-pantheres.be\/?p=2828","title":{"rendered":"Il n&rsquo;existe pas de nationalisme ouvert (Carte Blanche &#8211; 11\/3\/16)"},"content":{"rendered":"<h1 style=\"text-align: center;\"><a href=\"https:\/\/bruxelles-pantheres.be\/wp-content\/uploads\/2016\/03\/schengen-trois292.jpg\" rel=\"attachment wp-att-2829\"><img decoding=\"async\" class=\"alignnone size-full wp-image-2829\" src=\"https:\/\/bruxelles-pantheres.be\/wp-content\/uploads\/2016\/03\/schengen-trois292.jpg\" alt=\"schengen-trois292\" width=\"4723\" height=\"4263\" \/><\/a><\/h1>\n<p><strong>Crise de l\u2019accueil des r\u00e9fugi\u00e9s en Europe\u00a0: il n\u2019y a pas de nationalisme ouvert<\/strong><\/p>\n<p>Carte Blanche publi\u00e9e dans La Libre Belgique du 11-03-16 sign\u00e9e par<\/p>\n<p>Martin Deleixhe (KUL-MLS)<\/p>\n<p>Youri Lou Vertongen (USLB-MLS)<\/p>\n<p>Andrew Crosby (ULB-MLS)<\/p>\n<p>Anas Salih (SPB-MLS)<\/p>\n<p>Mat\u00e9o Gagliolo (ULB-MLS)<\/p>\n<p>Denis Pieret (PhiloCit\u00e9-MLS)<\/p>\n<p>Anticipant l\u2019expulsion <em>manu militari <\/em>de la jungle de Calais par les autorit\u00e9s fran\u00e7aises, et craignant l\u2019\u00e9dification \u00e0 l\u2019identique de ces camps o\u00f9 s\u2019abritent les espoirs et le d\u00e9pit des migrants sur sa c\u00f4te, la Belgique aura donc finalement succomb\u00e9 \u00e0 son tour \u00e0 la fi\u00e8vre politique qui s\u00e9vit en Europe. Comme s\u2019il s\u2019agissait l\u00e0 du seul recours politique \u00e0 la disposition des dirigeants, de la solution unique \u00e0 un probl\u00e8me dont tout le monde s\u2019accorde pourtant \u00e0 dire qu\u2019il est complexe, le gouvernement Michel-Jambon a annonc\u00e9 avec fracas la fermeture unilat\u00e9rale de sa fronti\u00e8re avec la France. Invoquant une <em>\u00ab\u00a0menace grave pour l\u2019ordre publique et la s\u00e9curit\u00e9 int\u00e9rieure<\/em>\u00a0\u00bb (dont on peine \u00e0 discerner le fondement\u00a0: quelques tentes \u00e0 Zeebrugge suffiraient-elles \u00e0 mettre en p\u00e9ril la stabilit\u00e9 de l\u2019Etat\u00a0?), la Belgique est donc le 7<sup>e<\/sup> pays europ\u00e9en \u00e0 d\u00e9roger temporairement au principe de libert\u00e9 int\u00e9rieure de circulation inscrit dans les accords de Schengen.<\/p>\n<p>Epargnons-nous les pr\u00e9cautions oratoires\u00a0: cette mesure rel\u00e8ve du pur spectacle. Sa seule efficacit\u00e9 r\u00e9side dans son effet d\u2019annonce.\u00a0A l\u2019\u00e9vidence, contr\u00f4ler \u00e0 grands renforts de mise en sc\u00e8ne m\u00e9diatique quelques bus sur les routes nationales mal goudronn\u00e9es qui relient le Westhoek \u00e0 la France n\u2019emp\u00eachera pas les migrants de rejoindre la Belgique, si tant est que cela fasse partie de leurs intentions. Au mieux cet effet d\u2019annonce en d\u00e9couragera certains d\u2019entre eux d\u2019entreprendre le d\u00e9placement. Au pire, cela incitera d\u2019autres \u00e0 rechercher d\u2019autres chemins, plus sinueux, et qui sait, plus risqu\u00e9s, pour tenter une hypoth\u00e9tique travers\u00e9e vers le Royaume-Uni, synonyme pour eux d\u2019un avenir meilleur. Mais cette mesure ne r\u00e9soudra en rien la question de la d\u00e9sh\u00e9rence sur les c\u00f4tes belges et fran\u00e7aises de migrants, ni, le cas \u00e9ch\u00e9ant, la cr\u00e9ation de campements d\u2019h\u00e9bergements de fortune. En revanche, cette fermeture donne du cr\u00e9dit aux manifestations x\u00e9nophobes anti-migrants auxquelles nous avons assist\u00e9es \u00e0 Calais et ailleurs aux fronti\u00e8res europ\u00e9ennes ces derni\u00e8res semaines. Elle justifie, presque \u00e0 elle seule, que l\u2019enjeu migratoire soit aujourd\u2019hui abord\u00e9 quasi exclusivement depuis \u00ab\u00a0la peur de l\u2019autre\u00a0\u00bb et la d\u00e9sormais \u00ab\u00a0n\u00e9c\u00e9ssit\u00e9\u00a0\u00bb de faire barrage aux invasions \u00e9trang\u00e8res. La fermeture de la fronti\u00e8re belgo-fran\u00e7aise permet au gouvernement de <em>donner l\u2019impression <\/em>qu\u2019il fait quelque chose. D\u00e9ployer la police le long des dunes, c\u2019est faire montre de volontarisme \u00e0 d\u00e9faut de pr\u00e9voyance. Bernard Cazeneuve, le ministre de l\u2019Int\u00e9rieur fran\u00e7ais, irrit\u00e9 par le cavalier seul de la Belgique, n\u2019a d\u2019ailleurs pas r\u00e9sister \u00e0 la tentation de glisser que\u00a0: \u00ab\u00a0Cette d\u00e9cision est pour nous \u00e9trange et ses motivations le sont tout autant.\u00a0\u00bb Comprenez, la d\u00e9cision belge est stupide et ses motivations absurdes\u00a0!<\/p>\n<p>Inefficace, la fermeture de la fronti\u00e8re n\u2019est pas inoffensive pour autant. La mesure trahit une forte inclinaison nationaliste, que l\u2019on avait pourtant esp\u00e9r\u00e9 un moment mort et enterr\u00e9e en Europe. Le poids du nationalisme se lit au moins \u00e0 deux niveaux dans cette d\u00e9cision.<\/p>\n<p>Tout d\u2019abord, l\u2019unilat\u00e9ralisme belge dans ce dossier n\u2019est pas la hauteur de son statut de membre fondateur de l\u2019Union Europ\u00e9enne.\u00a0La question des r\u00e9fugi\u00e9s en Europe (1,25 millions de demandes d\u2019asile pour la seule ann\u00e9e 2015 selon Eurostat) est d\u2019une telle ampleur qu\u2019elle ne pourra \u00eatre r\u00e9solue que collectivement, au moyen d\u2019un accord contraignant pour tous les Etats-membres. Si le gouvernement Michel-Jambon \u00e9tait sinc\u00e8re dans ses intentions de contr\u00f4le, il lui faudrait <em>a minima<\/em> soutenir les efforts diplomatiques d\u2019Angela Merkel (qui aura incarn\u00e9e successivement le pire et le meilleur de l\u2019Europe au cours des derniers mois) en vue d\u2019une solution concert\u00e9e qui passe par une r\u00e9partition de l\u2019effort d\u2019accueil plut\u00f4t que de contribuer \u00e0 miner par son \u00e9go\u00efsme toute perspective d\u2019une solution collective. Au lieu de quoi, Bart De Wever jette le masque sur le plateau de <em>Terzake <\/em>et cesse (enfin, serait-on tent\u00e9 de dire) de pr\u00e9tendre que son nationalisme se fond sans difficult\u00e9 dans les ambitions cosmopolitiques de l\u2019UE. Apr\u00e8s avoir vitup\u00e9r\u00e9 contre le plan allemand de r\u00e9partition des migrants, il fait de la Gr\u00e8ce la responsable de l\u2019arriv\u00e9e des r\u00e9fugi\u00e9s en Europe et travaille ainsi \u00e0 l\u2019isoler ai sein du concert des Etats Europ\u00e9ens. Que voulez-vous, la N-VA perd du terrain face au Vlaams Belang dans les sondages\u2026 Et c\u2019est la vielle recette du retour au nationalisme &#8211; souverainet\u00e9 \u00e9troitement nationale et x\u00e9nophobie d\u2019Etat &#8211; qui est une nouvelle fois, et sans surprise, privil\u00e9gi\u00e9e.<\/p>\n<p>D\u2019o\u00f9 notre second point, la crise des r\u00e9fugi\u00e9s en Europe (qui est autant une crise de l\u2019id\u00e9e d\u2019Europe qu\u2019un \u00e9chec des institutions europ\u00e9ennes) aura eu le triste m\u00e9rite de rappeler \u00e0 notre m\u00e9moire un fait historique t\u00eatu : il n\u2019existe pas, n\u2019a jamais exist\u00e9 et n\u2019existera jamais, de nationalisme <em>ouvert<\/em>. Car le nationalisme, quand bien m\u00eame il serait civique, lib\u00e9rale ou r\u00e9publicain se construit et se pratique d\u2019abord comme une exclusion, comme un rejet de ce qui n\u2019est pas national. Son geste fondamental, c\u2019est d\u2019inscrire une division dans l\u2019espace social entre les citoyens nationaux et les \u00e9trangers. Et quand bien m\u00eame la nation serait, selon la formule de Renan, un \u00ab\u00a0pl\u00e9biscite de tous les jours\u00a0\u00bb (une expression d\u2019ailleurs beaucoup plus \u00e9quivoque dans son texte d\u2019origine que dans l\u2019usage qui en est couramment fait), autrement dit quand bien m\u00eame elle ne reposerait que sur la seule <em>volont\u00e9<\/em> de former une collectivit\u00e9, l\u2019histoire d\u00e9montre que cette nation suppos\u00e9ment d\u00e9pourvue de soubassement culturelle ou ethnique finit toujours par s\u2019inventer un fondement pr\u00e9-politique. La nation civique, pour le dire autrement, est un assemblage politique instable qui ne cesse de retomber, presque malgr\u00e9 elle, dans le travers du nationalisme ethnique. Faut-il alors s\u2019\u00e9tonner que la fa\u00e7ade pr\u00e9sentable de la N-VA ne se fissure devant la crise europ\u00e9enne de l\u2019accueil des r\u00e9fugi\u00e9s\u00a0?<\/p>\n<p>Le projet d\u2019Union Europ\u00e9enne n\u2019est pas parfait, loin s\u2019en faut (il y aurait notamment beaucoup \u00e0 dire sur sa promotion du libre-\u00e9change \u00e0 tout crin), mais il a pour lui le m\u00e9rite d\u2019avoir travaill\u00e9 \u00e0 d\u00e9construire durablement les nationalismes et leurs r\u00e9flexes de fermeture. En contraignant les Etats \u00e0 partager leur souverainet\u00e9, en brouillant les lignes entre politique \u00e9trang\u00e8re et politique int\u00e9rieure, en faisant de la libert\u00e9 de circulation int\u00e9rieure la clef d\u2019une sociabilit\u00e9 transnationale \u00e0 l\u2019\u00e9chelle europ\u00e9enne, l\u2019Union Europ\u00e9enne a mis en place certains garde-fous contre le retour d\u2019une id\u00e9ologie nationale x\u00e9nophobe. Il nous appartient d\u00e9sormais, \u00e0 nous citoyen-ne-s europ\u00e9en-ne-s, non seulement d\u2019opposer aux actions x\u00e9nophobes et populistes que sont la fermeture des fronti\u00e8res, la d\u00e9ch\u00e9ance de nationalit\u00e9, la confiscation des biens des r\u00e9fugi\u00e9s, les expulsions meurtri\u00e8res des contre-discours et des contre-conduites \u00e0 la hauteur de l\u2019offensive r\u00e9actionnaire que nous connaissons aujourd\u2019hui mais \u00e9galement de veiller \u00e0 ce que la crise de l\u2019accueil des r\u00e9fugi\u00e9s ne d\u00e9bouche pas sur l\u2019\u00e9mergence d\u2019un nationalisme europ\u00e9en, qui serait une \u00e9trange forme de nationalisme supranational, qui reproduirait aux fronti\u00e8res de l\u2019Union Europ\u00e9enne ce qu\u2019elle \u00e9tait parvenue \u00e0 faire dispara\u00eetre \u00e0 ses fronti\u00e8res int\u00e9rieures.<\/p>\n<p><a href=\"http:\/\/migrationsetluttessociales.blogspot.be\/2016\/03\/il-nexiste-pas-de-nationalisme-ouvert.html\">Source<\/a><\/p>\n","protected":false},"excerpt":{"rendered":"<p>Crise de l\u2019accueil des r\u00e9fugi\u00e9s en Europe\u00a0: il n\u2019y a pas de nationalisme ouvert Carte Blanche publi\u00e9e dans La Libre Belgique du 11-03-16 sign\u00e9e par Martin Deleixhe (KUL-MLS) Youri Lou Vertongen (USLB-MLS) Andrew Crosby (ULB-MLS) Anas Salih (SPB-MLS) Mat\u00e9o Gagliolo (ULB-MLS) Denis Pieret (PhiloCit\u00e9-MLS) Anticipant l\u2019expulsion manu militari de la jungle de Calais par les &#8230; <a title=\"Il n&rsquo;existe pas de nationalisme ouvert (Carte Blanche &#8211; 11\/3\/16)\" class=\"read-more\" href=\"https:\/\/bruxelles-pantheres.be\/?p=2828\" aria-label=\"En savoir plus sur Il n&rsquo;existe pas de nationalisme ouvert (Carte Blanche &#8211; 11\/3\/16)\">Lire la suite<\/a><\/p>\n","protected":false},"author":1,"featured_media":1755,"comment_status":"open","ping_status":"open","sticky":false,"template":"","format":"standard","meta":{"footnotes":""},"categories":[36,8,18,28,39],"tags":[31,14,23,15],"class_list":["post-2828","post","type-post","status-publish","format-standard","has-post-thumbnail","hentry","category-europe","category-prisons","category-resistance-bruxelles","category-racismes","category-sans-papier","tag-belgique","tag-bruxelles","tag-discrimination","tag-resistance"],"_links":{"self":[{"href":"https:\/\/bruxelles-pantheres.be\/index.php?rest_route=\/wp\/v2\/posts\/2828","targetHints":{"allow":["GET"]}}],"collection":[{"href":"https:\/\/bruxelles-pantheres.be\/index.php?rest_route=\/wp\/v2\/posts"}],"about":[{"href":"https:\/\/bruxelles-pantheres.be\/index.php?rest_route=\/wp\/v2\/types\/post"}],"author":[{"embeddable":true,"href":"https:\/\/bruxelles-pantheres.be\/index.php?rest_route=\/wp\/v2\/users\/1"}],"replies":[{"embeddable":true,"href":"https:\/\/bruxelles-pantheres.be\/index.php?rest_route=%2Fwp%2Fv2%2Fcomments&post=2828"}],"version-history":[{"count":1,"href":"https:\/\/bruxelles-pantheres.be\/index.php?rest_route=\/wp\/v2\/posts\/2828\/revisions"}],"predecessor-version":[{"id":2830,"href":"https:\/\/bruxelles-pantheres.be\/index.php?rest_route=\/wp\/v2\/posts\/2828\/revisions\/2830"}],"wp:featuredmedia":[{"embeddable":true,"href":"https:\/\/bruxelles-pantheres.be\/index.php?rest_route=\/wp\/v2\/media\/1755"}],"wp:attachment":[{"href":"https:\/\/bruxelles-pantheres.be\/index.php?rest_route=%2Fwp%2Fv2%2Fmedia&parent=2828"}],"wp:term":[{"taxonomy":"category","embeddable":true,"href":"https:\/\/bruxelles-pantheres.be\/index.php?rest_route=%2Fwp%2Fv2%2Fcategories&post=2828"},{"taxonomy":"post_tag","embeddable":true,"href":"https:\/\/bruxelles-pantheres.be\/index.php?rest_route=%2Fwp%2Fv2%2Ftags&post=2828"}],"curies":[{"name":"wp","href":"https:\/\/api.w.org\/{rel}","templated":true}]}}