{"id":2833,"date":"2016-04-12T09:08:55","date_gmt":"2016-04-12T08:08:55","guid":{"rendered":"https:\/\/bruxelles-pantheres.be\/?p=2833"},"modified":"2016-04-15T09:29:03","modified_gmt":"2016-04-15T08:29:03","slug":"pour-le-droit-a-se-rassembler-contre-la-haine-et-la-terreur","status":"publish","type":"post","link":"https:\/\/bruxelles-pantheres.be\/?p=2833","title":{"rendered":"Pour le droit \u00e0 se rassembler contre la haine et la terreur"},"content":{"rendered":"<p align=\"center\"><b>Pour le droit \u00e0 se rassembler contre la haine et la terreur<\/b><\/p>\n<p align=\"center\"><b>Solidarit\u00e9 avec Bruxelles<br \/>\n<\/b><\/p>\n<p align=\"center\"><b>Jeudi, 16h30, Place du XX ao\u00fbt<br \/>\n<\/b><\/p>\n<p align=\"justify\">Il y a quelques jours 400 hooligans islamophobes \u00e9taient escort\u00e9s par la police jusqu&rsquo;\u00e0 la place de la Bourse. Apr\u00e8s avoir men\u00e9 plusieurs agressions, seules 15 personnes ont \u00e9t\u00e9 arr\u00eat\u00e9es.<\/p>\n<p>Il y a quelques jours 100 citoyen.ne.s \u00e9taient arr\u00eat\u00e9.e.s sur cette m\u00eame place pour avoir voulu affirmer collectivement que le racisme fait partie du probl\u00e8me et non de la solution.<\/p>\n<p>Le 14 avril prochain le mouvement islamophobe Pegida a annonc\u00e9 qu&rsquo;il comptait se rassembler \u00e0 Li\u00e8ge, place du xx ao\u00fbt. Face \u00e0 ces discours de haine qui instrumentalisent nos peurs pour nous diviser, il ne s&rsquo;agit plus de savoir si la police nous autorise \u00e0 nous exprimer, il s&rsquo;agit d&rsquo;agir et de nous rassembler pour ce qui nous semble juste. De Molenbeek \u00e0 la place de la Bourse, de Li\u00e8ge \u00e0 Anvers, faisons vivre nos libert\u00e9s d&rsquo;opinion et d&rsquo;expression et exer\u00e7ons notre droit \u00e0 se rassembler. Appel initi\u00e9 par la plateforme \u00ab\u00a0Pas en notre nom\u00a0\u00bb<\/p>\n<p><a href=\"https:\/\/www.facebook.com\/events\/1567002223592619\/\" target=\"_blank\">https:\/\/www.facebook.com\/<wbr><\/wbr>events\/1567002223592619\/<\/a><\/p>\n<p><b>Signataires :<\/b><br \/>\nAgir Pour la Paix<br \/>\nAquilone<br \/>\nATTAC Liege<br \/>\nBarricade<br \/>\n<strong>Bruxelles Panth\u00e8res<\/strong><br \/>\nCADTM Belgique<br \/>\nCNAPD<br \/>\nCNE-Li\u00e8ge<br \/>\nCollectif Alternative Libertaire Bruxelles<br \/>\nCoordination des Sans Papiers de Bruxelles<br \/>\nCPCR<br \/>\nCVDTunisie<br \/>\nEcolo Li\u00e8ge<br \/>\nEGA<br \/>\nESG<br \/>\nFPS-R\u00e9seau Solidaris<br \/>\nJeunesse Libertaire Li\u00e8ge<br \/>\nJeunes FGTB Li\u00e8ge<br \/>\nJeunes FGTB Verviers<br \/>\nJAC<br \/>\nJOC Li\u00e8ge<br \/>\nLa Cible<br \/>\nLa Ligue des Droits de l&rsquo;Homme<br \/>\nLa Voix des Sans Papiers de Li\u00e8ge<br \/>\nLatitude Jeunes-R\u00e9seau Solidaris<br \/>\nLCR<br \/>\nLe Beau Mur<br \/>\nLe Centre d\u2019Action La\u00efque de la Province de Li\u00e8ge<br \/>\nLe Monde des Possibles<br \/>\nLes \u00c9quipes Populaires Li\u00e8ge<br \/>\nMuslims Rights Belgium<br \/>\nPeuple et Culture<br \/>\nPSL<br \/>\nQuinoa<br \/>\nR\u00e9seau Wallon de Lutte contre la Pauvret\u00e9<br \/>\nRiposte-CTE<br \/>\nTerritoires de la M\u00e9moire<br \/>\nUniversit\u00e9 Populaire de Liege<br \/>\nUPJB<br \/>\nVivre Ensemble Li\u00e8ge<\/p>\n<p><img decoding=\"async\" class=\"CToWUd a6T\" tabindex=\"0\" src=\"https:\/\/mail.google.com\/mail\/u\/0\/?ui=2&amp;ik=908e7d29dd&amp;view=fimg&amp;th=1541411cb5b97f99&amp;attid=0.1.1&amp;disp=emb&amp;attbid=ANGjdJ_tUcvNe90YrzbVSHpGiqiPl29muwe23dMkAQPQFpNDzEHjLS_Sn9PHau7ulwMe85yIaEL6NA4V7RKVnhYvMAYtWy8LqVBNKLyqp55jlUdILxn-hy40I6p-Cpo&amp;sz=w2000-h1500&amp;ats=1460706195885&amp;rm=1541411cb5b97f99&amp;zw&amp;atsh=1\" alt=\"\" width=\"1000\" height=\"750\" \/><\/p>\n","protected":false},"excerpt":{"rendered":"<p>Pour le droit \u00e0 se rassembler contre la haine et la terreur Solidarit\u00e9 avec Bruxelles Jeudi, 16h30, Place du XX ao\u00fbt Il y a quelques jours 400 hooligans islamophobes \u00e9taient escort\u00e9s par la police jusqu&rsquo;\u00e0 la place de la Bourse. Apr\u00e8s avoir men\u00e9 plusieurs agressions, seules 15 personnes ont \u00e9t\u00e9 arr\u00eat\u00e9es. Il y a quelques &#8230; <a title=\"Pour le droit \u00e0 se rassembler contre la haine et la terreur\" class=\"read-more\" href=\"https:\/\/bruxelles-pantheres.be\/?p=2833\" aria-label=\"En savoir plus sur Pour le droit \u00e0 se rassembler contre la haine et la terreur\">Lire la suite<\/a><\/p>\n","protected":false},"author":1,"featured_media":2306,"comment_status":"open","ping_status":"open","sticky":false,"template":"","format":"standard","meta":{"footnotes":""},"categories":[36,4],"tags":[],"class_list":["post-2833","post","type-post","status-publish","format-standard","has-post-thumbnail","hentry","category-europe","category-islamophobie"],"_links":{"self":[{"href":"https:\/\/bruxelles-pantheres.be\/index.php?rest_route=\/wp\/v2\/posts\/2833","targetHints":{"allow":["GET"]}}],"collection":[{"href":"https:\/\/bruxelles-pantheres.be\/index.php?rest_route=\/wp\/v2\/posts"}],"about":[{"href":"https:\/\/bruxelles-pantheres.be\/index.php?rest_route=\/wp\/v2\/types\/post"}],"author":[{"embeddable":true,"href":"https:\/\/bruxelles-pantheres.be\/index.php?rest_route=\/wp\/v2\/users\/1"}],"replies":[{"embeddable":true,"href":"https:\/\/bruxelles-pantheres.be\/index.php?rest_route=%2Fwp%2Fv2%2Fcomments&post=2833"}],"version-history":[{"count":1,"href":"https:\/\/bruxelles-pantheres.be\/index.php?rest_route=\/wp\/v2\/posts\/2833\/revisions"}],"predecessor-version":[{"id":2834,"href":"https:\/\/bruxelles-pantheres.be\/index.php?rest_route=\/wp\/v2\/posts\/2833\/revisions\/2834"}],"wp:featuredmedia":[{"embeddable":true,"href":"https:\/\/bruxelles-pantheres.be\/index.php?rest_route=\/wp\/v2\/media\/2306"}],"wp:attachment":[{"href":"https:\/\/bruxelles-pantheres.be\/index.php?rest_route=%2Fwp%2Fv2%2Fmedia&parent=2833"}],"wp:term":[{"taxonomy":"category","embeddable":true,"href":"https:\/\/bruxelles-pantheres.be\/index.php?rest_route=%2Fwp%2Fv2%2Fcategories&post=2833"},{"taxonomy":"post_tag","embeddable":true,"href":"https:\/\/bruxelles-pantheres.be\/index.php?rest_route=%2Fwp%2Fv2%2Ftags&post=2833"}],"curies":[{"name":"wp","href":"https:\/\/api.w.org\/{rel}","templated":true}]}}