{"id":2837,"date":"2016-04-15T10:06:46","date_gmt":"2016-04-15T09:06:46","guid":{"rendered":"https:\/\/bruxelles-pantheres.be\/?p=2837"},"modified":"2016-04-15T10:31:36","modified_gmt":"2016-04-15T09:31:36","slug":"avril-2016-un-mois-de-solidarite-avec-ali-aarrass","status":"publish","type":"post","link":"https:\/\/bruxelles-pantheres.be\/?p=2837","title":{"rendered":"AVRIL 2016, UN MOIS DE SOLIDARIT\u00c9 AVEC ALI AARRASS"},"content":{"rendered":"<div style=\"text-align: left;\" align=\"center\">Ali Aarrass, c\u2019est l\u2019histoire d\u2019un citoyen belgo-marocain emprisonn\u00e9 injustement en Espagne car suspect\u00e9 abusivement de trafic d\u2019armes dans le cadre d\u2019un r\u00e9seau terroriste. Durant ses ann\u00e9es de captivit\u00e9 en Espagne, Ali Aarrass n\u2019a eu de cesse de clamer son innocence.<br \/>\nAlors que le c\u00e9l\u00e8bre juge anti-terroriste Baltazar Garz\u00f3n pronon\u00e7ait un non-lieu en faveur d\u2019Ali Aarrass, ce dernier fut extrad\u00e9 ill\u00e9galement vers le Maroc.<br \/>\nD\u00e8s son arriv\u00e9e au Maroc, Ali Aarrass est tortur\u00e9, tandis que l&rsquo;\u00c9tat belge l&rsquo;abandonnait dans les mains de ses bourreaux. Apr\u00e8s 12 jours d\u2019abjectes tortures, Ali Aarrass signe des aveux en langue arabe, langue dont il ne ma\u00eetrise m\u00eame pas la lecture \u2013 Ali est n\u00e9 et grandi \u00e0 Melilla, un enclave espagnol&#8230;<br \/>\nAmnesty International a fait d\u2019Ali Aarrass son symbole, son porte-drapeau dans la lutte contre la torture et les proc\u00e8s en d\u00e9coulant.<br \/>\nL\u2019ONU a reconnu, par le travail de son rapporteur sp\u00e9cial Juan Mendez, la torture subie par Ali Aarrass et demande sa lib\u00e9ration imm\u00e9diate.<br \/>\nEn 2015, dans un proc\u00e8s historique, la Cours de Justice belge a condamn\u00e9 l\u2019\u00c9tat belge pour non-assistance envers Ali Aarrass.<br \/>\nCependant, Ali Aarrass croupit, encore et toujours, dans la prison de Sal\u00e9 II au Maroc. Et l\u2019\u00c9tat belge refuse toujours d\u2019intervenir pour son ressortissant.&nbsp;<\/p>\n<\/div>\n<div align=\"center\"><img decoding=\"async\" class=\"CToWUd a6T\" tabindex=\"0\" src=\"https:\/\/mail.google.com\/mail\/u\/0\/?ui=2&amp;ik=908e7d29dd&amp;view=fimg&amp;th=1540775f06561d58&amp;attid=0.0.1.1&amp;disp=emb&amp;attbid=ANGjdJ9T6lm66DCGmrDL8oeuoWXSn1k1d-drEETFHEHoDeP8Aw0oRpjF_Hpg89W222VnkTjgWkx3PR9dJNFF6g0nIOnpXOrAKcby3ksmUoHucrryp8dDDRrsIEK5-MU&amp;sz=w680-h948&amp;ats=1460706200888&amp;rm=1540775f06561d58&amp;zw&amp;atsh=1\" alt=\"Images int\u00e9gr\u00e9es 1\" width=\"340\" height=\"474\" \/><\/div>\n<p><strong>Ce samedi 16 avril,<\/strong> dans le cadre de la campagne de solidarit\u00e9 avec Ali Aarrass en cours tout le long du mois, aura lieu une seconde action propos\u00e9e par le Comit\u00e9 Free Ali.<br \/>\n<strong>Les binationaux \u00e9tant en danger dans notre pays, que faire ?<\/strong> Pour r\u00e9pondre \u00e0 cette \u00e9pineuse question \u00e0 la lumi\u00e8re du cas d&rsquo;Ali, nous vous invitons \u00e0 un temps d&rsquo;\u00e9change sous forme de questions-r\u00e9ponses avec Farida Aarrass (s\u0153ur d&rsquo;Ali) et Luk Vervaet.<strong> La rencontre se tiendra de 15:00 \u00e0 17:00 dans les locaux de Bruxelles-La\u00efque, avenue de Stalingrad 18-20 \u00e0 1000 Bruxelles.<\/strong> Bienvenue \u00e0 vous et votre entourage, auquel nous vous serions tr\u00e8s reconnaissants de transmettre \u00e9galement ces informations.<br \/>\nEn contribuant au financement participatif (\u00ab\u00a0crowdfunding\u00a0\u00bb) lanc\u00e9 par la toute jeune maison d&rsquo;\u00e9ditions Antidote, vous pouvez d\u00e8s \u00e0 pr\u00e9sent aussi nous aider \u00e0 \u00e9diter la BD \u00ab\u00a0Je m&rsquo;appelle Ali Aarrass\u00a0\u00bb de Manu Scordia, ainsi que le livre \u00ab\u00a0Lettres de prison et Journal d&rsquo;une gr\u00e8ve de la faim\u00a0\u00bb d&rsquo;Ali et Farida Aarrass.<\/p>\n<p>Pour ce projet, nous devrions r\u00e9colter la somme de 4 000 euros. Oui, c&rsquo;est beaucoup d&rsquo;argent, mais c&rsquo;est \u00e0 peine de quoi couvrir la publication des deux ouvrages. Au moment de vous \u00e9crire, nous en sommes \u00e0 presque 2 800 euros et esp\u00e9rons atteindre notre objectif d&rsquo;ici le 30 avril prochain. Les b\u00e9n\u00e9fices de vente des deux ouvrages seront enti\u00e8rement revers\u00e9s \u00e0 la campagne Free Ali. Si toutefois nous ne parvenons pas \u00e0 relever avec vous ce d\u00e9fi, tous les dons seront int\u00e9gralement rembours\u00e9s aux donateurs.<\/p>\n<p>Comment \u00e7a marche ? Cliquez sur le lien ci-dessous et faites un don sur la plateforme du projet. En ayant \u00e0 l&rsquo;esprit qu&rsquo;un grand nombre de petits dons peut en faire le succ\u00e8s, n&rsquo;h\u00e9sitez surtout pas \u00e0 relayer cet appel aupr\u00e8s de vos contacts.<\/p>\n<p><big><br \/>\n<\/big><\/p>\n<p>&nbsp;<\/p>\n<div class=\"gmail_default\"><a href=\"http:\/\/www.kisskissbankbank.com\/fr\/projects\/ali-aarrass-au-dela-des-barreaux-et-des-frontieres?utm_campaign=accepted_project_email&amp;utm_medium=email&amp;utm_source=user_mailer\" target=\"_blank\">Ali Aarrass: Au-del\u00e0 des barreaux et des fronti\u00e8res\u2026<\/a>\u00a0<span style=\"color: #073763;\"><br \/>\n<\/span><\/div>\n<div class=\"gmail_default\"><\/div>\n<div class=\"gmail_default\"><span style=\"color: #073763;\">Voici par ailleurs un article paru dans le presse \u00e0 l&rsquo;occasion de notre rassemblement pour le neuvi\u00e8me anniversaire de la d\u00e9tention d&rsquo;Ali Aarrass, le 1er avril dernier :<\/span><\/div>\n<div class=\"gmail_default\"><\/div>\n<div class=\"gmail_default\"><a href=\"http:\/\/www.lesoir.be\/1169024\/article\/actualite\/fil-info\/fil-info-belgique\/2016-04-01\/manifestation-bruxelles-pour-ali-aarrass-qui-entame-sa-9e-annee\" target=\"_blank\">http:\/\/www.lesoir.be\/1169024\/<wbr><\/wbr>article\/actualite\/fil-info\/<wbr><\/wbr>fil-info-belgique\/2016-04-01\/<wbr><\/wbr>manifestation-bruxelles-pour-<wbr><\/wbr>ali-aarrass-qui-entame-sa-9e-<wbr><\/wbr>annee<\/a>&#8211;<\/div>\n<div class=\"gmail_default\"><a href=\"http:\/\/www.sudinfo.be\/1527355\/article\/2016-04-01\/manifestation-a-bruxelles-pour-ali-aarrass-qui-entame-sa-9e-annee-de-detention-a\" target=\"_blank\">http:\/\/www.sudinfo.be\/1527355\/<wbr><\/wbr>article\/2016-04-01\/<wbr><\/wbr>manifestation-a-bruxelles-<wbr><\/wbr>pour-ali-aarrass-qui-entame-<wbr><\/wbr>sa-9e-annee-de-detention-a<\/a><\/div>\n<div class=\"gmail_default\"><\/div>\n<div class=\"gmail_default\"><span style=\"color: #073763;\"><br \/>\n<\/span><\/div>\n<div class=\"gmail_default\"><span style=\"color: #073763;\">Comptant sur votre pr\u00e9sence et votre g\u00e9n\u00e9rosit\u00e9, bien solidairement \u00e0 vous,<\/span><\/div>\n<div class=\"gmail_default\"><span style=\"color: #073763;\"><br \/>\n<\/span><\/div>\n<div class=\"gmail_default\">\n<div class=\"gmail_default\"><span style=\"color: #073763;\">Marie-Fran\u00e7oise Cordemans<\/span><\/div>\n<div class=\"gmail_default\"><span style=\"color: #073763;\">Comit\u00e9 <i>Free Ali<\/i><\/span><\/div>\n<div class=\"gmail_default\"><span style=\"color: #073763;\"><a href=\"http:\/\/www.freeali.eu\" target=\"_blank\">www.freeali.eu<\/a><\/span><\/div>\n<\/div>\n","protected":false},"excerpt":{"rendered":"<p>Ali Aarrass, c\u2019est l\u2019histoire d\u2019un citoyen belgo-marocain emprisonn\u00e9 injustement en Espagne car suspect\u00e9 abusivement de trafic d\u2019armes dans le cadre d\u2019un r\u00e9seau terroriste. Durant ses ann\u00e9es de captivit\u00e9 en Espagne, Ali Aarrass n\u2019a eu de cesse de clamer son innocence. Alors que le c\u00e9l\u00e8bre juge anti-terroriste Baltazar Garz\u00f3n pronon\u00e7ait un non-lieu en faveur d\u2019Ali Aarrass, &#8230; <a title=\"AVRIL 2016, UN MOIS DE SOLIDARIT\u00c9 AVEC ALI AARRASS\" class=\"read-more\" href=\"https:\/\/bruxelles-pantheres.be\/?p=2837\" aria-label=\"En savoir plus sur AVRIL 2016, UN MOIS DE SOLIDARIT\u00c9 AVEC ALI AARRASS\">Lire la suite<\/a><\/p>\n","protected":false},"author":1,"featured_media":1088,"comment_status":"open","ping_status":"open","sticky":false,"template":"","format":"standard","meta":{"footnotes":""},"categories":[24,18],"tags":[53,31,14,23,15],"class_list":["post-2837","post","type-post","status-publish","format-standard","has-post-thumbnail","hentry","category-belgique-maroc","category-resistance-bruxelles","tag-ali-aarrass","tag-belgique","tag-bruxelles","tag-discrimination","tag-resistance"],"_links":{"self":[{"href":"https:\/\/bruxelles-pantheres.be\/index.php?rest_route=\/wp\/v2\/posts\/2837","targetHints":{"allow":["GET"]}}],"collection":[{"href":"https:\/\/bruxelles-pantheres.be\/index.php?rest_route=\/wp\/v2\/posts"}],"about":[{"href":"https:\/\/bruxelles-pantheres.be\/index.php?rest_route=\/wp\/v2\/types\/post"}],"author":[{"embeddable":true,"href":"https:\/\/bruxelles-pantheres.be\/index.php?rest_route=\/wp\/v2\/users\/1"}],"replies":[{"embeddable":true,"href":"https:\/\/bruxelles-pantheres.be\/index.php?rest_route=%2Fwp%2Fv2%2Fcomments&post=2837"}],"version-history":[{"count":5,"href":"https:\/\/bruxelles-pantheres.be\/index.php?rest_route=\/wp\/v2\/posts\/2837\/revisions"}],"predecessor-version":[{"id":2842,"href":"https:\/\/bruxelles-pantheres.be\/index.php?rest_route=\/wp\/v2\/posts\/2837\/revisions\/2842"}],"wp:featuredmedia":[{"embeddable":true,"href":"https:\/\/bruxelles-pantheres.be\/index.php?rest_route=\/wp\/v2\/media\/1088"}],"wp:attachment":[{"href":"https:\/\/bruxelles-pantheres.be\/index.php?rest_route=%2Fwp%2Fv2%2Fmedia&parent=2837"}],"wp:term":[{"taxonomy":"category","embeddable":true,"href":"https:\/\/bruxelles-pantheres.be\/index.php?rest_route=%2Fwp%2Fv2%2Fcategories&post=2837"},{"taxonomy":"post_tag","embeddable":true,"href":"https:\/\/bruxelles-pantheres.be\/index.php?rest_route=%2Fwp%2Fv2%2Ftags&post=2837"}],"curies":[{"name":"wp","href":"https:\/\/api.w.org\/{rel}","templated":true}]}}