{"id":2843,"date":"2013-04-23T15:36:33","date_gmt":"2013-04-23T14:36:33","guid":{"rendered":"https:\/\/bruxelles-pantheres.be\/?p=2843"},"modified":"2016-04-17T15:48:52","modified_gmt":"2016-04-17T14:48:52","slug":"sur-les-jeunes-volontaires-pour-la-syrie-23-avril-2013","status":"publish","type":"post","link":"https:\/\/bruxelles-pantheres.be\/?p=2843","title":{"rendered":"Sur les jeunes volontaires pour la Syrie \u2013 23 avril 2013"},"content":{"rendered":"<p style=\"text-align: center;\"><a href=\"https:\/\/bruxelles-pantheres.be\/wp-content\/uploads\/2013\/11\/5595162031.jpg\"><img decoding=\"async\" class=\"alignnone size-full wp-image-941\" src=\"https:\/\/bruxelles-pantheres.be\/wp-content\/uploads\/2013\/11\/5595162031.jpg\" alt=\"5595162031\" width=\"500\" height=\"404\" srcset=\"https:\/\/bruxelles-pantheres.be\/wp-content\/uploads\/2013\/11\/5595162031.jpg 500w, https:\/\/bruxelles-pantheres.be\/wp-content\/uploads\/2013\/11\/5595162031-300x242.jpg 300w\" sizes=\"(max-width: 500px) 100vw, 500px\" \/><\/a><\/p>\n<p><strong>Communiqu\u00e9 du parti \u00c9galit\u00e9 sur les jeunes volontaires pour la Syrie\u00a0\u2013 23 avril 2013<\/strong><\/p>\n<p><em>\u00ab\u00a0 Oui, c\u2019est vrai, tu es n\u00e9 \u00e0 la mauvaise \u00e9poque\u00a0\u00bb<\/em>, disait une maman \u00e0 son fils, deux semaines avant qu\u2019il ne parte pour la Syrie. Depuis l\u2019\u00e9cole maternelle, les jeunes volontaires pour la Syrie ont grandi dans un monde domin\u00e9 par les guerres, les in\u00e9galit\u00e9s et la discrimination.<\/p>\n<p>En 2001, la guerre contre l\u2019Afghanistan d\u00e9bute. Elle dure encore et nos soldats belges y sont toujours. En 2003, commence la seconde guerre contre l\u2019Irak, toujours ravag\u00e9 et disloqu\u00e9. L\u2019ann\u00e9e 2003 est aussi l\u2019ann\u00e9e des l\u00e9gislations antiterroristes qui d\u00e9signent l\u2019ennemi \u00e0 l\u2019int\u00e9rieur de nos soci\u00e9t\u00e9s en guerre. La discrimination sur base de la religion \u2013 musulmane \u2013 s\u2019ajoute \u00e0 celle bas\u00e9e sur l\u2019origine nationale ou la couleur de la peau. En 2008, c\u2019est la crise financi\u00e8re qui part des \u00c9tats-Unis, encore eux, pour plonger le monde dans le chaos et creuser l\u2019ab\u00eeme des in\u00e9galit\u00e9s entre riches et pauvres, ici et ailleurs. Pr\u00e8s de nous, en Gr\u00e8ce, en Espagne, des gens se suicident plut\u00f4t que de quitter le logement qu\u2019ils ne peuvent plus payer. Les scandales de corruption ou de fraude fiscale \u00e9claboussent tant les partis de gauche que de droite dans tout le monde dit civilis\u00e9.<\/p>\n<p>C\u2019est dans ce monde que les jeunes d\u2019aujourd\u2019hui doivent donner un sens \u00e0 leur vie. C\u2019est le propre de la jeunesse \u2013 et son m\u00e9rite \u2013 que d\u2019aspirer \u00e0 la justice, \u00e0 la paix, \u00e0 l\u2019\u00e9galit\u00e9. Notre soci\u00e9t\u00e9 leur renvoie une image absurde o\u00f9 ceux qui d\u00e9tiennent pouvoir et argent peuvent tout se permettre alors que ceux du bas de l\u2019\u00e9chelle sont pri\u00e9s de se serrer la ceinture et d\u2019accepter en silence \u00a0les humiliations en tout genre. Les r\u00e9sistances \u00e0 ce syst\u00e8me barbare sont syst\u00e9matiquement criminalis\u00e9es. Comment s\u2019\u00e9tonner d\u00e8s lors que certains d\u00e9cident d\u2019aller vivre ailleurs leur id\u00e9al\u00a0? Comment s\u2019\u00e9tonner que des provocateurs sans scrupules arrivent \u00e0 les manipuler au nom de la religion\u00a0?<\/p>\n<p>Il s\u2019agit presque toujours de jeunes parfaitement \u00e9duqu\u00e9s et soutenus par leurs parents et leur environnement familial ou scolaire. Des parents qui, inquiets d\u00e8s les premi\u00e8res minutes de la disparition de leur enfant, ont averti les autorit\u00e9s belges. Beaucoup d\u00e9noncent l\u2019inaction totale du minist\u00e8re des Affaires \u00e9trang\u00e8res et de la Justice et d\u00e9couvrent avec amertume qu\u2019ils sont toujours consid\u00e9r\u00e9s comme des citoyens de seconde zone dans notre pays.<\/p>\n<p>La ministre de l\u2019Int\u00e9rieur, Jo\u00eblle Milquet, n\u2019a rien compris \u00e0 toute cette souffrance, elle qui ne trouve rien de mieux \u00e0 faire en ce moment que d\u2019aller suivre des cours de lutte contre le terrorisme chez ses ma\u00eetres \u00e9tats-uniens. Pas plus que son coll\u00e8gue des Affaires \u00e9trang\u00e8res, Didier Reynders, qui n\u2019a que des mesures de contr\u00f4le et de r\u00e9pression \u00e0 proposer et qui brille comme toujours par son absence quand il s\u2019agit d\u2019aider des citoyens belges \u00e0 l\u2019\u00e9tranger.<\/p>\n<p>Nous refusons la criminalisation par nos autorit\u00e9s de cette jeunesse et nous demandons au contraire que son retour soit pr\u00e9par\u00e9 avec humanit\u00e9. Cette crise ne peut pas constituer un nouveau pr\u00e9texte \u00e0 l\u2019islamophobie d\u00e9j\u00e0 omnipr\u00e9sente.<\/p>\n<p>Nous apportons notre soutien aux familles abandonn\u00e9es \u00e0 elles-m\u00eames qui n\u2019ont qu\u2019un d\u00e9sir\u00a0: ramener leurs enfants \u00e0 la maison. Nous comprenons la souffrance des parents et des proches, morts d&rsquo;inqui\u00e9tude pour leur enfant, qui\u00a0 d\u00e9couvrent qu&rsquo;ils ne valent pas grand-chose pour ce pays, qu\u2019ils consid\u00e9raient jusque-l\u00e0 comme le leur. Nous comprenons leur d\u00e9ception m\u00eal\u00e9e \u00e0 ce sentiment d&rsquo;impuissance car ils n\u2019ont aucun moyen de savoir ce qu&rsquo;il adviendra de leur enfant. \u00a0Nous exigeons des autorit\u00e9s belges qu\u2019elles assument leur devoir de protection des enfants et des citoyens belges en mettant tout en \u0153uvre pour faciliter leur retour et qu\u2019elles apportent aux familles tout l\u2019aide concr\u00e8te dont elles ont besoin en ce moment.<\/p>\n<p>Pour notre part, nous mettons nos modestes moyens \u00e0 la disposition des familles pour les soutenir dans toutes les d\u00e9marches qu\u2019elles entreprennent. Notre parti \u00c9galit\u00e9 encourage les jeunes \u00e0 s\u2019engager ici dans la lutte contre l\u2019injustice et la discrimination, dans les actions d\u2019aide aux d\u00e9munis et de soutien aux r\u00e9sistances dans le monde.<\/p>\n<p><strong>Auteur\u00a0: Nadine Rosa-Rosso<\/strong><\/p>\n","protected":false},"excerpt":{"rendered":"<p>Communiqu\u00e9 du parti \u00c9galit\u00e9 sur les jeunes volontaires pour la Syrie\u00a0\u2013 23 avril 2013 \u00ab\u00a0 Oui, c\u2019est vrai, tu es n\u00e9 \u00e0 la mauvaise \u00e9poque\u00a0\u00bb, disait une maman \u00e0 son fils, deux semaines avant qu\u2019il ne parte pour la Syrie. Depuis l\u2019\u00e9cole maternelle, les jeunes volontaires pour la Syrie ont grandi dans un monde domin\u00e9 &#8230; <a title=\"Sur les jeunes volontaires pour la Syrie \u2013 23 avril 2013\" class=\"read-more\" href=\"https:\/\/bruxelles-pantheres.be\/?p=2843\" aria-label=\"En savoir plus sur Sur les jeunes volontaires pour la Syrie \u2013 23 avril 2013\">Lire la suite<\/a><\/p>\n","protected":false},"author":1,"featured_media":867,"comment_status":"open","ping_status":"open","sticky":false,"template":"","format":"standard","meta":{"footnotes":""},"categories":[21,24,6,18,28],"tags":[31,14,23,38,167,15],"class_list":["post-2843","post","type-post","status-publish","format-standard","has-post-thumbnail","hentry","category-anti-imperialisme","category-belgique-maroc","category-palestine-moyen-orient","category-resistance-bruxelles","category-racismes","tag-belgique","tag-bruxelles","tag-discrimination","tag-guerre","tag-nadine-rosa-rosso","tag-resistance"],"_links":{"self":[{"href":"https:\/\/bruxelles-pantheres.be\/index.php?rest_route=\/wp\/v2\/posts\/2843","targetHints":{"allow":["GET"]}}],"collection":[{"href":"https:\/\/bruxelles-pantheres.be\/index.php?rest_route=\/wp\/v2\/posts"}],"about":[{"href":"https:\/\/bruxelles-pantheres.be\/index.php?rest_route=\/wp\/v2\/types\/post"}],"author":[{"embeddable":true,"href":"https:\/\/bruxelles-pantheres.be\/index.php?rest_route=\/wp\/v2\/users\/1"}],"replies":[{"embeddable":true,"href":"https:\/\/bruxelles-pantheres.be\/index.php?rest_route=%2Fwp%2Fv2%2Fcomments&post=2843"}],"version-history":[{"count":1,"href":"https:\/\/bruxelles-pantheres.be\/index.php?rest_route=\/wp\/v2\/posts\/2843\/revisions"}],"predecessor-version":[{"id":2844,"href":"https:\/\/bruxelles-pantheres.be\/index.php?rest_route=\/wp\/v2\/posts\/2843\/revisions\/2844"}],"wp:featuredmedia":[{"embeddable":true,"href":"https:\/\/bruxelles-pantheres.be\/index.php?rest_route=\/wp\/v2\/media\/867"}],"wp:attachment":[{"href":"https:\/\/bruxelles-pantheres.be\/index.php?rest_route=%2Fwp%2Fv2%2Fmedia&parent=2843"}],"wp:term":[{"taxonomy":"category","embeddable":true,"href":"https:\/\/bruxelles-pantheres.be\/index.php?rest_route=%2Fwp%2Fv2%2Fcategories&post=2843"},{"taxonomy":"post_tag","embeddable":true,"href":"https:\/\/bruxelles-pantheres.be\/index.php?rest_route=%2Fwp%2Fv2%2Ftags&post=2843"}],"curies":[{"name":"wp","href":"https:\/\/api.w.org\/{rel}","templated":true}]}}