{"id":2845,"date":"2016-04-17T23:59:09","date_gmt":"2016-04-17T22:59:09","guid":{"rendered":"https:\/\/bruxelles-pantheres.be\/?p=2845"},"modified":"2016-04-17T23:59:09","modified_gmt":"2016-04-17T22:59:09","slug":"nos-reponses-decoloniales-aux-10-propositions-dun-parti-tres-banal","status":"publish","type":"post","link":"https:\/\/bruxelles-pantheres.be\/?p=2845","title":{"rendered":"Nos r\u00e9ponses d\u00e9coloniales aux 10 propositions d&rsquo;un parti tr\u00e8s banal"},"content":{"rendered":"<p><strong><em>\u00ab\u00a0 Comment mettre fin au terrorisme et \u00e0 l\u2019embrigadement \u00ab\u00a0djihadiste\u00a0\u00bb\u00a0?\u00a0\u00bb selon le\u00a0 PTB. <\/em><\/strong><\/p>\n<figure id=\"attachment_2846\" aria-describedby=\"caption-attachment-2846\" style=\"width: 1082px\" class=\"wp-caption alignnone\"><a href=\"https:\/\/bruxelles-pantheres.be\/wp-content\/uploads\/2016\/04\/12976959_10154785607869386_1908819070574662459_o.jpg\"><img decoding=\"async\" class=\"size-full wp-image-2846\" src=\"https:\/\/bruxelles-pantheres.be\/wp-content\/uploads\/2016\/04\/12976959_10154785607869386_1908819070574662459_o.jpg\" alt=\"\u00ab Daech, casse-toi, la Belgique n\u2019est pas \u00e0 toi \u00bb Banderole du PTB \u00e0 Bruxelles, le 17 Avril 2016 \" width=\"1092\" height=\"728\" srcset=\"https:\/\/bruxelles-pantheres.be\/wp-content\/uploads\/2016\/04\/12976959_10154785607869386_1908819070574662459_o.jpg 1092w, https:\/\/bruxelles-pantheres.be\/wp-content\/uploads\/2016\/04\/12976959_10154785607869386_1908819070574662459_o-300x200.jpg 300w, https:\/\/bruxelles-pantheres.be\/wp-content\/uploads\/2016\/04\/12976959_10154785607869386_1908819070574662459_o-1024x683.jpg 1024w, https:\/\/bruxelles-pantheres.be\/wp-content\/uploads\/2016\/04\/12976959_10154785607869386_1908819070574662459_o-768x512.jpg 768w\" sizes=\"(max-width: 1092px) 100vw, 1092px\" \/><\/a><figcaption id=\"caption-attachment-2846\" class=\"wp-caption-text\">\u00ab Daech, casse-toi, la Belgique n\u2019est pas \u00e0 toi \u00bb Banderole du PTB \u00e0 Bruxelles, le 17 Avril 2016<\/figcaption><\/figure>\n<p><strong><em>Nos r\u00e9ponses d\u00e9coloniales aux 10 propositions d&rsquo;un parti tr\u00e8s banal<\/em><\/strong><\/p>\n<p>Dans un contexte o\u00f9 le pouvoir est aux mains de la droite et de l&rsquo;ultra droite nationaliste qui pr\u00f4nent un discours s\u00e9curitaire, on est en droit de s&rsquo;attendre \u00e0 ce qu&rsquo;un parti d&rsquo;extr\u00eame gauche incarne une force de r\u00e9sistance et de proposition alternative.<\/p>\n<p>Or, <a href=\"http:\/\/ptb.be\/articles\/les-10-propositions-du-ptb-pour-mettre-fin-au-terrorisme-djihadiste\">avec ses 10 propositions pour lutter le terrorisme d&rsquo;inspiration djihadiste, le PTB s&rsquo;inscrit pleinement dans la voie r\u00e9pressive. <sup><u><sup>[i]<\/sup><\/u><\/sup><\/a><\/p>\n<p>De mani\u00e8re globale, ces propositions semblent compl\u00e8tement d\u00e9connect\u00e9es du contexte dans lequel surgit ce ph\u00e9nom\u00e8ne \u00ab\u00a0djihadiste\u00a0\u00bb. Quid de la r\u00e9alit\u00e9 sociale des jeunes issus de l&rsquo;immigration en Belgique: in\u00e9galit\u00e9s sociales, scolaires (<a href=\"http:\/\/www.rtbf.be\/info\/belgique\/detail_la-belgique-parmi-les-pays-riches-ou-les-inegalites-entre-enfants-sont-les-plus-criantes?id=9268899&amp;utm_source=rtbfinfo&amp;utm_campaign=social_share&amp;utm_medium=fb_share\">la Belgique a l&rsquo;un des syst\u00e8mes \u00e9ducatifs les plus discriminants de la zone OCDE<\/a>), \u00e0 l&#8217;emploi, au logement, dans les loisirs, etc.<\/p>\n<p>Il semblerait, \u00e0 les lire, que les perquisitions, le bouclage des quartiers populaires par toujours plus de police, plus de contr\u00f4le, plus de r\u00e9pression sont un mal n\u00e9cessaire et acceptable.<\/p>\n<p>Alors que la pr\u00e9sence quotidienne de policiers dans leurs quartiers est une des principales causes d\u2019ins\u00e9curit\u00e9 pour les habitant.e.s des quartiers populaires. Les descentes massives de police se sont multipli\u00e9es provoquant chez les habitant.e.s des quartiers le sentiment d\u2019\u00eatre \u00abassi\u00e9g\u00e9.e.s par des forces d\u2019occupation \u00bb. Des incidents graves et r\u00e9p\u00e9titifs, li\u00e9s \u00e0 ces interventions polici\u00e8res, sont commis en toute impunit\u00e9, souvent dans le cadre d\u2019op\u00e9rations dites \u00ab antiterroristes \u00bb.<\/p>\n<p>Est-il n\u00e9cessaire de rappeler que partout en Europe et tr\u00e8s r\u00e9cemment \u00e0 Bruxelles des groupes n\u00e9o-nazis se sont massivement mobilis\u00e9s contre les musulman.e.s et qu\u2019ils repr\u00e9sentent aujourd\u2019hui une r\u00e9elle menace ?<\/p>\n<p>Il est significatif de relever, par exemple, que, pas une seule fois le mot ISLAMOPHOBIE n\u2019est cit\u00e9\u00a0!<\/p>\n<p>Ce plan en dix points d\u2019un parti d\u2019extr\u00eame gauche ressemble beaucoup \u00e0\u00a0un compl\u00e9ment aux 12 mesures antiterroriste de Jambon &amp; Co.<\/p>\n<p>En effet, au moins la moiti\u00e9 de ces propositions tournent autour de l&rsquo;id\u00e9e qu&rsquo;il faut davantage de s\u00e9v\u00e9rit\u00e9 voire de r\u00e9pression \u00e0 l&rsquo;\u00e9gard non seulement de ceux qui partent mais aussi de ceux qui reviennent de Syrie.<\/p>\n<p>Finalement, tr\u00e8s peu de place est laiss\u00e9e au volet pr\u00e9ventif: comment faire pour que les jeunes ne partent pas en Syrie? A peu pr\u00e8s rien l\u00e0-dessus. Ce qui indique qu&rsquo;il n&rsquo;y a pas de r\u00e9flexion approfondie de la part du PTB sur ce qui favorise l&rsquo;adh\u00e9sion de jeunes Belges \u00e0 des projets de nature \u00ab\u00a0djihadiste\u00a0\u00bb.<\/p>\n<p>A cet \u00e9gard, les propositions 5 et 6 du PTB, pour la cr\u00e9ation d\u2019un nouveau \u00ab machin \u00bb institutionnel et d\u00e9finissant le r\u00f4le des victimes principales de la situation sont p\u00e9tries \u00e0 la fois d\u2019une \u00ab logique de pouvoir \u00bb intrins\u00e8quement imbib\u00e9e de son attribut de racisme institutionnel et d\u2019injonctions \u00e0 jouer des r\u00f4les non sollicit\u00e9s par les d\u00e9sign\u00e9.e.s du doigt. Les familles, les associations de quartier, les organisations de jeunesse et les mosqu\u00e9es doivent se voir donner les moyens de vivre comme tout le monde sans se voir attribuer plus ou moins de r\u00f4les que le reste de la population.<\/p>\n<p>Dans un communiqu\u00e9 du parti \u00c9galit\u00e9 sur les jeunes volontaires pour la Syrie\u00a0dat\u00e9 du\u00a0\u00a023 avril 2013, Nadine Rosa-Rosso \u00e9crivait\u00a0:<\/p>\n<p><a href=\"https:\/\/bruxelles-pantheres.be\/?p=2843\"><em>\u00ab Oui, c\u2019est vrai, tu es n\u00e9 \u00e0 la mauvaise \u00e9poque\u00a0\u00bb, disait une maman \u00e0 son fils, deux semaines avant qu\u2019il ne parte pour la Syrie. Depuis l\u2019\u00e9cole maternelle, les jeunes volontaires pour la Syrie ont grandi dans un monde domin\u00e9 par les guerres, les in\u00e9galit\u00e9s et la discrimination.<\/em> \u00a0\u00bb<\/a><a href=\"#_edn2\" name=\"_ednref2\"><strong><\/strong><strong>[ii]<\/strong><\/a><\/p>\n<p>La lutte contre le terrorisme sert d\u00e9j\u00e0 de pr\u00e9texte pour intensifier la pr\u00e9sence et la r\u00e9pression polici\u00e8re dans les quartiers. Le renforcement de l\u2019\u00e9tat d\u2019alerte a d\u00e9j\u00e0 permis \u00e0 l\u2019Etat d\u2019intensifier l\u2019islamophobie vis-\u00e0-vis des musulman.e.s et l\u2019exclusion des migrant.e.s.<\/p>\n<p>La situation se complique davantage encore quand ces \u00ab\u00a0terroristes\u00a0\u00bb\u00a0poss\u00e8dent la double nationalit\u00e9. L\u00e0 aussi, nous savons, d\u2019exp\u00e9rience, que le PTB n\u2019est pas le parti qui s&rsquo;opposera \u00e0 cette mesure raciste qu\u2019est la d\u00e9ch\u00e9ance de nationalit\u00e9.<\/p>\n<p>Que le PTB ne s&rsquo;\u00e9tait d\u00e9j\u00e0 pas oppos\u00e9 \u00e0 la loi de d\u00e9ch\u00e9ance de la nationalit\u00e9 en juillet 2015, nous demontre que ces 10 propositions ne sont donc manifestement pas \u00e9mises \u00ab\u00a0sous le coup de l&rsquo;\u00e9motion\u00a0\u00bb dans la foul\u00e9e du 22 mars mais semblent plut\u00f4t s&rsquo;inscrire dans une tendance s\u00e9curitaire, r\u00e9pressive de plus en plus assum\u00e9e par le PTB avec le risque de d\u00e9rive stigmatisante que cela implique. Le signe sans doute qu&rsquo;il devient un parti normal comme les autres.<\/p>\n<p>Tout le monde a compris que c\u2019est \u00e0 nouveau la criminalisation de ces jeunes \u2013 et de leurs familles et de toute la communaut\u00e9 musulmane- qui est \u00e0 l\u2019ordre du jour dans le dossier des jeunes volontaires pour la Syrie. Et que leur retour en Belgique suscite peut-\u00eatre plus l\u2019inqui\u00e9tude chez nos autorit\u00e9s que leur d\u00e9part.<\/p>\n<p>Les 10 propositions du PTB pour mettre fin au terrorisme \u00ab\u00a0djihadiste\u00a0\u00bb nous montrent une fois de plus que nous ne serons d\u00e9cid\u00e9ment pas lib\u00e9r\u00e9.e.s par l\u2019anti racisme blanc.<\/p>\n<p>Les faits dramatiques, de ces derniers mois ne doivent pas \u00eatre pr\u00e9textes \u00e0 prendre des mesures s\u00e9curitaires dans l\u2019urgence. Beaucoup de mesures ont \u00e9t\u00e9 propos\u00e9es, exclusivement s\u00e9curitaires !<\/p>\n<p>Nous sommes naturellement boulevers\u00e9.e.s par ces actes terroristes que rien ne peut justifier mais malheureusement, nous ne sommes \u00a0pas surpris.<\/p>\n<p>En 2003, quand les Etats-Unis envahissaient l\u2019Irak, Al-Qaida n\u2019existait pas dans ce pays et \u00e9tait en recul partout ; elle ne disposait d\u2019aucune base territoriale. Vingt ans apr\u00e8s le d\u00e9clenchement de \u00ab la guerre contre le terrorisme \u00bb, l\u2019organisation Daech contr\u00f4le aujourd\u2019hui un large territoire en Irak et en Syrie.<br \/>\nLa coalition dont fait partie la Belgique, mise en place contre Daech \u00e0 l\u2019\u00e9t\u00e9 2014 ne pr\u00e9sente aucun programme politique uni, mais multiplie les bombardements.<\/p>\n<p>Notre politique \u00e9trang\u00e8re en Libye, au Mali, en Syrie, en Irak, etc. et ses effets ici que sont le racisme et l\u2019islamophobie d\u2019\u00c9tat, ne peuvent pas \u00eatre ignor\u00e9s si on veut comprendre ce chaos, si on veut s&rsquo;en sortir.<\/p>\n<p>La place de la l\u00e9gitime injustice ressentie par les jeunes qui se radicalisent face au soutien inconditionnel de la Belgique, et de l\u2019Occident dans son ensemble, au projet sioniste, colonialiste et raciste en Palestine est \u00e9galement totalement absente de l\u2019analyse et des propositions du PTB.<\/p>\n<p><a href=\"https:\/\/bruxelles-pantheres.be\/?p=2626\">C\u2019\u00e9tait le sens de notre Forum Internationale du 14 d\u00e9cembre 2014 \u00e0 Bruxelles (et simultan\u00e9ment \u00e0 Paris, Londres, Amsterdam et Barcelone).<\/a><a href=\"#_edn3\" name=\"_ednref3\">[iii]<\/a><\/p>\n<p>Quand on pr\u00e9tend \u00eatre une force politique alternative progressiste et \u00e9galitaire, on se doit d\u2019\u00eatre pr\u00e9cis\u00e9ment l\u00e0 pour changer les priorit\u00e9s impos\u00e9es par les m\u00e9dias et les partis politiques traditionnels. Et pas pour les appuyer et les promouvoir en mode perroquet.<\/p>\n<p>Voil\u00e0 le type de propositions que l\u2019on est l\u00e9gitimement en droit d\u2019attendre, \u00e9tant donn\u00e9 le cadre et les conditions qui nous sont impos\u00e9s par un pouvoir (tr\u00e8s) \u00e0 droite, d\u2019un parti politique d\u2019extr\u00eame gauche pr\u00e9sent sur les bancs de l\u2019opposition au parlement f\u00e9d\u00e9ral<\/p>\n<p><strong>1. <\/strong>La d\u00e9radicalisation des flics et des institutions racistes de ce pays est une priorit\u00e9 qui passe avant m\u00eame la lutte contre la soi-disant \u00a0\u00bb radicalisation\u00a0\u00bb des jeunes.<\/p>\n<p>Soutien total aux parents et aux familles.<\/p>\n<p>Traitement \u00e9quitable, et donc pr\u00e9somption d\u2019innocence, pour ceux qui reviennent et dont nous n\u2019avons aucune preuve qu&rsquo;ils ont commis des crimes de guerre.<\/p>\n<p>Projet cr\u00e9dible de d\u00e9criminalisation des jeunes qui sont partis, si n\u00e9cessaire et au cas par cas.<\/p>\n<p>Stop aux licenciements (interdit professionnel) des membres de familles des inculp\u00e9s pour terrorisme et le fait que tous les membres des familles sont trait\u00e9s comme co-responsables.<\/p>\n<p>Non aux ailes sp\u00e9ciales pour les d\u00e9tenus radicalis\u00e9s dans les prisons de Hasselt et d&rsquo;Ittre.<\/p>\n<p><strong>2.<\/strong> Lutte contre l\u2019Islamophobie\u00a0:\u00a0tol\u00e9rance z\u00e9ro face aux discriminations racistes et islamophobes dans l\u2019acc\u00e8s \u00e0 l\u2019emploi pour les jeunes racis\u00e9.e.s et musulman.e.s.<\/p>\n<p>Tol\u00e9rance z\u00e9ro face au manque de moyens financiers et humains octroy\u00e9s aux \u00e9tablissements scolaires situ\u00e9s dans les quartiers populaires.<\/p>\n<p>Tol\u00e9rance z\u00e9ro face aux violences polici\u00e8res.<\/p>\n<p>Les revendications des sans-papiers d\u2019aujourd\u2019hui, qui \u00e9taient r\u00e9fugi\u00e9s \u00e0 l\u2019\u00e9poque, sont claires. R\u00e9gularisation pour tous, pour une vie dans la dignit\u00e9, dans le respect du Droit International.<\/p>\n<p><strong>3.<\/strong> Stop aux guerres imp\u00e9rialistes, auxquelles notre gouvernement participe et qui nourrissent la spirale de la violence. Fin de nos participations aux guerres et donc le retrait imm\u00e9diat de tous nos soldats, avions etc.<\/p>\n<p>Stop au projet d\u2019investissement faramineux dans des outils de mort et de destruction. La d\u00e9pense de milliards d\u2019euros pour ce faire serait criminelle \u00e0 plusieurs \u00e9gards. Non aux F-35\u00a0!<\/p>\n<p><strong><em>Plus que jamais, nous avons besoin d\u2019un mouvement D\u00e9colonial contre la guerre et le racisme et pour la solidarit\u00e9 avec les r\u00e9fugi\u00e9s.<\/em><\/strong><\/p>\n<p><strong><em>Nous avons le droit de vivre en s\u00e9curit\u00e9 en Belgique tout comme les Syriens, les Burkinab\u00e9 ou les Pakistanais. \u00ab\u00a0Nos\u00a0\u00bb morts ne valent pas plus que les innocents qui tombent ailleurs.<\/em><\/strong><\/p>\n<p style=\"text-align: right;\"><strong>Bruxelles Panth\u00e8res<br \/>\n17 Avril 2016<\/strong><\/p>\n<h6><a href=\"#_ednref1\" name=\"_edn1\">[i]<\/a> \u00a0<strong>Propositions du PTB.<\/strong><\/h6>\n<h6><a href=\"http:\/\/ptb.be\/articles\/les-10-propositions-du-ptb-pour-mettre-fin-au-terrorisme-djihadiste\">http:\/\/ptb.be\/articles\/les-10-propositions-du-ptb-pour-mettre-fin-au-terrorisme-djihadiste<\/a><\/h6>\n<h6><a href=\"#_ednref2\" name=\"_edn2\">[ii]<\/a> <strong>Communiqu\u00e9 du parti \u00c9galit\u00e9 sur les jeunes volontaires pour la Syrie\u00a0\u2013 23 avril 2013<\/strong><\/h6>\n<h6><a href=\"https:\/\/bruxelles-pantheres.be\/?p=2843\">https:\/\/bruxelles-pantheres.be\/?p=2843<\/a><\/h6>\n<h6><a href=\"#_ednref3\" name=\"_edn3\">[iii]<\/a> <strong><em>11-12-13 d\u00e9cembre 2015<\/em><\/strong> <strong><em>Week-end contre l\u2019Islamophobie en Europe<\/em><\/strong><\/h6>\n<h6><a href=\"https:\/\/bruxelles-pantheres.be\/?p=2626\">https:\/\/bruxelles-pantheres.be\/?p=2626<\/a><\/h6>\n<p><strong><em>\u00a0<\/em><\/strong><\/p>\n","protected":false},"excerpt":{"rendered":"<p>\u00ab\u00a0 Comment mettre fin au terrorisme et \u00e0 l\u2019embrigadement \u00ab\u00a0djihadiste\u00a0\u00bb\u00a0?\u00a0\u00bb selon le\u00a0 PTB. Nos r\u00e9ponses d\u00e9coloniales aux 10 propositions d&rsquo;un parti tr\u00e8s banal Dans un contexte o\u00f9 le pouvoir est aux mains de la droite et de l&rsquo;ultra droite nationaliste qui pr\u00f4nent un discours s\u00e9curitaire, on est en droit de s&rsquo;attendre \u00e0 ce qu&rsquo;un parti &#8230; <a title=\"Nos r\u00e9ponses d\u00e9coloniales aux 10 propositions d&rsquo;un parti tr\u00e8s banal\" class=\"read-more\" href=\"https:\/\/bruxelles-pantheres.be\/?p=2845\" aria-label=\"En savoir plus sur Nos r\u00e9ponses d\u00e9coloniales aux 10 propositions d&rsquo;un parti tr\u00e8s banal\">Lire la suite<\/a><\/p>\n","protected":false},"author":1,"featured_media":1710,"comment_status":"open","ping_status":"open","sticky":false,"template":"","format":"standard","meta":{"footnotes":""},"categories":[21,36,4,6,8,18,28,39,5],"tags":[31,14,23,38,15],"class_list":["post-2845","post","type-post","status-publish","format-standard","has-post-thumbnail","hentry","category-anti-imperialisme","category-europe","category-islamophobie","category-palestine-moyen-orient","category-prisons","category-resistance-bruxelles","category-racismes","category-sans-papier","category-violence-policiere","tag-belgique","tag-bruxelles","tag-discrimination","tag-guerre","tag-resistance"],"_links":{"self":[{"href":"https:\/\/bruxelles-pantheres.be\/index.php?rest_route=\/wp\/v2\/posts\/2845","targetHints":{"allow":["GET"]}}],"collection":[{"href":"https:\/\/bruxelles-pantheres.be\/index.php?rest_route=\/wp\/v2\/posts"}],"about":[{"href":"https:\/\/bruxelles-pantheres.be\/index.php?rest_route=\/wp\/v2\/types\/post"}],"author":[{"embeddable":true,"href":"https:\/\/bruxelles-pantheres.be\/index.php?rest_route=\/wp\/v2\/users\/1"}],"replies":[{"embeddable":true,"href":"https:\/\/bruxelles-pantheres.be\/index.php?rest_route=%2Fwp%2Fv2%2Fcomments&post=2845"}],"version-history":[{"count":1,"href":"https:\/\/bruxelles-pantheres.be\/index.php?rest_route=\/wp\/v2\/posts\/2845\/revisions"}],"predecessor-version":[{"id":2847,"href":"https:\/\/bruxelles-pantheres.be\/index.php?rest_route=\/wp\/v2\/posts\/2845\/revisions\/2847"}],"wp:featuredmedia":[{"embeddable":true,"href":"https:\/\/bruxelles-pantheres.be\/index.php?rest_route=\/wp\/v2\/media\/1710"}],"wp:attachment":[{"href":"https:\/\/bruxelles-pantheres.be\/index.php?rest_route=%2Fwp%2Fv2%2Fmedia&parent=2845"}],"wp:term":[{"taxonomy":"category","embeddable":true,"href":"https:\/\/bruxelles-pantheres.be\/index.php?rest_route=%2Fwp%2Fv2%2Fcategories&post=2845"},{"taxonomy":"post_tag","embeddable":true,"href":"https:\/\/bruxelles-pantheres.be\/index.php?rest_route=%2Fwp%2Fv2%2Ftags&post=2845"}],"curies":[{"name":"wp","href":"https:\/\/api.w.org\/{rel}","templated":true}]}}