{"id":285,"date":"2013-06-11T01:51:59","date_gmt":"2013-06-11T00:51:59","guid":{"rendered":"https:\/\/bruxelles-pantheres.be\/?p=285"},"modified":"2013-11-10T01:54:33","modified_gmt":"2013-11-10T00:54:33","slug":"soutient-lappel-contre-le-demantelement-de-laide-juridique","status":"publish","type":"post","link":"https:\/\/bruxelles-pantheres.be\/?p=285","title":{"rendered":"Soutient l\u2019appel contre le d\u00e9mant\u00e8lement de l\u2019aide juridique"},"content":{"rendered":"<p>&nbsp;<\/p>\n<div>\n<div dir=\"ltr\">\n<div>\n<div>\n<p><img decoding=\"async\" alt=\"http:\/\/web4.ecolo.be\/IMG\/arton4586.jpg\" src=\"http:\/\/web4.ecolo.be\/IMG\/arton4586.jpg\" \/><\/p>\n<table>\n<tbody>\n<tr>\n<td width=\"100%\"><a href=\"http:\/\/www.liguedh.be\/toutes-les-activites-de-la-ligue\/1718-halte-au-demantelement-du-droit-a-laide-juridique\"> Halte au d\u00e9mant\u00e8lement du droit \u00e0 l\u2019aide juridique<\/a><\/td>\n<td align=\"right\" width=\"100%\"><a href=\"http:\/\/www.liguedh.be\/toutes-les-activites-de-la-ligue\/1718-halte-au-demantelement-du-droit-a-laide-juridique#\"><img decoding=\"async\" alt=\"Imprimer\" src=\"http:\/\/www.liguedh.be\/images\/M_images\/printButton.png\" \/><\/a><\/td>\n<\/tr>\n<\/tbody>\n<\/table>\n<p><img decoding=\"async\" alt=\"\" src=\"http:\/\/www.liguedh.be\/images\/stories\/AGENDA\/temporaire\/justice.jpg\" \/>La LDH et les signataires du pr\u00e9sent Appel sont pr\u00e9occup\u00e9s par les projets du gouvernement Di Rupo menant au d\u00e9mant\u00e8lement du droit \u00e0 l\u2019aide juridique.<br \/>\nIls exigent du Gouvernement f\u00e9d\u00e9ral belge le respect de l\u2019acc\u00e8s \u00e0 la Justice pour tous, qui est un droit fondamental inscrit dans la Constitution, soumis \u00e0 l\u2019obligation de Standstill et reconnu par la Convention europ\u00e9enne des droits de l\u2019Homme.<\/p>\n<p><strong><a href=\"http:\/\/www.petitions24.net\/halte_au_demantelement_du_droit_a_laide_juridique\">Signez la p\u00e9tition<\/a><\/strong> r\u00e9clamant le maintien de l\u2019aide juridique.<!--more--><\/p>\n<\/div>\n<p>Le Front des migrants et contre la pr\u00e9carisat<wbr \/>ion soutient l\u2019appel contre le d\u00e9mant\u00e8lem<wbr \/>ent de l\u2019aide juridique<\/p>\n<\/div>\n<p><i>Face \u00e0 l\u2019atteinte s\u00e9v\u00e8re au droit d\u2019acc\u00e8s \u00e0 la justice que le gouvernement Di Rupo s\u2019appr\u00eate \u00e0 porter, l<\/i>e Front pour les droits des migrants et contre la pr\u00e9carisation<i>\u00a0tient \u00e0 souligner l\u2019importance pour tous les citoyens \u2013 belges et \u00e9trangers \u2013 de s\u2019unir lors de\u00a0l\u2019action nationale organis\u00e9e le jeudi 13 juin \u00e0 10h, Place Royale \u00e0 Bruxelles.<\/i><\/p>\n<p>A bien des occasions, nous avons d\u00e9j\u00e0 pu constater que notre gouvernement, lui aussi, entendait faire payer la crise \u00e0 ses victimes. La r\u00e9forme de l\u2019aide juridique qui sera vot\u00e9e le 22 juin prochain en est un nouvel exemple.<\/p>\n<p>L\u2019aide juridique est le droit pour les personnes ayant de faibles moyens de subsistance de b\u00e9n\u00e9ficier de l\u2019assistance gratuite d\u2019un avocat lorsqu\u2019elles veulent agir ou se d\u00e9fendre en justice.<\/p>\n<p>Soucieux de faire des \u00e9conomies dans de nouvelles lignes budg\u00e9taires, le gouvernement pr\u00e9texte de lutter contre les abus pour entreprendre un v\u00e9ritable d\u00e9mant\u00e8lement de l\u2019aide juridique. En bref, le gouvernement pr\u00e9voit\u00a0:<\/p>\n<ul>\n<li>L\u2019\u00e9tablissement d\u2019un ticket mod\u00e9rateur et de frais de proc\u00e9dure suppl\u00e9mentaires \u00e0 charge des personnes qui ont recours \u00e0 l\u2019aide juridique. Est ainsi rendue payante, l\u2019aide juridique \u00ab\u00a0gratuite\u00a0\u00bb aux personnes d\u00e9munies\u00a0!<\/li>\n<\/ul>\n<ul>\n<li>La r\u00e9duction des indemnit\u00e9s vers\u00e9es aux avocats qui acceptent d\u2019agir en pro deo, alors que ceux-ci sont d\u00e9j\u00e0 faiblement r\u00e9mun\u00e9r\u00e9s. Ceci aura pour effet in\u00e9vitable de d\u00e9courager bon nombre d\u2019entre eux de prester encore dans le cadre de l\u2019aide juridique et, par cons\u00e9quent, de diminuer la qualit\u00e9 de la d\u00e9fense des justiciables les plus fragiles.<\/li>\n<\/ul>\n<ul>\n<li>La suppression de la \u00ab\u00a0pr\u00e9somption d\u2019insolvabilit\u00e9\u00a0\u00bb dont disposent certaines cat\u00e9gories de personnes telles que les b\u00e9n\u00e9ficiaires du CPAS o\u00f9 les demandeurs d\u2019asile. La possibilit\u00e9 de recourir \u00e0 l\u2019aide juridique sera donc ralentie et compliqu\u00e9e par l\u2019obligation, pour eux, de prouver l\u2019insuffisance de leurs revenus.<\/li>\n<\/ul>\n<ul>\n<li>L\u2019instauration d\u2019un syst\u00e8me d\u2019abonnement limitant le nombre d\u2019avocats pouvant travailler en pro deo. Au d\u00e9triment du droit de chacun de choisir librement son conseil, l\u2019Etat exercera un contr\u00f4le sur les avocats pratiquant l\u2019aide juridique. Ceux-ci devront se saisir d\u2019un grand nombre de dossier ce qui affectera la qualit\u00e9 de leur traitement. De plus, les avocats ne seront plus pay\u00e9s en fonction de leurs prestations mais en fonction du nombre de leurs clients ce qui les poussera in\u00e9luctablement \u00e0 agir le moins possible pour la d\u00e9fense de ces derniers.<\/li>\n<\/ul>\n<p>La r\u00e9forme de l\u2019aide juridique repr\u00e9sente des \u00e9conomies de bout de ficelle par rapport \u00e0 la gravit\u00e9 de la diminution des droits en cause.<\/p>\n<p>Ce choix politique inconsid\u00e9r\u00e9 s\u2019explique par le fait que ces \u00e9conomies sont r\u00e9alis\u00e9es sur le dos des personnes qui ont le moins de moyens de s\u2019y opposer.<\/p>\n<p>Si les premiers concern\u00e9s sont sans doute les citoyens \u00e9trangers, cette r\u00e9forme limitera aussi radicalement le droit \u00e0 la justice d\u2019un grand nombre de Belges en situation pr\u00e9caire.<\/p>\n<p>Alors qu\u2019un refinancement de l\u2019aide juridique aurait d\u00fb \u00eatre envisag\u00e9 puisque, frapp\u00e9s par la crise, de plus en plus de personnes y ont droit, le gouvernement envoie un message clair en agissant en sens contraire\u00a0: face \u00e0 la crise, les premiers b\u00e9n\u00e9ficiaires des droits sociaux, c\u2019est \u00e0 dire les personnes les plus pr\u00e9caris\u00e9es, ont \u00e0 faire les plus lourds sacrifices.<\/p>\n<p>Cette r\u00e9forme est contraire \u00e0 l\u2019article 23 de la Constitution qui inclut l\u2019aide juridique dans le droit de mener une vie conforme \u00e0 la dignit\u00e9 humaine.<\/p>\n<p>Elle est entreprise au m\u00e9pris de l\u2019esprit des droits\u00a0 fondamentaux et du principe d\u2019\u00e9galit\u00e9 qui exigent qu\u2019en p\u00e9riode de r\u00e9cession, les droits des personnes plac\u00e9es dans les situations les plus d\u00e9savantageuses soient restreints en dernier lieu.<\/p>\n<p>Le Front des migrants et contre la pr\u00e9carisation demande d\u00e8s lors \u00e0 tous les citoyens \u2013belges et \u00e9trangers \u2013 de manifester la conscience qu\u2019ils ont de l\u2019importance de vivre dans un pays o\u00f9 chacun peut effectivement avoir recours \u00e0 la justice.<\/p>\n<p>Que nous ayons ou non besoin de l\u2019aide juridique, nous avons tous int\u00e9r\u00eat \u00e0 nous opposer \u00e0 la logique d\u2019aust\u00e9rit\u00e9 \u00e0 laquelle cette r\u00e9forme participe scandaleusement.<\/p>\n<p><strong>Nous devons r\u00e9clamer l\u2019abandon de cette r\u00e9forme et, \u00e0 cette fin, nous unir lors du rassemblement national fix\u00e9 par la plate-forme \u00ab\u00a0Justice pour tous\u00a0\u00bb, les organisations d\u2019avocats et les associations le jeudi 13 juin,<\/strong> \u00e0 10h, Place Royale \u00e0 Bruxelles.<\/p>\n<p>Le Front des migrants<\/p>\n<\/div>\n<\/div>\n<div><b>CRER <\/b>\/ Tel : 0474 08 85 35<\/div>\n<div>Info : \u00a0<a href=\"http:\/\/regularisation.canalblog.com\/\" target=\"_blank\" rel=\"nofollow\">http:\/\/regularisation.<wbr \/>canalblog.com\/<\/a><\/div>\n<p><b><em>Soutien au N\u00b0 Triodos\u00a0 :\u00a0 523 \u2013 0801898 \u2013 74<\/em><\/b><\/p>\n","protected":false},"excerpt":{"rendered":"<p>&nbsp; Halte au d\u00e9mant\u00e8lement du droit \u00e0 l\u2019aide juridique La LDH et les signataires du pr\u00e9sent Appel sont pr\u00e9occup\u00e9s par les projets du gouvernement Di Rupo menant au d\u00e9mant\u00e8lement du droit \u00e0 l\u2019aide juridique. Ils exigent du Gouvernement f\u00e9d\u00e9ral belge le respect de l\u2019acc\u00e8s \u00e0 la Justice pour tous, qui est un droit fondamental inscrit &#8230; <a title=\"Soutient l\u2019appel contre le d\u00e9mant\u00e8lement de l\u2019aide juridique\" class=\"read-more\" href=\"https:\/\/bruxelles-pantheres.be\/?p=285\" aria-label=\"En savoir plus sur Soutient l\u2019appel contre le d\u00e9mant\u00e8lement de l\u2019aide juridique\">Lire la suite<\/a><\/p>\n","protected":false},"author":1,"featured_media":272,"comment_status":"open","ping_status":"open","sticky":false,"template":"","format":"standard","meta":{"footnotes":""},"categories":[20,18,5],"tags":[14,23,19],"class_list":["post-285","post","type-post","status-publish","format-standard","has-post-thumbnail","hentry","category-logement","category-resistance-bruxelles","category-violence-policiere","tag-bruxelles","tag-discrimination","tag-pauvrete"],"_links":{"self":[{"href":"https:\/\/bruxelles-pantheres.be\/index.php?rest_route=\/wp\/v2\/posts\/285","targetHints":{"allow":["GET"]}}],"collection":[{"href":"https:\/\/bruxelles-pantheres.be\/index.php?rest_route=\/wp\/v2\/posts"}],"about":[{"href":"https:\/\/bruxelles-pantheres.be\/index.php?rest_route=\/wp\/v2\/types\/post"}],"author":[{"embeddable":true,"href":"https:\/\/bruxelles-pantheres.be\/index.php?rest_route=\/wp\/v2\/users\/1"}],"replies":[{"embeddable":true,"href":"https:\/\/bruxelles-pantheres.be\/index.php?rest_route=%2Fwp%2Fv2%2Fcomments&post=285"}],"version-history":[{"count":1,"href":"https:\/\/bruxelles-pantheres.be\/index.php?rest_route=\/wp\/v2\/posts\/285\/revisions"}],"predecessor-version":[{"id":286,"href":"https:\/\/bruxelles-pantheres.be\/index.php?rest_route=\/wp\/v2\/posts\/285\/revisions\/286"}],"wp:featuredmedia":[{"embeddable":true,"href":"https:\/\/bruxelles-pantheres.be\/index.php?rest_route=\/wp\/v2\/media\/272"}],"wp:attachment":[{"href":"https:\/\/bruxelles-pantheres.be\/index.php?rest_route=%2Fwp%2Fv2%2Fmedia&parent=285"}],"wp:term":[{"taxonomy":"category","embeddable":true,"href":"https:\/\/bruxelles-pantheres.be\/index.php?rest_route=%2Fwp%2Fv2%2Fcategories&post=285"},{"taxonomy":"post_tag","embeddable":true,"href":"https:\/\/bruxelles-pantheres.be\/index.php?rest_route=%2Fwp%2Fv2%2Ftags&post=285"}],"curies":[{"name":"wp","href":"https:\/\/api.w.org\/{rel}","templated":true}]}}