{"id":2850,"date":"2016-04-30T12:47:21","date_gmt":"2016-04-30T11:47:21","guid":{"rendered":"https:\/\/bruxelles-pantheres.be\/?p=2850"},"modified":"2016-04-30T12:47:21","modified_gmt":"2016-04-30T11:47:21","slug":"rencontre-avec-houria-bouteldja","status":"publish","type":"post","link":"https:\/\/bruxelles-pantheres.be\/?p=2850","title":{"rendered":"Rencontre avec Houria Bouteldja"},"content":{"rendered":"<div class=\"clearfix _2ko1\">\n<div class=\"_6a _5v1q rfloat _ohf\">\n<div class=\"_6a _6b\">\n<h4 style=\"text-align: center;\"><span class=\"_5v1l _11s4\"><a href=\"https:\/\/www.facebook.com\/events\/1186481121363154\/?ref=1&amp;action_history=%5B%7B%22surface%22%3A%22permalink%22%2C%22mechanism%22%3A%22surface%22%2C%22extra_data%22%3A%5B%5D%7D%5D\" data-testid=\"event-permalink-event-name\">Rencontre-discussion avec Houria Bouteldja<\/a><\/span><br \/>\nSamedi 07 Mai <span class=\"text_exposed_show\">Au Pianofabriek<br \/>\nRue du Fort, 35, 1060 Saint-Gilles <\/span><\/h4>\n<p><a href=\"https:\/\/bruxelles-pantheres.be\/wp-content\/uploads\/2016\/04\/10330464_514223598750318_5160301308504016599_n.jpg\"><img decoding=\"async\" class=\"size-full wp-image-2851 aligncenter\" src=\"https:\/\/bruxelles-pantheres.be\/wp-content\/uploads\/2016\/04\/10330464_514223598750318_5160301308504016599_n.jpg\" alt=\"10330464_514223598750318_5160301308504016599_n\" width=\"560\" height=\"870\" srcset=\"https:\/\/bruxelles-pantheres.be\/wp-content\/uploads\/2016\/04\/10330464_514223598750318_5160301308504016599_n.jpg 560w, https:\/\/bruxelles-pantheres.be\/wp-content\/uploads\/2016\/04\/10330464_514223598750318_5160301308504016599_n-193x300.jpg 193w\" sizes=\"(max-width: 560px) 100vw, 560px\" \/><\/a><span class=\"_4n-j fsl\"><strong>Accueil a partir de 12h30<\/strong><\/p>\n<p><strong> Pr\u00e9sentation de l&rsquo;association activistchildcare \u00e0 13h00 &#8211; 14h00<\/strong><\/p>\n<p><strong> Rencontre-discussion avec Houria Bouteldja \u00e0 14h30 &#8211; 17h00<\/strong> <\/span><\/p>\n<p><span class=\"_4n-j fsl\">\u00ab Pourquoi j\u2019\u00e9cris ce livre ? Parce que je partage l\u2019angoisse de Gramsci : \u201cle vieux monde se meurt. Le nouveau est long \u00e0 appara\u00eetre et c\u2019est dans ce clairobscur que surgissent les monstres\u201d. Le monstre fasciste, n\u00e9 des entrailles de la modernit\u00e9 occidentale.<br \/>\nD\u2019o\u00f9 ma question : qu\u2019offrir aux Blancs en \u00e9change de leur d\u00e9clin et des guerres qu\u2019il annonce ?<br \/>\nUne seule r\u00e9ponse : la paix. Un seul moyen : l\u2019amour r\u00e9volutionnaire. \u00bb<\/p>\n<p>Rencontre-discussion avec Houria Bouteldja<br \/>\nLa discussion sera anim\u00e9e par Mouhad Reghif<span class=\"text_exposed_show\"><\/p>\n<p>\u00ab\u00a0Garderie gratuite sur place de 12h30 \u00e0 17h00<br \/>\nInscription souhait\u00e9e: activistchildcare@gmail.co<wbr><\/wbr>m<br \/>\n(pr\u00e9nom et \u00e2ge de.s enfant.s).<\/p>\n<p>ActivistChildCare est une jeune association qui est n\u00e9e face au constat d\u2019une sous-repr\u00e9sentation dans les collectifs militants des parents et autres adultes s\u2019occupant de d\u00e9pendant.e.s, mais aussi des enfants. Elle vise \u00e0 d\u00e9construire les barri\u00e8res \u00e0 la participation citoyenne des enfants, des jeunes et des adultes qui s\u2019en occupent, en \u0153uvrant au niveau pratique (garderies) mais aussi au niveau de m\u00e9canismes d\u2019exclusion plus subtils (culpabilisations, refus des enfants dans les conf\u00e9rences, etc). Nous revendiquons une ville qui appartiendrait \u00e0 tou.te.s, enfants comme adultes, une ville qui pr\u00e9senterait une \u00e9cologie politique saine\u2026<\/span><\/span><\/p>\n<p>&nbsp;<\/p>\n<\/div>\n<\/div>\n<\/div>\n","protected":false},"excerpt":{"rendered":"<p>Rencontre-discussion avec Houria Bouteldja Samedi 07 Mai Au Pianofabriek Rue du Fort, 35, 1060 Saint-Gilles Accueil a partir de 12h30 Pr\u00e9sentation de l&rsquo;association activistchildcare \u00e0 13h00 &#8211; 14h00 Rencontre-discussion avec Houria Bouteldja \u00e0 14h30 &#8211; 17h00 \u00ab Pourquoi j\u2019\u00e9cris ce livre ? Parce que je partage l\u2019angoisse de Gramsci : \u201cle vieux monde se meurt. &#8230; <a title=\"Rencontre avec Houria Bouteldja\" class=\"read-more\" href=\"https:\/\/bruxelles-pantheres.be\/?p=2850\" aria-label=\"En savoir plus sur Rencontre avec Houria Bouteldja\">Lire la suite<\/a><\/p>\n","protected":false},"author":1,"featured_media":2851,"comment_status":"open","ping_status":"open","sticky":false,"template":"","format":"standard","meta":{"footnotes":""},"categories":[1,35,21,36,42,4,7,6,8,18,28,37,39],"tags":[84,147,15],"class_list":["post-2850","post","type-post","status-publish","format-standard","has-post-thumbnail","hentry","category-non-classe","category-amerique-du-sud","category-anti-imperialisme","category-europe","category-homophobie","category-islamophobie","category-negrophobie","category-palestine-moyen-orient","category-prisons","category-resistance-bruxelles","category-racismes","category-romophobie","category-sans-papier","tag-black-power","tag-houria-bouteldja","tag-resistance"],"_links":{"self":[{"href":"https:\/\/bruxelles-pantheres.be\/index.php?rest_route=\/wp\/v2\/posts\/2850","targetHints":{"allow":["GET"]}}],"collection":[{"href":"https:\/\/bruxelles-pantheres.be\/index.php?rest_route=\/wp\/v2\/posts"}],"about":[{"href":"https:\/\/bruxelles-pantheres.be\/index.php?rest_route=\/wp\/v2\/types\/post"}],"author":[{"embeddable":true,"href":"https:\/\/bruxelles-pantheres.be\/index.php?rest_route=\/wp\/v2\/users\/1"}],"replies":[{"embeddable":true,"href":"https:\/\/bruxelles-pantheres.be\/index.php?rest_route=%2Fwp%2Fv2%2Fcomments&post=2850"}],"version-history":[{"count":1,"href":"https:\/\/bruxelles-pantheres.be\/index.php?rest_route=\/wp\/v2\/posts\/2850\/revisions"}],"predecessor-version":[{"id":2852,"href":"https:\/\/bruxelles-pantheres.be\/index.php?rest_route=\/wp\/v2\/posts\/2850\/revisions\/2852"}],"wp:featuredmedia":[{"embeddable":true,"href":"https:\/\/bruxelles-pantheres.be\/index.php?rest_route=\/wp\/v2\/media\/2851"}],"wp:attachment":[{"href":"https:\/\/bruxelles-pantheres.be\/index.php?rest_route=%2Fwp%2Fv2%2Fmedia&parent=2850"}],"wp:term":[{"taxonomy":"category","embeddable":true,"href":"https:\/\/bruxelles-pantheres.be\/index.php?rest_route=%2Fwp%2Fv2%2Fcategories&post=2850"},{"taxonomy":"post_tag","embeddable":true,"href":"https:\/\/bruxelles-pantheres.be\/index.php?rest_route=%2Fwp%2Fv2%2Ftags&post=2850"}],"curies":[{"name":"wp","href":"https:\/\/api.w.org\/{rel}","templated":true}]}}