{"id":2854,"date":"2016-05-02T22:07:56","date_gmt":"2016-05-02T21:07:56","guid":{"rendered":"https:\/\/bruxelles-pantheres.be\/?p=2854"},"modified":"2016-05-02T22:07:56","modified_gmt":"2016-05-02T21:07:56","slug":"appel-un-pouvoir-qui-matraque-la-jeunesse-est-faible-et-meprisable","status":"publish","type":"post","link":"https:\/\/bruxelles-pantheres.be\/?p=2854","title":{"rendered":"Appel: \u00ab Un pouvoir qui matraque la jeunesse est faible et m\u00e9prisable \u00bb"},"content":{"rendered":"<div class=\"entry\">\n<p><a href=\"https:\/\/bruxelles-pantheres.be\/wp-content\/uploads\/2013\/12\/ASUD52_Bdf_Page_24_Image_0001-624x338.png\"><img decoding=\"async\" class=\"size-full wp-image-1740 aligncenter\" src=\"https:\/\/bruxelles-pantheres.be\/wp-content\/uploads\/2013\/12\/ASUD52_Bdf_Page_24_Image_0001-624x338.png\" alt=\"ASUD52_Bdf_Page_24_Image_0001-624x338\" width=\"624\" height=\"338\" srcset=\"https:\/\/bruxelles-pantheres.be\/wp-content\/uploads\/2013\/12\/ASUD52_Bdf_Page_24_Image_0001-624x338.png 624w, https:\/\/bruxelles-pantheres.be\/wp-content\/uploads\/2013\/12\/ASUD52_Bdf_Page_24_Image_0001-624x338-300x163.png 300w, https:\/\/bruxelles-pantheres.be\/wp-content\/uploads\/2013\/12\/ASUD52_Bdf_Page_24_Image_0001-624x338-540x292.png 540w\" sizes=\"(max-width: 624px) 100vw, 624px\" \/><\/a><\/p>\n<h5 class=\"post_title\" style=\"text-align: center;\">Appel: \u00ab\u00a0Un pouvoir qui matraque la jeunesse est faible et m\u00e9prisable\u00a0\u00bb<\/h5>\n<p><i>Cet appel a commenc\u00e9 \u00e0 circuler le 16 avril 2016. Pour le soutenir et y apporter votre signature, \u00e9crire \u00e0\u00a0: <\/i><strong>stopviolencespolicieres@laposte.net<\/strong><\/p>\n<p>Depuis novembre dernier et la proclamation de l\u2019\u00e9tat d\u2019urgence, l\u2019\u00c9tat de la r\u00e9gression sociale et de la matraque a brutalement acc\u00e9l\u00e9r\u00e9 sa d\u00e9composition. Sa soumission \u00e0 un capital piaffant d\u2019impatience de pouvoir exploiter et jeter n\u2019importe qui, quand et comme \u00e7a lui chante, est radicalement d\u00e9complex\u00e9e. Le nombre de celles et ceux qui, se battant sans courber l\u2019\u00e9chine pour leur dignit\u00e9, leur avenir, ou tout simplement leur quotidien, peuvent \u00eatre tra\u00een\u00e9s devant les tribunaux, trait\u00e9s comme des terroristes et, \u00e0 l\u2019image des Goodyear, condamn\u00e9s \u00e0 de la prison ferme, ne cesse de cro\u00eetre. Au m\u00eame rythme ont progress\u00e9 les violences polici\u00e8res les plus m\u00e9thodiques.<\/p>\n<p>La jeunesse \u00e9tudiante et lyc\u00e9enne en fait les frais depuis plusieurs semaines, \u00e0 un niveau de r\u00e9pression proprement insoutenable. Les 300 et quelques arrestations lors de la manifestation du 29 novembre \u00e0 R\u00e9publique contre la COP21 \u00e9taient bien un avant-go\u00fbt. Depuis le 17 mars et l\u2019expulsion violente d\u2019un groupe d\u2019\u00e9tudiant-e-s de l\u2019universit\u00e9 de Tolbiac, chaque journ\u00e9e de mobilisation des jeunes occasionne un crescendo dans les gazages, les matraquages et les interpellations. Quelle honteuse hypocrisie quand Bernard Cazeneuve se dit \u00ab\u00a0choqu\u00e9\u00a0\u00bb de la violence par laquelle un jeune de 15 ans, du lyc\u00e9e Bergson \u00e0 Paris, avait \u00e9t\u00e9 le 24 mars tabass\u00e9 par trois policiers surarm\u00e9s. Le 5 avril, ce sont encore plus de 130 lyc\u00e9en-ne-s, gaz\u00e9-e-s et matraqu\u00e9-e-s par des CRS et policiers en civil, qui ont \u00e9t\u00e9 interpell\u00e9-e-s avant m\u00eame d\u2019arriver \u00e0 la manifestation pr\u00e9vue \u00e0 Bastille l\u2019apr\u00e8s-midi. Quant \u00e0 ce 14 avril, le nombre de casques, de tonfas, de gazeuses et de boucliers destin\u00e9s \u00e0 enfermer le cort\u00e8ge parisien pourtant pacifique \u00e9tait tellement important, un drone couvrant carr\u00e9ment la zone, que des passants ont demand\u00e9 si c\u2019\u00e9tait\u2026 une manifestation de policiers. La liste est longue, et le proc\u00e9d\u00e9 n\u2019est pas seulement parisien. Nantes, Rennes, Lyon, Strasbourg, Montpellier, Rouen, Caen, Grenoble, Toulouse etc.,\u00a0l\u2019ont \u00e9galement subi. Et, bien s\u00fbr, les gr\u00e9vistes de Mayotte.<\/p>\n<p>Combien de cr\u00e2nes ouverts et\u00a0autres blessures graves, d\u2019hospitalisations\u00a0comme de points de suture, de tirs de flashballs, d\u2019insultes, de menaces, d\u2019arrestations jusque devant les lyc\u00e9es, de gardes \u00e0 vue et de proc\u00e8s, avant que nous ne cessions de tol\u00e9rer cela ? Combien de Malik Oussekine, combien de R\u00e9mi Fraisse, finiront-ils par s\u2019autoriser,\u00a0combien\u00a0 d\u2019Amine Bentounsi,\u00a0 de Zyed Benna, de Bouna Traor\u00e9 et de violences polici\u00e8res quotidiennes dans les quartiers populaires\u00a0surviendront encore, si nous ne mettons pas un terme \u00e0 cette m\u00e9canique aussi sinistre qu\u2019indigne ? Une telle violence exprime bel et bien l\u2019infini m\u00e9pris \u00e0 l\u2019\u00e9gard de ces jeunes que Hollande avait pr\u00e9tendu mettre au c\u0153ur de son mandat. C\u2019est ce pouvoir qui matraque la jeunesse qui est aussi faible et apeur\u00e9 que m\u00e9prisable. Il tremble devant elle, car sa radicalit\u00e9 n\u2019est pas contr\u00f4lable. Il sait que la col\u00e8re et la solidarit\u00e9 des jeunes contre ce qui n\u2019offre que d\u00e9sespoir, mis\u00e8re et r\u00e9gression, grandissent. Il n\u2019a pas oubli\u00e9 l\u2019influence d\u00e9terminante qu\u2019elles et ils peuvent avoir sur l\u2019ensemble des travailleur-se-s. La fa\u00e7on incroyablement violente dont les CRS ont \u00ab accueilli \u00bb les \u00e9tudiant-e-s venus rencontrer les cheminots \u00e0 la gare Saint Lazare mardi 12 avril, et arr\u00eat\u00e9 arbitrairement l\u2019un d\u2019entre eux,\u00a0 illustre avec \u00e9loquence sa hantise \u00e0 l\u2019\u00e9gard de toute jonction des \u00e9tudiant-e-s et des salari\u00e9-e-s.<\/p>\n<p>Alors que des politiciens, jusque dans les rangs du PS, veulent aller jusqu\u2019\u00e0 dissoudre \u00ab Nuit Debout\u00a0!\u00a0\u00bb, le gouvernement, profitant de l\u2019ambiance entretenue par un blackout aussi complet que complice de la part des grands m\u00e9dias, l\u00e2che ainsi quelques miettes d\u2019un c\u00f4t\u00e9 tout en laissant, de l\u2019autre, se succ\u00e9der des journ\u00e9es saute-moutons qui, \u00e0 elles seules, l\u2019impressionnent peu. En tout cas bien moins que cette jeunesse d\u00e9termin\u00e9e qu\u2019il cherche, \u00e0 l\u2019or\u00e9e des vacances scolaires, \u00e0 briser par la force.<\/p>\n<p>Laisser la matraque impunie, c\u2019est porter aussi une immense responsabilit\u00e9. La condamnation de cette violence r\u00e9currente devrait \u00eatre sans appel ; or, on est encore bien en-de\u00e7\u00e0 du n\u00e9cessaire \u00e0 l\u2019\u00e9chelle nationale.\u00a0Les prises de position locales, lorsqu\u2019elles existent, de partis, syndicats, associations en tout genre, ou encore au sein de corporations comme les enseignants et universitaires, restent largement insuffisantes \u00e0 ce jour pour briser l\u2019omerta.\u00a0Il n\u2019y a rien \u00e0 relativiser ni \u00e0 nuancer. Il est grand temps de se d\u00e9shabituer de ce qui n\u2019a aucune justification possible, sinon l\u2019arbitraire des princes de l\u2019\u00c9tat policier et du CAC40. Il est grand temps qu\u2019avec les \u00e9tudiant-e-s, les lyc\u00e9en-ne-s, les travailleur-se-s qui se battent non seulement contre un projet de loi inique, mais de plus en plus aussi pour une vie qui ne soit pas une simple survie, nous fassions masse pour y mettre fin.<\/p>\n<\/div>\n<p>Liste des\u00a0 <a href=\"http:\/\/stoprepression.unblog.fr\/2016\/04\/18\/signataires\/\" rel=\"prev\">Signataires<\/a><\/p>\n<p><b>Nordine Sa\u00efdi<\/b>\u00a0(Bruxelles Panth\u00e8res)<\/p>\n","protected":false},"excerpt":{"rendered":"<p>Appel: \u00ab\u00a0Un pouvoir qui matraque la jeunesse est faible et m\u00e9prisable\u00a0\u00bb Cet appel a commenc\u00e9 \u00e0 circuler le 16 avril 2016. Pour le soutenir et y apporter votre signature, \u00e9crire \u00e0\u00a0: stopviolencespolicieres@laposte.net Depuis novembre dernier et la proclamation de l\u2019\u00e9tat d\u2019urgence, l\u2019\u00c9tat de la r\u00e9gression sociale et de la matraque a brutalement acc\u00e9l\u00e9r\u00e9 sa d\u00e9composition. &#8230; <a title=\"Appel: \u00ab Un pouvoir qui matraque la jeunesse est faible et m\u00e9prisable \u00bb\" class=\"read-more\" href=\"https:\/\/bruxelles-pantheres.be\/?p=2854\" aria-label=\"En savoir plus sur Appel: \u00ab Un pouvoir qui matraque la jeunesse est faible et m\u00e9prisable \u00bb\">Lire la suite<\/a><\/p>\n","protected":false},"author":1,"featured_media":1059,"comment_status":"open","ping_status":"open","sticky":false,"template":"","format":"standard","meta":{"footnotes":""},"categories":[36,4,7,8,18,28,5],"tags":[31,14,54,15],"class_list":["post-2854","post","type-post","status-publish","format-standard","has-post-thumbnail","hentry","category-europe","category-islamophobie","category-negrophobie","category-prisons","category-resistance-bruxelles","category-racismes","category-violence-policiere","tag-belgique","tag-bruxelles","tag-police","tag-resistance"],"_links":{"self":[{"href":"https:\/\/bruxelles-pantheres.be\/index.php?rest_route=\/wp\/v2\/posts\/2854","targetHints":{"allow":["GET"]}}],"collection":[{"href":"https:\/\/bruxelles-pantheres.be\/index.php?rest_route=\/wp\/v2\/posts"}],"about":[{"href":"https:\/\/bruxelles-pantheres.be\/index.php?rest_route=\/wp\/v2\/types\/post"}],"author":[{"embeddable":true,"href":"https:\/\/bruxelles-pantheres.be\/index.php?rest_route=\/wp\/v2\/users\/1"}],"replies":[{"embeddable":true,"href":"https:\/\/bruxelles-pantheres.be\/index.php?rest_route=%2Fwp%2Fv2%2Fcomments&post=2854"}],"version-history":[{"count":1,"href":"https:\/\/bruxelles-pantheres.be\/index.php?rest_route=\/wp\/v2\/posts\/2854\/revisions"}],"predecessor-version":[{"id":2855,"href":"https:\/\/bruxelles-pantheres.be\/index.php?rest_route=\/wp\/v2\/posts\/2854\/revisions\/2855"}],"wp:featuredmedia":[{"embeddable":true,"href":"https:\/\/bruxelles-pantheres.be\/index.php?rest_route=\/wp\/v2\/media\/1059"}],"wp:attachment":[{"href":"https:\/\/bruxelles-pantheres.be\/index.php?rest_route=%2Fwp%2Fv2%2Fmedia&parent=2854"}],"wp:term":[{"taxonomy":"category","embeddable":true,"href":"https:\/\/bruxelles-pantheres.be\/index.php?rest_route=%2Fwp%2Fv2%2Fcategories&post=2854"},{"taxonomy":"post_tag","embeddable":true,"href":"https:\/\/bruxelles-pantheres.be\/index.php?rest_route=%2Fwp%2Fv2%2Ftags&post=2854"}],"curies":[{"name":"wp","href":"https:\/\/api.w.org\/{rel}","templated":true}]}}