{"id":2856,"date":"2016-05-09T19:34:12","date_gmt":"2016-05-09T18:34:12","guid":{"rendered":"https:\/\/bruxelles-pantheres.be\/?p=2856"},"modified":"2016-05-09T19:34:12","modified_gmt":"2016-05-09T18:34:12","slug":"premiere-deuxieme-troisieme-generation-toujours-la-repression","status":"publish","type":"post","link":"https:\/\/bruxelles-pantheres.be\/?p=2856","title":{"rendered":"Premi\u00e8re, deuxi\u00e8me, troisi\u00e8me g\u00e9n\u00e9ration, toujours la r\u00e9pression\u2026"},"content":{"rendered":"<h3>25 ans apr\u00e8s la r\u00e9volte des jeunes \u00e0 Forest Premi\u00e8re, deuxi\u00e8me, troisi\u00e8me g\u00e9n\u00e9ration, toujours la r\u00e9pression\u2026<\/h3>\n<p><img decoding=\"async\" class=\"aligncenter\" src=\"https:\/\/3.bp.blogspot.com\/-IWWPj4ZMAI0\/Vy4y3bSpyNI\/AAAAAAABLqs\/Uu8ulA0WEX8gMMvZGwtP5nHs0ypNUTnYgCLcB\/s1600\/contr%25C3%25B4le%2Bau%2Bfaci%25C3%25A8s.jpg\" alt=\"https:\/\/3.bp.blogspot.com\/-IWWPj4ZMAI0\/Vy4y3bSpyNI\/AAAAAAABLqs\/Uu8ulA0WEX8gMMvZGwtP5nHs0ypNUTnYgCLcB\/s1600\/contr%25C3%25B4le%2Bau%2Bfaci%25C3%25A8s.jpg\" \/><\/p>\n<p>Le 10 mai 1991 \u00e9clatait \u00e0 Forest, en Belgique, la premi\u00e8re r\u00e9volte de jeunes issus de l\u2019immigration. Suite \u00e0 un \u00e9ni\u00e8me contr\u00f4le au faci\u00e8s par des policiers communaux, le quartier s\u2019enflammait. La r\u00e9volte dura trois jours, elle s\u2019\u00e9tendit un peu aux communes avoisinantes, Saint-Gilles, Anderlecht\u2026 Elle ne prit jamais l\u2019ampleur des r\u00e9voltes que la France conna\u00eetra r\u00e9guli\u00e8rement et, spectaculairement, en novembre 2005. Et pourtant, elles ont marqu\u00e9 d\u00e9finitivement la politique nationale et communale, et m\u00eame la politique tout court, \u00e0 l\u2019\u00e9gard des jeunes des quartiers populaires de Bruxelles. Vingt-cinq ans plus tard, la r\u00e9ponse des gouvernants de l\u2019\u00e9poque \u00e0 la r\u00e9volte des jeunes Bruxellois permet certainement d\u2019\u00e9clairer les raisons du mal-\u00eatre d\u2019une partie de plus en plus grande de notre jeunesse. Y compris de ceux qui ont tent\u00e9 de mettre fin \u00e0 ce mal-\u00eatre en entamant le grand voyage vers la Syrie et, pour certains d\u2019entre eux, vers le terrorisme. Car la <em>seule<\/em> r\u00e9ponse aux demandes de la jeunesse qui a \u00e9t\u00e9 la mise en place, ce sont les contrats de s\u00e9curit\u00e9. Aux jeunes qui revendiquaient l\u2019arr\u00eat des contr\u00f4les policiers au faci\u00e8s, la fin des arrestations arbitraires, la reconnaissance d\u2019un statut de citoyen \u00e0 part enti\u00e8re, tous les partis politiques r\u00e9pondirent par le renforcement du dispositif policier et l\u2019int\u00e9gration de toutes les politiques de terrain dans ce dispositif.<\/p>\n<h3>\n<strong>Contrats de s\u00e9curit\u00e9 et de pr\u00e9vention<\/strong><\/h3>\n<p>Le Forum Belge pour la Pr\u00e9vention et la S\u00e9curit\u00e9 Urbaine retrace l\u2019historique des contrats de s\u00e9curit\u00e9 de la mani\u00e8re suivante\u00a0: \u00ab\u00a0<em>Pour rappel, suite aux \u00e9v\u00e9nements dramatiques des ann\u00e9es 1980 (agressions attribu\u00e9es aux \u00a0\u00bb Tueurs du Brabant \u00ab\u00a0, attentats commis par les Cellules communistes combattantes, drame du Heysel et \u00e9meutes de Forest), face \u00e0 l\u2019augmentation conjointe de l\u2019ins\u00e9curit\u00e9 et du sentiment d\u2019ins\u00e9curit\u00e9, le gouvernement s\u2019est engag\u00e9 le 9 mars 1992 \u00e0 d\u00e9velopper une politique contractuelle associant l\u2019\u00c9tat, les R\u00e9gions et les Communes, soit \u00e0 d\u00e9velopper les premiers contrats de s\u00e9curit\u00e9. Cet accord gouvernemental a pr\u00e9vu, en outre, la constitution d\u2019une structure permanente d\u00e9tenant des comp\u00e9tences en mati\u00e8re de pr\u00e9vention : le Secr\u00e9tariat permanent \u00e0 la Politique de Pr\u00e9vention<\/em>\u00a0\u00bb<a href=\"#_ftn1\" name=\"_ftnref1\">[1]<\/a>.<\/p>\n<p>Il est utile de revenir sur l\u2019\u00e9num\u00e9ration des <em>faits dramatiques<\/em>.<\/p>\n<table>\n<tbody>\n<tr>\n<td>\u00a0<img decoding=\"async\" class=\"aligncenter\" src=\"https:\/\/2.bp.blogspot.com\/-MFuZJAM8Teo\/Vy4zuUbmY0I\/AAAAAAABLq0\/kAK2Hff-FOs5wlA3WF6TpcgVl_Pt8Dg4QCLcB\/s1600\/tueurs%2Bdu%2Bbrabant.jpg\" alt=\"https:\/\/2.bp.blogspot.com\/-MFuZJAM8Teo\/Vy4zuUbmY0I\/AAAAAAABLq0\/kAK2Hff-FOs5wlA3WF6TpcgVl_Pt8Dg4QCLcB\/s1600\/tueurs%2Bdu%2Bbrabant.jpg\" \/><\/td>\n<\/tr>\n<tr>\n<td>Les meurtres de la Bande de Nivelles<\/td>\n<\/tr>\n<\/tbody>\n<\/table>\n<p>En deux vagues s\u2019\u00e9talant de 1982 \u00e0 1985, les tueurs du Brabant, appel\u00e9s \u00e9galement les tueurs fous et la Bande de Nivelles, ont perp\u00e9tr\u00e9 une s\u00e9rie d\u2019attaques \u00e0 main arm\u00e9e visant des supermarch\u00e9s. Elles avaient \u00e9t\u00e9 pr\u00e9c\u00e9d\u00e9es d\u2019attaques dans des armureries. Ces attaques ont fait 28 morts, dont des enfants, et 22 bless\u00e9s\u00a0; les faits se sont produits dans \u00a0une dizaine d\u2019endroits diff\u00e9rents en Belgique. Les tueurs n\u2019ont jamais \u00e9t\u00e9 retrouv\u00e9s. Beaucoup d\u2019hypoth\u00e8ses ont \u00e9t\u00e9 \u00e9mises, dont celle de l\u2019extr\u00eame droite, mais n\u2019ont jamais \u00e9t\u00e9 valid\u00e9es par la justice.<\/p>\n<p>Les Cellules Communistes Combattantes sont quant \u00e0 elles un groupe clairement politique, se revendiquant de l\u2019id\u00e9ologie marxiste-l\u00e9niniste. Elles sont fond\u00e9es en 1983 et commettent une s\u00e9rie d\u2019attentats violents, jusqu\u2019\u00e0 l\u2019arrestation de leurs membres en 1985. Les cibles des attentats sont militaires, en particulier les installations de l\u2019OTAN. Pour les CCC, il s\u2019agit d\u2019appliquer la politique de la \u00ab\u00a0<em>propagande arm\u00e9e<\/em>\u00a0\u00bb. La derni\u00e8re op\u00e9ration des CCC, le 1<sup>er<\/sup> mai 1985, vise le si\u00e8ge du patronat belge, \u00e0 Bruxelles, mais elle tourne mal\u00a0: deux pompiers appel\u00e9s sur place sont tu\u00e9s par l\u2019explosion de la camionnette plac\u00e9e par les CCC. Celles-ci affirmeront n\u2019avoir jamais voulu tuer personne et accuseront la gendarmerie de manipulations de la communication.<\/p>\n<p><img decoding=\"async\" class=\"aligncenter\" src=\"https:\/\/1.bp.blogspot.com\/-sPNsmr8th64\/Vy43z6WsLVI\/AAAAAAABLrc\/9NVNx-JvEUwkrVGB6-_otmUHCjkh-yxhQCLcB\/s1600\/drame%2Bdu%2Bheyzel.jpg\" alt=\"https:\/\/1.bp.blogspot.com\/-sPNsmr8th64\/Vy43z6WsLVI\/AAAAAAABLrc\/9NVNx-JvEUwkrVGB6-_otmUHCjkh-yxhQCLcB\/s1600\/drame%2Bdu%2Bheyzel.jpg\" \/><\/p>\n<p>Le drame du Heyzel est certainement le plus meurtrier des \u00e9v\u00e9nements violents des ann\u00e9es quatre-vingt. Le 29 mai 1985 \u00e0 Bruxelles a lieu la finale de Coupe d&rsquo;Europe des clubs champions 1984-1985 entre Liverpool et la Juventus. Suite \u00e0 des pouss\u00e9es des supporters, des grilles de s\u00e9paration et un muret s&rsquo;effondrent. Le match se transforme en trag\u00e9die\u00a0: 39 morts et plus de 454 bless\u00e9s.<\/p>\n<h4>La d\u00e9cennie quatre-vingt a donc \u00e9t\u00e9 particuli\u00e8rement violente\u00a0: au total, 69 morts et pr\u00e8s de 500 bless\u00e9s.<\/h4>\n<p>Prenons maintenant le bilan de la r\u00e9volte des jeunes de Forest\u00a0: en mars 1993, trois jeunes hommes comparaissent pour les d\u00e9lits constat\u00e9s au cours des \u00e9meutes. \u00ab\u00a0<em>Le minist\u00e8re public les poursuit \u00e0 des titres divers pour avoir m\u00e9chamment entrav\u00e9 la circulation, avoir tent\u00e9 de bouter le feu \u00e0 des voitures de police et de gendarmerie ou encore pour avoir agress\u00e9 un policier et trois gendarmes<\/em>\u00a0\u00bb<a href=\"#_ftn2\" name=\"_ftnref2\">[2]<\/a>. Jets de cocktails Molotov vers les policiers et les gendarmes, faits reconnus par les inculp\u00e9s, mais du c\u00f4t\u00e9 des d\u00e9g\u00e2ts\u00a0: pas de morts, pas de bless\u00e9s graves, pas de destructions \u2026<\/p>\n<p>La premi\u00e8re chose qui choque est que tous ces \u00e9v\u00e9nements sont mis sur le m\u00eame pied\u2026 alors que ceux de Forest ne comportent aucun caract\u00e8re meurtrier, \u00e0 la diff\u00e9rence des autres.<\/p>\n<p>Et pourtant, ce sont bel et bien les r\u00e9voltes de Forest qui vont \u00eatre l\u2019\u00e9l\u00e9ment d\u00e9cisif pour la mise en place des contrats de s\u00e9curit\u00e9. Car cette r\u00e9volte a \u00e9t\u00e9 trait\u00e9e, d\u00e8s le d\u00e9but, comme un acte criminel\u00a0et c\u2019est toute la population du quartier qui l\u2019a v\u00e9cue comme telle : \u00ab\u00a0<em>Dans les quatre caf\u00e9s qui bordent le parvis, les conversations vont bon train. On raconte avec mille et un d\u00e9tails les fouilles, les menottes, les transferts vers les \u00e9curies (nettoy\u00e9es) de la gendarmerie, les photos anthropom\u00e9triques, les prises d&#8217;empreintes, les questions parfois indiscr\u00e8tes sur l&rsquo;\u00e9tat de leurs dents ou sur leur sant\u00e9<\/em>\u00a0\u00bb<a href=\"#_ftn3\" name=\"_ftnref3\">[3]<\/a>. \u00ab\u00a0<em>Quinze arrestations administratives vendredi soir, quatre samedi, 204 dimanche. Des jeunes et des moins jeunes ont \u00e9t\u00e9 fouill\u00e9s et menott\u00e9s. Ils ont pass\u00e9 la nuit dans les anciennes \u00e9curies de la gendarmerie avant d&rsquo;\u00eatre rel\u00e2ch\u00e9s par petits paquets hier<\/em>\u00a0\u00bb<a href=\"#_ftn4\" name=\"_ftnref4\">[4]<\/a>. Quelqu\u2019un s\u2019est-il souci\u00e9 par la suite de ce que sont devenus ces jeunes et ces moins jeunes maltrait\u00e9s de la sorte\u00a0?<\/p>\n<p>M\u00eame si le projet des contrats de s\u00e9curit\u00e9 \u00e9tait d\u00e9j\u00e0 dans les cartons en novembre 1990, il n\u2019y a aucun doute sur le fait que leur mise en place a \u00e9t\u00e9 d\u00e9cid\u00e9e suite \u00e0 Forest\u00a0: \u00ab<em>\u00a0Le point de d\u00e9part a \u00e9t\u00e9 les \u00e9meutes dans les communes de Saint-Gilles et de Forest en 1991 qui t\u00e9moignaient d&rsquo;un mal-\u00eatre chez certaines populations fragilis\u00e9es\u00a0<\/em>\u00bb<a href=\"#_ftn5\" name=\"_ftnref5\">[5]<\/a>. Tous les bilans communaux, toutes les \u00e9tudes de sociologie ou de criminologie en font \u00e9tat. Les contrats de s\u00e9curit\u00e9 sont d\u00e9finis dans le cadre de la pr\u00e9vention de la <em>criminalit\u00e9<\/em>. Et c\u2019est l\u00e0 que les responsables politiques ont donn\u00e9 un signe extr\u00eamement fort \u00e0 toute la population. Les Tueurs Fous du Brabant, les Cellules Communistes Combattantes, les hooligans \u00e0 l\u2019origine des pouss\u00e9es mortelles au Heyzel\u00a0avec leurs 69 morts et leurs 700 bless\u00e9s n\u2019ont pas \u00e9t\u00e9 suffisants pour mettre en place des actions contre la criminalit\u00e9. Mais la r\u00e9volte de jeunes demandant l\u2019\u00e9galit\u00e9 des droits et le respect, qui n\u2019ont tu\u00e9 ni bless\u00e9 personne, oui\u00a0!<\/p>\n<table>\n<tbody>\n<tr>\n<td>\u00a0<img decoding=\"async\" class=\"aligncenter\" src=\"https:\/\/2.bp.blogspot.com\/-ajBVhRizVg4\/Vy40z1IeeaI\/AAAAAAABLq8\/Y54eIk5jf8EZg56Jakc7bqhyRuPFV6ViACLcB\/s1600\/24%2Bnovembre.jpg\" alt=\"https:\/\/2.bp.blogspot.com\/-ajBVhRizVg4\/Vy40z1IeeaI\/AAAAAAABLq8\/Y54eIk5jf8EZg56Jakc7bqhyRuPFV6ViACLcB\/s1600\/24%2Bnovembre.jpg\" \/><\/td>\n<\/tr>\n<tr>\n<td>La une du journal flamand De Morgen<\/td>\n<\/tr>\n<\/tbody>\n<\/table>\n<p>Et, comme il fallait s\u2019y attendre, le r\u00e9sultat de ce message fort lanc\u00e9 \u00e0 la population, et par la m\u00eame occasion aux \u00e9lecteurs, ne s\u2019est pas fait attendre\u00a0: le 24 novembre 1991, l\u2019extr\u00eame droite faisait sa premi\u00e8re perc\u00e9e spectaculaire en Belgique, r\u00e9coltant sur l\u2019ensemble du pays, tous partis et groupuscules confondus, 479.917 voix. Un dimanche \u00ab\u00a0noir\u00a0\u00bb, peut-\u00eatre, mais un dimanche pr\u00e9visible, r\u00e9sultat de politiques introduites, non par la NVA mais bien par les partis classiques, socialistes en t\u00eate.<\/p>\n<h3><em>\u00ab\u00a0Une nouvelle sorte de prol\u00e9tariat\u00a0\u00bb<\/em><\/h3>\n<p>C\u2019est en effet Louis Tobback, alors ministre SP de l\u2019Int\u00e9rieur qui lance officiellement les contrats de s\u00e9curit\u00e9 et de pr\u00e9vention en mars 1992. C\u2019est un lib\u00e9ral bon teint, Jacques Simonet, alors pr\u00e9sident de la R\u00e9gion Bruxelloise, qui rappelle qu\u2019\u00ab\u00a0<em>un contrat de s\u00e9curit\u00e9 doit s&rsquo;articuler autour d&rsquo;un double objectif. Assurer une plus grande pr\u00e9sence visible des forces de l&rsquo;ordre, via le recrutement de policiers et de civils qui lib\u00e8rent les forces de l&rsquo;ordre des contraintes administratives. Et, en ce qui concerne la pr\u00e9vention, r\u00e9pondre au manque d&rsquo;offre d&rsquo;encadrement de certains jeunes \u00abcandidats d\u00e9linquants <\/em>\u00bb<a href=\"#_ftn6\" name=\"_ftnref6\">[6]<\/a>. Le message \u00e0 la jeunesse est clair\u00a0: il faut l\u2019encadrer car elle rec\u00e8le de futurs d\u00e9linquants. Son p\u00e8re, Henri Simonet, socialiste lui, a bien \u00e9duqu\u00e9 son fils. Comme bourgmestre PS d\u2019Anderlecht, il d\u00e9clarait, lors d\u2019une s\u00e9ance du conseil communal en mai 1982 : \u00ab <em>Comme chef de la police d\u2019Anderlecht, je dois assumer mes responsabilit\u00e9s. Pour r\u00e9soudre le probl\u00e8me des \u00e9trangers, il est n\u00e9cessaire de r\u00e9fl\u00e9chir et d\u2019utiliser la r\u00e9pression, surtout contre les \u00e9trangers de la seconde g\u00e9n\u00e9ration, qui constituent une nouvelle sorte de prol\u00e9tariat. La s\u00e9curit\u00e9 des Anderlechtois doit tout de m\u00eame \u00eatre garantie<\/em> \u00bb<a href=\"#_ftn7\" name=\"_ftnref7\">[7]<\/a>. Non, ce n\u2019est ni Bart De Wever, ni Jan Jambon qui s\u2019expriment ainsi, mais bien un bourgmestre socialiste des ann\u00e9es quatre-vingt. D\u2019ailleurs, pour ce qui est des ministres de l\u2019Int\u00e9rieur et afin de ne pas oublier les sociaux-chr\u00e9tiens, d\u00e9j\u00e0 en 1987, Joseph Michel (PSC), alors ministre de l\u2019Int\u00e9rieur, <em>\u00ab\u00a0parlait ainsi des immigr\u00e9s \u00abnon CEE\u00bb dans une interview : \u00abJe ne puis les qualifier autrement que de barbares&#8230; Ils n&rsquo;ont rien de commun avec notre civilisation<\/em>.\u00bb<a href=\"#_ftn8\" name=\"_ftnref8\">[8]<\/a><\/p>\n<p>C\u2019est encore une socialiste, Magda De Galan, alors bourgmestre de Forest qui lance un message compl\u00e9mentaire \u00e0 cette m\u00eame jeunesse\u00a0: \u00ab\u00a0<em>Magda de Galan, bourgmestre de Forest ne comprend visiblement pas ce qui lui arrive. Pourquoi \u00e0 Forest, pourquoi des incidents aussi durs et r\u00e9p\u00e9t\u00e9s. Mais elle n&rsquo;entend pas non plus c\u00e9der au seul r\u00e9flexe de la r\u00e9pression. Nous avons re\u00e7u le consul du Maroc et d\u00e8s demain, les autorit\u00e9s marocaines vont tenter d&rsquo;ouvrir un dialogue positif avec les associations de commer\u00e7ants, avec les gens du quartier, a-t-elle expliqu\u00e9, dimanche soir, \u00e0 l&rsquo;issue d&rsquo;un entretien avec des repr\u00e9sentants du Maroc<\/em>\u00a0\u00bb<a href=\"#_ftn9\" name=\"_ftnref9\">[9]<\/a>. Les jeunes Forestois, m\u00eame si la plupart sont n\u00e9s ici et se revendiquent comme membres \u00e0 part enti\u00e8re de la soci\u00e9t\u00e9 belge, sont renvoy\u00e9s au statut de Marocains. La bourgmestre ne \u00ab\u00a0<em>comprend pas ce qui arrive<\/em>\u00a0\u00bb et d\u00e9l\u00e8gue sa responsabilit\u00e9 politique aux \u2026 autorit\u00e9s marocaines\u00a0! Rappelons qu\u2019\u00e0 l\u2019\u00e9poque, le Maroc vit toujours sous la f\u00e9rule d\u2019Hassan II, un grand sp\u00e9cialiste en mati\u00e8re de traitement de la jeunesse r\u00e9volt\u00e9e. Sept ans auparavant, le r\u00e9gime avait mat\u00e9 la r\u00e9volte des jeunes de Nador \u00e0 coups de balles r\u00e9elles, faisant 16 morts. Pour justifier cette intervention muscl\u00e9e, Hassan II avait trait\u00e9 les jeunes de \u00ab\u00a0d\u00e9chets de la soci\u00e9t\u00e9\u00a0\u00bb (<em>awbach<\/em>), ce qui n\u2019a naturellement pas entach\u00e9 les excellentes relations de la Belgique avec le r\u00e9gime marocain. Quand l\u2019actuel ministre de l\u2019Int\u00e9rieur, Jambon, propose de faire appel aux polices marocaines pour mettre de l\u2019ordre dans les quartiers, il ne fait que poursuivre sur la lanc\u00e9e d\u2019une bourgmestre \u2026 socialiste. Car, selon le ministre, \u00ab<em>\u00a0nos agents ne savent pas toujours bien comment r\u00e9agir lors d\u2019interventions dans certains quartiers<\/em>\u00a0\u00bb<a href=\"#_ftn10\" name=\"_ftnref10\">[10]<\/a>. Cela n\u2019a rien d\u2019\u00e9tonnant, puisque rien n\u2019a \u00e9t\u00e9 chang\u00e9 dans la police depuis 25 ans alors que les jeunes de Forest demandaient tout simplement le respect de la part des forces de l\u2019ordre. Mais qui de nos dirigeants a jamais attach\u00e9 la moindre attention aux demandes concr\u00e8tes des r\u00e9volt\u00e9s\u00a0?<\/p>\n<p><img decoding=\"async\" class=\"aligncenter\" src=\"https:\/\/1.bp.blogspot.com\/-qwEluN-KzSw\/Vy42c_W-YRI\/AAAAAAABLrI\/HXEjQBQFuHMs7D0_UO_j-0c_vjxdKCIyQCLcB\/s1600\/contre%2Ble%2Bracisme.jpg\" alt=\"https:\/\/1.bp.blogspot.com\/-qwEluN-KzSw\/Vy42c_W-YRI\/AAAAAAABLrI\/HXEjQBQFuHMs7D0_UO_j-0c_vjxdKCIyQCLcB\/s1600\/contre%2Ble%2Bracisme.jpg\" \/><\/p>\n<p>On ne peut conclure cette esquisse de l\u2019ambiance en 1991, sans rappeler que cette ann\u00e9e noire a commenc\u00e9 par la premi\u00e8re guerre du Golfe, elle-m\u00eame pr\u00e9c\u00e9d\u00e9e d\u00e8s ao\u00fbt 1990 d\u2019un embargo meurtrier contre l\u2019Irak. Cette premi\u00e8re guerre cons\u00e9cutive \u00e0 la disparition de la \u00ab\u00a0<em>menace sovi\u00e9tique<\/em>\u00a0\u00bb a inaugur\u00e9 une guerre ininterrompue contre les pays du Golfe et le monde arabo-musulman en g\u00e9n\u00e9ral. D\u00e8s le d\u00e9but, elle a, \u00e0 juste titre, mobilis\u00e9 la jeunesse des quartiers qui ont rejoint les manifestations anti-guerre. Cette participation au combat anti-imp\u00e9rialiste a \u00e9t\u00e9 imm\u00e9diatement vis\u00e9e par la r\u00e9pression. Le 3 septembre 1990,\u00a0 Charles Picqu\u00e9, PS, alors ministre-pr\u00e9sident de la R\u00e9gion bruxelloise adresse une lettre \u00e0 son comp\u00e8re politique, Valmy F\u00e9aux, ministre-pr\u00e9sident de la Communaut\u00e9 fran\u00e7aise, pour lui demander une intervention contre les radios arabes libres. Il la justifie en ces termes : \u00ab\u00a0 <em>Insidieusement, des appels \u00e0 une n\u00e9cessaire mobilisation des masses arabo-musulmanes contre l\u2019imp\u00e9rialisme am\u00e9ricain et occidental risquent de pr\u00e9cipiter dans les rues bruxelloises des populations maghr\u00e9bines abus\u00e9es par des manipulations extr\u00e9mistes et irresponsables. Le souvenir de la manifestation d\u2019avril 1986, qui a suivi le bombardement am\u00e9ricain de tripoli reste vivace et les cons\u00e9quences d\u2019une pareille manifestation seraient n\u00e9fastes, et surtout pour les populations d\u2019origine maghr\u00e9bine <\/em>\u00bb <a href=\"#_ftn11\" name=\"_ftnref11\">[11]<\/a>.<\/p>\n<p>C\u2019est le premier signe clair que dor\u00e9navant les populations maghr\u00e9bines seront suspectes, non plus seulement \u00e0 cause de leur provenance \u00e9trang\u00e8re, mais aussi \u00e0 cause de leur religion et de leurs positions anti-imp\u00e9rialistes et anti-am\u00e9ricaines. Il insiste un an plus tard\u00a0: \u00ab\u00a0<em>Dans sa lettre adress\u00e9e \u00e0 Bernard ANSELME \u00e0 propos des radios de la Fr\u00e9quence arabe (cf. communiqu\u00e9 de presse du 23\/10\/1992), Charles PICQUE se plaint de ce que les \u00e9missions diffus\u00e9es par celles-ci ne r\u00e9pondent pas \u00e0 \u00ab\u00a0la volont\u00e9 de l&rsquo;ex\u00e9cutif bruxellois<\/em> \u00bb<a href=\"#_ftn12\" name=\"_ftnref12\">[12]<\/a>. En refusant aux \u00ab\u00a0<em>masses arabo-musulmanes<\/em>\u00a0\u00bb un droit qu\u2019on accorde aux autres, celui de protester contre une politique jug\u00e9e injuste, le socialiste Picqu\u00e9 enferme les travailleurs immigr\u00e9s et leurs enfants dans le statut qu\u2019on leur destine depuis leur arriv\u00e9e\u00a0: \u00ab\u00a0<em>Travaille et tais-toi, tu n\u2019es pas chez toi\u00a0!\u00a0<\/em>\u00bb.<\/p>\n<p><strong>Les contrats de s\u00e9curit\u00e9, la nouvelle pompe \u00e0 fric des \u00ab\u00a0acteurs de terrain\u00a0\u00bb<\/strong><\/p>\n<p>Les contrats de s\u00e9curit\u00e9, devenus par la suite contrats de s\u00e9curit\u00e9 et de pr\u00e9vention en 2002, vont petit \u00e0 petit absorber toute la politique envers la jeunesse\u00a0: ils ont en effet pour objectif \u00ab\u00a0<em>une meilleure int\u00e9gration des groupes cibles, via des projets tels que : Service de pr\u00e9vention de l\u2019agression et sensibilisation \u00e0 la plainte, Travail de rue, Animations socio-sportives ou culturelles, Maison de quartier, Maison de jeunes, Fan coaching, Pr\u00e9vention dans les \u00e9coles, Actions de pr\u00e9vention \u00e0 l\u2019\u00e9gard des personnes \u00e2g\u00e9es, Prostitution, Permanences psycho-sociales \u00e0 destination des jeunes et des familles, Professions \u00e0 risques, Service juridique de 1\u00e8re ligne, Lutte contre le d\u00e9crochage scolaire via la m\u00e9diation scolaire communale\u00a0<\/em>\u00bb. La lutte contre la toxicomanie en est un autre. Ce qui signifie que <em>toute<\/em> la politique envers la jeunesse doit \u00eatre consid\u00e9r\u00e9e comme une politique de pr\u00e9vention de la criminalit\u00e9. Vous voulez un subside\u00a0? Expliquez que vous \u00eates capable de pr\u00e9venir la criminalit\u00e9 dans la jeunesse par l\u2019organisation de vos activit\u00e9s. Et naturellement travaillez dans une commune avec \u00ab\u00a0un haut taux de criminalit\u00e9\u00a0\u00bb car \u00ab\u00a0<em>sont retenues, les communes qui ont les taux de criminalit\u00e9 par habitant les plus \u00e9lev\u00e9s. Il n\u2019a pas \u00e9t\u00e9 tenu compte ici de tous les types de criminalit\u00e9, seuls les chiffres relatifs aux vols de voitures, aux autres vols (\u00e0 l\u2019exclusion des vols de v\u00e9los), le vandalisme, les coups et blessures en dehors de la sph\u00e8re familiale ont \u00e9t\u00e9 d\u00e9terminants<\/em>\u00a0\u00bb<a href=\"#_ftn13\" name=\"_ftnref13\">[13]<\/a>. Naturellement, on n\u2019a pas tenu compte de \u00ab\u00a0<em>tous les types de criminalit\u00e9<\/em>\u00a0\u00bb, comme la criminalit\u00e9 en col blanc et les contrats ne visent pas non plus tous les profils socio-\u00e9conomiques\u00a0: \u00ab\u00a0<em>Sont reprises au sein du dispositif des contrats de s\u00e9curit\u00e9, les communes qui ont les revenus moyens par habitant, les plus faibles, qui ont une population exc\u00e9dant 10 000 habitants, et qui connaissent des probl\u00e8mes de criminalit\u00e9 sans \u00eatre celles qui ont les taux de criminalit\u00e9 les plus \u00e9lev\u00e9s<\/em>\u00a0\u00bb.<\/p>\n<h4>Le croissant pauvre<\/h4>\n<p><img decoding=\"async\" class=\"aligncenter\" src=\"https:\/\/1.bp.blogspot.com\/-DPMwRiZ3utI\/Vy445nTyrcI\/AAAAAAABLro\/JjREYrLf_P4O4MkTco80R78G7RG2MHEdwCLcB\/s1600\/croissant%2Bpauvre.jpg\" alt=\"https:\/\/1.bp.blogspot.com\/-DPMwRiZ3utI\/Vy445nTyrcI\/AAAAAAABLro\/JjREYrLf_P4O4MkTco80R78G7RG2MHEdwCLcB\/s1600\/croissant%2Bpauvre.jpg\" \/><\/p>\n<p>Or les communes avec les revenus les plus faibles en R\u00e9gion bruxelloise, sont aussi les communes o\u00f9 la part de la population issue des diverses immigrations est la plus grande. La concentration des plus pauvres ? La concentration du ch\u00f4mage ? La plus haute densit\u00e9 de population ? Le plus faible niveau de scolarisation ? La population la plus jeune ? Les populations d\u2019origine marocaine et turque ? \u00c0 toutes ces questions, une seule r\u00e9ponse : le croissant pauvre, soit les communes o\u00f9 ont \u00e9clat\u00e9 les r\u00e9voltes de 1991 et o\u00f9 se sont produites toutes les r\u00e9voltes depuis en r\u00e9gion bruxelloise. On pourrait ajouter que\u00a0 le risque de tomber sous le seuil de pauvret\u00e9 s\u2019\u00e9l\u00e8ve \u00e0 12% pour les Belges, \u00e0 22% pour les Europ\u00e9ens du sud, \u00e0 33% pour les Turcs et \u00e0 54% pour les Marocains .On pourrait y ajouter que l\u2019esp\u00e9rance de vie d\u2019un enfant n\u00e9 dans le croissant est de 76 ans, alors qu\u2019un enfant n\u00e9 \u00e0 Boitsfort ou Woluw\u00e9 en re\u00e7oit cinq de plus ! Il s\u2019agit de la m\u00eame diff\u00e9rence que celle qui existe entre un enfant n\u00e9 en Belgique ou au Mexique, comme le constate <em>Plouf !<a href=\"#_ftn14\" name=\"_ftnref14\"><strong>[14]<\/strong><\/a>.<\/em><\/p>\n<h3><strong>Apr\u00e8s les contrats de s\u00e9curit\u00e9, les plans pour la d\u00e9radicalisation<\/strong><\/h3>\n<p><em>Plouf\u00a0!<\/em> est une revue qui se d\u00e9finit comme \u00ab\u00a0<em>Un pav\u00e9 dans le canal<\/em>\u00a0\u00bb. Et nous voil\u00e0 tout naturellement amen\u00e9s au \u00ab\u00a0<em>Plan canal<\/em> <em>contre l\u2019islamisme<\/em> <em>et la radicalisation <\/em>\u00bb cher \u00e0 Jan Jambon. Vingt-cinq ans apr\u00e8s la r\u00e9volte de Forest, voici qu\u2019\u00e0 nouveau les m\u00eames communes, encore et encore\u00a0!, sont cibl\u00e9es par l\u2019intervention polici\u00e8re\u00a0: \u00ab\u00a0<em>Le Plan Canal, initialement pr\u00e9vu pour la seule commune de Molenbeek-Saint-Jean, a \u00e9t\u00e9 \u00e9tendu \u00e0 sept autres communes (Bruxelles-Ville, Koekelberg, Schaerbeek, Saint-Josse-ten-Noode, Anderlecht, Saint-Gilles, Vilvorde) englobant cinq zones de police. La police locale sera notamment charg\u00e9e d\u2019assurer le suivi des mosqu\u00e9es et des salles de pri\u00e8re mais aussi de rep\u00e9rer les immeubles subdivis\u00e9s en unit\u00e9s locatives non r\u00e9glementaires. Les agents seront form\u00e9s au suivi des personnes radicalis\u00e9es. Cette op\u00e9ration, qui n\u00e9cessite l\u2019engagement de nouveaux policiers, aura un co\u00fbt estim\u00e9 \u00e0 15 millions d\u2019euros, mais l\u2019addition pourrait encore augmenter<\/em>\u00a0\u00bb<a href=\"#_ftn15\" name=\"_ftnref15\">[15]<\/a>.<\/p>\n<p><img decoding=\"async\" class=\"aligncenter\" src=\"https:\/\/3.bp.blogspot.com\/-OC94XiHtGbM\/Vy43A13_uGI\/AAAAAAABLrM\/DKK9oA3yRL85e-rkCiTJCzcE450OoraHACLcB\/s1600\/police.jpg\" alt=\"https:\/\/3.bp.blogspot.com\/-OC94XiHtGbM\/Vy43A13_uGI\/AAAAAAABLrM\/DKK9oA3yRL85e-rkCiTJCzcE450OoraHACLcB\/s1600\/police.jpg\" \/><\/p>\n<p>\u00c0 nouveau plus d\u2019argent pour la r\u00e9pression et le contr\u00f4le. Les policiers peuvent dor\u00e9navant visiter les domiciles sans mandat de perquisition, comme nous le montrait r\u00e9cemment un reportage t\u00e9l\u00e9vis\u00e9 de la RTBf\u00a0: \u00ab\u00a0<em>Gr\u00e2ce aux 400 millions d\u2019euros du plan contre le radicalisme, une cinquantaine de policiers sont temporairement mis \u00e0 disposition de la zone de police de Bruxelles Ouest. Parmi leurs nombreuses missions, celle d\u2019effectuer des visites domiciliaires \u00e0 Molenbeek. Men\u00e9es par les agents de quartier, ces visites sont issues d\u2019un nouveau r\u00e8glement qui va syst\u00e9matiser les enqu\u00eates de voisinage pour chaque nouvel arrivant dans la commune. L\u2019objectif est donc d\u2019aider la police \u00e0 mieux identifier les nouveaux habitants. Et ce, sans mandat<\/em>\u00a0\u00bb<a href=\"#_ftn16\" name=\"_ftnref16\">[16]<\/a>.<\/p>\n<p>Nos dirigeants sont plus que jamais incapables de r\u00e9soudre toute question sociale et politique autrement que par toujours plus de guerre, toujours plus de r\u00e9pression. Ceux qui protestent aujourd\u2019hui, m\u00eame faiblement, contre les d\u00e9clarations de Bart De Wever ou de Jan Jambon oublient qu\u2019ils ont pav\u00e9 la voie \u00e0 ces politiques en niant syst\u00e9matiquement, depuis un quart de si\u00e8cle, les aspirations l\u00e9gitimes d\u2019une partie importante de notre jeunesse populaire et de leurs familles et en r\u00e9pondant \u00e0 toute revendication sociale et politique par la r\u00e9pression et le tout s\u00e9curitaire.<\/p>\n<p>Tout le monde est \u00ab\u00a0stup\u00e9fait\u00a0\u00bb que des jeunes, maintenant souvent de la troisi\u00e8me g\u00e9n\u00e9ration, ne trouvent pas leur place dans cette soci\u00e9t\u00e9 et en arrivent aux actes les plus extr\u00eames et les plus condamnables. Il ne s\u2019agit pas d\u2019analyser \u00ab\u00a0<em>le parcours individuel<\/em>\u00a0\u00bb, \u00ab\u00a0<em>les conditions socio-\u00e9conomiques\u00a0<\/em>\u00bb et encore moins \u00ab\u00a0<em>le contexte familial<\/em>\u00a0\u00bb de ces jeunes pour faire face \u00e0 la radicalisation. Il s\u2019agit de mettre un terme \u00e0 la radicalit\u00e9 des politiques de nos gouvernants, \u00e0 leur aveuglement policier et guerrier.<\/p>\n<p style=\"text-align: right;\"><span class=\"post-author vcard\"> par <span class=\"fn\"> <a class=\"g-profile\" title=\"author profile\" href=\"https:\/\/plus.google.com\/103350341598559458967\" rel=\"author\" data-gapiattached=\"true\" data-onload=\"true\" data-gapiscan=\"true\"> Nadine Rosa-Rosso <\/a> <\/span><\/span><\/p>\n<p><a href=\"#_ftnref1\" name=\"_ftn1\">[1]<\/a> <a href=\"http:\/\/www.urbansecurity.be\/Contrats-de-securite-et-de\">http:\/\/www.urbansecurity.be\/Contrats-de-securite-et-de<\/a><\/p>\n<p><a href=\"#_ftnref2\" name=\"_ftn2\">[2]<\/a> <a href=\"http:\/\/archives.lesoir.be\/un-episode-du-mai-torride-de-1991-cocktail-molotov-au-p_t-19930316-Z06J08.html\">http:\/\/archives.lesoir.be\/un-episode-du-mai-torride-de-1991-cocktail-molotov-au-p_t-19930316-Z06J08.html<\/a><\/p>\n<p><a href=\"#_ftnref3\" name=\"_ftn3\">[3]<\/a> <a href=\"http:\/\/archives.lesoir.be\/le-calme-est-revenu-a-forest-mais-la-tension-persiste_t-19910514-Z03YNV.html\">http:\/\/archives.lesoir.be\/le-calme-est-revenu-a-forest-mais-la-tension-persiste_t-19910514-Z03YNV.html<\/a><\/p>\n<p><a href=\"#_ftnref4\" name=\"_ftn4\">[4]<\/a> idem<\/p>\n<p><a href=\"#_ftnref5\" name=\"_ftn5\">[5]<\/a> <a href=\"http:\/\/www.schaerbeek.be\/news\/15-ans-contrat-securite-prevention\">http:\/\/www.schaerbeek.be\/news\/15-ans-contrat-securite-prevention<\/a><\/p>\n<p><a href=\"#_ftnref6\" name=\"_ftn6\">[6]<\/a> <a href=\"http:\/\/archives.lesoir.be\/contrats-de-securite-en-garde-a-vue-on-ne-saurait-plus-_t-19991116-Z0HHCX.html\">http:\/\/archives.lesoir.be\/contrats-de-securite-en-garde-a-vue-on-ne-saurait-plus-_t-19991116-Z0HHCX.html<\/a><\/p>\n<p><a href=\"#_ftnref7\" name=\"_ftn7\">[7]<\/a> Albert Martens, Diviser pour r\u00e9gner, le racisme comme strat\u00e9gie, EPO, 1983, page 98<\/p>\n<p><a href=\"#_ftnref8\" name=\"_ftn8\">[8]<\/a> <a href=\"http:\/\/archives.lesoir.be\/les-oeilleres-et-les-voiles_t-19970310-Z0DETH.html\">http:\/\/archives.lesoir.be\/les-oeilleres-et-les-voiles_t-19970310-Z0DETH.html<\/a><\/p>\n<p><a href=\"#_ftnref9\" name=\"_ftn9\">[9]<\/a> <a href=\"http:\/\/archives.lesoir.be\/forest-gerer-l-apres-emeutes-le-ghetto-l-ennui-l-envie-_t-19910513-Z03YKP.html\">http:\/\/archives.lesoir.be\/forest-gerer-l-apres-emeutes-le-ghetto-l-ennui-l-envie-_t-19910513-Z03YKP.html<\/a><\/p>\n<p><a href=\"#_ftnref10\" name=\"_ftn10\">[10]<\/a> <a href=\"http:\/\/www.rtbf.be\/info\/belgique\/detail_des-agents-de-police-marocains-patrouilleront-l-an-prochain-a-bruxelles-et-anvers?id=9099267\">http:\/\/www.rtbf.be\/info\/belgique\/detail_des-agents-de-police-marocains-patrouilleront-l-an-prochain-a-bruxelles-et-anvers?id=9099267<\/a><\/p>\n<p><a href=\"#_ftnref11\" name=\"_ftn11\">[11]<\/a> Lettre de Charles Picqu\u00e9 \u00e0 Valmy-F\u00e9aux, document disponible dans mes archives personnelles.<\/p>\n<p><a href=\"#_ftnref12\" name=\"_ftn12\">[12]<\/a> <a href=\"http:\/\/suffrage-universel.be\/be\/bemime.htm\">http:\/\/suffrage-universel.be\/be\/bemime.htm<\/a><\/p>\n<p><a href=\"#_ftnref13\" name=\"_ftn13\">[13]<\/a> <a href=\"http:\/\/www.urbansecurity.be\/Contrats-de-securite-et-de\">http:\/\/www.urbansecurity.be\/Contrats-de-securite-et-de<\/a><\/p>\n<p><a href=\"#_ftnref14\" name=\"_ftn14\">[14]<\/a> <a href=\"http:\/\/www.ieb.be\/IMG\/pdf\/plouf_oct-nov-dec-2011.pdf\">http:\/\/www.ieb.be\/IMG\/pdf\/plouf_oct-nov-dec-2011.pdf<\/a><\/p>\n<p><a href=\"#_ftnref15\" name=\"_ftn15\">[15]<\/a> <a href=\"http:\/\/www.lesoir.be\/1111599\/article\/actualite\/belgique\/2016-02-04\/jan-jambon-presente-son-plan-canal-contre-l-islamisme\">http:\/\/www.lesoir.be\/1111599\/article\/actualite\/belgique\/2016-02-04\/jan-jambon-presente-son-plan-canal-contre-l-islamisme<\/a><\/p>\n<p><a href=\"#_ftnref16\" name=\"_ftn16\">[16]<\/a> <a href=\"https:\/\/www.rtbf.be\/info\/dossier\/explosions-a-brussels-airport\/detail_molenbeek-controle-systematique-des-nouveaux-habitants?id=9286310\">https:\/\/www.rtbf.be\/info\/dossier\/explosions-a-brussels-airport\/detail_molenbeek-controle-systematique-des-nouveaux-habitants?id=9286310<\/a><\/p>\n<p><a href=\"http:\/\/nadinerosarosso.blogspot.be\/2016\/05\/25-ans-apres-la-revolte-des-jeunes.html\">Source <\/a><\/p>\n","protected":false},"excerpt":{"rendered":"<p>25 ans apr\u00e8s la r\u00e9volte des jeunes \u00e0 Forest Premi\u00e8re, deuxi\u00e8me, troisi\u00e8me g\u00e9n\u00e9ration, toujours la r\u00e9pression\u2026 Le 10 mai 1991 \u00e9clatait \u00e0 Forest, en Belgique, la premi\u00e8re r\u00e9volte de jeunes issus de l\u2019immigration. Suite \u00e0 un \u00e9ni\u00e8me contr\u00f4le au faci\u00e8s par des policiers communaux, le quartier s\u2019enflammait. La r\u00e9volte dura trois jours, elle s\u2019\u00e9tendit un &#8230; <a title=\"Premi\u00e8re, deuxi\u00e8me, troisi\u00e8me g\u00e9n\u00e9ration, toujours la r\u00e9pression\u2026\" class=\"read-more\" href=\"https:\/\/bruxelles-pantheres.be\/?p=2856\" aria-label=\"En savoir plus sur Premi\u00e8re, deuxi\u00e8me, troisi\u00e8me g\u00e9n\u00e9ration, toujours la r\u00e9pression\u2026\">Lire la suite<\/a><\/p>\n","protected":false},"author":1,"featured_media":2394,"comment_status":"open","ping_status":"open","sticky":false,"template":"","format":"standard","meta":{"footnotes":""},"categories":[1],"tags":[31,14,23,38,167,19,15],"class_list":["post-2856","post","type-post","status-publish","format-standard","has-post-thumbnail","hentry","category-non-classe","tag-belgique","tag-bruxelles","tag-discrimination","tag-guerre","tag-nadine-rosa-rosso","tag-pauvrete","tag-resistance"],"_links":{"self":[{"href":"https:\/\/bruxelles-pantheres.be\/index.php?rest_route=\/wp\/v2\/posts\/2856","targetHints":{"allow":["GET"]}}],"collection":[{"href":"https:\/\/bruxelles-pantheres.be\/index.php?rest_route=\/wp\/v2\/posts"}],"about":[{"href":"https:\/\/bruxelles-pantheres.be\/index.php?rest_route=\/wp\/v2\/types\/post"}],"author":[{"embeddable":true,"href":"https:\/\/bruxelles-pantheres.be\/index.php?rest_route=\/wp\/v2\/users\/1"}],"replies":[{"embeddable":true,"href":"https:\/\/bruxelles-pantheres.be\/index.php?rest_route=%2Fwp%2Fv2%2Fcomments&post=2856"}],"version-history":[{"count":1,"href":"https:\/\/bruxelles-pantheres.be\/index.php?rest_route=\/wp\/v2\/posts\/2856\/revisions"}],"predecessor-version":[{"id":2857,"href":"https:\/\/bruxelles-pantheres.be\/index.php?rest_route=\/wp\/v2\/posts\/2856\/revisions\/2857"}],"wp:featuredmedia":[{"embeddable":true,"href":"https:\/\/bruxelles-pantheres.be\/index.php?rest_route=\/wp\/v2\/media\/2394"}],"wp:attachment":[{"href":"https:\/\/bruxelles-pantheres.be\/index.php?rest_route=%2Fwp%2Fv2%2Fmedia&parent=2856"}],"wp:term":[{"taxonomy":"category","embeddable":true,"href":"https:\/\/bruxelles-pantheres.be\/index.php?rest_route=%2Fwp%2Fv2%2Fcategories&post=2856"},{"taxonomy":"post_tag","embeddable":true,"href":"https:\/\/bruxelles-pantheres.be\/index.php?rest_route=%2Fwp%2Fv2%2Ftags&post=2856"}],"curies":[{"name":"wp","href":"https:\/\/api.w.org\/{rel}","templated":true}]}}