{"id":2859,"date":"2016-06-02T14:19:46","date_gmt":"2016-06-02T13:19:46","guid":{"rendered":"https:\/\/bruxelles-pantheres.be\/?p=2859"},"modified":"2016-06-02T14:19:46","modified_gmt":"2016-06-02T13:19:46","slug":"qui-a-peur-de-houria-bouteldja","status":"publish","type":"post","link":"https:\/\/bruxelles-pantheres.be\/?p=2859","title":{"rendered":"Qui a peur de Houria Bouteldja ?"},"content":{"rendered":"<div class=\"post-thumbnail\" style=\"text-align: center;\">\n<figure id=\"attachment_2672\" aria-describedby=\"caption-attachment-2672\" style=\"width: 4310px\" class=\"wp-caption alignnone\"><a href=\"https:\/\/bruxelles-pantheres.be\/wp-content\/uploads\/2015\/12\/FSCN7852.jpg\"><img decoding=\"async\" class=\"size-full wp-image-2672\" src=\"https:\/\/bruxelles-pantheres.be\/wp-content\/uploads\/2015\/12\/FSCN7852.jpg\" alt=\"Houria Bouteldja\" width=\"4320\" height=\"3240\" \/><\/a><figcaption id=\"caption-attachment-2672\" class=\"wp-caption-text\">Houria Bouteldja<\/figcaption><\/figure>\n<\/div>\n<p>Parce que j\u2019entends d\u2019ici vos insultes, col\u00e8res, et autres \u00abidiote utile ! tu sais pas de quoi tu parles !\u00bb, je tiens \u00e0 pr\u00e9ciser : cette tribune ne s\u2019adresse pas aux identitaires r\u00e9publicains en crise actuelle de psychose, obs\u00e9d\u00e9s par la soi-disant \u00abislamisation de la France\u00bb, mais \u00e0 ceux pour qui \u00eatre de gauche ne se r\u00e9sume pas \u00e0 faire passer l\u2019entre soi Blancs-bien-pensants pour de l\u2019universalisme, et sont pr\u00eats \u00e0 observer le monde depuis une autre place que la leur.<\/p>\n<div class=\"entry-content\">\n<div class=\"pf-content\">\n<p>A ce jour, le (soi-disant) antiracisme qu\u2019on peut qualifier d\u2019antiracisme<em>moral<\/em> domine les champs m\u00e9diatique et politique \u00e0 coup de \u00able racisme, c\u2019est mal, faisons une grande farandole\u00bb et autres \u00able c\u0153ur n\u2019a pas de couleur\u00bb. Or ces intentions, \u00f4 combien respectables, sont incapables de r\u00e9gler quoi que ce soit : ni l\u2019in\u00e9gale r\u00e9partition des richesses, ni le racisme institutionnel.<\/p>\n<p>Face \u00e0 cet antiracisme \u00e0 sa m\u00e9m\u00e8re se dresse un antiracisme politique, articul\u00e9 autour de notre histoire, dont l\u2019objectif salvateur est de sortir d\u2019un syst\u00e8me de domination rance, et comme l\u2019actualit\u00e9 nous le prouve, en voie d\u2019autodestruction.<\/p>\n<p>En mars est sorti un livre (up)percutant, \u00e9lectrique et d\u00e9stabilisant : <em>les Blancs, les Juifs et nous. Vers une politique de l\u2019amour r\u00e9volutionnaire<\/em>de Houria Bouteldja, qui incarne cet antiracisme articul\u00e9 en profondeur<a href=\"http:\/\/www.liberation.fr\/debats\/2016\/05\/24\/la-derive-identitaire-de-houria-bouteldja_1454884\" target=\"_blank\">(<em>Lib\u00e9ration<\/em> du 25 mai).<\/a><\/p>\n<p>L\u2019auteure est de longue date \u00abgrill\u00e9e\u00bb par ses d\u00e9tracteurs, bien plus puissants qu\u2019elle dans les champs politiques et m\u00e9diatiques. Depuis des ann\u00e9es, ils\u00a0s\u2019attellent \u00e0 extraire des passages de ses \u00e9crits afin de leur donner une tournure bien d\u00e9gueulasse. Combien de fois m\u2019a-t-on rappel\u00e9 \u00e0 l\u2019ordre \u00e0 son sujet \u00abmais-enfin-elle-est-homophobe \u00e7a-va-pas-la-t\u00eate-lis-\u00e7a !\u00bb Sauf que la phrase en question, une fois recontextualis\u00e9e, racontait une lutte d\u00e9coloniale et, qu\u2019on soit d\u2019accord ou pas avec son point de vue, ne pouvait en aucun cas \u00eatre r\u00e9sum\u00e9e \u00e0 de l\u2019homophobie.<\/p>\n<p>Il est tr\u00e8s facile de discr\u00e9diter un texte, surtout quand la pens\u00e9e est complexe et formul\u00e9e sous forme de paradoxes. Et, depuis la sortie du livre de Houria Bouteldja, c\u2019est \u00ab#PassionRatonnade\u00bb : de Gu\u00e9nol\u00e9 sur le plateau de <em>Ce soir (ou jamais !),<\/em> \u00e0 <em>Marianne<\/em> ; et les flemmards se satisfont de ce massacre sans prendre la peine de la lire, r\u00e9p\u00e9tant \u00e0 tout va qu\u2019elle est antis\u00e9mite, sexiste, homophobe et raciste anti-Blancs\u2026<\/p>\n<p>Je ne rentrerai pas dans le petit jeu malsain des extraits qu\u2019on interpr\u00e8te. Une premi\u00e8re mise au point s\u2019impose : il n\u2019y a pas d\u2019arroseur arros\u00e9 avec le racisme. Le racisme est un ensemble de pratiques et de croyances qui font \u00absyst\u00e8me\u00bb : elles permettent \u00e0 un groupe d\u2019en exploiter un autre en profondeur, et si possible le plus longtemps possible, tout en pr\u00f4nant \u00abl\u2019\u00e9galit\u00e9\u00bb sur son territoire.<\/p>\n<p>Or, Houria Bouteldja et les populations non blanches en France, si agressives que puissent \u00eatre leurs attaques contre l\u2019ordre blanc, ne seront jamais en mesure de dominer, s\u00e9gr\u00e9guer la \u00abrace\u00bb blanche (pour une explication rapide et super LOL, voir cette vid\u00e9o sur YouTube\u00a0(1)).<\/p>\n<p>Antisioniste, Houria Bouteldja l\u2019est sans ambigu\u00eft\u00e9. Et, c\u2019est \u00e0 travers cet engagement qu\u2019elle d\u00e9construit la question de l\u2019antis\u00e9mitisme. Elle la d\u00e9veloppe par une argumentation stimulante et enfin d\u00e9prise d\u2019europ\u00e9ocentrisme. Elle interroge l\u2019extermination des Juifs d\u2019Europe et son instrumentalisation par le projet sioniste depuis le monde colonis\u00e9. Car la violence rationalis\u00e9e et industrialis\u00e9e envers une cat\u00e9gorie de population, c\u2019est bien une invention du colonialisme europ\u00e9en. Et, oui, il y a, en\u00a0France, un monde colonis\u00e9, dont les Juifs ont \u00e9t\u00e9 historiquement (et encore aujourd\u2019hui sous des formes renouvel\u00e9es) les victimes. Et ce livre est bien une tentative de r\u00e9conciliation et d\u2019organisation d\u2019une lutte politique commune.<\/p>\n<p>Houria\u00a0Bouteldja ouvre son livre en expliquant qu\u2019elle utilise les termes de \u00abBlancs\u00bb et \u00abblanchit\u00e9\u00bb comme d\u00e9signation d\u2019un groupe social et \u00e9videmment pas d\u2019un point de vue biologique. Pourtant, \u00e0 gauche, on accuse le livre de <em>racialiser<\/em> la question sociale. Il faut probablement \u00eatre du bon c\u00f4t\u00e9 du voile, celui que d\u00e9crit W.E.B\u00a0Du Bois dans la soci\u00e9t\u00e9 \u00e9tasunienne d\u2019apr\u00e8s l\u2019esclavage, pour se payer le luxe de minimiser les effets de race.<\/p>\n<p>Le seul voile qui pose probl\u00e8me aujourd\u2019hui, c\u2019est ce rideau entre la business class et la classe \u00e9conomique de l\u2019avion, qui permet \u00e0 ceux qui payent plus cher leur place de croire qu\u2019ils ne sont que vingt dans de grands fauteuils alors que le vol transporte 210\u00a0passagers, entass\u00e9s \u00e0 l\u2019arri\u00e8re.<\/p>\n<p>Et oui, il y a bien un voile \u00e0 arracher, et ce n\u2019est pas celui des femmes musulmanes\u2026 Il est temps pour nous tous de regarder en face l\u2019in\u00e9galit\u00e9 inh\u00e9rente, irr\u00e9ductible, des passagers de cet avion, afin que les \u00abbien install\u00e9s\u00bb \u2013 certes moins bien qu\u2019en premi\u00e8re classe \u2013 affrontent le r\u00e9el de ceux qui sont parqu\u00e9s derri\u00e8re. La dignit\u00e9 de tous passe par l\u00e0 et plus que jamais, quitte \u00e0 ce que \u00e7a vous br\u00fble un peu les yeux, lisez\u00a0Bouteldja\u00a0(2) !<\/p>\n<p><span class=\"meta-prep meta-prep-author\">Publi\u00e9 le<\/span> <a title=\"22 h 34 min\" href=\"http:\/\/indigenes-republique.fr\/qui-a-peur-de-houria-bouteldja\/\" rel=\"bookmark\"><span class=\"entry-date\">30 mai 2016<\/span><\/a> <span class=\"meta-sep\">par<\/span> <em><strong><span class=\"author\"><a href=\"http:\/\/www.liberation.fr\/auteur\/16170-oceanerosemarie\">Oc\u00e9anerosemarie , Auteure et com\u00e9dienne<\/a> <\/span><\/strong><\/em><\/p>\n<p>&nbsp;<\/p>\n<p class=\"note\"><a href=\"https:\/\/www.youtube.com\/watch?v=dw_mRaIHb-M\">(1) <\/a><a href=\"https:\/\/www.youtube.com\/watch?v=dw_mRaIHb-M\">https:\/\/www.youtube.com\/watch?v=dw_mRaIHb-M<\/a>.<br \/>\n(2) Revoir \u00e0 ce sujet <a href=\"https:\/\/www.youtube.com\/watch?v=joUMkHE49p0&amp;nohtml5=False\" target=\"_blank\">l\u2019explication d\u00e9taill\u00e9e de Nacira Gu\u00e9nif \u00e0 la Java,<\/a> \u00e0\u00a0Paris, le 28 mars.<\/p>\n<p class=\"note\"><em><strong><a href=\"http:\/\/www.liberation.fr\/debats\/2016\/05\/30\/qui-a-peur-de-houria-bouteldja_1456167\">Source<\/a><\/strong><\/em><\/p>\n<p class=\"note\"><a href=\"https:\/\/bruxelles-pantheres.be\/wp-content\/uploads\/2016\/04\/10330464_514223598750318_5160301308504016599_n.jpg\"><img decoding=\"async\" class=\"size-full wp-image-2851 aligncenter\" src=\"https:\/\/bruxelles-pantheres.be\/wp-content\/uploads\/2016\/04\/10330464_514223598750318_5160301308504016599_n.jpg\" alt=\"10330464_514223598750318_5160301308504016599_n\" width=\"560\" height=\"870\" srcset=\"https:\/\/bruxelles-pantheres.be\/wp-content\/uploads\/2016\/04\/10330464_514223598750318_5160301308504016599_n.jpg 560w, https:\/\/bruxelles-pantheres.be\/wp-content\/uploads\/2016\/04\/10330464_514223598750318_5160301308504016599_n-193x300.jpg 193w\" sizes=\"(max-width: 560px) 100vw, 560px\" \/><\/a><\/p>\n<\/div>\n<\/div>\n","protected":false},"excerpt":{"rendered":"<p>Parce que j\u2019entends d\u2019ici vos insultes, col\u00e8res, et autres \u00abidiote utile ! tu sais pas de quoi tu parles !\u00bb, je tiens \u00e0 pr\u00e9ciser : cette tribune ne s\u2019adresse pas aux identitaires r\u00e9publicains en crise actuelle de psychose, obs\u00e9d\u00e9s par la soi-disant \u00abislamisation de la France\u00bb, mais \u00e0 ceux pour qui \u00eatre de gauche ne &#8230; <a title=\"Qui a peur de Houria Bouteldja ?\" class=\"read-more\" href=\"https:\/\/bruxelles-pantheres.be\/?p=2859\" aria-label=\"En savoir plus sur Qui a peur de Houria Bouteldja ?\">Lire la suite<\/a><\/p>\n","protected":false},"author":1,"featured_media":0,"comment_status":"open","ping_status":"open","sticky":false,"template":"","format":"standard","meta":{"footnotes":""},"categories":[36,18,28],"tags":[147,15],"class_list":["post-2859","post","type-post","status-publish","format-standard","hentry","category-europe","category-resistance-bruxelles","category-racismes","tag-houria-bouteldja","tag-resistance"],"_links":{"self":[{"href":"https:\/\/bruxelles-pantheres.be\/index.php?rest_route=\/wp\/v2\/posts\/2859","targetHints":{"allow":["GET"]}}],"collection":[{"href":"https:\/\/bruxelles-pantheres.be\/index.php?rest_route=\/wp\/v2\/posts"}],"about":[{"href":"https:\/\/bruxelles-pantheres.be\/index.php?rest_route=\/wp\/v2\/types\/post"}],"author":[{"embeddable":true,"href":"https:\/\/bruxelles-pantheres.be\/index.php?rest_route=\/wp\/v2\/users\/1"}],"replies":[{"embeddable":true,"href":"https:\/\/bruxelles-pantheres.be\/index.php?rest_route=%2Fwp%2Fv2%2Fcomments&post=2859"}],"version-history":[{"count":1,"href":"https:\/\/bruxelles-pantheres.be\/index.php?rest_route=\/wp\/v2\/posts\/2859\/revisions"}],"predecessor-version":[{"id":2860,"href":"https:\/\/bruxelles-pantheres.be\/index.php?rest_route=\/wp\/v2\/posts\/2859\/revisions\/2860"}],"wp:attachment":[{"href":"https:\/\/bruxelles-pantheres.be\/index.php?rest_route=%2Fwp%2Fv2%2Fmedia&parent=2859"}],"wp:term":[{"taxonomy":"category","embeddable":true,"href":"https:\/\/bruxelles-pantheres.be\/index.php?rest_route=%2Fwp%2Fv2%2Fcategories&post=2859"},{"taxonomy":"post_tag","embeddable":true,"href":"https:\/\/bruxelles-pantheres.be\/index.php?rest_route=%2Fwp%2Fv2%2Ftags&post=2859"}],"curies":[{"name":"wp","href":"https:\/\/api.w.org\/{rel}","templated":true}]}}