{"id":2861,"date":"2016-06-02T23:08:21","date_gmt":"2016-06-02T22:08:21","guid":{"rendered":"https:\/\/bruxelles-pantheres.be\/?p=2861"},"modified":"2016-06-02T23:08:21","modified_gmt":"2016-06-02T22:08:21","slug":"eloge-dun-brave-homme-par-des-amis-de-tanguy-fourez","status":"publish","type":"post","link":"https:\/\/bruxelles-pantheres.be\/?p=2861","title":{"rendered":"\u00c9LOGE D\u2019UN BRAVE HOMME &#8211; par des amis de Tanguy Fourez"},"content":{"rendered":"<p><img decoding=\"async\" class=\"full\" src=\"https:\/\/lundi.am\/local\/cache-vignettes\/L1200xH675\/arton488-2d786.jpg?1464609914\" alt=\"\" width=\"1200\" height=\"675\" \/><\/p>\n<div class=\"bandeau \">\n<h4 class=\"titre\">\u00c9<span class=\"caps\">LOGE<\/span> D\u2019<span class=\"caps\">UN<\/span> <span class=\"caps\">BRAVE<\/span> <span class=\"caps\">HOMME<\/span> &#8211; par des amis de Tanguy Fourez<\/h4>\n<p>\u00c0 Bruxelles, un c\u00e9l\u00e8bre commissaire se fait mettre <span class=\"caps\">KO<\/span> par un manifestant.<\/p>\n<\/div>\n<div class=\"article\">\n<p>Les images ont fait le tour du monde\u00a0: un commissaire belge qui court apr\u00e8s les manifestants et tente de les frapper, se fait lui m\u00eame attaquer en retour. Un lecteur belge nous a envoy\u00e9 ces quelques \u00e9claircissements quant au contexte et \u00e0 la personnalit\u00e9 du commissaire Vandermissen.<\/p>\n<p>Nous sommes des amis de Tanguy Fourez. Nous ne le connaissons pas personnellement. Mais nous faisons partie des victimes potentielles du commissaire Vandersmissen. Quiconque a eu l\u2019occasion de se manifester dans les rues de Bruxelles en faveur des sans-papiers, des ch\u00f4meurs, des occupants de maisons vides, ou pour d\u2019autres raisons valables conna\u00eet bien ce personnage. Pour rester polis, nous nous contenterons de dire que le commissaire Vandersmissen est un triste sire.<\/p>\n<p>Tanguy Fourez est cet homme qui, le 24\u00a0mai dernier, en fin de la manifestation contre la loi Peeters, a s\u00e9ch\u00e9 le commissaire Vandersmissen d\u2019un solide coup bien ajust\u00e9. Celui-ci, bless\u00e9 \u00e0 la t\u00eate en tombant, a du faire un petit s\u00e9jour \u00e0 l\u2019h\u00f4pital o\u00f9 tant de ses victimes l\u2019avaient pr\u00e9c\u00e9d\u00e9. Nous avons tous vu la sc\u00e8ne, film\u00e9e et diffus\u00e9e sur les r\u00e9seaux \u2019sociaux\u2019\u00a0: le commissaire poursuit et gaze des manifestants en train de se disperser et, emport\u00e9 par sa fureur, s\u2019avance imprudemment, gazeuse \u00e0 la main\u00a0; un inconnu surgit alors que le commissaire gaze un \u00e9ni\u00e8me manifestant, et le met au tapis d\u2019un coup de poing. Ce poing ferm\u00e9, dress\u00e9 tant de fois bien haut dans les manifestations comme un symbole de lutte, s\u2019est soudain concr\u00e9tis\u00e9 sur la m\u00e2choire du commissaire\u00a0! Les images sont claires, Tanguy Fourez n\u2019avait aucune autre arme que son poing. Il n\u2019\u00e9tait manifestement pas pr\u00e9par\u00e9 \u00e0 un affrontement, n\u2019ayant m\u00eame pas pris soin de masquer son visage -erreur fatale, mais h\u00e9las fr\u00e9quente&#8230; Sa photo a \u00e9t\u00e9 publi\u00e9e dans les journaux, et il s\u2019est pr\u00e9sent\u00e9 de lui-m\u00eame aux autorit\u00e9s. Laiss\u00e9 en libert\u00e9 provisoire, il sera cit\u00e9 \u00e0 comparaitre pour \u2019<i>des faits de r\u00e9bellion arm\u00e9e, port d\u2019arme prohib\u00e9e par destination et de coups et blessures volontaires avec incapacit\u00e9 de travail sur une personne d\u00e9positaire de la force publique<\/i>\u2019, et risque une peine de 5 ans d\u2019emprisonnement -sans pr\u00e9juger d\u2019autres soucis \u00e9ventuels au niveau de son boulot, etc.<\/p>\n<p><iframe src=\"https:\/\/www.youtube.com\/embed\/tjhtQizZ12I\" width=\"560\" height=\"315\" frameborder=\"0\" allowfullscreen=\"allowfullscreen\"><\/iframe>Nous ne cherchons pas \u00e0 excuser son geste, car il n\u2019appelle pas des excuses mais des \u00e9loges. En se portant spontan\u00e9ment au secours d\u2019un autre manifestant agress\u00e9 par le commissaire Vandersmissen, Tanguy Fourez a r\u00e9agi comme un \u00eatre humain digne de ce nom. Cela \u00e9chappe manifestement \u00e0 la direction de son syndicat qui s\u2019est d\u00e9p\u00each\u00e9e de l\u2019exclure et surtout de le faire savoir\u00a0: \u2019<i>La <span class=\"caps\">FGTB<\/span> souligne qu\u2019un tel comportement violent est incompatible avec ses statuts f\u00e9d\u00e9raux<\/i>\u2019. La <span class=\"caps\">FGTB<\/span> parle de \u2019comportement violent\u2019 uniquement \u00e0 propos du coup de poing de Tanguy Fourez, et se garde bien de mettre en cause le comportement du commissaire Vandersmissen, et de fa\u00e7on plus g\u00e9n\u00e9rale l\u2019\u00e9norme pression polici\u00e8re exerc\u00e9e sur les manifs \u00e0 Bruxelles. Par ailleurs, nous n\u2019avons pas souvenir que la <span class=\"caps\">FGTB<\/span> ait jamais \u00e9mis la moindre protestation contre les agissements du commissaire Vandersmissen, qui ne datent pourtant pas d\u2019hier.<\/p>\n<p>Il semblerait que Tanguy Fourez ait \u00e9t\u00e9 aussi un sympathisant du <span class=\"caps\">PTB<\/span>. Le porte-parole de ce parti a fait aussit\u00f4t savoir que <i>\u2019Le <span class=\"caps\">PTB<\/span> condamne cat\u00e9goriquement l\u2019acte de violence commis \u00e0 l\u2019encontre du commissaire Vandersmissen. L\u2019agression du commissaire Vandersmissen est moralement et politiquement inadmissible. De tels actes n\u2019ont pas leur place dans notre soci\u00e9t\u00e9 et ne peuvent \u00eatre tol\u00e9r\u00e9s\u2019<\/i>. L\u00e0 encore, pas un mot sur les agissements du commissaire Vandersmissen, sur les brutalit\u00e9s polici\u00e8res syst\u00e9matiques lors des manifestations de rue \u00e0 Bruxelles.<\/p>\n<p>Cela n\u2019est pas une surprise, \u00e0 vrai dire. Pour les bureaucrates dirigeant la <span class=\"caps\">FGTB<\/span> comme pour les cadres n\u00e9o-staliniens du <span class=\"caps\">PTB<\/span>, la reproduction de leur appareil l\u2019emporte sur toute autre consid\u00e9ration\u00a0: comme toute forme institutionnalis\u00e9e, elles se veulent respectables car respectueuses de la l\u00e9galit\u00e9.<\/p>\n<p>A partir de l\u00e0, les solidarit\u00e9s horizontales n\u2019ont plus lieu d\u2019\u00eatre et tout geste qui s\u2019inscrit dans ce plan fait tache. De tels gestes, qui jadis faisaient partie int\u00e9grante de la culture ouvri\u00e8re, sont alors condamn\u00e9s par l\u2019appareil. Ce que nous dit cet acte de veulerie politique consistant \u00e0 l\u00e2cher Tanguy Fourez en p\u00e2ture aux m\u00e9dias et \u00e0 la justice, c\u2019est que bureaucrates et politicards n\u2019ont \u00e0 l\u2019\u00e9vidence aucun sens \u00e9thique. Qu\u2019ils se r\u00e9clament de l\u2019h\u00e9ritage du mouvement ouvrier ne fait que rendre cela encore plus odieux. Croit-on un instant que les ouvriers insurg\u00e9s de l\u2019hiver 1960 auraient laiss\u00e9 un des leurs se faire gazer sans r\u00e9agir\u00a0?!<\/p>\n<p>Ces professionnels du discours qui n\u2019ont \u00e0 la bouche que les mots de \u2019camarades\u2019, de \u2019solidarit\u00e9\u2019 etc., que savent-ils de la camaraderie effective entre prol\u00e9taires\u00a0? de ce sentiment de solidarit\u00e9 inn\u00e9 qui fait qu\u2019un p\u00e8re de famille de 43 ans va frapper un commissaire en train de gazer un autre manifestant\u00a0? Tanguy Fourez, r\u00e9volt\u00e9 par ce qu\u2019il voyait, s\u2019est port\u00e9 au secours d\u2019un camarade agress\u00e9. Il est de ces gens qui n\u2019h\u00e9siteraient pas \u00e0 se jeter \u00e0 l\u2019eau pour sauver un enfant en train de se noyer -tandis que les cadres du <span class=\"caps\">PTB<\/span>, sur la berge, hausseraient sans doute les \u00e9paules devant une telle manifestation d\u2019aventurisme spontan\u00e9iste&#8230;<\/p>\n<p>Tanguy Fourez, accabl\u00e9 par la d\u00e9nonciation m\u00e9diatico-polici\u00e8re, a tent\u00e9 de justifier son geste par le fait qu\u2019il avait bu. Une photo diffus\u00e9e dans les m\u00e9dias le montre une canette de bi\u00e8re \u00e0 la main. Nous imaginons les r\u00e9flexions, dans les cercles du pouvoir comme dans l\u2019inintelligentsia officielle, sur ces brutes d\u2019ouvriers alcooliques&#8230; si en plus de \u00e7a Tanguy Fourez regardait les matchs de foot, son compte serait bon, tant le m\u00e9pris de classe aime se parer d\u2019un alibi culturel&#8230;<\/p>\n<p>A une \u00e9poque o\u00f9 r\u00e8gnent la crainte et m\u00eame la peur, largement instill\u00e9es par des techniques polici\u00e8res et m\u00e9diatiques d\u2019une extr\u00eame violence, le geste de Tanguy Fourez force le respect. Peut-\u00eatre qu\u2019une ou deux bi\u00e8res l\u2019ont aid\u00e9 \u00e0 surmonter ses inhibitions\u00a0? et alors\u00a0?\u00a0! Il aurait pu poursuivre son chemin et, trop heureux de s\u2019en sortir indemne, laisser son prochain se faire gazer par Vandersmissen. Mais il est intervenu et ce geste lui fait honneur. Alors que tous les appareils politiques et syndicaux n\u2019ont de cesse de justifier les pires renoncements et les pires trahisons, ravalant la dialectique au rang d\u2019une simple casuistique, le geste simple, clair et pr\u00e9cis de Tanguy Fourez rel\u00e8ve de ce que nos camarades zapatistes du Sud-Est mexicain appellent \u2019la digne rage\u2019.<\/p>\n<p>Une d\u00e9put\u00e9e du <span class=\"caps\">PTB<\/span> d\u00e9clarait r\u00e9cemment au journal d\u2019affaires L\u2019\u00c9cho \u2019<i>on est capable de faire des compromis<\/i>\u2019. Mais l\u2019attitude du <span class=\"caps\">PTB<\/span> par rapport \u00e0 Tanguy Fourez ne rel\u00e8ve m\u00eame plus du compromis, elle rel\u00e8ve de la collaboration. Ces gens pour qui le fin mot de l\u2019Histoire consiste \u00e0 occuper des places dans la sph\u00e8re du pouvoir n\u2019h\u00e9siteront pas, une fois parvenus, \u00e0 envoyer \u00e0 leur tour la soldatesque contre leurs propres \u00e9lecteurs si ceux-ci viennent \u00e0 contester -le <span class=\"caps\">XX<\/span>\u00ba si\u00e8cle a \u00e9t\u00e9 rempli d\u2019\u00e9pisodes de ce genre. Leur r\u00e9thorique peut faire illusion, mais leurs silences les d\u00e9noncent.<\/p>\n<p>Aussi quelques extraits de ce t\u00e9moignage, port\u00e9e par une Bruxelloise sur le commissaire Vandersmissen, aideront \u00e0 pr\u00e9ciser les choses\u00a0:<\/p>\n<blockquote class=\"spip\"><p>\u00ab\u00a0Je m\u2019appelle Lili\u00a0; en 15 ans voil\u00e0 ce que cet homme m\u2019a fait. Il m\u2019a trait\u00e9 de sale pute. Il m\u2019a trait\u00e9 de merde gauchiste. Il m\u2019a envoy\u00e9 en garde \u00e0 vue parce que je d\u00e9fendais des familles sans papiers. Il m\u2019a envoy\u00e9 en garde \u00e0 vue parce que je d\u00e9fendais la libert\u00e9 de circulation. Il m\u2019a trait\u00e9 de pute \u00e0 n\u00e8gre. Il m\u2019a menac\u00e9 de garde \u00e0 vue parce que je d\u00e9fendais des exil\u00e9s politiques. Quand j\u2019\u00e9tais au sol et que sa police me frappait il a pos\u00e9 sa botte sur mon \u00e9paule, en \u2019me demandant\u2019 de fermer ma gueule. Il m\u2019a envoy\u00e9 en garde a vue parce que j\u2019\u00e9tais qu\u2019une sale \u2019gouine de merde\u2019. Il m\u2019a trait\u00e9 de sale gauchiste de merde. Il m\u2019a menac\u00e9 de viol alors que j\u2019\u00e9tais en garde en vue dans une cellule, cern\u00e9e par les policiers qu\u2019il dirigeait. Il a propos\u00e9 a ses policiers de me violer pour me calmer, il trouvait \u00e7a dr\u00f4le.<\/p>\n<p>Il a organis\u00e9 de v\u00e9ritables rafles a chaque fin de manif r\u00e9clamant des papiers pour tous. Ce que je viens de d\u00e9crire a \u00e9t\u00e9 v\u00e9cu et relat\u00e9 \u00e9galement par la plupart de mes ami-e s ou potes ou connaissances qui sont loin d\u2019\u00eatre tous et toutes de dangereux gauchistes, mais un jour on eut le malheur de se retrouver face \u00e0 lui. (&#8230;)<\/p>\n<p>Cet homme a insult\u00e9 de sale n\u00e8gre, sale bougnoule, a peu pr\u00e8s tous les arabes et tous les africains noirs que je connais. A frapp\u00e9 et a demand\u00e9 \u00e0 sa police de frapper volontairement tous les gens qui se battent contre les injustices, qu\u2019ils viennent d\u2019extr\u00eame gauche, du No Border, d\u2019Amnesty&#8230;. Qu\u2019ils soient contre les guerres o\u00f9 qu\u2019elles soient, qu\u2019ils soient, pacifistes ou pas.<\/p>\n<p>Cet homme a suscit\u00e9 et g\u00e9n\u00e9r\u00e9 une violence gratuite inou\u00efe dans notre ville. A suscit\u00e9 la terreur\u00a0: finir dans une garde \u00e0 vue g\u00e9r\u00e9e par cet homme \u00e9tait synonyme de violence, de peur, de menaces. (&#8230;)Pour toutes ces raisons je ne pleurerai pas sur le sort du commissaire Vandersmissen.\u00a0\u00bb<\/p><\/blockquote>\n<p>Pour toutes ces raisons, Tanguy Fourez ne doit pas rester isol\u00e9 face \u00e0 la justice. Nous devons r\u00e9habiliter cet homme sur qui tous les m\u00e9dias et tous les partis se sont empress\u00e9s de cracher. Nous devons affirmer notre solidarit\u00e9 avec lui, ainsi qu\u2019avec les deux autres personnes qui ont \u00e9t\u00e9 inculp\u00e9es, accus\u00e9es d\u2019avoir lanc\u00e9 des projectiles sur le commissaire Vandersmissen. Son proc\u00e8s est fix\u00e9 au 17\u00a0juin, un rassemblement est pr\u00e9vu.<\/p>\n<p>Des amis de Tanguy Fourez<\/p>\n<p><a href=\"https:\/\/lundi.am\/ELOGE-D-UN-BRAVE-HOMME\">Source<\/a><\/p>\n<div class=\"clearfix _2ko1\">\n<div class=\"_6a _5v1q rfloat _ohf\">\n<div class=\"_6a _6b\">\n<div style=\"text-align: center;\"><span class=\"_5v1l _11s4\"><a href=\"https:\/\/www.facebook.com\/events\/935246706593005\/?ref=1&amp;action_history=%5B%7B%22surface%22%3A%22permalink%22%2C%22mechanism%22%3A%22surface%22%2C%22extra_data%22%3A%5B%5D%7D%5D\" data-testid=\"event-permalink-event-name\">Rassemblement de soutien \u00e0 Tanguy F.<\/a><\/span><\/div>\n<div><\/div>\n<div><span class=\"_4n-j fsl\">Fran\u00e7ais en dessous !<\/p>\n<p>17 juni aanstaande moet Tanguy F. zich verantwoorden voor de correctionele rechtbank voor het toebrengen van een vuistslag aan commissaris Vandersmissen.<\/p>\n<p>Het is onaanvaardbaar dat hij het risico loopt op 5 jaar gevangenisstraf, terwijl uit de talloze beelden duidelijk blijkt dat de manifestant de verdediging opneemt van zijn kameraden die door de commissaris zonder reden of aanleiding worden vergast en fysiek bedreigd.<br \/>\nDe heer Tanguy F. is, in tegenstelling tot Vandersmissen, een onbekende. Van die commissaris herinneren we ons de afgelopen jaren het gratuite geweld, willekeurige arrestaties, beledigingen, racisme, seksisme, bedreigingen, banden met extreemrechts, &#8230;<\/p>\n<p>Achter deze vuists<span class=\"text_exposed_show\">lag ging de frustratie schuil van de gearresteerde, beledigde, vergaste kameraden. De frustratie van de bebloede sans-papiers, de gearresteerde en uitgewezen sans-papiers (waarvan sommigen de dood vonden), de getraumatiseerde kinderen die hun ouders zagen aangevallen door de politie, de zonder reden gearresteerde militanten van de Liga voor Mensenrechten, de antiracisten en antifascisten die geficheerd en gearresteerd werden, de ecologisten die ineen geslagen werden, de geboeide syndicalisten, de vrouwen die opkwamen voor de vrijheid van keuze en het recht op abortus de op het seksisme van zijn agenten botsten en gearresteerd werden, de jongeren van No Border die met veel en nodeloos geweld uit de vakbondsbetoging werden gehaald, de militanten van de Comit\u00e9s Action Europe die na een vreedzame actie met honderden werden opgesloten, de Indign\u00e9s die door hem persoonlijk met traangas werden aangevallen, de jonge slachtoffers van racisme, de mensen die werden aangevallen door de neo-nazis die door Vandersmissen ge\u00ebscorteerd werden, \u2026<\/p>\n<p>Wij zijn allen slachtoffers van dit politiegeweld en in het bijzonder van dat van Vandersmissen.<br \/>\nLaat ons talrijk onze steun betuigen aan Tanguy F. die het mikpunt is van een niet aflatende media hetze. En laat ons de straffeloosheid van Vandersmissen aan de kaak stellen.<\/p>\n<p>Solidariteit is ons wapen.<\/p>\n<p>&#8212;&#8212;&#8212;&#8212;&#8212;&#8212;&#8212;&#8212;&#8212;&#8212;&#8212;&#8212;&#8212;&#8212;&#8212;&#8212;&#8212;&#8212;&#8212;&#8212;&#8212;&#8212;&#8212;&#8212;&#8212;&#8212;&#8212;&#8212;&#8212;&#8212;&#8212;-<\/p>\n<p>Ce 17 juin, Tanguy F. sera jug\u00e9 au tribunal correctionel pour avoir donn\u00e9 un coup de poing au commissaire Vandersmissen !<br \/>\nIl est innaceptable de voir qu&rsquo;il risque 5 ans de prison alors qu&rsquo;il est clair, au vu des images, qu&rsquo;il s&rsquo;agissait d&rsquo;un manifestant qui d\u00e9fendait ses camarades se faisant gazer gratuitement par le commissaire. Monsieur Tanguy F. est un inconnu contrairement \u00e0 Vandersmissen dont on se rappellera les violences, les arrestations arbitraires, les insutles, le racisme, le sexisme, les liens avec l&rsquo;extr\u00eame droite la plus dure, &#8230;<\/p>\n<p>Derri\u00e8re ce poing il y avait toute la frustration des camarades gaz\u00e9s, arr\u00eat\u00e9s, violent\u00e9s, insult\u00e9s, il y avait ces sans-papiers ensanglant\u00e9s, ces autres sans-papiers arr\u00eat\u00e9s et expuls\u00e9s dans leur pays (dont certains sont morts), ces enfants traumatis\u00e9s d&rsquo;avoir vu leurs parents agress\u00e9s par la police, ces militants des droits humains arr\u00eat\u00e9s, ces antiracistes et antifascistes fich\u00e9s et arr\u00eat\u00e9s, ces militants \u00e9cologistes tabass\u00e9s, ces syndicalistes colson\u00e9s, ces pro-choice victimes du sexisme policier, ces jeunes victimes de racisme, ces personnes agress\u00e9es par des n\u00e9o-nazis escort\u00e9s par VDS, &#8230;<\/p>\n<p>Nous sommes tous des victimes de cette police et en particulier du commissaire Vandersmissen ! Soyons nombreux pour soutenir Tanguy F victime d&rsquo;un acharnement m\u00e9diatique et d\u00e9noncer l&rsquo;impunnit\u00e9 du commissaire !<\/span><\/span><\/div>\n<\/div>\n<\/div>\n<div><\/div>\n<\/div>\n<\/div>\n","protected":false},"excerpt":{"rendered":"<p>\u00c9LOGE D\u2019UN BRAVE HOMME &#8211; par des amis de Tanguy Fourez \u00c0 Bruxelles, un c\u00e9l\u00e8bre commissaire se fait mettre KO par un manifestant. Les images ont fait le tour du monde\u00a0: un commissaire belge qui court apr\u00e8s les manifestants et tente de les frapper, se fait lui m\u00eame attaquer en retour. Un lecteur belge nous &#8230; <a title=\"\u00c9LOGE D\u2019UN BRAVE HOMME &#8211; par des amis de Tanguy Fourez\" class=\"read-more\" href=\"https:\/\/bruxelles-pantheres.be\/?p=2861\" aria-label=\"En savoir plus sur \u00c9LOGE D\u2019UN BRAVE HOMME &#8211; par des amis de Tanguy Fourez\">Lire la suite<\/a><\/p>\n","protected":false},"author":1,"featured_media":816,"comment_status":"open","ping_status":"open","sticky":false,"template":"","format":"standard","meta":{"footnotes":""},"categories":[22,36,18,5],"tags":[31,14,54,15],"class_list":["post-2861","post","type-post","status-publish","format-standard","has-post-thumbnail","hentry","category-emploi","category-europe","category-resistance-bruxelles","category-violence-policiere","tag-belgique","tag-bruxelles","tag-police","tag-resistance"],"_links":{"self":[{"href":"https:\/\/bruxelles-pantheres.be\/index.php?rest_route=\/wp\/v2\/posts\/2861","targetHints":{"allow":["GET"]}}],"collection":[{"href":"https:\/\/bruxelles-pantheres.be\/index.php?rest_route=\/wp\/v2\/posts"}],"about":[{"href":"https:\/\/bruxelles-pantheres.be\/index.php?rest_route=\/wp\/v2\/types\/post"}],"author":[{"embeddable":true,"href":"https:\/\/bruxelles-pantheres.be\/index.php?rest_route=\/wp\/v2\/users\/1"}],"replies":[{"embeddable":true,"href":"https:\/\/bruxelles-pantheres.be\/index.php?rest_route=%2Fwp%2Fv2%2Fcomments&post=2861"}],"version-history":[{"count":1,"href":"https:\/\/bruxelles-pantheres.be\/index.php?rest_route=\/wp\/v2\/posts\/2861\/revisions"}],"predecessor-version":[{"id":2862,"href":"https:\/\/bruxelles-pantheres.be\/index.php?rest_route=\/wp\/v2\/posts\/2861\/revisions\/2862"}],"wp:featuredmedia":[{"embeddable":true,"href":"https:\/\/bruxelles-pantheres.be\/index.php?rest_route=\/wp\/v2\/media\/816"}],"wp:attachment":[{"href":"https:\/\/bruxelles-pantheres.be\/index.php?rest_route=%2Fwp%2Fv2%2Fmedia&parent=2861"}],"wp:term":[{"taxonomy":"category","embeddable":true,"href":"https:\/\/bruxelles-pantheres.be\/index.php?rest_route=%2Fwp%2Fv2%2Fcategories&post=2861"},{"taxonomy":"post_tag","embeddable":true,"href":"https:\/\/bruxelles-pantheres.be\/index.php?rest_route=%2Fwp%2Fv2%2Ftags&post=2861"}],"curies":[{"name":"wp","href":"https:\/\/api.w.org\/{rel}","templated":true}]}}