{"id":2869,"date":"2016-06-08T10:18:43","date_gmt":"2016-06-08T09:18:43","guid":{"rendered":"https:\/\/bruxelles-pantheres.be\/?p=2869"},"modified":"2016-06-08T10:18:43","modified_gmt":"2016-06-08T09:18:43","slug":"je-plaide-donc-coupable-contre-lordre-neo-republicain-pour-luniversalisme-revolutionnaire","status":"publish","type":"post","link":"https:\/\/bruxelles-pantheres.be\/?p=2869","title":{"rendered":"\u00ab Je plaide donc coupable\u2026 \u00bb. Contre l\u2019ordre n\u00e9o-r\u00e9publicain, pour l\u2019universalisme r\u00e9volutionnaire"},"content":{"rendered":"<p><em>Le 25 mai 2016, \u00e0 l\u2019appel du plusieurs organisations et r\u00e9seaux militants se r\u00e9clamant de l\u2019 <a href=\"http:\/\/contre-attaques.org\/magazine\/article\/proces-du-25\">\u00ab\u00a0antiracisme politique\u00a0\u00bb<\/a>, s\u2019est tenu un meeting \u00ab\u00a0contre l\u2019escalade islamophobe et liberticide\u00a0\u00bb et la \u00ab\u00a0fuite en avant s\u00e9curitaire, militariste, raciste et ultralib\u00e9rale\u00a0\u00bb impuls\u00e9es par le pouvoir en place.\u00a0Le meeting a pris la forme d\u2019un \u00ab\u00a0proc\u00e8s public\u00a0\u00bb, au cours duquel les \u00ab\u00a0accus\u00e9-e-s\u00a0\u00bb avaient \u00e0 r\u00e9pondre d\u2019un \u00ab\u00a0r\u00e9quisitoire\u00a0\u00bb \u00e0 charge prononc\u00e9 par Nacira Gu\u00e9nif-Souilamas, dans le r\u00f4le de \u00ab\u00a0pr\u00e9sidente du tribunal\u00a0\u00bb, avec l\u2019aide d\u2019Omar Slaouti, dans celui du \u00ab\u00a0procureur\u00a0g\u00e9n\u00e9ral\u00bb. Convoqu\u00e9 \u00e0 la barre, Stathis Kouv\u00e9lakis a eu \u00e0 r\u00e9pondre de son \u00ab\u00a0inaptitude \u00e0 comprendre quoi que ce soit \u00e0 l\u2019universalisme fran\u00e7ais\u00a0\u00bb.<\/em><\/p>\n<p><a href=\"https:\/\/bruxelles-pantheres.be\/wp-content\/uploads\/2016\/06\/gibier-flic.large_.jpg\"><img decoding=\"async\" class=\"alignnone size-full wp-image-2870\" src=\"https:\/\/bruxelles-pantheres.be\/wp-content\/uploads\/2016\/06\/gibier-flic.large_.jpg\" alt=\"gibier-flic.large\" width=\"950\" height=\"265\" srcset=\"https:\/\/bruxelles-pantheres.be\/wp-content\/uploads\/2016\/06\/gibier-flic.large_.jpg 950w, https:\/\/bruxelles-pantheres.be\/wp-content\/uploads\/2016\/06\/gibier-flic.large_-300x84.jpg 300w, https:\/\/bruxelles-pantheres.be\/wp-content\/uploads\/2016\/06\/gibier-flic.large_-768x214.jpg 768w\" sizes=\"(max-width: 950px) 100vw, 950px\" \/><\/a><\/p>\n<p>Madame la pr\u00e9sidente, je plaide coupable de ce qui m\u2019est reproch\u00e9. Je suis en effet incapable de comprendre cet \u00e9trange objet qu\u2019est l\u2019 \u00ab\u00a0universalisme fran\u00e7ais\u00a0\u00bb, ou plut\u00f4t la fa\u00e7on dont la r\u00e9f\u00e9rence \u00e0 l\u2019universel fonctionne dans le discours dominant de cette soci\u00e9t\u00e9. Il y a diverses raisons \u00e0 cela, sur lesquelles je m\u2019expliquerai dans un instant, mais vous me permettrez de commencer par celle-ci, qui est d\u2019ordre, disons, plus personnel. Jeune \u00e9tudiant fra\u00eechement arriv\u00e9 en France de mon Ath\u00e8nes natal, mon bapt\u00eame du feu en mati\u00e8re de manifestation s\u2019est fait en une belle journ\u00e9e de d\u00e9cembre 1983 avec la dite \u00ab\u00a0marche pour l\u2019\u00e9galit\u00e9 et contre le racisme\u00a0\u00bb. Si donc une marche, qui avait sillonn\u00e9e la France avant de rassembler une foule consid\u00e9rable \u00e0 Paris, s\u2019\u00e9tait av\u00e9r\u00e9e n\u00e9cessaire pour r\u00e9clamer l\u2019\u00e9galit\u00e9 et la fin du racisme, c\u2019\u00e9tait, ai-je na\u00efvement pens\u00e9, qu\u2019il y avait un probl\u00e8me de taille de ce c\u00f4t\u00e9.<\/p>\n<p>De cette journ\u00e9e, je n\u2019oublierai jamais les dizaines de portraits de toute taille que brandissaient les m\u00e8res, les s\u0153urs, les ami-e-s des jeunes abattus par la police ou par des particuliers, dont l\u2019\u00e9vident point commun \u00e9tait d\u2019\u00eatre \u00ab\u00a0issus de l\u2019immigration\u00a0\u00bb comme on dit. Autant de crimes impunis, qui montraient de la fa\u00e7on la plus \u00e9loquente que la vie humaine en France ne valait, et ne vaut toujours pas pareil selon que l\u2019on s\u2019appelle Rachid, Zyed, Bouna ou Marcel. Autant de crimes qui, comme l\u2019ont expliqu\u00e9 de fa\u00e7on minutieuse mes co-accus\u00e9s, r\u00e9v\u00e8lent l\u2019ampleur du racisme d\u2019Etat et de la racialisation des relations sociales que celui-ci condense.<\/p>\n<p>A propos de l\u2019universalisme fran\u00e7ais, ou plut\u00f4t de l\u2019universalisme en France, on pourrait donc reprendre la phrase attribu\u00e9e, \u00e0 tort semblerait-il, \u00e0 Gandhi lequel, \u00e0 la question \u00ab\u00a0que pensez-vous de la civilisation occidentale\u00a0?\u00a0\u00bb\u00a0aurait r\u00e9pondu \u00ab\u00a0ce serait une bonne id\u00e9e\u00a0\u00bb. Il parait en effet difficile de r\u00e9agir autrement face \u00e0 la t\u00e9nacit\u00e9 de ce racisme d\u2019Etat mais aussi au refus non moins tenace d\u2019en reconna\u00eetre l\u2019existence et d\u2019avoir un d\u00e9bat sur cette question. C\u2019est peut-\u00eatre cela d\u2019ailleurs qui en fait la sp\u00e9cificit\u00e9, car le ph\u00e9nom\u00e8ne lui-m\u00eame ne conna\u00eet pas de fronti\u00e8res, comme le capitalisme du reste, \u00e0 l\u2019histoire duquel il est indissociablement li\u00e9. Dans le degr\u00e9 de la d\u00e9n\u00e9gation dont il fait par contre l\u2019objet, il y a sans doute une particularit\u00e9 fran\u00e7aise, qui renvoie \u00e0 la fa\u00e7on dont s\u2019est constitu\u00e9 dans ce pays un discours \u00e0 pr\u00e9tention universaliste en tant que fondement du r\u00e9cit national. De la France de 1789 et des droits de l\u2019homme, il est question \u00e0 chaque instant. Mais il a fallu attendre la fin des ann\u00e9es 1990 pour qu\u2019un premier ministre, qui, quoi qu\u2019on en pense par ailleurs, n\u2019a pas oubli\u00e9 qu\u2019il avait milit\u00e9 dans sa jeunesse contre le colonialisme, d\u00e9signe par son nom cet \u00e9v\u00e9nement central dans l\u2019histoire fran\u00e7aise contemporaine que f\u00fbt la guerre d\u2019Alg\u00e9rie.<\/p>\n<p>Cette occultation \u00e9quivaut \u00e0 une op\u00e9ration r\u00e9it\u00e9r\u00e9e d\u2019exclusion du r\u00e9cit national des moments jug\u00e9s g\u00eanants, car contraires \u00e0 l\u2019image v\u00e9hicul\u00e9e par un moment fondateur mythifi\u00e9. Elle entra\u00eene \u00e9galement dans son sillage l\u2019exclusion des acteurs qui sont les porteurs de cette m\u00e9moire ni\u00e9e \u2013 et de leurs descendants. Mais il y a peut-\u00eatre plus grave encore. Depuis plusieurs ann\u00e9es, on assiste en effet \u00e0 une reprise de discours anciens, d\u00e9tourn\u00e9s de leur sens originel et destin\u00e9s \u00e0 redoubler cette op\u00e9ration d\u2019exclusion. C\u2019est tout particuli\u00e8rement \u00e0 ce fondement du discours n\u00e9or\u00e9publicain, qu\u2019est la \u00ab\u00a0la\u00efcit\u00e9\u00a0\u00bb. Au lieu de signifier la s\u00e9paration de l\u2019Eglise et de l\u2019Etat et le refus de tout privil\u00e8ge \u00e0 un culte, elle est devenue un instrument de stigmatisation dirig\u00e9e contre l\u2019islam et les musulmans, ou suppos\u00e9s tels, qu\u2019elle vise \u00e0 rel\u00e9guer au rang de parias qu\u2019elles ou ils soient ou non citoyen-ne-s de ce pays. On arrive alors au comble du paradoxe qui consiste \u00e0 transformer ce qui f\u00fbt un acquis de libert\u00e9 et un moyen de lutte contre une institution r\u00e9actionnaire surpuissante, l\u2019Eglise catholique, dont l\u2019emprise tyrannique a \u00e9t\u00e9 durement ressentie pendant des si\u00e8cles, en outil d\u2019oppression de secteurs parmi les plus exploit\u00e9s et domin\u00e9s dans la soci\u00e9t\u00e9 actuelle.<\/p>\n<p>Il y a cependant une autre dimension, peut-\u00eatre plus pernicieuse, de cette op\u00e9ration d\u2019exclusion, de d\u00e9ni de citoyennet\u00e9 si ce n\u2019est d\u2019humanit\u00e9, en r\u00e9alit\u00e9 les deux vont de pair, toute la question du racisme est l\u00e0 en un sens. Cette autre dimension, dont il me faut donc dire quelques mots, c\u2019est celle de l\u2019Europe, dans le sens o\u00f9 elle est actuellement comprise, \u00e0 savoir l\u2019Union Europ\u00e9enne. La Gr\u00e8ce, vous le savez sans doute, est soumise depuis maintenant six ans un r\u00e9gime d\u2019aust\u00e9rit\u00e9 de choc, incontestablement le plus d\u00e9vastateur et violent jamais mis en place dans un pays ouest-europ\u00e9en depuis la guerre. Ce r\u00e9gime n\u2019a pu se mettre en place qu\u2019accompagn\u00e9 d\u2019une mise sous tutelle du pays de la part de ses cr\u00e9anciers, v\u00e9ritable entreprise n\u00e9ocoloniale dont le nom est \u00ab\u00a0Tro\u00efka\u00a0\u00bb. Cette Tro\u00efka est constitu\u00e9e de l\u2019Union Europ\u00e9enne ou d\u2019institutions qui en d\u00e9pendent directement, et elle s\u2019est associ\u00e9e aux services du FMI, bien connu pour son expertise en mati\u00e8re de th\u00e9rapies de choc administr\u00e9es aux pays du Sud. Or quel est le discours qui a massivement accompagn\u00e9e la mise en place de ce r\u00e9gime\u00a0et qui visait \u00e0 le justifier\u00a0? C\u2019est l\u2019image de Grecs paresseux, d\u00e9pensiers, corrompus, jouissant d\u2019une <em>dolce vita<\/em> ensoleill\u00e9e aux d\u00e9pens de leurs vertueux \u00ab\u00a0partenaires\u00a0\u00bb d\u2019Europe du nord. Il \u00e9tait donc normal qu\u2019ils paient et qu\u2019ils souffrent pour se racheter de leurs p\u00e9ch\u00e9s et profiter de l\u2019occasion qui leur est si g\u00e9n\u00e9reusement offerte de rentrer dans le droit chemin europ\u00e9en.<\/p>\n<p>Ce \u00e0 quoi on a assist\u00e9, en d\u2019autres termes, c\u2019est \u00e0 la reprise des st\u00e9r\u00e9otypes de l\u2019orientalisme, d\u00e9peignant un Orient avachi, attard\u00e9 et sournois, r\u00e9actualis\u00e9s \u00e0 l\u2019aide des carte-postales de vacances. Peu de temps apr\u00e8s on a vu fleurir des discours similaires \u00e0 propos des pays qu\u2019on a nomm\u00e9s de fa\u00e7on parlante les \u00ab\u00a0PIGS \u2013 cochons en anglais \u2013 \u00e0 savoir le Portugal, l\u2019Espagne et l\u2019Irlande, eux aussi soumis aux c\u00f4t\u00e9s de la Gr\u00e8ce \u00e0 des plans draconiens d\u2019aust\u00e9rit\u00e9 et de mise sous tutelle. Et il y a quelques jours \u00e0 peine, le ministre des finances allemand Wolfgang Sch\u00e4uble, s\u2019adressant \u00e0 son homologue \u00e9tatsunien Jack Lew, a d\u00e9clar\u00e9\u00a0: \u00ab\u00a0nous accepterons Porto Rico dans l\u2019euro si vous vous chargez\u00a0 de la Gr\u00e8ce\u00a0\u00bb. Voil\u00e0 qui n\u2019est pas sans rappeler la fa\u00e7on dont les Irlandais \u00e9taient d\u00e9sign\u00e9s au temps de l\u2019Angleterre victorienne\u00a0: \u00ab\u00a0les n\u00e8gres de l\u2019Europe\u00a0\u00bb. Or, il faut le souligner, ce n\u2019est pas simplement un pass\u00e9 imp\u00e9rialiste et colonial qui refait surface ici. Ce discours est le produit des contradictions du pr\u00e9sent, celles d\u2019une Europe tout enti\u00e8re construite sur la n\u00e9gation compl\u00e8te de la d\u00e9mocratie, con\u00e7ue pour verrouiller un mod\u00e8le \u00e9conomique de plus en plus polaris\u00e9 et polarisant. Et on sait d\u2019exp\u00e9rience que, dans ces machines \u00e0 broyer les faibles, les perdants n\u2019ont droit qu\u2019au m\u00e9pris et \u00e0 l\u2019opprobre, stigmate racisant compris.<\/p>\n<p>Et pourtant ces perdants de la p\u00e9riph\u00e9rie europ\u00e9enne m\u00e9ridionale sont encore log\u00e9s \u00e0 meilleure enseigne que les centaines de milliers venant de l\u2019autre rive de la M\u00e9diterran\u00e9e, ou de plus loin encore, et pour lesquels cette mer est devenue synonyme de charnier liquide. Selon les derni\u00e8res estimations, plus de vingt-mille auraient laiss\u00e9 leur vie en tentant cette travers\u00e9e depuis la fin des ann\u00e9es 1980 et la construction de ce qu\u2019on appelle l\u2019 \u00ab\u00a0Europe forteresse\u00a0\u00bb, et qui n\u2019est que l\u2019autre versant de la\u00a0 machine de guerre n\u00e9olib\u00e9ral qui si\u00e8ge \u00e0 Bruxelles et Francfort. L\u2019anonymat qui pr\u00e9vaut dans cette mise \u00e0 mort en masse se d\u00e9roulant aux portes de cette forteresse, la plupart du temps dans le silence et l\u2019indiff\u00e9rence, ne laisse aucun doute sur le fait que ce qui s\u00e9pare la forteresse Europe de son ext\u00e9rieur n\u2019est autre que la fronti\u00e8re entre l\u2019humanit\u00e9 pleine, c\u2019est-\u00e0-dire europ\u00e9enne, occidentale et blanche, et la sous-humanit\u00e9 \u00e0 laquelle sont r\u00e9duits les peuples du Sud. Dans cette hi\u00e9rarchie, le r\u00f4le d\u00e9volu aux Europ\u00e9ens blancs de seconde zone tels que les Grecs, est, en plus d\u2019accepter docilement leur asservissement \u00e0 leurs bailleurs de fonds, celui d\u2019\u00eatre les garde-chiourmes de la forteresse, comme l\u2019illustre \u00e0 merveille l\u2019accord inique sign\u00e9 en mars dernier entre l\u2019UE et la Turquie.<\/p>\n<p>Apr\u00e8s la capitulation honteuse de son gouvernement, initialement \u00e9lu pour renverser les politiques dont il est aujourd\u2019hui devenu le fid\u00e8le serviteur, le combat du peuple grec est entr\u00e9 dans une phase difficile. Plus que jamais la convergence des luttes des opprim\u00e9s et des exploit\u00e9s, entre secteurs sociaux au sein d\u2019un m\u00eame pays et par-del\u00e0 les fronti\u00e8res, est n\u00e9cessaire pour briser la cage de fer du capital \u00a0et de ses institutions. Il ne s\u2019agit pas d\u2019une quelconque \u00ab\u00a0solidarit\u00e9\u00a0\u00bb, ni m\u00eame d\u2019une simple alliance, mais de la construction d\u2019une lutte unifi\u00e9e contre un adversaire commun. Dans ce combat, qui prend forme sous nos yeux malgr\u00e9 les \u00e9checs et les vicissitudes, le caract\u00e8re imp\u00e9rialiste \u2013 car il faut appeler les choses par leur nom \u2013 de l\u2019Union Europ\u00e9enne se r\u00e9v\u00e8le et se r\u00e9v\u00e8lera davantage encore sous son jour le plus cru.<\/p>\n<p>C\u2019est dans ce combat que s\u2019articuleront les luttes contre le n\u00e9olib\u00e9ralisme, le racisme et l\u2019imp\u00e9rialisme conduites dans le centre du capitalisme mondial avec celles du Sud global, d\u00e9sormais pr\u00e9sent jusque dans le centre lui-m\u00eame. C\u2019est ce combat qui donnera une force nouvelle aux phrases inoubliables par lesquelles Frantz Fanon concluait les <em>Damn\u00e9s de la terre<\/em>\u00a0:<\/p>\n<blockquote><p>\u00ab\u00a0si nous voulons r\u00e9pondre \u00e0 l&rsquo;attente des Europ\u00e9ens, il ne faut pas leur renvoyer une image, m\u00eame id\u00e9ale, de leur soci\u00e9t\u00e9 et de leur pens\u00e9e pour lesquelles ils \u00e9prouvent \u00e9pisodiquement une immense naus\u00e9e. Pour l\u2019Europe, pour nous m\u00eame et pour l\u2019humanit\u00e9, camarades, il faut faire peau neuve, d\u00e9velopper une pens\u00e9e neuve, tenter de mettre sur pied un homme neuf\u00a0\u00bb.<\/p><\/blockquote>\n<p>Je plaide donc coupable car seul \u00e0 mes yeux cet universalisme-l\u00e0, l\u2019universalisme r\u00e9volutionnaire, vaut la peine d\u2019\u00eatre d\u00e9fendu, en France aussi bien que partout ailleurs dans le monde.<\/p>\n<p>&nbsp;<\/p>\n<p><em>Nos contenus sont plac\u00e9s sous la licence Creative Commons (CC BY-NC-ND 3.0 FR). Toute parution peut \u00eatre librement reprise et partag\u00e9e \u00e0 des fins non commerciales, \u00e0 la condition de ne pas la modifier et de mentionner auteur\u00b7e(s) et URL d&rsquo;origine activ\u00e9e.<\/em><\/p>\n<div class=\"field field-type-datestamp field-field-date\">\n<div class=\"field-items\">\n<div class=\"field-item odd\">\n<div class=\"field-label-inline-first\">date:<\/div>\n<p><span class=\"date-display-single\">01\/06\/2016 &#8211; 07:28<\/span><\/div>\n<\/div>\n<\/div>\n<h6><span class=\"authors\"><a href=\"http:\/\/www.contretemps.eu\/auteurs\/stathis-kouvelakis\">Stathis Kouvelakis<\/a><\/span><\/h6>\n","protected":false},"excerpt":{"rendered":"<p>Le 25 mai 2016, \u00e0 l\u2019appel du plusieurs organisations et r\u00e9seaux militants se r\u00e9clamant de l\u2019 \u00ab\u00a0antiracisme politique\u00a0\u00bb, s\u2019est tenu un meeting \u00ab\u00a0contre l\u2019escalade islamophobe et liberticide\u00a0\u00bb et la \u00ab\u00a0fuite en avant s\u00e9curitaire, militariste, raciste et ultralib\u00e9rale\u00a0\u00bb impuls\u00e9es par le pouvoir en place.\u00a0Le meeting a pris la forme d\u2019un \u00ab\u00a0proc\u00e8s public\u00a0\u00bb, au cours duquel les &#8230; <a title=\"\u00ab Je plaide donc coupable\u2026 \u00bb. Contre l\u2019ordre n\u00e9o-r\u00e9publicain, pour l\u2019universalisme r\u00e9volutionnaire\" class=\"read-more\" href=\"https:\/\/bruxelles-pantheres.be\/?p=2869\" aria-label=\"En savoir plus sur \u00ab Je plaide donc coupable\u2026 \u00bb. Contre l\u2019ordre n\u00e9o-r\u00e9publicain, pour l\u2019universalisme r\u00e9volutionnaire\">Lire la suite<\/a><\/p>\n","protected":false},"author":1,"featured_media":2870,"comment_status":"open","ping_status":"open","sticky":false,"template":"","format":"standard","meta":{"footnotes":""},"categories":[36,4,7,8,18,28,37,39,5],"tags":[54,15],"class_list":["post-2869","post","type-post","status-publish","format-standard","has-post-thumbnail","hentry","category-europe","category-islamophobie","category-negrophobie","category-prisons","category-resistance-bruxelles","category-racismes","category-romophobie","category-sans-papier","category-violence-policiere","tag-police","tag-resistance"],"_links":{"self":[{"href":"https:\/\/bruxelles-pantheres.be\/index.php?rest_route=\/wp\/v2\/posts\/2869","targetHints":{"allow":["GET"]}}],"collection":[{"href":"https:\/\/bruxelles-pantheres.be\/index.php?rest_route=\/wp\/v2\/posts"}],"about":[{"href":"https:\/\/bruxelles-pantheres.be\/index.php?rest_route=\/wp\/v2\/types\/post"}],"author":[{"embeddable":true,"href":"https:\/\/bruxelles-pantheres.be\/index.php?rest_route=\/wp\/v2\/users\/1"}],"replies":[{"embeddable":true,"href":"https:\/\/bruxelles-pantheres.be\/index.php?rest_route=%2Fwp%2Fv2%2Fcomments&post=2869"}],"version-history":[{"count":1,"href":"https:\/\/bruxelles-pantheres.be\/index.php?rest_route=\/wp\/v2\/posts\/2869\/revisions"}],"predecessor-version":[{"id":2871,"href":"https:\/\/bruxelles-pantheres.be\/index.php?rest_route=\/wp\/v2\/posts\/2869\/revisions\/2871"}],"wp:featuredmedia":[{"embeddable":true,"href":"https:\/\/bruxelles-pantheres.be\/index.php?rest_route=\/wp\/v2\/media\/2870"}],"wp:attachment":[{"href":"https:\/\/bruxelles-pantheres.be\/index.php?rest_route=%2Fwp%2Fv2%2Fmedia&parent=2869"}],"wp:term":[{"taxonomy":"category","embeddable":true,"href":"https:\/\/bruxelles-pantheres.be\/index.php?rest_route=%2Fwp%2Fv2%2Fcategories&post=2869"},{"taxonomy":"post_tag","embeddable":true,"href":"https:\/\/bruxelles-pantheres.be\/index.php?rest_route=%2Fwp%2Fv2%2Ftags&post=2869"}],"curies":[{"name":"wp","href":"https:\/\/api.w.org\/{rel}","templated":true}]}}