{"id":287,"date":"2013-06-09T01:55:18","date_gmt":"2013-06-09T00:55:18","guid":{"rendered":"https:\/\/bruxelles-pantheres.be\/?p=287"},"modified":"2013-11-10T01:57:51","modified_gmt":"2013-11-10T00:57:51","slug":"hassen-chalghoumi-un-imam-faussaire","status":"publish","type":"post","link":"https:\/\/bruxelles-pantheres.be\/?p=287","title":{"rendered":"Hassen Chalghoumi : un imam faussaire"},"content":{"rendered":"<div>\n<h5><img decoding=\"async\" alt=\"http:\/\/4.bp.blogspot.com\/-RUaSgylrx-0\/UWHcLWNmigI\/AAAAAAAAQJE\/p4iQLYjIVrk\/s640\/fourest-chalghoumi.jpg\" src=\"https:\/\/lh3.ggpht.com\/-RUaSgylrx-0\/UWHcLWNmigI\/AAAAAAAAQJE\/p4iQLYjIVrk\/s640\/fourest-chalghoumi.jpg\" \/><\/h5>\n<article>\n<div>\n<address><strong>Hassen Chalghoumi\u00a0: un imam faussaire<\/strong><\/address>\n<p><em>Billet d\u2019humeur<\/em><\/p>\n<p><strong>En allumant mon t\u00e9l\u00e9viseur, j\u2019ai pu voir sur le plateau de Laurent Ruquier d\u2019<em>On n\u2019est pas couch\u00e9 <\/em>l\u2019imam de Drancy, Hassen Chalghoumi accompagn\u00e9 du pr\u00e9sentateur vedette du JT du 20\u00a0h, David Pujadas pour <\/strong><strong>la sortie de son dernier ouvrage, <em>\u00ab\u00a0Agissons avant qu\u2019il ne soit trop tard\u00a0\u00bb. <\/em>Hassen Chalghoumi est de loin l\u2019imam le plus pr\u00e9sent m\u00e9diatiquement. Qui repr\u00e9sente-t-il\u00a0? La communaut\u00e9 musulmane ou lui-m\u00eame\u00a0?<!--more--><\/strong><\/p>\n<p>Hassen Chalghoumi ne s\u2019est pas impos\u00e9, mais a \u00e9t\u00e9 impos\u00e9 comme imam de Drancy par Jean-Christophe Lagarde, maire centriste de cette ville. Arriv\u00e9 en 1996\u00a0en France de Tunisie, il devient pr\u00e9sident d\u2019une association, qui, comme par hasard, devient l\u2019interlocutrice privil\u00e9gi\u00e9e du maire. Chalghoumi est l\u2019imam pressenti. Le maire financera la construction de la mosqu\u00e9e et nommera l\u2019\u00e9minent Hassen Chalghoumi comme imam.<\/p>\n<p><strong>93\u00a0! Repr\u00e9sente\u2026<\/strong><\/p>\n<p>Sa repr\u00e9sentativit\u00e9 et la place m\u00e9diatique qu\u2019il occupe sont inversement proportionnelles. Pascal Boniface, directeur de l\u2019Institut des relations internationales et strat\u00e9giques (IRIS) l\u2019explique tr\u00e8s bien dans le site du \u00a0<em>Nouvel Observateur<\/em>\u00a0:\u00a0\u00a0<em>\u00ab\u00a0l\u2019imam Chalghoumi renforce malgr\u00e9 lui les pr\u00e9jug\u00e9s sur les musulmans\u00a0\u00bb<\/em>. <em>\u00ab\u00a0Le message qui est envoy\u00e9 au public c\u2019est qu\u2019un imam mod\u00e9r\u00e9 est rejet\u00e9 par ses coreligionnaires qui sont donc, dans leur majorit\u00e9, extr\u00e9mistes. La mise en sc\u00e8ne de Chalghoumi, loin de combattre le pr\u00e9jug\u00e9 d\u2019un islam radical et intol\u00e9rant, le conforte puissamment\u00a0\u00bb. <\/em>Au sujet de la repr\u00e9sentativit\u00e9, il explique <em>\u00ab\u00a0Il n\u2019est en rien repr\u00e9sentatif des musulmans. Ce sont les m\u00e9dias et quelques responsables politiques qui le d\u00e9signent comme tel. D\u2019o\u00f9 un grand malaise provoquant un rejet, les musulmans refusant de se voir assigner par des non-musulmans un repr\u00e9sentant qu\u2019ils n\u2019acceptent pas\u00a0\u00bb<\/em>. Il ajoute, <em>\u00ab\u00a0Si Chalghoumi est rejet\u00e9, ce n\u2019est pas parce qu\u2019il est mod\u00e9r\u00e9, comme certains veulent le faire croire, mais parce qu\u2019il est ill\u00e9gitime. Il est d\u00e9sign\u00e9 repr\u00e9sentant d\u2019une communaut\u00e9 par ceux qui n\u2019y appartiennent pas.\u00a0\u00bb<\/em><\/p>\n<p>&nbsp;<\/p>\n<p>Comment peut-il se targuer de repr\u00e9senter la communaut\u00e9 musulmane quand ce dernier ne participe pas au travail associatif qui lui est incomb\u00e9\u00a0? Le pr\u00eatre Jean Courtaudi\u00e8re, d\u00e9l\u00e9gu\u00e9 du dialogue avec l\u2019islam au dioc\u00e8se de Seine-Saint-Denis clame que\u00a0 \u00ab\u00a0l\u2019imam de Drancy n\u2019\u0153uvre pas avec les autres communaut\u00e9s musulmanes du d\u00e9partement. Dans ces conditions, l\u2019\u00c9glise s\u2019impose la prudence, car on ne peut pas soutenir quelqu\u2019un qui ne travaille pas avec la communaut\u00e9 musulmane\u00a0\u00bb.<\/p>\n<p><strong>J\u2019accuse<\/strong><\/p>\n<p>Je le condamne, car il installe des cam\u00e9ras dans sa mosqu\u00e9e. Je le condamne, car il ne laisse pas rentrer certains fid\u00e8les qui ne se sont pas pli\u00e9s \u00e0 ses d\u00e9sirs. (Ces fid\u00e8les apparaissent dans le documentaire \u2018Les r\u00e9seaux de l\u2019extr\u00eame\u2019 de Caroline Fourest comme des personnes ultrapolitis\u00e9es et violentes supportant le Hamas). Je le condamne, car lorsqu\u2019il va en Isra\u00ebl pendant l\u2019Op\u00e9ration Pilier D\u00e9fense, il n\u2019a pas le courage de condamner l\u2019agression isra\u00e9lienne commise sur Gaza. Je le condamne parce qu\u2019il se plie au bon vouloir du CRIF qui le voit comme l\u2019arabe de service, car ne sera pas critique envers leur soutien inconditionnel envers la politique d\u2019Isra\u00ebl. Je le condamne, car il r\u00e9sout ce conflit \u00e0 un conflit religieux. Si l\u2019occupation des territoires palestiniens a un caract\u00e8re religieux, qu\u2019on me l\u2019explique. J\u2019ai en t\u00eate la phrase du c\u00e9l\u00e8bre pr\u00eatre sud-africain, Desmond Tutu connu pour son combat de l\u2019Apartheid aux c\u00f4t\u00e9s de Nelson Mandela: \u00ab\u00a0Si vous \u00eates neutre face \u00e0 une injustice, vous avez choisi le camp de l\u2019oppresseur\u00a0\u00bb.<\/p>\n<p>Lorsqu\u2019il va se rendre chez la famille d\u2019un des soldats tu\u00e9s par Mohamed Merah (accompagn\u00e9 des cam\u00e9ras), je ne peux que saluer sa d\u00e9marche, mais \u00e9tait-ce sinc\u00e8re ou juste de la communication\u00a0? Il ne veut pas qu\u2019il y ait des imams de l\u2019\u00e9tranger qui viennent en France. A-t-il oubli\u00e9 qu\u2019il \u00e9tait Tunisien\u00a0? Qu\u2019il montre l\u2019exemple et qu\u2019il laisse place aux musulmans de France qui connaissent les r\u00e9alit\u00e9s de leur pays.<\/p>\n<p>Son islam de France rime avec un islam de servitude. Je ne veux pas de cet islam \u00e0 genou amput\u00e9 de certains de ses principes. Est-ce possible d\u2019appliquer sa religion scrupuleusement sans qu\u2019on nous associe \u00e0 des djihadistes violents tirant au ciel\u00a0? Alors oui, son discours \u00e9tait correct lors de l\u2019\u00e9mission. Cependant, il a plus desservi \u00e0 sa communaut\u00e9 qu\u2019il en a \u00e9t\u00e9 utile. Il se dit repr\u00e9sentatif et \u00eatre d\u00e9test\u00e9 d\u2019une minorit\u00e9 excit\u00e9e, je serai curieux de faire un sondage sur le nombre de musulmans qui se reconnaissent en lui. Arr\u00eatons ce cin\u00e9ma qui ne fait envier personne. Malheureusement, la seule lumi\u00e8re qui illumine cet homme est celle des projecteurs.<\/p>\n<p>&nbsp;<\/p>\n<p><a href=\"http:\/\/newsaloha.tumblr.com\/post\/43650810179\"><em>Mou\u00e2d Salhi<\/em><\/a><\/p>\n<\/div>\n<\/article>\n<\/div>\n","protected":false},"excerpt":{"rendered":"<p>Hassen Chalghoumi\u00a0: un imam faussaire Billet d\u2019humeur En allumant mon t\u00e9l\u00e9viseur, j\u2019ai pu voir sur le plateau de Laurent Ruquier d\u2019On n\u2019est pas couch\u00e9 l\u2019imam de Drancy, Hassen Chalghoumi accompagn\u00e9 du pr\u00e9sentateur vedette du JT du 20\u00a0h, David Pujadas pour la sortie de son dernier ouvrage, \u00ab\u00a0Agissons avant qu\u2019il ne soit trop tard\u00a0\u00bb. Hassen Chalghoumi &#8230; <a title=\"Hassen Chalghoumi : un imam faussaire\" class=\"read-more\" href=\"https:\/\/bruxelles-pantheres.be\/?p=287\" aria-label=\"En savoir plus sur Hassen Chalghoumi : un imam faussaire\">Lire la suite<\/a><\/p>\n","protected":false},"author":1,"featured_media":288,"comment_status":"open","ping_status":"open","sticky":false,"template":"","format":"standard","meta":{"footnotes":""},"categories":[4],"tags":[31],"class_list":["post-287","post","type-post","status-publish","format-standard","has-post-thumbnail","hentry","category-islamophobie","tag-belgique"],"_links":{"self":[{"href":"https:\/\/bruxelles-pantheres.be\/index.php?rest_route=\/wp\/v2\/posts\/287","targetHints":{"allow":["GET"]}}],"collection":[{"href":"https:\/\/bruxelles-pantheres.be\/index.php?rest_route=\/wp\/v2\/posts"}],"about":[{"href":"https:\/\/bruxelles-pantheres.be\/index.php?rest_route=\/wp\/v2\/types\/post"}],"author":[{"embeddable":true,"href":"https:\/\/bruxelles-pantheres.be\/index.php?rest_route=\/wp\/v2\/users\/1"}],"replies":[{"embeddable":true,"href":"https:\/\/bruxelles-pantheres.be\/index.php?rest_route=%2Fwp%2Fv2%2Fcomments&post=287"}],"version-history":[{"count":1,"href":"https:\/\/bruxelles-pantheres.be\/index.php?rest_route=\/wp\/v2\/posts\/287\/revisions"}],"predecessor-version":[{"id":289,"href":"https:\/\/bruxelles-pantheres.be\/index.php?rest_route=\/wp\/v2\/posts\/287\/revisions\/289"}],"wp:featuredmedia":[{"embeddable":true,"href":"https:\/\/bruxelles-pantheres.be\/index.php?rest_route=\/wp\/v2\/media\/288"}],"wp:attachment":[{"href":"https:\/\/bruxelles-pantheres.be\/index.php?rest_route=%2Fwp%2Fv2%2Fmedia&parent=287"}],"wp:term":[{"taxonomy":"category","embeddable":true,"href":"https:\/\/bruxelles-pantheres.be\/index.php?rest_route=%2Fwp%2Fv2%2Fcategories&post=287"},{"taxonomy":"post_tag","embeddable":true,"href":"https:\/\/bruxelles-pantheres.be\/index.php?rest_route=%2Fwp%2Fv2%2Ftags&post=287"}],"curies":[{"name":"wp","href":"https:\/\/api.w.org\/{rel}","templated":true}]}}