{"id":2876,"date":"2016-06-08T10:44:37","date_gmt":"2016-06-08T09:44:37","guid":{"rendered":"https:\/\/bruxelles-pantheres.be\/?p=2876"},"modified":"2016-06-08T10:47:30","modified_gmt":"2016-06-08T09:47:30","slug":"ftour-debout-de-saint-denis-a-molenbeek-resistance-et-dignite","status":"publish","type":"post","link":"https:\/\/bruxelles-pantheres.be\/?p=2876","title":{"rendered":"Ftour Debout : De Saint-Denis \u00e0 Molenbeek, r\u00e9sistance et Dignit\u00e9"},"content":{"rendered":"<div class=\"chapo surlignable\">\n<p><a href=\"https:\/\/bruxelles-pantheres.be\/wp-content\/uploads\/2016\/06\/5d75f57a8aa1cd0068cb893ff2ca8da2.jpg\"><img decoding=\"async\" class=\"alignnone size-full wp-image-2877\" src=\"https:\/\/bruxelles-pantheres.be\/wp-content\/uploads\/2016\/06\/5d75f57a8aa1cd0068cb893ff2ca8da2.jpg\" alt=\"5d75f57a8aa1cd0068cb893ff2ca8da2\" width=\"640\" height=\"234\" srcset=\"https:\/\/bruxelles-pantheres.be\/wp-content\/uploads\/2016\/06\/5d75f57a8aa1cd0068cb893ff2ca8da2.jpg 640w, https:\/\/bruxelles-pantheres.be\/wp-content\/uploads\/2016\/06\/5d75f57a8aa1cd0068cb893ff2ca8da2-300x110.jpg 300w\" sizes=\"(max-width: 640px) 100vw, 640px\" \/><\/a><\/p>\n<p>Apr\u00e8s la diffusion d\u2019une enqu\u00eate diffamatoire publi\u00e9e par le <i>Figaro Magazine<\/i> sur la ville de Saint-Denis et en solidarit\u00e9 avec celles et ceux qui sont chaque jour un peu plus stigmatis\u00e9s et discrimin\u00e9s, plusieurs associations appellent \u00e0 Ftour Debout ce samedi 11 juin 2016 \u00e0 partir de 20h.<\/p>\n<\/div>\n<div class=\"texte surlignable\">\n<p>La \u00ab\u00a0discrimination au code postal\u00a0\u00bb est une vielle pratique du racisme en France. La s\u00e9gr\u00e9gation urbaine a, depuis au moins les ann\u00e9es 1960, dessin\u00e9 la carte des territoires non pas \u00ab\u00a0perdus\u00a0\u00bb mais abandonn\u00e9s par la R\u00e9publique.<\/p>\n<p>Pourtant, une r\u00e9cente publication du <i>Figaro Magazine<\/i> a r\u00e9veill\u00e9 la col\u00e8re des r\u00e9sidents de Saint-Denis et au-del\u00e0. Elle ne se contentait pas de jeter l\u2019opprobre sur une ville et ses habitants\u00a0; elle \u00e9tablissait un lien entre tous les stigmates que l\u2019on associe aux quartiers populaires (<i>\u00ab\u00a0communautarisme\u00a0\u00bb<\/i>, <i>\u00ab\u00a0islamisation\u00a0\u00bb<\/i>, <i>\u00ab\u00a0trafics\u00a0\u00bb<\/i>) et le terrorisme qui a r\u00e9cemment frapp\u00e9 en \u00cele-de-France. Par cette man\u0153uvre, Saint-Denis \u00e9tait mise en accusation, alors qu\u2019elle est victime, par deux fois\u00a0: en l\u2019occurrence, d\u2019abord victime des attentats du Stade de France, puis victime de l\u2019op\u00e9ration antiterroriste qui s\u2019est d\u00e9roul\u00e9e au centre ville.<\/p>\n<p>En effet, les habitants de l\u2019immeuble o\u00f9 r\u00e9sidaient Abaaoud et ses complices ont non seulement re\u00e7u une pluie de 5 000 munitions de la part des forces de police des heures durant, mais ont \u00e9t\u00e9 de surcro\u00eet d\u00e9log\u00e9s sans offre de relogement\u00a0; certains ont \u00e9t\u00e9 arbitrairement bless\u00e9s par les balles du Raid, d\u2019autres ont re\u00e7u, \u00e0 la suite des op\u00e9rations, des obligations de quitter le territoire fran\u00e7ais (OQTF), etc.<\/p>\n<p>Plus largement, l\u2019op\u00e9ration consiste \u00e0 faire endosser aux Noirs, aux Arabes, aux Rroms et \u00e0 tous les habitants des quartiers populaires la responsabilit\u00e9 de la catastrophe sociale qui les accable au travers des taux de ch\u00f4mage, du mal-logement, des violences polici\u00e8res, de l\u2019islamophobie et de tous les r\u00e9gimes d\u2019exception dont ils sont v\u00e9ritablement victimes.<\/p>\n<p>Cela d\u00e9passe la stigmatisation d\u2019une ville \u2013 que ce soit Saint-Denis ou Molenbeek. Ce sont des populations, notamment la communaut\u00e9 musulmane, qui sont vis\u00e9es de mani\u00e8re si syst\u00e9matique qu\u2019il est temps de parler de pers\u00e9cution.<\/p>\n<p>On ne peut plus se contenter d\u2019affirmer notre volont\u00e9 d\u2019appartenir \u00e0 \u00ab\u00a0une ville plurielle\u00a0\u00bb, ou notre attachement \u00e0 la \u00ab\u00a0mixit\u00e9 sociale\u00a0\u00bb et \u00e0 la \u00ab\u00a0diversit\u00e9\u00a0\u00bb.<\/p>\n<p>Si Saint-Denis doit aujourd\u2019hui incarner quelque chose, c\u2019est bien la r\u00e9sistance\u00a0: les luttes de l\u2019immigration et des quartiers qui trouvent souvent abri dans sa <i>Bourse du travai<\/i>l ne s\u2019y trompent pas et ce n\u2019est pas pour rien qu\u2019on y f\u00eate l\u2019insurrection gitane.<\/p>\n<p>Plus que notre fiert\u00e9 de vivre \u00e0 Saint-Denis ou \u00e0 Molenbeek, d\u2019\u00eatre du 93, ou encore d\u2019\u00eatre de ceux et de celles (de plus en plus nombreux) que les m\u00e9dias diffament, que la police maltraite, que le champ politique conspue, nous venons clamer notre dignit\u00e9, la poser comme une exigence.<\/p>\n<p>L\u2019actuelle virulence du bloc au pouvoir fait que cette exigence nous pouvons la mettre en partage avec tous ceux et celles qui aujourd\u2019hui se mettent debout.<\/p>\n<p>Nous vous invitons \u00e0 concr\u00e9tiser ce partage autour d\u2019une rupture du je\u00fbne en ce mois de Ramadan, <strong>le 11 juin 2016 sur l\u2019esplanade de la Basilique de Saint-Denis<\/strong>.<\/p>\n<p><strong>Rejoignez-nous \u00e0 partir de 20h, avec de quoi manger et se d\u00e9salt\u00e9rer<\/strong>, autour des organisations qui forment aujourd\u2019hui les luttes de l\u2019antiracisme politique\u00a0; nous entamerons notre repas \u00e0 la tomb\u00e9e de la nuit.<\/p>\n<p>Marhaba \u00e0 St Denis le 11 juin, 20h<\/p>\n<p>AVEC LA PARTICIPATION DE\u00a0:<\/p>\n<p>Urgence Notre Police Assassine (UNPA),<br class=\"autobr\" \/>Les Indivisibles, <br class=\"autobr\" \/>Front Uni de l\u2019Immigration et des quartiers populaires (FUIQP), <br class=\"autobr\" \/>Brigade Anti-N\u00e9grophobie (BAN), <br class=\"autobr\" \/>La Voix des Rroms, <br class=\"autobr\" \/>Parti des Indig\u00e8nes de la R\u00e9publique (PIR), <br class=\"autobr\" \/>Les Marcheuses de la Dignit\u00e9, <br class=\"autobr\" \/>Les organisatrices du Camp d\u2019\u00e9t\u00e9 D\u00e9colonial, <br class=\"autobr\" \/>Labo d\u00e9colonial, <br class=\"autobr\" \/>Commission non-mixte racis\u00e9e de Paris 8, <br class=\"autobr\" \/>Fondation Frantz Fanon, <br class=\"autobr\" \/>Union Juive Fran\u00e7aise pour la Paix (UJFP), <br class=\"autobr\" \/>Le site Contre-Attaque(s),<\/p>\n<p><strong>Bruxelles Panth\u00e8res<\/strong><br class=\"autobr\" \/>etc.<\/p>\n<\/div>\n","protected":false},"excerpt":{"rendered":"<p>Apr\u00e8s la diffusion d\u2019une enqu\u00eate diffamatoire publi\u00e9e par le Figaro Magazine sur la ville de Saint-Denis et en solidarit\u00e9 avec celles et ceux qui sont chaque jour un peu plus stigmatis\u00e9s et discrimin\u00e9s, plusieurs associations appellent \u00e0 Ftour Debout ce samedi 11 juin 2016 \u00e0 partir de 20h. La \u00ab\u00a0discrimination au code postal\u00a0\u00bb est une &#8230; <a title=\"Ftour Debout : De Saint-Denis \u00e0 Molenbeek, r\u00e9sistance et Dignit\u00e9\" class=\"read-more\" href=\"https:\/\/bruxelles-pantheres.be\/?p=2876\" aria-label=\"En savoir plus sur Ftour Debout : De Saint-Denis \u00e0 Molenbeek, r\u00e9sistance et Dignit\u00e9\">Lire la suite<\/a><\/p>\n","protected":false},"author":1,"featured_media":2877,"comment_status":"open","ping_status":"open","sticky":false,"template":"","format":"standard","meta":{"footnotes":""},"categories":[36,4,18],"tags":[31,15],"class_list":["post-2876","post","type-post","status-publish","format-standard","has-post-thumbnail","hentry","category-europe","category-islamophobie","category-resistance-bruxelles","tag-belgique","tag-resistance"],"_links":{"self":[{"href":"https:\/\/bruxelles-pantheres.be\/index.php?rest_route=\/wp\/v2\/posts\/2876","targetHints":{"allow":["GET"]}}],"collection":[{"href":"https:\/\/bruxelles-pantheres.be\/index.php?rest_route=\/wp\/v2\/posts"}],"about":[{"href":"https:\/\/bruxelles-pantheres.be\/index.php?rest_route=\/wp\/v2\/types\/post"}],"author":[{"embeddable":true,"href":"https:\/\/bruxelles-pantheres.be\/index.php?rest_route=\/wp\/v2\/users\/1"}],"replies":[{"embeddable":true,"href":"https:\/\/bruxelles-pantheres.be\/index.php?rest_route=%2Fwp%2Fv2%2Fcomments&post=2876"}],"version-history":[{"count":3,"href":"https:\/\/bruxelles-pantheres.be\/index.php?rest_route=\/wp\/v2\/posts\/2876\/revisions"}],"predecessor-version":[{"id":2880,"href":"https:\/\/bruxelles-pantheres.be\/index.php?rest_route=\/wp\/v2\/posts\/2876\/revisions\/2880"}],"wp:featuredmedia":[{"embeddable":true,"href":"https:\/\/bruxelles-pantheres.be\/index.php?rest_route=\/wp\/v2\/media\/2877"}],"wp:attachment":[{"href":"https:\/\/bruxelles-pantheres.be\/index.php?rest_route=%2Fwp%2Fv2%2Fmedia&parent=2876"}],"wp:term":[{"taxonomy":"category","embeddable":true,"href":"https:\/\/bruxelles-pantheres.be\/index.php?rest_route=%2Fwp%2Fv2%2Fcategories&post=2876"},{"taxonomy":"post_tag","embeddable":true,"href":"https:\/\/bruxelles-pantheres.be\/index.php?rest_route=%2Fwp%2Fv2%2Ftags&post=2876"}],"curies":[{"name":"wp","href":"https:\/\/api.w.org\/{rel}","templated":true}]}}