{"id":2891,"date":"2016-06-13T11:46:59","date_gmt":"2016-06-13T10:46:59","guid":{"rendered":"https:\/\/bruxelles-pantheres.be\/?p=2891"},"modified":"2016-06-13T11:46:59","modified_gmt":"2016-06-13T10:46:59","slug":"du-judeo-bolchevisme-a-lislamo-gauchisme-une-meme-tentative-de-faire-diversion","status":"publish","type":"post","link":"https:\/\/bruxelles-pantheres.be\/?p=2891","title":{"rendered":"Du \u00ab\u00a0jud\u00e9o-bolch\u00e9visme\u00a0\u00bb \u00e0 \u00ab\u00a0l&rsquo;islamo-gauchisme\u00a0\u00bb : une m\u00eame tentative de faire diversion"},"content":{"rendered":"<figure>\n<h5>\u00ab\u00a0L&rsquo;islamo-gauchisme\u00a0\u00bb, voil\u00e0 l&rsquo;ennemi. C&rsquo;est le message envoy\u00e9\u00a0r\u00e9guli\u00e8rement Manuel Valls dans ses diff\u00e9rentes prises de parole publiques. <a href=\"http:\/\/tempsreel.nouvelobs.com\/politique\/20160522.OBS1009\/valls-autain-tariq-ramadan-et-l-axe-islamo-gauchiste-polemique-en-4-actes.html\" target=\"_blank\">Un concept assez flou dans lequel le Premier ministre englobe\u00a0\u00e0 la fois Cl\u00e9mentine Autain et Tariq Ramadan<\/a>. Professeur d\u2019histoire contemporaine \u00e0 l\u2019universit\u00e9 de Tel-Aviv, Shlomo Sand s&rsquo;interroge sur l&rsquo;utilisation de cette rh\u00e9torique.<\/h5>\n<\/figure>\n<figure id=\"ultimedia_image\"><img decoding=\"async\" src=\"http:\/\/referentiel.nouvelobs.com\/wsfile\/8171455625611.jpg\" alt=\"\" width=\"640\" \/><\/figure>\n<p>Le Premier ministre Manuel Valls, le 6 f\u00e9vrier 2016 (N. MESSYASZ\/SIPA).<\/p>\n<p>&nbsp;<\/p>\n<p>Dans les ann\u00e9es 1930, en France comme dans d\u2019autres pays d\u2019Europe, les communistes et diverses personnalit\u00e9s de la gauche radicale \u00e9taient fr\u00e9quemment qualifi\u00e9s de \u00ab\u00a0jud\u00e9o-bolcheviks\u00a0\u00bb. Ainsi, par exemple, mon p\u00e8re qui, avant la Seconde Guerre mondiale, \u00e9tait un communiste polonais<em>, <\/em>\u00e9tait consid\u00e9r\u00e9 par les autorit\u00e9s et la presse du pays comme faisant partie de la<em> \u00ab\u00a0<\/em>Z<em>ydokomuna\u00a0\u00bb<\/em>.<\/p>\n<p>&nbsp;<\/p>\n<p>\u00c9tant donn\u00e9 que plusieurs dirigeants de la R\u00e9volution d\u2019Octobre, tout comme nombre de communistes et de d\u00e9fenseurs de l\u2019URSS, dans toute l\u2019Europe, \u00e9taient d\u2019origine juive, l\u2019association langagi\u00e8re entre juda\u00efsme et men\u00e9es subversives \u00e9tait tr\u00e8s populaire parmi les jud\u00e9ophobes.<\/p>\n<p>&nbsp;<\/p>\n<p><strong>Une symbiose propagandiste tr\u00e8s efficace<\/strong><\/p>\n<p>&nbsp;<\/p>\n<p>D&rsquo;<a href=\"https:\/\/fr.wikipedia.org\/wiki\/Adolf_Hitler\" target=\"_blank\" rel=\"follow\">Adolf Hitler<\/a> \u00e0 <a href=\"https:\/\/fr.wikipedia.org\/wiki\/Carl_Schmitt\" target=\"_blank\" rel=\"follow\">Carl Schmitt<\/a>\u00a0et <a href=\"https:\/\/fr.wikipedia.org\/wiki\/Martin_Heidegger\" target=\"_blank\" rel=\"follow\">Martin Heidegger<\/a>, de <a href=\"https:\/\/fr.wikipedia.org\/wiki\/Charles_Maurras\" target=\"_blank\" rel=\"follow\">Charles Maurras<\/a>\u00a0\u00e0 <a href=\"https:\/\/fr.wikipedia.org\/wiki\/Louis-Ferdinand_C%C3%83%C2%A9line\" target=\"_blank\" rel=\"follow\">Louis-Ferdinand C\u00e9line<\/a>\u00a0et <a href=\"https:\/\/fr.wikipedia.org\/wiki\/Pierre_Drieu_la_Rochelle\" target=\"_blank\" rel=\"follow\">Pierre Drieu-La Rochelle<\/a>, l\u2019identification rh\u00e9torique entre juifs et bolcheviks a toujours \u00e9t\u00e9 empreinte de tonalit\u00e9s effrayantes puis\u00e9es dans une vieille tradition religieuse, m\u00eal\u00e9e \u00e0 des menaces pleinement modernes et la\u00efques.<\/p>\n<p>&nbsp;<\/p>\n<p>Cette symbiose propagandiste s\u2019av\u00e9ra tr\u00e8s efficace, et elle conduisit, entre autres, \u00e0 ce que plus de 5\u00a0millions de Juifs croyants, et leurs descendants, ainsi que 2\u00a0millions de soldats sovi\u00e9tiques furent extermin\u00e9s, en m\u00eame temps, dans les camps de la mort nazis. Hitler avait ainsi esp\u00e9r\u00e9 enrayer le \u00ab\u00a0danger\u00a0\u00bb d\u2019une conqu\u00eate jud\u00e9o-bolch\u00e9vique de l\u2019Europe.<\/p>\n<p>&nbsp;<\/p>\n<p>Si, \u00e0 la fin du XXe si\u00e8cle, la jud\u00e9ophobie n\u2019a pas totalement disparu, elle a, cependant, tr\u00e8s notablement r\u00e9gress\u00e9 dans les centres de communication des capitales europ\u00e9ennes. Les \u00e9lites intellectuelles et politiques ont voulu oublier et ont aspir\u00e9 \u00e0 se fondre dans leur civilisation blanche, \u00e0 l\u2019aide d\u2019une nouvelle politique des identit\u00e9s. \u00c0 toutes fins morales utiles, cette civilisation a m\u00eame troqu\u00e9 son appellation de \u00ab\u00a0chr\u00e9tienne\u00a0\u00bb en \u00ab\u00a0jud\u00e9o-chr\u00e9tienne\u00a0\u00bb.<\/p>\n<p>&nbsp;<\/p>\n<p>Les juifs survivants et les bolch\u00e9viks, quasiment disparus, ont cess\u00e9 de constituer une menace pour la position et l\u2019identit\u00e9 des \u00e9lites dominantes, mais l\u2019\u00e9tat de crise permanent du capitalisme, et l\u2019\u00e9branlement de la culture nationale, cons\u00e9cutif \u00e0 la mondialisation, ont incit\u00e9 \u00e0 la qu\u00eate f\u00e9brile de nouveaux coupables.<\/p>\n<p>&nbsp;<\/p>\n<p><strong>Une\u00a0appellation qui\u00a0\u00e9merge d\u00e8s 2002<br \/>\n<\/strong><\/p>\n<p>&nbsp;<\/p>\n<p>La menace se situe d\u00e9sormais du c\u00f4t\u00e9 des immigr\u00e9s musulmans et de leurs descendants, qui submergent la civilisation \u00ab\u00a0jud\u00e9o-chr\u00e9tienne\u00a0\u00bb. Et voyez comme cela est \u00e9tonnant\u00a0: de nouveaux incitateurs propagandistes les ont rejoints\u00a0! Tous ces gens de gauche qui ont exprim\u00e9 une solidarit\u00e9 avec les nouveaux \u00ab\u00a0mis\u00e9rables\u00a0\u00bb ont fini par s\u2019\u00e9prendre ouvertement des invit\u00e9s ind\u00e9sirables venus du sud.<\/p>\n<p>&nbsp;<\/p>\n<p>Ces antipatriotes extr\u00e9mistes trahissent une nouvelle fois la glorieuse tradition de la France dont ils pr\u00e9parent l\u2019humiliante soumission \u00ab\u00a0houellebecquienne\u00a0\u00bb. L\u2019appellation \u00ab\u00a0islamo-gauchiste\u00a0\u00bb a \u00e9merg\u00e9 parmi les intellectuels, avant de passer dans l\u2019univers de la communication, pour, finalement, \u00eatre r\u00e9cup\u00e9r\u00e9e par des politiciens empress\u00e9s.<\/p>\n<p>&nbsp;<\/p>\n<p><a href=\"https:\/\/fr.wikipedia.org\/wiki\/Pierre-Andr%C3%83%C2%A9_Taguieff\" target=\"_blank\" rel=\"follow\">Pierre-Andr\u00e9 Taguieff<\/a>, futur conseiller du CRIF, fut, semble-t-il, le premier \u00e0 recourir \u00e0 la formule \u00ab\u00a0islamo-gauchisme\u00a0\u00bb (dans le sens actuel de terme), d\u00e9j\u00e0 en 2002. Caroline Fourest, Elisabeth Badinter, Alain Finkielkraut et Bernard-Henry L\u00e9vy s\u2019empar\u00e8rent du terme et veill\u00e8rent \u00e0 lui assurer une diffusion \u00e0 longueur d\u2019interviews et d\u2019articles. Des figures comme Alain Gresh, Edwy Plenel, Michel Tubiana et Raphael Liogier devinrent des \u00ab\u00a0islamo-gauchistes\u00a0\u00bb arch\u00e9typiques.<\/p>\n<p>&nbsp;<\/p>\n<p>Une marche suppl\u00e9mentaire vient cependant d\u2019\u00eatre franchie. Cela a commenc\u00e9 avec Jean-Marie Le Guen, secr\u00e9taire d\u2019\u00c9tat charg\u00e9 des relations avec le Parlement, qui, au nom du r\u00e9publicanisme universel, dans un article intitul\u00e9\u00a0: <a href=\"http:\/\/tempsreel.nouvelobs.com\/politique\/20160426.AFP3384\/islamo-gauchisme-autain-porte-plainte-politiquement-contre-le-guen.html\" target=\"_blank\" rel=\"follow\">\u00ab\u00a0La gauche qui vient\u00a0\u00bb<\/a>, s\u2019en est pris \u00e0 la gauche de la gauche, accus\u00e9e de soumission au pluralisme culturel. Il a particuli\u00e8rement cibl\u00e9 Cl\u00e9mentine Autain, la porte-parole d\u2019Ensemble, l\u2019une des composantes du Front de gauche.<\/p>\n<p>&nbsp;<\/p>\n<p><strong>La lourde charge de Manuel Valls<br \/>\n<\/strong><\/p>\n<p>&nbsp;<\/p>\n<p>Mais c\u2019est de Manuel Valls qu\u2019est venue la charge la plus lourde, dans la vague de stigmatisation de \u00ab\u00a0l\u2019islamo-gauchisme\u00a0\u00bb. \u00c0 l\u2019occasion d\u2019une interview accord\u00e9e, le 21 mai, \u00e0 Radio J, une radio communautaire juive, <a href=\"http:\/\/tempsreel.nouvelobs.com\/politique\/20160522.OBS1009\/valls-autain-tariq-ramadan-et-l-axe-islamo-gauchiste-polemique-en-4-actes.html\" target=\"_blank\" rel=\"follow\">n\u2019a-t-il pas d\u00e9clar\u00e9<\/a>\u00a0:<\/p>\n<p>&nbsp;<\/p>\n<p>\u00ab\u00a0Il y a ces capitulations intellectuelles\u2026 Les discussions entre Madame Cl\u00e9mentine Autain et Tariq Ramadan, les ambigu\u00eft\u00e9s entretenues qui forment le terreau de cette violence et de cette radicalisation.\u00a0\u00bb<\/p>\n<p>&nbsp;<\/p>\n<p>Et Manuel Valls de ne pas h\u00e9siter \u00e0 ajouter\u00a0: \u00ab\u00a0Il n\u2019y a aucune raison pour que M. Tariq Ramadan obtienne la nationalit\u00e9 fran\u00e7aise\u00a0\u00bb.<\/p>\n<p>&nbsp;<\/p>\n<p>Il convient tout d\u2019abord de pr\u00e9ciser que Cl\u00e9mentine Autain n\u2019a jamais rencontr\u00e9 Tariq Ramadan, dont, \u00e9videmment, elle n\u2019approuve pas le discours id\u00e9ologique. Il faut ensuite se f\u00e9liciter qu\u2019en France, le droit d\u2019obtenir la citoyennet\u00e9 rel\u00e8ve de la loi, et non pas d\u2019une d\u00e9cision d\u2019un chef du gouvernement. Tariq Ramadan r\u00e9side en France\u00a0o\u00f9 il est actif ; il est mari\u00e9, depuis plusieurs ann\u00e9es, avec une citoyenne fran\u00e7aise, ses enfants sont fran\u00e7ais, et, \u00e0 ma connaissance, il n\u2019a pas enfreint la loi ni pr\u00each\u00e9 la violence.<\/p>\n<p>&nbsp;<\/p>\n<p>Enfin, les auditeurs de Radio J, \u00e0 Paris et \u00e0 J\u00e9rusalem, ont certainement appr\u00e9ci\u00e9 cette flatteuse interview, et si d\u2019aventure, elle a \u00e9t\u00e9 diffus\u00e9e en Arabie saoudite, il est probable qu\u2019elle y aura \u00e9galement \u00e9t\u00e9 re\u00e7ue avec sympathie, puisque Tariq Ramadan y est interdit de s\u00e9jour. Apr\u00e8s cette interview passionn\u00e9e de Manuel Valls, je suis persuad\u00e9 que Tariq Ramadan n\u2019a aucune chance de se voir d\u00e9cerner la L\u00e9gion d\u2019Honneur, contrairement au prince h\u00e9ritier du roi d&rsquo;Arabie saoudite.<\/p>\n<p><strong>\u00a0<\/strong><\/p>\n<p><strong>Une formule qui permet de faire diversion<\/strong><\/p>\n<p>&nbsp;<\/p>\n<p>Lorsque j\u2019ai entendu ces propos de Manuel Valls, je n\u2019ai pas pu m\u2019emp\u00eacher de m\u2019interroger sur ce qui se serait pass\u00e9 si Tariq Ramadan avait \u00e9t\u00e9 un fid\u00e8le juif et non pas musulman.<\/p>\n<p>&nbsp;<\/p>\n<p>Si, par exemple, comme l\u2019ensemble des fid\u00e8les juifs (mais non pas juives), il avait d\u00fb dire, dans sa pri\u00e8re du matin\u00a0: \u00ab\u00a0Sois b\u00e9ni de ne pas m\u2019avoir fait femme, et sois b\u00e9ni de ne pas m\u2019avoir fait goy (non-juif)\u00a0\u00bb. Autrement dit\u00a0: un authentique fid\u00e8le juif, dont les valeurs fondamentales diff\u00e8rent totalement de ma conception du monde r\u00e9publicaine et la\u00efque.<\/p>\n<p>&nbsp;<\/p>\n<p>Malgr\u00e9 tout, m\u00eame s\u2019il s\u2019agissait d\u2019un juif conservateur, porteur d\u2019un syst\u00e8me de valeurs r\u00e9actionnaire, je me serais, sans aucun doute, employ\u00e9 de toutes mes forces pour que lui soit attribu\u00e9s des droits d\u2019\u00e9galit\u00e9 citoyenne. Je l\u2019aurais combattu au plan de la r\u00e9flexion th\u00e9orique, mais j\u2019aurais vu en lui un compagnon politique l\u00e9gitime, dans la lutte contre toute forme de jud\u00e9ophobie et de discrimination raciale, sous le masque d\u2019une la\u00efcit\u00e9 culturelle.<\/p>\n<p>&nbsp;<\/p>\n<p><img decoding=\"async\" src=\"http:\/\/referentiel.nouvelobs.com\/wsfile\/9031465375725.jpg\" alt=\"\" width=\"630\" height=\"360\" \/><\/p>\n<p>Tariq Ramadan lors d&rsquo;une conf\u00e9rence \u00e0 Bordeaux, le 26 mars 2016 (M. FEDOUACH\/AFP).<\/p>\n<p>&nbsp;<\/p>\n<p>J\u2019ai, envers la philosophie de Tariq Ramadan, une vision fortement critique, tout comme, pour d\u2019autres raisons, envers celle d\u2019Alain Finkielkraut. Mais exploiter des positions conservatrices de l\u2019intellectuel musulman afin de salir ceux qui luttent contre la propagation du racisme, en faire un dangereux \u00e9pouvantail pour utiliser le terme stigmatisant d\u2019islamo-gauchiste, n\u2019est pas \u00e0 l\u2019honneur d\u2019un chef de gouvernement socialiste, qui, par ailleurs, commet une erreur en assimilant antisionisme et antis\u00e9mitisme (je suis quasiment s\u00fbr que le r\u00e9publicain Manuel Valls ne soutient pas la politique communautaire d\u2019un \u00c9tat qui, par principe, appartient, non pas \u00e0 tous ses citoyens mais aux juifs du monde entier, qui n\u2019y r\u00e9sident pas).<\/p>\n<p>&nbsp;<\/p>\n<p>Certes, le terme d\u2019\u00a0\u00bbislamo-gauchisme\u00a0\u00bb n\u2019est pas encore identique ni proche de la vieille appellation du \u00ab\u00a0jud\u00e9o-bolch\u00e9visme\u00a0\u00bb. Il est destin\u00e9, pour le moment, \u00e0 clouer le bec, et \u00e0 faire diversion dans le d\u00e9bat public, par rapport \u00e0 d\u2019autres probl\u00e8mes sociaux et politiques un peu plus s\u00e9rieux. Toutefois, qui peut affirmer que le recours \u00e0 la formule \u00ab\u00a0islamo-gauchisme\u00a0\u00bb n\u2019est pas promis \u00e0 un sombre futur impr\u00e9vu\u00a0? Il se pourrait qu\u2019elle constitue une contribution rh\u00e9torique, non marginale, vers l\u2019approche d\u2019un trou noir suppl\u00e9mentaire dans l\u2019histoire moderne de l\u2019Europe.<\/p>\n<p><a href=\"http:\/\/leplus.nouvelobs.com\/contribution\/1524662-du-judeo-bolchevisme-a-l-islamo-gauchisme-une-meme-tentative-de-faire-diversion.html\">Source<\/a><\/p>\n","protected":false},"excerpt":{"rendered":"<p>\u00ab\u00a0L&rsquo;islamo-gauchisme\u00a0\u00bb, voil\u00e0 l&rsquo;ennemi. C&rsquo;est le message envoy\u00e9\u00a0r\u00e9guli\u00e8rement Manuel Valls dans ses diff\u00e9rentes prises de parole publiques. Un concept assez flou dans lequel le Premier ministre englobe\u00a0\u00e0 la fois Cl\u00e9mentine Autain et Tariq Ramadan. Professeur d\u2019histoire contemporaine \u00e0 l\u2019universit\u00e9 de Tel-Aviv, Shlomo Sand s&rsquo;interroge sur l&rsquo;utilisation de cette rh\u00e9torique. Le Premier ministre Manuel Valls, le 6 &#8230; <a title=\"Du \u00ab\u00a0jud\u00e9o-bolch\u00e9visme\u00a0\u00bb \u00e0 \u00ab\u00a0l&rsquo;islamo-gauchisme\u00a0\u00bb : une m\u00eame tentative de faire diversion\" class=\"read-more\" href=\"https:\/\/bruxelles-pantheres.be\/?p=2891\" aria-label=\"En savoir plus sur Du \u00ab\u00a0jud\u00e9o-bolch\u00e9visme\u00a0\u00bb \u00e0 \u00ab\u00a0l&rsquo;islamo-gauchisme\u00a0\u00bb : une m\u00eame tentative de faire diversion\">Lire la suite<\/a><\/p>\n","protected":false},"author":1,"featured_media":2892,"comment_status":"open","ping_status":"open","sticky":false,"template":"","format":"standard","meta":{"footnotes":""},"categories":[36,4,6,28],"tags":[15,170],"class_list":["post-2891","post","type-post","status-publish","format-standard","has-post-thumbnail","hentry","category-europe","category-islamophobie","category-palestine-moyen-orient","category-racismes","tag-resistance","tag-shlomo-sand"],"_links":{"self":[{"href":"https:\/\/bruxelles-pantheres.be\/index.php?rest_route=\/wp\/v2\/posts\/2891","targetHints":{"allow":["GET"]}}],"collection":[{"href":"https:\/\/bruxelles-pantheres.be\/index.php?rest_route=\/wp\/v2\/posts"}],"about":[{"href":"https:\/\/bruxelles-pantheres.be\/index.php?rest_route=\/wp\/v2\/types\/post"}],"author":[{"embeddable":true,"href":"https:\/\/bruxelles-pantheres.be\/index.php?rest_route=\/wp\/v2\/users\/1"}],"replies":[{"embeddable":true,"href":"https:\/\/bruxelles-pantheres.be\/index.php?rest_route=%2Fwp%2Fv2%2Fcomments&post=2891"}],"version-history":[{"count":1,"href":"https:\/\/bruxelles-pantheres.be\/index.php?rest_route=\/wp\/v2\/posts\/2891\/revisions"}],"predecessor-version":[{"id":2893,"href":"https:\/\/bruxelles-pantheres.be\/index.php?rest_route=\/wp\/v2\/posts\/2891\/revisions\/2893"}],"wp:featuredmedia":[{"embeddable":true,"href":"https:\/\/bruxelles-pantheres.be\/index.php?rest_route=\/wp\/v2\/media\/2892"}],"wp:attachment":[{"href":"https:\/\/bruxelles-pantheres.be\/index.php?rest_route=%2Fwp%2Fv2%2Fmedia&parent=2891"}],"wp:term":[{"taxonomy":"category","embeddable":true,"href":"https:\/\/bruxelles-pantheres.be\/index.php?rest_route=%2Fwp%2Fv2%2Fcategories&post=2891"},{"taxonomy":"post_tag","embeddable":true,"href":"https:\/\/bruxelles-pantheres.be\/index.php?rest_route=%2Fwp%2Fv2%2Ftags&post=2891"}],"curies":[{"name":"wp","href":"https:\/\/api.w.org\/{rel}","templated":true}]}}