{"id":2899,"date":"2016-06-17T12:34:11","date_gmt":"2016-06-17T11:34:11","guid":{"rendered":"https:\/\/bruxelles-pantheres.be\/?p=2899"},"modified":"2016-06-17T12:48:04","modified_gmt":"2016-06-17T11:48:04","slug":"ce-que-nous-savons-du-tueur-dorlando","status":"publish","type":"post","link":"https:\/\/bruxelles-pantheres.be\/?p=2899","title":{"rendered":"Ce que nous savons du tueur d&rsquo;Orlando"},"content":{"rendered":"<p style=\"text-align: center;\"><a href=\"https:\/\/bruxelles-pantheres.be\/wp-content\/uploads\/2016\/06\/13428528_10154302270282460_8546561079827920648_n.jpg\"><img decoding=\"async\" class=\"alignnone size-full wp-image-2900\" src=\"https:\/\/bruxelles-pantheres.be\/wp-content\/uploads\/2016\/06\/13428528_10154302270282460_8546561079827920648_n.jpg\" alt=\"13428528_10154302270282460_8546561079827920648_n\" width=\"540\" height=\"960\" srcset=\"https:\/\/bruxelles-pantheres.be\/wp-content\/uploads\/2016\/06\/13428528_10154302270282460_8546561079827920648_n.jpg 540w, https:\/\/bruxelles-pantheres.be\/wp-content\/uploads\/2016\/06\/13428528_10154302270282460_8546561079827920648_n-169x300.jpg 169w\" sizes=\"(max-width: 540px) 100vw, 540px\" \/><\/a><\/p>\n<p>\u00ab\u00a0Apr\u00e8s plusieurs jours de compte-rendus et de t\u00e9moignages, voil\u00e0 ce que nous savons du tueur d&rsquo;Orlando :<br \/>\n&#8211;<span class=\"text_exposed_show\"> Il \u00e9tait fils d&rsquo;immigr\u00e9s, n\u00e9 et \u00e9lev\u00e9 aux USA.<br \/>\n&#8211; Il se revendiquait \u00e0 la fois du Hezbollah, de Al-Qaeda, et de l\u2019\u00c9tat Islamique, trois organisations en guerre les unes contre les autres. Ce qui montre surtout son ignorance \u00e0 propos de ces trois organisations, et de la politique du Moyen-Orient en g\u00e9n\u00e9ral.<br \/>\n&#8211; Il ne connaissait quasiment rien \u00e0 propos de l&rsquo;Islam, et selon sa femme, son p\u00e8re et ses proche, n&rsquo;avait rien d&rsquo;un religieux.<br \/>\n&#8211; Il \u00e9tait emp\u00eatr\u00e9 dans sa masculinit\u00e9 toxique, \u00e9tait alcoolique, et battait sa femme, ce pour quoi il n&rsquo;a jamais \u00e9t\u00e9 inqui\u00e9t\u00e9.<br \/>\n&#8211; Il \u00e9tait raciste vis-\u00e0-vis des Noirs, des Latinos et des autres minorit\u00e9s, et et il a surtout assassin\u00e9 des Queers racis\u00e9s.<br \/>\n&#8211; Malgr\u00e9 ses propres inclinaisons queer, il \u00e9tait un homophobe dans un pays o\u00f9 1 personne LGBTQ sur 5 a d\u00e9j\u00e0 \u00e9t\u00e9 victime de crime de haine, dans un pays qui compte plus de 100 lois anti-LGBTQ (de l&rsquo;interdiction du mariage gay aux lois interdisant aux personnes trans l&rsquo;acc\u00e8s \u00e0 leurs toilettes) en vigueur dans une douzaine d\u2019\u00c9tats.<br \/>\n&#8211; Il \u00e9tait fan du New York Police Department (NYPD), une des plus c\u00e9l\u00e8bres institutions, une institution dont ce pays est tr\u00e8s fier. Une institution qui compte plus d&rsquo;hommes en arme que l\u2019\u00c9tat Islamique. Une institution connue pour espionner de fa\u00e7on disproportionn\u00e9e les Musulmans en dehors de tout cadre l\u00e9gal. Une institution connue pour sa violence syst\u00e9matique contre les Noirs, les Latinos et les autres minorit\u00e9s.<br \/>\n&#8211; Son travail consistait \u00e0 maltraiter et tabasser des d\u00e9tenus mineurs au sein de la soci\u00e9t\u00e9 de \u00ab\u00a0s\u00e9curit\u00e9\u00a0\u00bb G4S, qui l&rsquo;avait form\u00e9. G4S n&rsquo;est pas seulement la principale soci\u00e9t\u00e9 priv\u00e9e impliqu\u00e9e dans le complexe p\u00e9nitentiaire am\u00e9ricain : G4S est aussi impliqu\u00e9e dans les expulsions massives d&rsquo;immigr\u00e9s par sa gestion de centres de r\u00e9tention. G4S participe aussi \u00e0 l&rsquo;occupation de la Palestine, \u00ab\u00a0formant\u00a0\u00bb d&rsquo;autres tueurs de masse en Isra\u00ebl pour assassiner et emprisonner les Palestiniens.<br \/>\n&#8211; Il a commis une fusillade massivement meurtri\u00e8re dans un pays qui a connu 1000 fusillades ces derniers 1200 jours.<br \/>\n&#8211; Pour r\u00e9sumer : il \u00e9tait ignorant, en conflit avec lui-m\u00eame, raciste, sexiste, homophobe, il \u00e9prouvait une admiration malsaine pour l&rsquo;autorit\u00e9 et \u00e9tait obs\u00e9d\u00e9 par les armes et par la violence, et c&rsquo;est sans doute tout \u00e7a qui l&rsquo;a pouss\u00e9 \u00e0 commettre ses crimes.<br \/>\nD\u00e9sol\u00e9 les gens, mais votre soi-disant \u00ab\u00a0islamiste radical d&rsquo;Afghan [sic, d\u00e9claration de Trump]\u00a0\u00bb est aussi am\u00e9ricain qu&rsquo;une apple pie faite de pommes pouss\u00e9es en Am\u00e9rique et cuite dans un four am\u00e9ricain.<\/span><\/p>\n<p><a href=\"https:\/\/www.facebook.com\/photo.php?fbid=10154302270282460&amp;set=p.10154302270282460&amp;type=3&amp;theater\">Source <\/a><\/p>\n<p>&nbsp;<\/p>\n","protected":false},"excerpt":{"rendered":"<p>\u00ab\u00a0Apr\u00e8s plusieurs jours de compte-rendus et de t\u00e9moignages, voil\u00e0 ce que nous savons du tueur d&rsquo;Orlando : &#8211; Il \u00e9tait fils d&rsquo;immigr\u00e9s, n\u00e9 et \u00e9lev\u00e9 aux USA. &#8211; Il se revendiquait \u00e0 la fois du Hezbollah, de Al-Qaeda, et de l\u2019\u00c9tat Islamique, trois organisations en guerre les unes contre les autres. Ce qui montre surtout &#8230; <a title=\"Ce que nous savons du tueur d&rsquo;Orlando\" class=\"read-more\" href=\"https:\/\/bruxelles-pantheres.be\/?p=2899\" aria-label=\"En savoir plus sur Ce que nous savons du tueur d&rsquo;Orlando\">Lire la suite<\/a><\/p>\n","protected":false},"author":1,"featured_media":1651,"comment_status":"open","ping_status":"open","sticky":false,"template":"","format":"standard","meta":{"footnotes":""},"categories":[21,42,4,28],"tags":[23,15,49],"class_list":["post-2899","post","type-post","status-publish","format-standard","has-post-thumbnail","hentry","category-anti-imperialisme","category-homophobie","category-islamophobie","category-racismes","tag-discrimination","tag-resistance","tag-usa"],"_links":{"self":[{"href":"https:\/\/bruxelles-pantheres.be\/index.php?rest_route=\/wp\/v2\/posts\/2899","targetHints":{"allow":["GET"]}}],"collection":[{"href":"https:\/\/bruxelles-pantheres.be\/index.php?rest_route=\/wp\/v2\/posts"}],"about":[{"href":"https:\/\/bruxelles-pantheres.be\/index.php?rest_route=\/wp\/v2\/types\/post"}],"author":[{"embeddable":true,"href":"https:\/\/bruxelles-pantheres.be\/index.php?rest_route=\/wp\/v2\/users\/1"}],"replies":[{"embeddable":true,"href":"https:\/\/bruxelles-pantheres.be\/index.php?rest_route=%2Fwp%2Fv2%2Fcomments&post=2899"}],"version-history":[{"count":3,"href":"https:\/\/bruxelles-pantheres.be\/index.php?rest_route=\/wp\/v2\/posts\/2899\/revisions"}],"predecessor-version":[{"id":2903,"href":"https:\/\/bruxelles-pantheres.be\/index.php?rest_route=\/wp\/v2\/posts\/2899\/revisions\/2903"}],"wp:featuredmedia":[{"embeddable":true,"href":"https:\/\/bruxelles-pantheres.be\/index.php?rest_route=\/wp\/v2\/media\/1651"}],"wp:attachment":[{"href":"https:\/\/bruxelles-pantheres.be\/index.php?rest_route=%2Fwp%2Fv2%2Fmedia&parent=2899"}],"wp:term":[{"taxonomy":"category","embeddable":true,"href":"https:\/\/bruxelles-pantheres.be\/index.php?rest_route=%2Fwp%2Fv2%2Fcategories&post=2899"},{"taxonomy":"post_tag","embeddable":true,"href":"https:\/\/bruxelles-pantheres.be\/index.php?rest_route=%2Fwp%2Fv2%2Ftags&post=2899"}],"curies":[{"name":"wp","href":"https:\/\/api.w.org\/{rel}","templated":true}]}}