{"id":290,"date":"2013-06-09T01:58:44","date_gmt":"2013-06-09T00:58:44","guid":{"rendered":"https:\/\/bruxelles-pantheres.be\/?p=290"},"modified":"2013-11-10T02:03:26","modified_gmt":"2013-11-10T01:03:26","slug":"a-la-recherche-des-musulmans-rohingyas","status":"publish","type":"post","link":"https:\/\/bruxelles-pantheres.be\/?p=290","title":{"rendered":"A la recherche des musulmans Rohingyas"},"content":{"rendered":"<header><\/header>\n<div>\n<h3><a href=\"http:\/\/www.egalite.be\/wp-content\/uploads\/2013\/06\/419046_505727159481662_649533307_n.jpg\"><img decoding=\"async\" class=\"aligncenter\" alt=\"419046_505727159481662_649533307_n\" src=\"http:\/\/www.egalite.be\/wp-content\/uploads\/2013\/06\/419046_505727159481662_649533307_n.jpg\" width=\"576\" height=\"432\" \/><\/a><\/h3>\n<h3>A la recherche des musulmans Rohingyas<\/h3>\n<div>Par Mouna Derouich | le <time datetime=\"2013-05-13\">13 mai, 2013 \u2013 15:07<\/time><\/div>\n<p itemprop=\"description\"><strong>A ce moment, plusieurs Rohingyas se rapprochent des barreaux pour me montrer leurs s\u00e9quelles : je vois une gorge enfl\u00e9e, des br\u00fblures aux mains et aux bras, plusieurs personnes se plaignent de douleurs aux jambes. Je leur demande quelle maladie est la cause de ces douleurs ? <!--more--><\/strong><\/p>\n<div itemprop=\"image\">\n<p><img decoding=\"async\" title=\"\" alt=\"\" src=\"http:\/\/oumma.com\/sites\/default\/files\/imagecache\/400xY\/6_0.jpg\" width=\"565\" height=\"320\" \/><\/p>\n<\/div>\n<div id=\"content-side\">\n<div>\n<h3>A propos de l\u2019Auteur<\/h3>\n<div itemprop=\"author\" itemscope=\"\" itemtype=\"http:\/\/schema.org\/Person\">\n<p><img decoding=\"async\" title=\"\" alt=\"\" src=\"http:\/\/oumma.com\/sites\/default\/files\/imagecache\/128x128\/birmanie-mouna.png\" width=\"128\" height=\"128\" \/><\/p>\n<div>\n<div itemprop=\"name\">Mouna Derouich<\/div>\n<div itemprop=\"description\">\n<p>Membre du Collectif Halte Au Massacre En Birmanie<\/p>\n<\/div>\n<\/div>\n<\/div>\n<\/div>\n<\/div>\n<div itemprop=\"articleBody\">\n<p><strong>Extrait de mon carnet de Voyage &#8211;\u00a0Tha\u00eflande \u2013 Malaisie 2013<\/strong><\/p>\n<p><b>Janvier 2013<\/b>, en France: Suite aux vagues de violence entre les musulmans de l\u2019ethnie Rohingyas et les Rakhines essentiellement bouddhistes (violences qui ont eu lieu dans l\u2019\u00e9tat d\u2019Arakan \u00e0 l\u2019ouest de la Birmanie depuis juin 2012), j\u2019apprends \u00e0 travers quelques articles de presse que beaucoup de Rohingyas fuient l\u2019Arakan vers les pays frontaliers en esp\u00e9rant trouver un minimum de droits. En effet, le gouvernement Birman les prive de tous les droits, m\u00eame les plus fondamentaux.<\/p>\n<p>Plusieurs milliers de Rohingyas quittent donc la Birmanie dans des \u2018Boat-people\u2019, ces bateaux sont leur seul moyen de rejoindre les c\u00f4tes Tha\u00eflandaises, Bangladaise, Malaisiennes, Indon\u00e9siennes, voire Australiennes \u2026 Les Rohingyas paient une fortune aux passeurs en esp\u00e9rant arriver \u00e0 la destination souhait\u00e9e. En fait, tous risquent leur vie. Les bateaux ne sont pas en bon \u00e9tat. Malgr\u00e9 cela, les Rohingyas s\u2019y entassent. Parfois m\u00eame, les denr\u00e9es alimentaires, qu\u2019ils embarquent avec eux, ne sont pas suffisantes pour leur voyage.<\/p>\n<p>Mais, ils n\u2019ont pas le choix. Pour eux, l\u2019espoir d\u2019un minimum de libert\u00e9 leur fait courir le risque. C\u2019est dire les conditions inhumaines qui leur sont impos\u00e9es dans leur terre natale, l\u2019Arakan, les poussant \u00e0 tout abandonner et \u00e0 risquer leur vie. Car au final, certain boats-peoples arrivent \u00e0 destination avec \u00e0 leur bord des Rohingyas \u00e9puis\u00e9s alors que d\u2019autres coulent dans l\u2019anonymat \u2026<\/p>\n<p><img decoding=\"async\" alt=\"\" src=\"http:\/\/oumma.com\/sites\/default\/files\/5_0.jpg\" \/><br \/>\n<b>En avril 2013<\/b>, je d\u00e9cide donc de repartir en Asie \u00e0 la recherche des Rohingyas exil\u00e9s, clandestins, rendus apatrides par une loi de 1982 et donc reconnus nulle part! Qu\u2019en est-il de ces Rohingyas qui ont surv\u00e9cu \u00e0 leur voyage? La communaut\u00e9 internationale et la prix Nobel de la paix : Aung San Suu Kyi restent muets. Pourtant, l\u2019ONU consid\u00e8re les Rohingyas comme l\u2019une des ethnies les plus pers\u00e9cut\u00e9es au monde et l\u2019ONG Human Right Watch d\u00e9crit une situation alarmante et\u00a0extr\u00eamement pr\u00e9occupante; n\u2019h\u00e9sitant plus \u00e0 parler de nettoyage ethnique et de crime contre l\u2019humanit\u00e9.<\/p>\n<p>C\u2019est effectivement exactement ce qui se passe sous nos yeux: une ethnie est reni\u00e9e, elle est d\u00e9chut de tous droits \u00e9l\u00e9mentaires (droit de se marier, droit d\u2019avoir des enfants, droit de propri\u00e9t\u00e9, discriminations au quotidien\u2026), elle est forc\u00e9e \u00e0 fuir ou \u00e0 vivre dans des camps insalubres, \u00a0\u00bbdes prisons \u00e0 ciel ouvert\u00a0\u00bb d\u2019apr\u00e8s le rapporteur des Nations Unis Ojea Quintana \u2026Pourquoi la communaut\u00e9 internationale est-elle muette face \u00e0 cette catastrophe humanitaire? C\u2019est notre devoir d\u2019en parler, de faire sortir ce peuple opprim\u00e9 de l\u2019anonymat et de lui apporter un minimum de soutien\u2026<\/p>\n<p><b>Le 26 avril 2013<\/b>, je prends donc un vol depuis Paris et j\u2019atterris \u00e0 Bangkok. Je ne sais pas o\u00f9 sont les Rohingyas. Comment vais-je les trouver? Comment vivent-ils leur clandestinit\u00e9? Je sais qu\u2019ils arrivent clandestinement par voie maritime dans le sud de la Tha\u00eflande, que certain sont vendu par des agents de police Tha\u00eflandais \u00e0 des trafiquants d\u2019\u00eatres humains\u2026 Je fais des recherches sur internet et je trouve les coordonn\u00e9es d\u2019un porte parole Rohingyas \u00e0 Bangkok. Je lui demande un entretien afin d\u2019obtenir un maximum d\u2019informations et d\u2019\u00eatre guid\u00e9e dans mes recherches.<\/p>\n<p><img decoding=\"async\" alt=\"\" src=\"http:\/\/oumma.com\/sites\/default\/files\/6.jpg\" \/><br \/>\n<b>30 avril: <\/b>Je rencontre ce porte parole Rohingyas en Thailande, il s\u2019appel Maung Kyaw Nu, Pr\u00e9sident de l\u2019association BRAT (Burmese Rohingya Association in Thailand). Il dit qu\u2019effectivement, il y a beaucoup de Rohingyas clandestins et plus de 2 000 Rohingyas sont plac\u00e9s dans plusieurs centres de d\u00e9tention Tha\u00eflandais.Il pr\u00e9cise que dans le sud de la Tha\u00eflande, il existe 3 centres de d\u00e9tentions o\u00f9 les Rohingyas sont d\u00e9tenus : Sadao, Padang Besar et Songkhla. Le plus grand se situe dans la ville de Sadao. La Grande Mosqu\u00e9e de Hat Yai s\u2019occupe de nourrir les d\u00e9tenus plac\u00e9s dans ces 3 centres.<\/p>\n<p><b>3 mai: <\/b>Une fois toutes les informations collect\u00e9es et les conseils du porte parole Rohingyas pris en compte, je me dirige vers le sud de la Tha\u00eflande en prenant le train depuis Bangkok. Entre temps, Maung Kyaw Nu a pris le soin de contacter la Grande Mosqu\u00e9e de Hat Yai pour leur expliquer le pourquoi de ma venue.<\/p>\n<p><img decoding=\"async\" alt=\"\" src=\"http:\/\/oumma.com\/sites\/default\/files\/1_3.jpg\" \/><\/p>\n<p><b>4 mai: <\/b>Arriv\u00e9 \u00e0 la gare ferroviaire de Hat Yai. Le personnel de la mosqu\u00e9e est venu me r\u00e9cup\u00e9rer et m\u2019ont tr\u00e8s bien accueillie. Je leur explique que je suis membre d\u2019une association bas\u00e9e \u00e0 Paris, que nous d\u00e9fendons la cause des Rohingyas depuis plusieurs mois et que nous souhaitions faire une action humanitaire dans l\u2019Arakan mais que le gouvernement Birman prends toutes les d\u00e9cisions pour rendre difficile l\u2019acc\u00e8s aux camps\u2026 J\u2019ajoute que, par cons\u00e9quent, je souhaiterais visiter les Rohingyas qui ont d\u00fb fuir leurs terres dans l\u2019Arakan.<\/p>\n<p><b>5 mai m<\/b><b>atin :<\/b> Avec le personnel de la mosqu\u00e9e, nous nous rendons dans le centre de Padong Besar situ\u00e9 \u00e0 60 km de Hat Yai. A notre arriv\u00e9e, le chef de police, tr\u00e8s \u00e9nerv\u00e9, nous refuse l\u2019acc\u00e8s car nous n\u2019avons pas une autorisation officielle et le dimanche personne ne re\u00e7oit de visite. Le personnel de la mosqu\u00e9e insiste gentiment en s\u2019excusant de notre arriv\u00e9e impr\u00e9vue.<\/p>\n<p>Le chef de police veut bien nous accorder 10 min avec les d\u00e9tenus Rohingyas mais uniquement avec les Rohingyas \u2018qui se comportent bien\u2019 plac\u00e9s au rez-de-chauss\u00e9e. Les Rohingyas \u2018qui se comportent bien\u2019 ont le droit d\u2019avoir quelques t\u00e2ches \u00e0 faire dans le centre de d\u00e9tention : ils s\u2019occupent des t\u00e2ches domestiques comme balayer, nettoyer\u2026Dans cette cellule, ils \u00e9taient quatre. Je m\u2019approche d\u2019eux, ils ne savaient pas trop comment m\u2019accueillir puisqu\u2019ils n\u2019ont rien \u00e0 l\u2019int\u00e9rieur. Alors nous nous asseyons sur un de leur tapis, puis je commence \u00e0 me pr\u00e9senter leur expliquant ma venue.<\/p>\n<p><img decoding=\"async\" alt=\"\" src=\"http:\/\/oumma.com\/sites\/default\/files\/13.jpg\" \/><\/p>\n<p>C\u2019est l\u00e0 que je me rends compte que la langue est une barri\u00e8re : un seul pouvait me parler vaguement anglais. Cela s\u2019explique par le fait que les Rohingyas sont aussi discrimin\u00e9s dans l\u2019\u00e9ducation et l\u2019acc\u00e8s \u00e0 l\u2019\u00e9cole. La conversation devenait difficile\u2026 J\u2019ai r\u00e9p\u00e9t\u00e9 les phrases plusieurs fois, diff\u00e9remment, \u2026<\/p>\n<p align=\"JUSTIFY\">En particulier, je demande \u00e0 cette personne sa date d\u2019arriv\u00e9e en Tha\u00eflande, mais il ne comprend pas ma question. Je sors alors mon t\u00e9l\u00e9phone et lui montre un calendrier en faisant des gestes avec ma main en signe de pass\u00e9. J\u2019apprends qu\u2019il est arriv\u00e9 en octobre \u2026Puis, d\u2019un coup, j\u2019entends le gardien crier: \u00ab Le temps est fini \u00bb. Je n\u2019ai pu \u00e9changer que quelques mots pendant ces 10 min \u2026Dans le centre de Padong Besar, ils sont 167 au premier \u00e9tage.<\/p>\n<p>\u00a0<img decoding=\"async\" alt=\"\" src=\"http:\/\/oumma.com\/sites\/default\/files\/3.jpg\" \/><\/p>\n<p align=\"JUSTIFY\"><b>Apr\u00e8s-midi\u00a0<\/b>: Nous nous dirigeons vers le centre de d\u00e9tention de Sadao. Entre temps, le personnel de la Mosqu\u00e9e a pris le soin de les contacter. Le chef de Police nous accueille et nous autorise \u00e0 aller \u00ab les \u00bb voir pendant 15 min. En montant les escaliers, j\u2019entends plusieurs voix d\u2019hommes. Arriv\u00e9e \u00e0 la derni\u00e8re marche, je ne vois que des hommes et une odeur \u2018naus\u00e9abonde\u2019 me prend par le nez. En fait, je me rends compte qu\u2019il y a tr\u00e8s peu d\u2019a\u00e9rations.<br \/>\nA notre arriv\u00e9e, tous les Rohingyas se rapprochent des barreaux pour nous saluer et tous disent en m\u00eame temps \u00a0\u00bbSalam wa alaycoum\u00a0\u00bb. <i>(Que la paix soit sur vous).<\/i>Je fais le tour pour \u00e9valuer leurs conditions de vie. La premi\u00e8re impression que je ressens est celle d\u2019\u00eatre entr\u00e9e dans un zoo ! Les conditions de vie y sont m\u00eame pires puisque j\u2019apprendrai par la suite qu\u2019aucun soin m\u00e9dicaux s\u00e9rieux ne leur est apport\u00e9s.<\/p>\n<p>\u00a0<img decoding=\"async\" alt=\"\" src=\"http:\/\/oumma.com\/sites\/default\/files\/4.jpg\" \/><\/p>\n<p>Plusieurs hommes sont entass\u00e9s dans une m\u00eame grande pi\u00e8ce de moins de 100m\u00b2. La salle est divis\u00e9e en 4 zones par des barreaux dont l\u2019une est d\u00e9di\u00e9e aux malades. Ils ne disposent pas de\u00a0matelas et dorment pr\u00e8s des sanitaires. Le chef de police me confirme qu\u2019il y a 310 Rohingyas dans cette pi\u00e8ce.\u00a0Je demande \u00e0 parler avec un des Rohingyas qui parle Anglais. L\u2019un d\u2019entre eux se rapproche des barreaux. Mais, encore une fois, la langue est une barri\u00e8re, il parle peu anglais et arabe. Notre conversation se fait donc en quelques mots arabes, anglais et des gestes avec les mains.<\/p>\n<p><img decoding=\"async\" alt=\"\" src=\"http:\/\/oumma.com\/sites\/default\/files\/9.jpg\" \/><\/p>\n<p>Je lui demande comment ils vont ? Tous se plaignent de leur condition de vie. Ils n\u2019en peuvent plus. Ils sont plac\u00e9s dans ce centre depuis janvier 2013 et ils n\u2019ont pas vus la lumi\u00e8re du jour depuis. Ils n\u2019ont aucun droit de sortie et se plaignent de plusieurs douleurs physiques et maladies.A ce moment, plusieurs Rohingyas se rapprochent des barreaux pour me montrer leurs s\u00e9quelles : je vois une gorge enfl\u00e9e, des br\u00fblures aux mains et aux bras, plusieurs personnes se plaignent de douleurs aux jambes. Je leur demande quelle maladie est la cause de ces douleurs ? Mais, ils ne savent pas puisque quand ils se plaignent le centre leur donne uniquement du parac\u00e9tamol.Ils m\u2019expliquent qu\u2019une personne meurt tous les mois environ et que juste deux jours avant, un Rohingya est d\u00e9c\u00e9d\u00e9 mais ils ne connaissent pas la raison\u2026<\/p>\n<p><img decoding=\"async\" alt=\"\" src=\"http:\/\/oumma.com\/sites\/default\/files\/17.jpg\" \/><br \/>\n<b>6 mai: <\/b>J\u2019ai rendez-vous avec le directeur de la mosqu\u00e9e de Hat Yai. Il m\u2019explique que leur budget arrive \u00e0 terme et qu\u2019ils ne savent plus quoi faire pour aider les Rohingyas. Il souhaite une pression internationale car la voix des musulmans Tha\u00eflandais n\u2019est pas assez forte pour plaider leur cause.<br \/>\n<b>7 mai <\/b><b>matin:<\/b> J\u2019accompagne les b\u00e9n\u00e9voles pour distribuer la nourriture pr\u00e9par\u00e9e par leur soin au centre de d\u00e9tention de Sadao. Les b\u00e9n\u00e9voles sont des musulmans Thai. La grande Mosqu\u00e9e leur fournit les denr\u00e9es alimentaires de base.Au moment de la livraison vers 11h30, \u00e0 l\u2019entr\u00e9e du centre, nous voyons une ambulance qui vient r\u00e9cup\u00e9rer un Rohingyas d\u00e9tenu. Je le voyais en train de vomir un liquide vert et en pleine crise. Puis un autre d\u00e9tenu les a rejoint, ce dernier ne pouvait pas marcher seul alors un \u00a0\u00bbinfirmier\u00a0\u00bb le soutenait.<\/p>\n<p><b>Apr\u00e8s-midi:<\/b> Je re\u00e7ois un coup de fil de Maung Kyaw Nu, pour me dire que dans le centre de Padong Besar, les Rohingyas n\u2019ont pas re\u00e7u d\u2019eau potable et que les b\u00e9n\u00e9voles manquent pour nourrir les d\u00e9tenus \u2026Il me demande d\u2019alerter la communaut\u00e9 internationale sur les conditions de d\u00e9tention dans ces centres.<br \/>\n<img decoding=\"async\" alt=\"\" src=\"http:\/\/oumma.com\/sites\/default\/files\/15.jpg\" \/><\/p>\n<p><b>10 mai \u2013 Malaisie. <\/b>A peine arriv\u00e9 \u00e0 Kuala Lumpur que j\u2019apprends avec tristesse le d\u00e9c\u00e8s du Rohingya transport\u00e9 aux urgences le 7 Mai. Nous ne connaissons pas la cause de sa mort.Ce Rohingya ne sera pas enterr\u00e9 dans sa terre natale : L\u2019Arakan. Il n\u2019aura pas le droit \u00e0 une c\u00e9r\u00e9monie \u00a0Fun\u00e9raire avec ses proches.<b>(\u2026) <\/b>Au nom de la justice et au nom des droits de l\u2019Homme, nous collectif Halte Au Massacre En Birmanie, nous poursuivrons nos actions afin de d\u00e9noncer ce crime contre l\u2019Humanit\u00e9.<\/p>\n<p><img decoding=\"async\" alt=\"\" src=\"http:\/\/oumma.com\/sites\/default\/files\/16.jpg\" \/><\/p>\n<\/div>\n<p><a href=\"http:\/\/oumma.com\/16713\/a-recherche-musulmans-rohingyas\">Source<\/a><\/p>\n<header><\/header>\n<header>\n<header class=\"entry-header\"><img decoding=\"async\" class=\"attachment-post-thumbnail wp-post-image aligncenter\" alt=\"532126_10200972615776502_957928882_n\" src=\"http:\/\/www.egalite.be\/wp-content\/uploads\/2013\/04\/532126_10200972615776502_957928882_n.jpg\" width=\"180\" height=\"120\" \/><\/p>\n<header class=\"entry-header\">\n<blockquote>\n<h1 class=\"entry-title\">Birmanie : \u00ab silence on tue \u00bb<\/h1>\n<\/blockquote>\n<\/header>\n<div class=\"entry-content\">\n<p><img decoding=\"async\" class=\"aligncenter\" alt=\"http:\/\/www.egalite.be\/wp-content\/uploads\/2013\/05\/190438_157047111131659_512858943_n.jpg\" src=\"http:\/\/www.egalite.be\/wp-content\/uploads\/2013\/05\/190438_157047111131659_512858943_n.jpg\" width=\"576\" height=\"383\" \/><\/p>\n<div class=\"entry-content\">\n<p style=\"text-align: justify;\">Depuis des mois, les bouddhistes birmans s\u2019en prennent\u00a0violemment\u00a0\u00e0 la minorit\u00e9 musulmane Rohingyas. Aux yeux de la communaut\u00e9 internationale restant spectatrice, mosqu\u00e9es, commerces, maisons, villages musulmans sont pris pour cible, un v\u00e9ritable g\u00e9nocide.<\/p>\n<p style=\"text-align: justify;\">Pour Noor Islam, pr\u00e9sident de l\u2019organisation repr\u00e9sentative de la communaut\u00e9 des Rohingyas \u00ab\u00a0<strong>il s\u2019agit d\u2019un massacre planifi\u00e9 par le gouvernement birman contre notre communaut\u00e9<\/strong> (les Rohingyas), on peut dire que c\u2019est du <strong>terrorisme d\u2019Etat \u00e0 l\u2019encontre de notre peuple<\/strong>\u2026 Les forces du gouvernement : arm\u00e9e, police, s\u00e9curit\u00e9\u2026 sont devenues les forces\u00a0meurtri\u00e8res\u00a0de la r\u00e9gion. Ils sont directement impliqu\u00e9s dans le massacre de notre peuple.<strong> Leur objectif est de transformer l\u2019Arakhan en r\u00e9gion \u00a0Bouddhiste sans musulmans. En quelques sortes on peut dire qu\u2019il s\u2019agit d\u2019un g\u00e9nocide car les intentions sont tr\u00e8s claires<\/strong>\u00ab\u00a0.<\/p>\n<p style=\"text-align: justify;\">Un reportage ind\u00e9pendant explique les origines du conflit et expose la r\u00e9alit\u00e9 de ce conflit tr\u00e8s peu m\u00e9diatis\u00e9. Pour le visionner cliquez sur l\u2019image.<\/p>\n<p style=\"text-align: justify;\">\n<p style=\"text-align: center;\"><a href=\"http:\/\/www.youtube.com\/watch?v=VE1Itv5uhY8\"><img decoding=\"async\" class=\"alignnone size-full wp-image-28259\" alt=\"rohingyas-birmanie\" src=\"http:\/\/www.ajib.fr\/wp-content\/uploads\/2013\/05\/rohingyas-birmanie.png\" width=\"622\" height=\"350\" \/><\/a><\/p>\n<\/div>\n<div class=\"block-title\">Lire aussi sur le m\u00eame th\u00e8me\u2026<\/div>\n<div class=\"block-title\">\n<div class=\"article\">\n<p><a title=\"Permanent Link to Le gouvernement birman souhaite la disparition des Musulmans du pays\" href=\"http:\/\/www.egalite.be\/?p=6250\" rel=\"bookmark\">Le gouvernement birman souhaite la disparition des Musulmans du pays<\/a><\/p>\n<\/div>\n<p><a title=\"Permanent Link to Birmanie : les violences contre les musulmans se propagent\" href=\"http:\/\/www.egalite.be\/?p=6209\" rel=\"bookmark\">Birmanie : les violences contre les musulmans se propagent<\/a><\/p>\n<p><a title=\"Permanent Link to Qui sont les Rohingyas ? Comment les soutenir ?\" href=\"http:\/\/www.egalite.be\/?p=6082\" rel=\"bookmark\">Qui sont les Rohingyas ? Comment les soutenir ?<\/a><\/p>\n<p><a title=\"Permanent Link to Islamophobia: Myanmar\u2019s racist fault-line\" href=\"http:\/\/www.egalite.be\/?p=6040\" rel=\"bookmark\">Islamophobia: Myanmar\u2019s racist fault-line<\/a><\/p>\n<p><a title=\"Permanent Link to Manifestation \u00e0 Bruxelles contre le g\u00e9nocide des Rohingyas en Birmanie\" href=\"http:\/\/www.egalite.be\/?p=5980\" rel=\"bookmark\">Manifestation \u00e0 Bruxelles contre le g\u00e9nocide des Rohingyas en Birmanie<\/a><\/p>\n<p><a title=\"Permanent Link to 1er Mai d\u2019 \u00c9GALIT\u00c9\" href=\"http:\/\/www.egalite.be\/?p=5933\" rel=\"bookmark\">1er Mai d\u2019 \u00c9GALIT\u00c9<\/a><\/p>\n<p><a title=\"Permanent Link to Birmanie : des ONG d\u00e9noncent la lev\u00e9e des sanctions par l\u2019Europe\" href=\"http:\/\/www.egalite.be\/?p=5914\" rel=\"bookmark\">Birmanie : des ONG d\u00e9noncent la lev\u00e9e des sanctions par l\u2019Europe<\/a><\/p>\n<p><a title=\"Permanent Link to Il faut mettre fin au \u00ab nettoyage ethnique \u00bb dont sont victimes les musulmans rohingyas\" href=\"http:\/\/www.egalite.be\/?p=5885\" rel=\"bookmark\">Il faut mettre fin au \u00ab nettoyage ethnique \u00bb dont sont victimes les musulmans rohingyas<\/a><\/p>\n<p><a title=\"Permanent Link to Rassemblement contre les massacres racistes en Birmanie (Myanmar)\" href=\"http:\/\/www.egalite.be\/?p=5845\" rel=\"bookmark\">Rassemblement contre les massacres racistes en Birmanie (Myanmar)<\/a><\/p>\n<p><a title=\"Permanent Link to Birmanie, un pays a deux visages\" href=\"http:\/\/www.egalite.be\/?p=5787\" rel=\"bookmark\">Birmanie, un pays a deux visages<\/a><\/p>\n<p><a title=\"Permanent Link to Rassemblement contre les massacres racistes en Birmanie (Myanmar)\" href=\"http:\/\/www.egalite.be\/?ai1ec_event=rassemblement-contre-les-massacres-racistes-en-birmanie-myanmar&amp;instance_id=\" rel=\"bookmark\">Rassemblement contre les massacres racistes en Birmanie (Myanmar)<\/a><\/p>\n<p><a title=\"Permanent Link to Manifestation \u00e0 l\u2019ambassade du Myanmar contre l\u2019oppression des Rohingyas\" href=\"http:\/\/www.egalite.be\/?p=3600\" rel=\"bookmark\">Manifestation \u00e0 l\u2019ambassade du Myanmar contre l\u2019oppression des Rohingyas<\/a><\/p>\n<p><a title=\"Permanent Link to Appel d\u2019Egalit\u00e9 : Tous devant l\u2019ambassade de la Birmanie (Myanmar)\" href=\"http:\/\/www.egalite.be\/?p=3473\" rel=\"bookmark\">Appel d\u2019Egalit\u00e9 : Tous devant l\u2019ambassade de la Birmanie (Myanmar)<\/a><\/p>\n<\/div>\n<\/div>\n<\/header>\n<\/header>\n<\/div>\n","protected":false},"excerpt":{"rendered":"<p>A la recherche des musulmans Rohingyas Par Mouna Derouich | le 13 mai, 2013 \u2013 15:07 A ce moment, plusieurs Rohingyas se rapprochent des barreaux pour me montrer leurs s\u00e9quelles : je vois une gorge enfl\u00e9e, des br\u00fblures aux mains et aux bras, plusieurs personnes se plaignent de douleurs aux jambes. Je leur demande quelle &#8230; <a title=\"A la recherche des musulmans Rohingyas\" class=\"read-more\" href=\"https:\/\/bruxelles-pantheres.be\/?p=290\" aria-label=\"En savoir plus sur A la recherche des musulmans Rohingyas\">Lire la suite<\/a><\/p>\n","protected":false},"author":1,"featured_media":291,"comment_status":"open","ping_status":"open","sticky":false,"template":"","format":"standard","meta":{"footnotes":""},"categories":[21,4,18,28],"tags":[13],"class_list":["post-290","post","type-post","status-publish","format-standard","has-post-thumbnail","hentry","category-anti-imperialisme","category-islamophobie","category-resistance-bruxelles","category-racismes","tag-nordine-saidi"],"_links":{"self":[{"href":"https:\/\/bruxelles-pantheres.be\/index.php?rest_route=\/wp\/v2\/posts\/290","targetHints":{"allow":["GET"]}}],"collection":[{"href":"https:\/\/bruxelles-pantheres.be\/index.php?rest_route=\/wp\/v2\/posts"}],"about":[{"href":"https:\/\/bruxelles-pantheres.be\/index.php?rest_route=\/wp\/v2\/types\/post"}],"author":[{"embeddable":true,"href":"https:\/\/bruxelles-pantheres.be\/index.php?rest_route=\/wp\/v2\/users\/1"}],"replies":[{"embeddable":true,"href":"https:\/\/bruxelles-pantheres.be\/index.php?rest_route=%2Fwp%2Fv2%2Fcomments&post=290"}],"version-history":[{"count":1,"href":"https:\/\/bruxelles-pantheres.be\/index.php?rest_route=\/wp\/v2\/posts\/290\/revisions"}],"predecessor-version":[{"id":292,"href":"https:\/\/bruxelles-pantheres.be\/index.php?rest_route=\/wp\/v2\/posts\/290\/revisions\/292"}],"wp:featuredmedia":[{"embeddable":true,"href":"https:\/\/bruxelles-pantheres.be\/index.php?rest_route=\/wp\/v2\/media\/291"}],"wp:attachment":[{"href":"https:\/\/bruxelles-pantheres.be\/index.php?rest_route=%2Fwp%2Fv2%2Fmedia&parent=290"}],"wp:term":[{"taxonomy":"category","embeddable":true,"href":"https:\/\/bruxelles-pantheres.be\/index.php?rest_route=%2Fwp%2Fv2%2Fcategories&post=290"},{"taxonomy":"post_tag","embeddable":true,"href":"https:\/\/bruxelles-pantheres.be\/index.php?rest_route=%2Fwp%2Fv2%2Ftags&post=290"}],"curies":[{"name":"wp","href":"https:\/\/api.w.org\/{rel}","templated":true}]}}