{"id":2914,"date":"2016-07-17T19:41:31","date_gmt":"2016-07-17T18:41:31","guid":{"rendered":"https:\/\/bruxelles-pantheres.be\/?p=2914"},"modified":"2016-06-17T20:33:56","modified_gmt":"2016-06-17T19:33:56","slug":"migrations-et-luttes-sociales-video-des-seminaires","status":"publish","type":"post","link":"https:\/\/bruxelles-pantheres.be\/?p=2914","title":{"rendered":"\u00ab\u00a0Migrations et Luttes Sociales\u00a0\u00bb vid\u00e9o des s\u00e9minaires"},"content":{"rendered":"<div dir=\"ltr\">\n<p>Chers amis,<\/p>\n<p>En conclusion du cycle 2015-16 de s\u00e9minaires <strong>\u00ab\u00a0Migrations et Luttes Sociales\u00a0\u00bb,<\/strong> nous avons le plaisir de partager avec vous toutes les vid\u00e9os de notre cycle. 7 s\u00e9minaires &#8211; 7 vid\u00e9os! Quel programme!<br \/>\nN&rsquo;h\u00e9sitez pas \u00e0 les partager et \u00e0 revenir vers nous pour plus amples discussions. Nous vous donnons dores et d\u00e9j\u00e0 rendez-vous l&rsquo;ann\u00e9e prochaine pour la suite de l&rsquo;aventure \u00ab\u00a0Migrations et Luttes Sociales\u00a0\u00bb.<\/p>\n<div>\n<p>&#8211; S\u00e9minaire 1 : <a href=\"https:\/\/soundcloud.com\/migrationsetluttessociale\/seminaire-mls-avec-denis-pieret-22-05-2015\">\u00ab\u00a0Le contr\u00f4le des fronti\u00e8res en r\u00e9gime n\u00e9olib\u00e9ral\u00a0\u00bb &#8211; Denis Pieret (PhiloCit\u00e9) &#8211; Youri Lou Vertongen (MLS) <\/a><\/p>\n<p>&#8211; S\u00e9minaire 2: <strong>\u00ab\u00a0No finger Print: mobilisation des migrants \u00e0 Lampedusa\u00a0\u00bb<\/strong> &#8211; Annalisa Lendaro (Univ. Toulouse) -Aliz\u00e9e Dauchy (MLS)<\/p>\n<p><iframe src=\"https:\/\/www.youtube.com\/embed\/lNWZzUOn7Ww\" width=\"560\" height=\"315\" frameborder=\"0\" allowfullscreen=\"allowfullscreen\"><\/iframe><\/p>\n<p>&#8211; S\u00e9minaire 3:<strong> \u00ab\u00a0Associations: les nouveaux guichets de l&rsquo;immigration?\u00a0\u00bb<\/strong> &#8211; Mathilde Pette (Univ. Lille 1) &#8211; Anas Salih (MLS)<\/p>\n<p><iframe src=\"https:\/\/www.youtube.com\/embed\/XyPi06qQqRo\" width=\"560\" height=\"315\" frameborder=\"0\" allowfullscreen=\"allowfullscreen\"><\/iframe><\/p>\n<p>&#8211; S\u00e9minaire 4: <a href=\"http:\/\/migrationsetluttessociales.blogspot.be\/2016\/02\/seminaire-mls-12216-lhumanisation-des.html\">\u00ab\u00a0L&rsquo;humanisation des centres ferm\u00e9s en Belgique\u00a0\u00bb &#8211; Andrew Crosby (GERME-ULB) &#8211; Nourredine Arban (MLS-SPTV)<\/a><\/p>\n<p>&#8211; S\u00e9minaire 5: <strong>\u00ab\u00a0R\u00e9sister aux formes quotidiennes de racisme et de violences d&rsquo;Etat. Le cas de l&rsquo;\u00eele de Malte\u00a0\u00bb<\/strong> &#8211; Jacinthe Mazzocchetti (LAAP-UCL) &#8211; Martin Vander Elst (MLS)<iframe src=\"https:\/\/www.youtube.com\/embed\/UtPZRCqA73c\" width=\"560\" height=\"315\" frameborder=\"0\" allowfullscreen=\"allowfullscreen\"><\/iframe><\/p>\n<p>&#8211; S\u00e9minaire 6:<a href=\"http:\/\/migrationsetluttessociales.blogspot.be\/2016\/05\/video-seminaire-mls-daniel-veron-quand.html\"> \u00ab\u00a0Quand les sans-papiers prennent la Parole\u00a0\u00bb<\/a> &#8211; Daniel Veron (Univ. Paris Nanterre) &#8211; Bachir Barrou (MLS)<\/p>\n<p>&#8211; S\u00e9minaire 7: <strong>\u00ab\u00a0L&rsquo;impact des politiques d&rsquo;accueil sur la sant\u00e9 mentale des migrants. Le cas du Parc Maximilien.\u00a0\u00bb<\/strong> &#8211; Aurore Vermylen (LAAP-UCL) &#8211; Mamadou Bah (CADTM)<iframe src=\"https:\/\/www.youtube.com\/embed\/TFljlO81E70\" width=\"560\" height=\"315\" frameborder=\"0\" allowfullscreen=\"allowfullscreen\"><\/iframe><\/p>\n<p>Table ronde<a href=\"https:\/\/alumniumonsac-my.sharepoint.com\/personal\/501153_umons_ac_be\/_layouts\/15\/guestaccess.aspx?guestaccesstoken=gyoUkRjnxhs2Ax%2b2r%2b8Zp1HRkBoSO6jw3QZH1kTxTiI%3d&amp;docid=14bee6162ad8c43bfbd7eeb3f45abf029\"> <strong>\u00ab\u00a0Les r\u00e9fugi\u00e9s : enjeux multiples\u00a0\u00bb<\/strong> qui s&rsquo;est tenue \u00e0 l&rsquo;Ecole des Sciences Humaines et Sociales de l&rsquo;UMons le 26 avril 2016<\/a>.<\/p>\n<p>Merci \u00e0 Denis Pieret, Annalisa Lendaro, Mathile Pette, Nourredine Arban, Martin Vander Elst, Jacinthe Mazzocchetti, Daniel Veron, Mamadou Bah, SansPapiersTV, le CRESPO, le RIS, le GERME, et \u00e0 vous tous et toutes qui avez rendu le cycle de s\u00e9minaires possible!<\/p>\n<p>A l&rsquo;ann\u00e9e prochaine<\/p>\n<p>L&rsquo;\u00e9quipe Migrations et Luttes Sociales (<a href=\"http:\/\/www.migrationsetluttessociales.blogspot.be\/\" target=\"_blank\" rel=\"nofollow\" data-saferedirecturl=\"https:\/\/www.google.com\/url?hl=fr&amp;q=http:\/\/www.migrationsetluttessociales.blogspot.be\/&amp;source=gmail&amp;ust=1466274825506000&amp;usg=AFQjCNFFnoICrt62epA_SjtPjylzcXMVig\">www.<wbr><\/wbr>migrationsetluttessociales.<wbr><\/wbr>blogspot.be<\/a>)<\/p>\n<\/div>\n<\/div>\n","protected":false},"excerpt":{"rendered":"<p>Chers amis, En conclusion du cycle 2015-16 de s\u00e9minaires \u00ab\u00a0Migrations et Luttes Sociales\u00a0\u00bb, nous avons le plaisir de partager avec vous toutes les vid\u00e9os de notre cycle. 7 s\u00e9minaires &#8211; 7 vid\u00e9os! Quel programme! N&rsquo;h\u00e9sitez pas \u00e0 les partager et \u00e0 revenir vers nous pour plus amples discussions. Nous vous donnons dores et d\u00e9j\u00e0 rendez-vous &#8230; <a title=\"\u00ab\u00a0Migrations et Luttes Sociales\u00a0\u00bb vid\u00e9o des s\u00e9minaires\" class=\"read-more\" href=\"https:\/\/bruxelles-pantheres.be\/?p=2914\" aria-label=\"En savoir plus sur \u00ab\u00a0Migrations et Luttes Sociales\u00a0\u00bb vid\u00e9o des s\u00e9minaires\">Lire la suite<\/a><\/p>\n","protected":false},"author":1,"featured_media":1755,"comment_status":"open","ping_status":"open","sticky":false,"template":"","format":"standard","meta":{"footnotes":""},"categories":[18,39,17],"tags":[15],"class_list":["post-2914","post","type-post","status-publish","format-standard","has-post-thumbnail","hentry","category-resistance-bruxelles","category-sans-papier","category-video","tag-resistance"],"_links":{"self":[{"href":"https:\/\/bruxelles-pantheres.be\/index.php?rest_route=\/wp\/v2\/posts\/2914","targetHints":{"allow":["GET"]}}],"collection":[{"href":"https:\/\/bruxelles-pantheres.be\/index.php?rest_route=\/wp\/v2\/posts"}],"about":[{"href":"https:\/\/bruxelles-pantheres.be\/index.php?rest_route=\/wp\/v2\/types\/post"}],"author":[{"embeddable":true,"href":"https:\/\/bruxelles-pantheres.be\/index.php?rest_route=\/wp\/v2\/users\/1"}],"replies":[{"embeddable":true,"href":"https:\/\/bruxelles-pantheres.be\/index.php?rest_route=%2Fwp%2Fv2%2Fcomments&post=2914"}],"version-history":[{"count":3,"href":"https:\/\/bruxelles-pantheres.be\/index.php?rest_route=\/wp\/v2\/posts\/2914\/revisions"}],"predecessor-version":[{"id":2924,"href":"https:\/\/bruxelles-pantheres.be\/index.php?rest_route=\/wp\/v2\/posts\/2914\/revisions\/2924"}],"wp:featuredmedia":[{"embeddable":true,"href":"https:\/\/bruxelles-pantheres.be\/index.php?rest_route=\/wp\/v2\/media\/1755"}],"wp:attachment":[{"href":"https:\/\/bruxelles-pantheres.be\/index.php?rest_route=%2Fwp%2Fv2%2Fmedia&parent=2914"}],"wp:term":[{"taxonomy":"category","embeddable":true,"href":"https:\/\/bruxelles-pantheres.be\/index.php?rest_route=%2Fwp%2Fv2%2Fcategories&post=2914"},{"taxonomy":"post_tag","embeddable":true,"href":"https:\/\/bruxelles-pantheres.be\/index.php?rest_route=%2Fwp%2Fv2%2Ftags&post=2914"}],"curies":[{"name":"wp","href":"https:\/\/api.w.org\/{rel}","templated":true}]}}