{"id":2916,"date":"2016-07-14T20:01:42","date_gmt":"2016-07-14T19:01:42","guid":{"rendered":"https:\/\/bruxelles-pantheres.be\/?p=2916"},"modified":"2016-06-17T20:22:50","modified_gmt":"2016-06-17T19:22:50","slug":"lantiracisme-politique-face-aux-inquisiteurs","status":"publish","type":"post","link":"https:\/\/bruxelles-pantheres.be\/?p=2916","title":{"rendered":"L\u2019antiracisme politique face aux inquisiteurs !"},"content":{"rendered":"<blockquote><p>Accus\u00e9s, levez-vous\u00a0!<\/p>\n<p>Proc\u00e8s du 25 mai : l\u2019antiracisme politique face aux inquisiteurs !<\/p><\/blockquote>\n<p><b>Omar Slaouti<\/b>, (militant associatif) jouera le procureur g\u00e9n\u00e9ral<\/p>\n<p><b>Nacira Gu\u00e9nif-Souilamas<\/b> (sociologue), jouera la juge<br \/>\n<iframe src=\"https:\/\/www.youtube.com\/embed\/vrmnjLREuiI\" width=\"560\" height=\"315\" frameborder=\"0\" allowfullscreen=\"allowfullscreen\"><\/iframe><br \/>\nProc\u00e8s du 25 mai : Franco Lollia<\/p>\n<p><b>Franco Lollia<\/b> pour la <i>Brigade Anti-N\u00e9grophobie<\/i><br \/>\ndevra r\u00e9pondre des accusations de\u00a0:<br \/>\n&gt; communautarisme, militants radicaux de la cause noire qui ne comprennent rien \u00e0 l\u2019art et perturbent r\u00e9guli\u00e8rement les comm\u00e9morations de l\u2019abolition de l\u2019esclavage.<br \/>\n<iframe src=\"https:\/\/www.youtube.com\/embed\/437YEDBqnMs\" width=\"560\" height=\"315\" frameborder=\"0\" allowfullscreen=\"allowfullscreen\"><\/iframe><br \/>\nProc\u00e8s du 25 mai :<strong> Farah Mederbi<\/strong><br \/>\n<iframe src=\"https:\/\/www.youtube.com\/embed\/9Ju1hPZbcRA\" width=\"560\" height=\"315\" frameborder=\"0\" allowfullscreen=\"allowfullscreen\"><\/iframe><br \/>\nProc\u00e8s du 25 mai : Wiam Berhouma<\/p>\n<p><b>Wiam Berhouma<\/b>, participante \u00e0 une \u00e9mission de d\u00e9bats sur France 2<br \/>\ndevra r\u00e9pondre des accusations de\u00a0:<br \/>\n&gt; manque de respect \u00e0 Finkielkraut, l\u2019un des plus grands intellectuels fran\u00e7ais et d\u2019opacit\u00e9 sur son pass\u00e9 militant<br \/>\n<iframe src=\"https:\/\/www.youtube.com\/embed\/PFIU7NgyM5k\" width=\"560\" height=\"315\" frameborder=\"0\" allowfullscreen=\"allowfullscreen\"><\/iframe><br \/>\nProc\u00e8s du 25 mai : Eric Fassin<\/p>\n<p><b>\u00c9ric Fassin<\/b>, sociologue<br \/>\ndevra r\u00e9pondre des accusations de\u00a0:<br \/>\n&gt; complicit\u00e9 avec ces communautaristes, \u00ab\u00a0traitre \u00e0 sa race\u00a0\u00bb<br \/>\n<iframe src=\"https:\/\/www.youtube.com\/embed\/rMUEvmkPVWU\" width=\"560\" height=\"315\" frameborder=\"0\" allowfullscreen=\"allowfullscreen\"><\/iframe><br \/>\nProc\u00e8s du 25 mai : Nargesse Bibimoune<\/p>\n<p><b>Nargesse Bibimoune<\/b>, membre du <i>FUIQP<\/i> et de la <i>MAFED<\/i><br \/>\ndevra r\u00e9pondre des accusations de\u00a0:<br \/>\n&gt; marche communautariste durant laquelle les organisatrices ont prof\u00e9r\u00e9 des slogans douteux et \u00ab\u00a0racialisation\u00a0\u00bb de la lutte contre les violences polici\u00e8res<br \/>\n<iframe src=\"https:\/\/www.youtube.com\/embed\/gVkmysTEk94\" width=\"560\" height=\"315\" frameborder=\"0\" allowfullscreen=\"allowfullscreen\"><\/iframe><br \/>\nProc\u00e8s du 25 mai : Amadou Ka<\/p>\n<p><b>Amadou Ka<\/b>, pr\u00e9sident des <i>Indivisibles<\/i><br \/>\ndevra r\u00e9pondre des accusations suivantes\u00a0:<br \/>\n&gt; d\u00e9nonce r\u00e9guli\u00e8rement le racisme de personnalit\u00e9s publiques respectables et au-dessus de tout soup\u00e7on, impardonnables pour avoir os\u00e9 mettre Fourest sur le m\u00eame plan que Le Pen<br \/>\n<iframe src=\"https:\/\/www.youtube.com\/embed\/_qVlKWnG3vg\" width=\"560\" height=\"315\" frameborder=\"0\" allowfullscreen=\"allowfullscreen\"><\/iframe><br \/>\nProc\u00e8s du 25 mai : Leyla Larbi<\/p>\n<p><b>Leyla Larbi<\/b>, <i>G\u00e9n\u00e9ration Palestine<\/i> &amp; <i>Labo D\u00e9colonial<\/i><br \/>\ndevra r\u00e9pondre des accusations suivantes\u00a0:<br \/>\n&gt; vit dans un pass\u00e9 r\u00e9volu, se sert de l\u2019antisionisme pour masquer un antis\u00e9mitisme certain, appel \u00e0 la discrimination envers un \u00c9tat<br \/>\n<iframe src=\"https:\/\/www.youtube.com\/embed\/FHG2NS7pD1Y\" width=\"560\" height=\"315\" frameborder=\"0\" allowfullscreen=\"allowfullscreen\"><\/iframe><br \/>\nProc\u00e8s du 25 mai : Houria Bouteldja<\/p>\n<p><b>Houria Bouteldja<\/b>, porte-parole du <i>Parti des Indig\u00e8nes de la R\u00e9publique<\/i><br \/>\ndevra r\u00e9pondre des accusations de\u00a0:<br \/>\n&gt; racialisme, \u00ab\u00a0racisme anti-blanc\u00a0\u00bb, antis\u00e9mitisme, misogynie et homophobie<br \/>\n<iframe src=\"https:\/\/www.youtube.com\/embed\/-UgMRc8LfS8\" width=\"560\" height=\"315\" frameborder=\"0\" allowfullscreen=\"allowfullscreen\"><\/iframe><br \/>\nProc\u00e8s du 25 mai : Saimir Mile<\/p>\n<p><b>Saimir Mile<\/b>, <i>la Voix des Rroms<\/i><br \/>\ndevra r\u00e9pondre des accusations de\u00a0:<br \/>\n&gt; participation \u00e0 cette association de malfaiteurs et refus de l\u2019universalisme r\u00e9publicain<br \/>\n<iframe src=\"https:\/\/www.youtube.com\/embed\/zJ5rqKUcKPU\" width=\"560\" height=\"315\" frameborder=\"0\" allowfullscreen=\"allowfullscreen\"><\/iframe><br \/>\nProc\u00e8s du 25 mai : Alain Gresh<\/p>\n<p><b>Alain Gresh<\/b>, journaliste<br \/>\ndevra s\u2019expliquer sur\u00a0:<br \/>\n&gt; son amour de Tariq Ramadan<br \/>\n<iframe src=\"https:\/\/www.youtube.com\/embed\/N47ieOfmbhA\" width=\"560\" height=\"315\" frameborder=\"0\" allowfullscreen=\"allowfullscreen\"><\/iframe><br \/>\nProc\u00e8s du 25 mai : Emmeline Fagot<\/p>\n<p><b>Emmeline Fagot<\/b>, <i>UJFP<\/i><br \/>\ndevra r\u00e9pondre des accusations de\u00a0:<br \/>\n&gt; islamo-gauchisme, antis\u00e9mites dans la haine de soi car antisionistes<br \/>\n<iframe src=\"https:\/\/www.youtube.com\/embed\/n8hka9p8cVc\" width=\"560\" height=\"315\" frameborder=\"0\" allowfullscreen=\"allowfullscreen\"><\/iframe><br \/>\nProc\u00e8s du 25 mai : Fania No\u00ebl<\/p>\n<p><b>Fania No\u00ebl<\/b>, co-organisatrice du <i>Camp d\u2019\u00e9t\u00e9 d\u00e9colonial<\/i><br \/>\ndevra r\u00e9pondre des accusations de\u00a0:<br \/>\n&gt; s\u00e9gr\u00e9gation invers\u00e9e, \u00ab\u00a0racisme anti-blanc\u00a0\u00bb, communautarisme, danger pour la d\u00e9mocratie<br \/>\n<iframe src=\"https:\/\/www.youtube.com\/embed\/E5cD-ZKDP30\" width=\"560\" height=\"315\" frameborder=\"0\" allowfullscreen=\"allowfullscreen\"><\/iframe><br \/>\nProc\u00e8s du 25 mai : Ludivine Bantigny<\/p>\n<p><b>Ludivine Bantigny<\/b>,<i> Collectif anti-guerres<\/i><br \/>\ndevra r\u00e9pondre des accusations de\u00a0:<br \/>\n&gt; idiote utile, collabos du djihadisme, gauchistes criminels.<br \/>\n<iframe src=\"https:\/\/www.youtube.com\/embed\/D_FF1Yy0jEs\" width=\"560\" height=\"315\" frameborder=\"0\" allowfullscreen=\"allowfullscreen\"><\/iframe><br \/>\nProc\u00e8s du 25 mai : Sihame Assbague<\/p>\n<p><b>Sihame Assbague<\/b>, un peu partout<br \/>\ndevra r\u00e9pondre des accusations de\u00a0:<br \/>\n&gt; communautarisme, racisme anti-blanc, arrogance, fait r\u00e9guli\u00e8rement le jeu du FN et des extr\u00e9mistes<br \/>\n<iframe src=\"https:\/\/www.youtube.com\/embed\/tVAcA80Agns\" width=\"560\" height=\"315\" frameborder=\"0\" allowfullscreen=\"allowfullscreen\"><\/iframe><br \/>\nProc\u00e8s du 25 mai : Stathis Kouv\u00e9lakis<\/p>\n<p><b>Stathis Kouv\u00e9lakis<\/b>, philosophe<br \/>\ndevra r\u00e9pondre des accusations de\u00a0:<br \/>\n&gt; islamo-gauchisme grec qui ne comprend rien \u00e0 l\u2019universalisme fran\u00e7ais et ne comprend rien aux bienfaits de l\u2019Europe<br \/>\n<iframe src=\"https:\/\/www.youtube.com\/embed\/dAaBWUSiDkE\" width=\"560\" height=\"315\" frameborder=\"0\" allowfullscreen=\"allowfullscreen\"><\/iframe><\/p>\n","protected":false},"excerpt":{"rendered":"<p>Accus\u00e9s, levez-vous\u00a0! Proc\u00e8s du 25 mai : l\u2019antiracisme politique face aux inquisiteurs ! Omar Slaouti, (militant associatif) jouera le procureur g\u00e9n\u00e9ral Nacira Gu\u00e9nif-Souilamas (sociologue), jouera la juge Proc\u00e8s du 25 mai : Franco Lollia Franco Lollia pour la Brigade Anti-N\u00e9grophobie devra r\u00e9pondre des accusations de\u00a0: &gt; communautarisme, militants radicaux de la cause noire qui ne &#8230; <a title=\"L\u2019antiracisme politique face aux inquisiteurs !\" class=\"read-more\" href=\"https:\/\/bruxelles-pantheres.be\/?p=2916\" aria-label=\"En savoir plus sur L\u2019antiracisme politique face aux inquisiteurs !\">Lire la suite<\/a><\/p>\n","protected":false},"author":1,"featured_media":2917,"comment_status":"open","ping_status":"open","sticky":false,"template":"","format":"video","meta":{"footnotes":""},"categories":[36,4,7,6,28,37,17],"tags":[23,15],"class_list":["post-2916","post","type-post","status-publish","format-video","has-post-thumbnail","hentry","category-europe","category-islamophobie","category-negrophobie","category-palestine-moyen-orient","category-racismes","category-romophobie","category-video","tag-discrimination","tag-resistance","post_format-post-format-video"],"_links":{"self":[{"href":"https:\/\/bruxelles-pantheres.be\/index.php?rest_route=\/wp\/v2\/posts\/2916","targetHints":{"allow":["GET"]}}],"collection":[{"href":"https:\/\/bruxelles-pantheres.be\/index.php?rest_route=\/wp\/v2\/posts"}],"about":[{"href":"https:\/\/bruxelles-pantheres.be\/index.php?rest_route=\/wp\/v2\/types\/post"}],"author":[{"embeddable":true,"href":"https:\/\/bruxelles-pantheres.be\/index.php?rest_route=\/wp\/v2\/users\/1"}],"replies":[{"embeddable":true,"href":"https:\/\/bruxelles-pantheres.be\/index.php?rest_route=%2Fwp%2Fv2%2Fcomments&post=2916"}],"version-history":[{"count":2,"href":"https:\/\/bruxelles-pantheres.be\/index.php?rest_route=\/wp\/v2\/posts\/2916\/revisions"}],"predecessor-version":[{"id":2919,"href":"https:\/\/bruxelles-pantheres.be\/index.php?rest_route=\/wp\/v2\/posts\/2916\/revisions\/2919"}],"wp:featuredmedia":[{"embeddable":true,"href":"https:\/\/bruxelles-pantheres.be\/index.php?rest_route=\/wp\/v2\/media\/2917"}],"wp:attachment":[{"href":"https:\/\/bruxelles-pantheres.be\/index.php?rest_route=%2Fwp%2Fv2%2Fmedia&parent=2916"}],"wp:term":[{"taxonomy":"category","embeddable":true,"href":"https:\/\/bruxelles-pantheres.be\/index.php?rest_route=%2Fwp%2Fv2%2Fcategories&post=2916"},{"taxonomy":"post_tag","embeddable":true,"href":"https:\/\/bruxelles-pantheres.be\/index.php?rest_route=%2Fwp%2Fv2%2Ftags&post=2916"}],"curies":[{"name":"wp","href":"https:\/\/api.w.org\/{rel}","templated":true}]}}