{"id":2920,"date":"2016-07-21T20:24:00","date_gmt":"2016-07-21T19:24:00","guid":{"rendered":"https:\/\/bruxelles-pantheres.be\/?p=2920"},"modified":"2016-06-17T20:29:09","modified_gmt":"2016-06-17T19:29:09","slug":"journee-detude-droit-et-islamophobie-les-videos","status":"publish","type":"post","link":"https:\/\/bruxelles-pantheres.be\/?p=2920","title":{"rendered":"Journ\u00e9e d&rsquo;\u00e9tude Droit et Islamophobie &#8211; les vid\u00e9os"},"content":{"rendered":"<div><b>R\u00e9gulations politique et juridique du pluralisme religieux et de la lutte contre le racisme et les discriminations\u00a0<\/b><\/div>\n<p><iframe src=\"https:\/\/www.youtube.com\/embed\/D-JV5-rySkc\" width=\"560\" height=\"315\" frameborder=\"0\" allowfullscreen=\"allowfullscreen\"><\/iframe><\/p>\n<div><\/div>\n<div><\/div>\n<div><\/div>\n<div>Discutant\u00a0: <b>Abdellali Hajjat<\/b>, Ma\u00eetre de conf\u00e9rences en science politique, Universit\u00e9 Paris-Ouest Nanterre.<\/div>\n<div><b>Anne-Sophie Lamine<\/b>, Professeure de sociologie \u00e0 l\u2019Universit\u00e9 de Strasbourg.<\/div>\n<div><b>Val\u00e9rie Amiraux<\/b>, Professeure de sociologie \u00e0 l\u2019Universit\u00e9 de Montr\u00e9al, Titulaire de la Chaire de recherche en \u00e9tude du pluralisme religieux, Canada<\/div>\n<div><b>Nadia Fadil<\/b>, Sociologue et anthropologue \u00e0 la KU Leuven, Belgique.<\/div>\n<div><\/div>\n<div><b>\u00a0<\/b><\/div>\n<div><b>Face aux discriminations islamophobes quelles strat\u00e9gies juridiques\u00a0? Le point de vue des juristes\u00a0<\/b><\/div>\n<p><iframe src=\"https:\/\/www.youtube.com\/embed\/4MlBJirOu7M\" width=\"560\" height=\"315\" frameborder=\"0\" allowfullscreen=\"allowfullscreen\"><\/iframe><\/p>\n<div><b><br \/>\n<\/b><\/div>\n<div><\/div>\n<div>Discutant\u00a0: <b>Vincent-Arnaud Chappe<\/b>, Sociologue, CNRS, Centre de Sociologie de l\u2019Innovation.<\/div>\n<div><b>Coline Bellefleur<\/b>, Avocate chez TBPK et pr\u00e9side de la section Qu\u00e9b\u00e9coise de l&rsquo;Association Canadienne des Avocats Musulmans (ACAM)<\/div>\n<div><b>In\u00e8s Wouters<\/b>, Avocate au Barreau de Bruxelles, membre de l\u2019association Legisquadra<\/div>\n<div><b>Lila Charef<\/b>, Responsable du p\u00f4le juridique du Collectif contre l\u2019Islamophobie en France<\/div>\n<div><\/div>\n<div><\/div>\n<div><b>Au-del\u00e0 du droit, quelles mobilisations politiques\u00a0? <\/b><\/div>\n<p><iframe src=\"https:\/\/www.youtube.com\/embed\/3P3CeT1-9WA\" width=\"560\" height=\"315\" frameborder=\"0\" allowfullscreen=\"allowfullscreen\"><\/iframe><\/p>\n<div><\/div>\n<div><\/div>\n<div>Discutante :\u00a0<b>Maryam Kolly<\/b>, Sociologue, Universit\u00e9 Saint-Louis, Bruxelles<\/div>\n<div><b>Haroun Bouazzi<\/b>, Association des musulmans et des arabes pour la la\u00efcit\u00e9 au Qu\u00e9bec<\/div>\n<div><b>Hajib El Hajjaji<\/b>, Collectif contre l\u2019islamophobie en Belgique<\/div>\n<div><b>Marwan Muhammad<\/b>, Collectif contre l\u2019islamophobie en France<\/div>\n<div><\/div>\n<div>Conclusion g\u00e9n\u00e9rale. <b>Jocelyne Dakhlia<\/b>, historienne, Directrice d&rsquo;\u00e9tudes \u00e0 l\u2019EHESS<\/div>\n","protected":false},"excerpt":{"rendered":"<p>R\u00e9gulations politique et juridique du pluralisme religieux et de la lutte contre le racisme et les discriminations\u00a0 Discutant\u00a0: Abdellali Hajjat, Ma\u00eetre de conf\u00e9rences en science politique, Universit\u00e9 Paris-Ouest Nanterre. Anne-Sophie Lamine, Professeure de sociologie \u00e0 l\u2019Universit\u00e9 de Strasbourg. Val\u00e9rie Amiraux, Professeure de sociologie \u00e0 l\u2019Universit\u00e9 de Montr\u00e9al, Titulaire de la Chaire de recherche en \u00e9tude &#8230; <a title=\"Journ\u00e9e d&rsquo;\u00e9tude Droit et Islamophobie &#8211; les vid\u00e9os\" class=\"read-more\" href=\"https:\/\/bruxelles-pantheres.be\/?p=2920\" aria-label=\"En savoir plus sur Journ\u00e9e d&rsquo;\u00e9tude Droit et Islamophobie &#8211; les vid\u00e9os\">Lire la suite<\/a><\/p>\n","protected":false},"author":1,"featured_media":2306,"comment_status":"open","ping_status":"open","sticky":false,"template":"","format":"video","meta":{"footnotes":""},"categories":[4,18,28],"tags":[23,15],"class_list":["post-2920","post","type-post","status-publish","format-video","has-post-thumbnail","hentry","category-islamophobie","category-resistance-bruxelles","category-racismes","tag-discrimination","tag-resistance","post_format-post-format-video"],"_links":{"self":[{"href":"https:\/\/bruxelles-pantheres.be\/index.php?rest_route=\/wp\/v2\/posts\/2920","targetHints":{"allow":["GET"]}}],"collection":[{"href":"https:\/\/bruxelles-pantheres.be\/index.php?rest_route=\/wp\/v2\/posts"}],"about":[{"href":"https:\/\/bruxelles-pantheres.be\/index.php?rest_route=\/wp\/v2\/types\/post"}],"author":[{"embeddable":true,"href":"https:\/\/bruxelles-pantheres.be\/index.php?rest_route=\/wp\/v2\/users\/1"}],"replies":[{"embeddable":true,"href":"https:\/\/bruxelles-pantheres.be\/index.php?rest_route=%2Fwp%2Fv2%2Fcomments&post=2920"}],"version-history":[{"count":1,"href":"https:\/\/bruxelles-pantheres.be\/index.php?rest_route=\/wp\/v2\/posts\/2920\/revisions"}],"predecessor-version":[{"id":2921,"href":"https:\/\/bruxelles-pantheres.be\/index.php?rest_route=\/wp\/v2\/posts\/2920\/revisions\/2921"}],"wp:featuredmedia":[{"embeddable":true,"href":"https:\/\/bruxelles-pantheres.be\/index.php?rest_route=\/wp\/v2\/media\/2306"}],"wp:attachment":[{"href":"https:\/\/bruxelles-pantheres.be\/index.php?rest_route=%2Fwp%2Fv2%2Fmedia&parent=2920"}],"wp:term":[{"taxonomy":"category","embeddable":true,"href":"https:\/\/bruxelles-pantheres.be\/index.php?rest_route=%2Fwp%2Fv2%2Fcategories&post=2920"},{"taxonomy":"post_tag","embeddable":true,"href":"https:\/\/bruxelles-pantheres.be\/index.php?rest_route=%2Fwp%2Fv2%2Ftags&post=2920"}],"curies":[{"name":"wp","href":"https:\/\/api.w.org\/{rel}","templated":true}]}}