{"id":293,"date":"2013-06-07T02:04:14","date_gmt":"2013-06-07T01:04:14","guid":{"rendered":"https:\/\/bruxelles-pantheres.be\/?p=293"},"modified":"2013-11-10T02:07:21","modified_gmt":"2013-11-10T01:07:21","slug":"hommage-a-clement-sa-mort-une-consequence-du-racisme-detat","status":"publish","type":"post","link":"https:\/\/bruxelles-pantheres.be\/?p=293","title":{"rendered":"Hommage \u00e0 Cl\u00e9ment. Sa mort : une cons\u00e9quence du racisme d\u2019\u00e9tat"},"content":{"rendered":"<header><\/header>\n<div>\n<p><img decoding=\"async\" alt=\"http:\/\/md0.libe.com\/photo\/525184-manif-meric-banderole.jpg?modified_at=1370534541&amp;width=476\" src=\"http:\/\/md0.libe.com\/photo\/525184-manif-meric-banderole.jpg?modified_at=1370534541&amp;width=476\" \/><\/p>\n<p><em><strong>Hommage \u00e0 Cl\u00e9ment. Sa mort : une cons\u00e9quence du racisme d\u2019\u00e9tat<\/strong><\/em><\/p>\n<p>Ce tout jeune militant n\u2019a pas \u00e9t\u00e9 assassin\u00e9 que par l\u2019extr\u00eame droite.<br \/>\nIl a \u00e9galement \u00e9t\u00e9 tu\u00e9 par le racisme d\u2019\u00e9tat qui encourage les meurtriers \u00e0 se l\u00e2cher. D\u2019abord sur les immigr\u00e9s, enfants d\u2019immigr\u00e9s, ou identifi\u00e9s comme tels. Puis, comme \u00e0 chaque fois, dans toutes les \u00e9poques o\u00f9 les \u00e9tats encouragent le racisme, la violence s\u2019\u00e9tend.<!--more--> La \u00ab b\u00eate immonde \u00bb comme on aime tant \u00e0 l\u2019appeler, ne se f\u00e9conde pas toute seule. Elle est nourrie, autoris\u00e9e, encourag\u00e9e par non seulement des discours mais aussi des pratiques racistes issus des pouvoirs en place, qui se servent du racisme par opportunit\u00e9, notamment en temps d\u2019aust\u00e9rit\u00e9 et de pillage en r\u00e8gle des peuples, mais qui r\u00e9v\u00e8lent aussi combien l\u2019Europe n\u2019a rien r\u00e9gl\u00e9 de sa profonde maladie coloniale.<br \/>\nVa en paix, petit martyr. Retrouve les tiens : ceux qu\u2019on encourage l\u2019extr\u00eame droite, les chiens du colonialisme, \u00e0 abattre.<br \/>\nRien n\u2019est \u00e0 retirer du drame v\u00e9cu par le jeune Cl\u00e9ment et ses proches.<br \/>\nMais comment ne pas \u00eatre surpris par la lumi\u00e8re qu\u2019accordent \u00e0 cette mort les m\u00e9dias ?<br \/>\nTant mieux. Certes. Mais pourquoi lorsque la liste immense de bavures, d\u2019agressions et de crimes racistes, ne cesse de s\u2019allonger, y-a-t-il \u00e0 peine une \u00e9vocation, ou rien ?<br \/>\nLa r\u00e9ponse est ignoble : l\u2019assassinat d\u2019un Europ\u00e9en est un \u00e9v\u00e9nement. L\u2019assassinat d\u2019un immigr\u00e9, d\u2019un indig\u00e8ne, n\u2019est que le quotidien.<br \/>\nL\u2019attitude des m\u00e9dias ne dit rien d\u2019autre. Et c\u2019est ce quotidien que combattait notamment ce jeune militant ; et c\u2019est ce quotidien qui l\u2019a tu\u00e9.<br \/>\nAffirmer cela n\u2019enl\u00e8ve en rien la douleur, le respect et la tristesse qu\u2019inspire le meurtre de ce jeune, presque encore enfant.<br \/>\nAu contraire, Cl\u00e9ment a pu mourir \u00e0 cause justement d\u2019un contexte o\u00f9 la mort d\u2019un immigr\u00e9, de dix, de cent immigr\u00e9s, n\u2019est pas un \u00e9v\u00e9nement et n\u2019est pas ressentie comme telle. C\u2019est de ce contexte l\u00e0 que sort la confiance des nervis n\u00e9o nazis, sans laquelle ils n\u2019oseraient tuer.<br \/>\nEt la r\u00e9ponse est-elle dans l\u2019interdiction des groupuscules ? Elle est dans l\u2019interdiction du colonialisme et du racialisme. Mais le colonialisme, \u00e7a ne s\u2019interdit pas par la loi, \u00e7a se soigne. Il faut d\u2019abord le reconna\u00eetre.<\/p>\n<p><strong>J\u00e9r\u00e9mie Piolat<\/strong> est philosophe. Il est l\u2019auteur de plusieurs films documentaires.<\/p>\n<p>&nbsp;<\/p>\n<header class=\"entry-header\"><img decoding=\"async\" class=\"attachment-post-thumbnail wp-post-image alignright\" alt=\"485531_632679396760665_1699581566_n\" src=\"http:\/\/www.egalite.be\/wp-content\/uploads\/2013\/06\/485531_632679396760665_1699581566_n.jpg\" width=\"480\" height=\"480\" \/><\/p>\n<blockquote>\n<h1 class=\"entry-title\">Ils ont tu\u00e9 l\u2019un des n\u00f4tres. Lettre \u00e0 Cl\u00e9ment M\u00e9ric.<\/h1>\n<\/blockquote>\n<\/header>\n<div class=\"entry-content\">\n<div>\n<div><em><span class=\"fbPhotosPhotoCaption\" id=\"fbPhotoPageCaption\" tabindex=\"0\" data-ft=\"{&quot;type&quot;:45}\"><span class=\"hasCaption\">Ami, si tu tombes, un ami sort de l\u2019ombre \u00e0 ta place.<\/span><\/span><\/em><\/div>\n<div><img decoding=\"async\" class=\"decoded\" alt=\"https:\/\/fbcdn-sphotos-c-a.akamaihd.net\/hphotos-ak-prn1\/941345_10200532366646159_288441160_n.jpg\" src=\"https:\/\/fbcdn-sphotos-c-a.akamaihd.net\/hphotos-ak-prn1\/941345_10200532366646159_288441160_n.jpg\" width=\"768\" height=\"574\" \/><\/div>\n<div><strong>Ils ont tu\u00e9 l\u2019un des n\u00f4tres. Lettre \u00e0 Cl\u00e9ment M\u00e9ric.<\/strong><\/div>\n<\/div>\n<div>\n<div>\n<div>par <a href=\"https:\/\/www.facebook.com\/julien.slng\" data-hovercard=\"\/ajax\/hovercard\/user.php?id=1067976433\">Julien Salingue<\/a> (<a href=\"https:\/\/www.facebook.com\/profile.php?id=1067976433&amp;sk=notes\">Articles<\/a>),<\/div>\n<div>jeudi 6 juin 2013, 16:07<\/div>\n<\/div>\n<\/div>\n<div>\n<div>\n<p>Cl\u00e9ment,<\/p>\n<p>Lorsque j\u2019ai appris, hier soir, la nouvelle, j\u2019ai cru tout d\u2019abord que je te connaissais. Ce n\u2019\u00e9tait pas le cas. Je t\u2019ai pris pour un autre.<\/p>\n<p>Mais plus j\u2019y r\u00e9fl\u00e9chis, et plus je me dis que oui, je te connaissais. M\u00eame si nous ne nous sommes jamais rencontr\u00e9s. M\u00eame si, jusqu\u2019\u00e0 hier soir, j\u2019ignorais ton existence. Oui, je te connais. Tu es mon camarade. Tu es notre camarade.<\/p>\n<p>Et ils t\u2019ont tu\u00e9. Ils ont tu\u00e9 l\u2019un des n\u00f4tres.<\/p>\n<p>\u00c0 la t\u00e9l\u00e9, en ce moment, ils parlent d\u2019 \u00ab altercation \u00bb. De \u00ab rixe \u00bb. De \u00ab face-\u00e0-face entre extr\u00eame-droite et extr\u00eame-gauche \u00bb. \u00c0 vomir.<\/p>\n<p>Ils disent qu\u2019il ne faut pas tout m\u00e9langer. Qu\u2019il faut \u00e9viter les amalgames. Que c\u2019est tragique, mais qu\u2019il ne faut pas vouloir tout interpr\u00e9ter, tout analyser, tout g\u00e9n\u00e9raliser. Alors c\u2019est comme \u00e7a, ils parlent de \u00ab bagarre \u00bb. \u00c0 vomir.<\/p>\n<p>18 ans. C\u2019est ton \u00e2ge. On ne doit pas mourir \u00e0 18 ans.<\/p>\n<p>1995. C\u2019est ton ann\u00e9e de naissance. C\u2019est aussi l\u2019ann\u00e9e o\u00f9 des fachos ont noy\u00e9 Brahim Bouarram, lors du d\u00e9fil\u00e9 annuel du FN.<\/p>\n<p>Chaque 1er mai, depuis 18 ans, on se souvient de la mort de Brahim. Chaque 5 juin, d\u00e9sormais, on se souviendra de ta mort, Cl\u00e9ment.<\/p>\n<p>On se souviendra, comme le 1er mai, que l\u2019extr\u00eame-droite tue. On se souviendra, comme le 1er mai, que le fascisme n\u2019est pas mort. Que le ventre est toujours f\u00e9cond. On s\u2019en souviendra.<\/p>\n<p>Mais on ne se contentera pas de \u00e7a. Et on n\u2019attendra pas le 5 juin.<\/p>\n<p>D\u00e8s ce soir, dans toute la France, il y aura des rassemblements. On occupera la rue. Pour dire, pour leur dire \u00e0 ces nazillons, que la rue n\u2019est pas \u00e0 eux. Qu\u2019elle ne l\u2019a jamais \u00e9t\u00e9, et qu\u2019elle ne le sera jamais.<\/p>\n<p>Mais on ne se contentera pas de \u00e7a. On ne peut pas. On ne doit pas. Cl\u00e9ment, ta mort nous dit beaucoup de choses. Et il s\u2019agit de les prendre au s\u00e9rieux.<\/p>\n<p>Ta mort nous dit que les fachos sont en confiance en ce moment. Qu\u2019ils pensent que tout leur est permis. Que le climat leur est favorable. Que leurs id\u00e9es ont le vent en poupe.<\/p>\n<p>Pas \u00e9tonnant, dans un pays dans lequel des centaines de milliers de gens manifestent contre l\u2019\u00e9galit\u00e9 des droits.<\/p>\n<p>Pas \u00e9tonnant, dans un pays dans lequel l\u2019\u00c9tat traque les sans-papiers, les Rroms, expulse \u00e0 tour de bras et couvre syst\u00e9matiquement les violences polici\u00e8res.<\/p>\n<p>Pas \u00e9tonnant, dans un pays dans lequel se multiplient les agressions contre les musulmans, tandis qu\u2019\u00e9ditorialistes et responsables politiques d\u00e9battent poliment de savoir si l\u2019islam est compatible avec \u00ab nos valeurs \u00bb.<\/p>\n<p>Pas \u00e9tonnant, dans un pays dans lequel le principal d\u00e9bat qui agite la droite, c\u2019est de savoir quand et comment elle va s\u2019allier avec l\u2019extr\u00eame-droite, dont elle a depuis longtemps repris la plupart des id\u00e9es.<\/p>\n<p>Pas \u00e9tonnant, dans un pays dans lequel la gauche gouvernementale a depuis longtemps renonc\u00e9 \u00e0 s\u2019attaquer aux sources du mal et pr\u00e9f\u00e8re \u00ab briser des tabous \u00bb pendant que d\u2019autres rigolent en brisant des vies.<\/p>\n<p>Alors ils sont tous l\u00e0. Ils d\u00e9noncent. Ils sont horrifi\u00e9s par ta mort. Ils disent qu\u2019ils vont traquer et punir les coupables. Tant mieux. C\u2019est bien le moins qu\u2019ils puissent faire.<\/p>\n<p>Mais une fois l\u2019\u00e9motion surmont\u00e9e, une fois l\u2019emballement m\u00e9diatique pass\u00e9, ils retourneront \u00e0 leurs petites affaires. Petites affaires qui permettent \u00e0 l\u2019extr\u00eame-droite, \u00e0 mesure que la crise s\u2019approfondit et qu\u2019ils m\u00e8nent la guerre aux pauvres, de continuer \u00e0 distiller son poison mortel.<\/p>\n<p>Font-ils semblant de ne pas voir que l\u2019un des principaux effets de la crise, qui n\u2019en est qu\u2019\u00e0 ses d\u00e9buts, c\u2019est de renforcer les logiques identitaires, chauvines, racistes, x\u00e9nophobes ? Font-ils semblant de ne pas voir que partout en Europe, des courants et des discours politiques que l\u2019on croyait appartenir au pass\u00e9 refont surface, se d\u00e9veloppent, s\u2019organisent ? Font-ils semblant de ne pas voir que les n\u00e9o-nazis sont aux portes du pouvoir en Gr\u00e8ce, gr\u00e2ce aux politiques d\u2019aust\u00e9rit\u00e9 ? Font-ils semblant de ne pas voir que ta mort n\u2019est pas un incident isol\u00e9, mais un signe des temps, annonciateur de l\u2019orage qui gronde ?<\/p>\n<p>Ils voient, mais ne veulent pas voir. Ils savent, mais ne veulent pas savoir. Ils n\u2019ont rien retenu de l\u2019histoire. Ils sont tellement aveugl\u00e9s par leur fid\u00e9lit\u00e9 au syst\u00e8me qui les nourrit qu\u2019ils sont pr\u00eats \u00e0 tout pour le sauver, m\u00eame \u00e0 laisser la porte ouverte aux fascistes, qui ne veulent pas d\u00e9truire ce syst\u00e8me mais le r\u00e9organiser par la force.<\/p>\n<p>Cl\u00e9ment, tu \u00e9tais un militant antifa, mais aussi un militant syndical. Tu \u00e9tais de ceux qui ont compris que la lutte contre la gangr\u00e8ne fasciste passait par un combat quotidien, pieds \u00e0 pieds, contre leurs id\u00e9es et leurs activit\u00e9s, mais aussi par le combat pour une r\u00e9elle transformation sociale, pour un autre monde, d\u00e9barrass\u00e9 des oppressions et de l\u2019exploitation.<\/p>\n<p>Cl\u00e9ment, on se souviendra de \u00e7a aussi.<\/p>\n<p>On ne va pas seulement pleurer, m\u00eame si des fois, comme lorsque j\u2019ai vu tout \u00e0 l\u2019heure ton ann\u00e9e de naissance, \u00e7a fait du bien.<\/p>\n<p>On va pleurer, mais on ne va pas en rester l\u00e0.<\/p>\n<p>Ils ne passeront pas.<\/p>\n<p>Et tous ceux qui s\u2019\u00e9meuvent aujourd\u2019hui de ta mort alors qu\u2019ils n\u2019ont rien fait, bien au contraire, pour l\u2019emp\u00eacher, devront, t\u00f4t ou tard, choisir leur camp.<\/p>\n<p>Cl\u00e9ment, je ne te connaissais pas, mais tu \u00e9tais l\u2019un des n\u00f4tres.<\/p>\n<p>Ils ont tu\u00e9 l\u2019un des n\u00f4tres.<\/p>\n<p>Il n\u2019y aura ni pardon, ni oubli.<\/p>\n<p>Cl\u00e9ment, la lutte continuera, avec et sans toi.<\/p>\n<p>Adieu camarade.<\/p>\n<p style=\"text-align: right;\"><a href=\"https:\/\/www.facebook.com\/julien.slng\" data-hovercard=\"\/ajax\/hovercard\/user.php?id=1067976433\">Julien Salingue<\/a><\/p>\n<p style=\"text-align: right;\">Doctorant en science politique \u00e0 l\u2019Universit\u00e9 Paris 8, ancien enseignant \u00e0 l\u2019Universit\u00e9 d\u2019Auvergne et \u00e0 Paris 8, mes recherches portent sur le mouvement national palestinien et sur les dynamiques politiques, sociales et \u00e9conomiques en Palestine.<\/p>\n<p style=\"text-align: right;\">http:\/\/www.juliensalingue.fr\/<\/p>\n<\/div>\n<\/div>\n<\/div>\n<header><img decoding=\"async\" class=\"alignright\" alt=\"000_Par7578336\" src=\"http:\/\/www.egalite.be\/wp-content\/uploads\/2013\/06\/000_Par7578336.jpg\" width=\"624\" height=\"312\" \/><\/header>\n<\/div>\n","protected":false},"excerpt":{"rendered":"<p>Hommage \u00e0 Cl\u00e9ment. Sa mort : une cons\u00e9quence du racisme d\u2019\u00e9tat Ce tout jeune militant n\u2019a pas \u00e9t\u00e9 assassin\u00e9 que par l\u2019extr\u00eame droite. Il a \u00e9galement \u00e9t\u00e9 tu\u00e9 par le racisme d\u2019\u00e9tat qui encourage les meurtriers \u00e0 se l\u00e2cher. D\u2019abord sur les immigr\u00e9s, enfants d\u2019immigr\u00e9s, ou identifi\u00e9s comme tels. Puis, comme \u00e0 chaque fois, dans &#8230; <a title=\"Hommage \u00e0 Cl\u00e9ment. Sa mort : une cons\u00e9quence du racisme d\u2019\u00e9tat\" class=\"read-more\" href=\"https:\/\/bruxelles-pantheres.be\/?p=293\" aria-label=\"En savoir plus sur Hommage \u00e0 Cl\u00e9ment. Sa mort : une cons\u00e9quence du racisme d\u2019\u00e9tat\">Lire la suite<\/a><\/p>\n","protected":false},"author":1,"featured_media":294,"comment_status":"open","ping_status":"open","sticky":false,"template":"","format":"standard","meta":{"footnotes":""},"categories":[18,28],"tags":[],"class_list":["post-293","post","type-post","status-publish","format-standard","has-post-thumbnail","hentry","category-resistance-bruxelles","category-racismes"],"_links":{"self":[{"href":"https:\/\/bruxelles-pantheres.be\/index.php?rest_route=\/wp\/v2\/posts\/293","targetHints":{"allow":["GET"]}}],"collection":[{"href":"https:\/\/bruxelles-pantheres.be\/index.php?rest_route=\/wp\/v2\/posts"}],"about":[{"href":"https:\/\/bruxelles-pantheres.be\/index.php?rest_route=\/wp\/v2\/types\/post"}],"author":[{"embeddable":true,"href":"https:\/\/bruxelles-pantheres.be\/index.php?rest_route=\/wp\/v2\/users\/1"}],"replies":[{"embeddable":true,"href":"https:\/\/bruxelles-pantheres.be\/index.php?rest_route=%2Fwp%2Fv2%2Fcomments&post=293"}],"version-history":[{"count":1,"href":"https:\/\/bruxelles-pantheres.be\/index.php?rest_route=\/wp\/v2\/posts\/293\/revisions"}],"predecessor-version":[{"id":295,"href":"https:\/\/bruxelles-pantheres.be\/index.php?rest_route=\/wp\/v2\/posts\/293\/revisions\/295"}],"wp:featuredmedia":[{"embeddable":true,"href":"https:\/\/bruxelles-pantheres.be\/index.php?rest_route=\/wp\/v2\/media\/294"}],"wp:attachment":[{"href":"https:\/\/bruxelles-pantheres.be\/index.php?rest_route=%2Fwp%2Fv2%2Fmedia&parent=293"}],"wp:term":[{"taxonomy":"category","embeddable":true,"href":"https:\/\/bruxelles-pantheres.be\/index.php?rest_route=%2Fwp%2Fv2%2Fcategories&post=293"},{"taxonomy":"post_tag","embeddable":true,"href":"https:\/\/bruxelles-pantheres.be\/index.php?rest_route=%2Fwp%2Fv2%2Ftags&post=293"}],"curies":[{"name":"wp","href":"https:\/\/api.w.org\/{rel}","templated":true}]}}