{"id":2930,"date":"2016-06-28T19:33:16","date_gmt":"2016-06-28T18:33:16","guid":{"rendered":"https:\/\/bruxelles-pantheres.be\/?p=2930"},"modified":"2016-06-28T19:33:16","modified_gmt":"2016-06-28T18:33:16","slug":"pour-lavenir-de-matonge-et-de-la-place-lumumba-rassemblons-nous-le-30-juin","status":"publish","type":"post","link":"https:\/\/bruxelles-pantheres.be\/?p=2930","title":{"rendered":"Pour l\u2019avenir de Matong\u00e9 et de la place Lumumba, rassemblons-nous le 30 juin !"},"content":{"rendered":"<div id=\"event_header_info\" class=\"_5v1o\">\n<div class=\"clearfix _2ko1\"><span class=\"_5x8v lfloat _ohe _5a5i _5a5k\" title=\"jeudi 30 juin\"><span class=\"_5a4z day30\">30 <\/span><span class=\"_5a4-\">Juin 2016 de 18h00 \u00e0 19h00<br \/>\n<\/span><\/span><\/p>\n<div class=\"_6a _5v1q rfloat _ohf\">\n<div class=\"_6a _6b\"><\/div>\n<div class=\"_6a _6b\">\n<div><span class=\"_5v1l _11s4\"><a href=\"https:\/\/www.facebook.com\/events\/1729078170698921\/?ref=1&amp;action_history=%5B%7B%22surface%22%3A%22permalink%22%2C%22mechanism%22%3A%22surface%22%2C%22extra_data%22%3A%5B%5D%7D%5D\" data-testid=\"event-permalink-event-name\">Pour l\u2019avenir de Matonge et de la place Lumumba: Rassemblons &#8211; nous!<\/a><\/span><\/div>\n<\/div>\n<\/div>\n<\/div>\n<\/div>\n<p style=\"text-align: center;\"><a href=\"https:\/\/bruxelles-pantheres.be\/wp-content\/uploads\/2013\/11\/PatriceLumumbaMonument.jpg\"><img decoding=\"async\" class=\"alignnone size-full wp-image-1438\" src=\"https:\/\/bruxelles-pantheres.be\/wp-content\/uploads\/2013\/11\/PatriceLumumbaMonument.jpg\" alt=\"PatriceLumumbaMonument\" width=\"239\" height=\"360\" srcset=\"https:\/\/bruxelles-pantheres.be\/wp-content\/uploads\/2013\/11\/PatriceLumumbaMonument.jpg 239w, https:\/\/bruxelles-pantheres.be\/wp-content\/uploads\/2013\/11\/PatriceLumumbaMonument-199x300.jpg 199w\" sizes=\"(max-width: 239px) 100vw, 239px\" \/><\/a><\/p>\n<p><span class=\"_4n-j fsl\"><strong>Pour l\u2019avenir de Matong\u00e9 et de la place Lumumba, rassemblons-nous le 30 juin !<\/strong><\/p>\n<p>Matong\u00e9 est en p\u00e9ril parce qu\u2019elle est trop \u00ab africaine \u00bb pour les esprits rest\u00e9s colonialistes. L\u2019identit\u00e9 africaine de ce quartier fait partie int\u00e9grante de l\u2019histoire multiculturelle de la Belgique. Malheureusement, les esprits qui sont contre la d\u00e9colonisation des mentalit\u00e9s mettent en place des projets visant \u00e0 faire dispara\u00eetre cette identit\u00e9.<\/p>\n<p>Au c\u0153ur du quartier Matong\u00e9 se trouve la place Lumumba pour laquelle de nombreux citoyens de diff\u00e9rentes origines se battent depuis des ann\u00e9es. Patrice Lumumba est un symbole puissant de la lutte anticoloniale et de la lutte pour la libert\u00e9 et la dignit\u00e9 des peuples. Le changement du <span class=\"text_exposed_show\">nom de Matong\u00e9 et la transformation du quartier affecteraient gravement le projet de la place Lumumba que la commune d\u2019Ixelles ne veut toujours pas officialiser.<\/p>\n<p>C\u2019est pour ces raisons que nous vous invitons \u00e0 un rassemblement symbolique, ce 30 juin 2016, date importante dans l\u2019histoire commune de la Belgique et du Congo.<\/p>\n<p>La plaque indiquant la place \u00e0 l\u2019initiative de Philip Buyck sera officiellement remise en place. Nous pourrons visiter ensuite l\u2019exposition sur Lumumba au nouvel Espace Kuumba, ancien Espace Matong\u00e9.<br \/>\nRendez-vous le 30 juin \u00e0 18h \u00e0 la Place Lumumba sise derri\u00e8re l\u2019\u00e9glise Saint-Boniface en face du bar \u00ab l\u2019Ath\u00e9n\u00e9e \u00bb.<\/p>\n<p>Le CMCLD, Collectif M\u00e9moire Coloniale et Lutte contre les Discriminations.<br \/>\nMobilisation \u00ab Touche pas \u00e0 Matong\u00e9 \u00bb<br \/>\nJohn\u2019s Mbulula<br \/>\nNouvelle voie Anticoloniale<br \/>\nChange Asbl<br \/>\nBiblioth\u00e8que Place Lumumba Philippe Buyck<br \/>\nBruxelles Panth\u00e8res<\/p>\n<p><strong>&#8212;&#8211;<\/strong><br \/>\n<strong> Rendez-vous le 30 juin \u00e0 18h <\/strong><\/p>\n<p><strong> Place Lumumba <\/strong><br \/>\n<strong> derri\u00e8re l\u2019\u00e9glise Saint-Boniface <\/strong><br \/>\n<strong> en face du bar\u00ab l\u2019Ath\u00e9n\u00e9e \u00bb.<\/strong><\/p>\n<p>\u00ab Ce qui est fait pour nous sans nous, est fait contre nous \u00bb<\/p>\n<p>&#8212;&#8211;<\/p>\n<p>SOYONS NOMBREUX!<\/p>\n<p><a class=\"_58cn\" href=\"https:\/\/www.facebook.com\/hashtag\/touchepasamatonge\" data-ft=\"{&quot;tn&quot;:&quot;*N&quot;,&quot;type&quot;:104}\">#TouchePasAMatonge<\/a><br \/>\n<a class=\"_58cn\" href=\"https:\/\/www.facebook.com\/hashtag\/30juinplacelumumba\" data-ft=\"{&quot;tn&quot;:&quot;*N&quot;,&quot;type&quot;:104}\">#30JuinPlaceLumumba<\/a><\/span><\/span><\/p>\n<p style=\"text-align: center;\"><a href=\"https:\/\/bruxelles-pantheres.be\/wp-content\/uploads\/2013\/11\/lumumbafrica.jpg\"><img decoding=\"async\" class=\"alignnone size-full wp-image-304\" src=\"https:\/\/bruxelles-pantheres.be\/wp-content\/uploads\/2013\/11\/lumumbafrica.jpg\" alt=\"lumumbafrica\" width=\"299\" height=\"350\" srcset=\"https:\/\/bruxelles-pantheres.be\/wp-content\/uploads\/2013\/11\/lumumbafrica.jpg 299w, https:\/\/bruxelles-pantheres.be\/wp-content\/uploads\/2013\/11\/lumumbafrica-256x300.jpg 256w\" sizes=\"(max-width: 299px) 100vw, 299px\" \/><\/a><\/p>\n<p><strong>Ce jeudi 30 juin 2016 \u00e0 18h<\/strong>, plusieurs associations appellent \u00e0 un rassemblement visant \u00e0 continuer \u00e0 r\u00e9clamer la reconnaissance officielle par les autorit\u00e9s ixelloises de la \u00ab\u00a0PLACE LUMUMBA\u00a0\u00bb sise derri\u00e8re l\u2019\u00e9glise Saint-Boniface au c\u0153ur du quartier Matong\u00e9. Ce rassemblement vise \u00e9galement \u00e0 d\u00e9noncer les vell\u00e9it\u00e9s officielles visant \u00e0 enlever \u00e0 ce quartier son identit\u00e9 africaine. Pour preuve, un projet serait m\u00eame en route pour changer l\u2019appellation du nom \u00ab\u00a0Matonge\u00a0\u00bb en \u00ab\u00a0quartier des continents\u00a0\u00bb malgr\u00e9 les d\u00e9mentis des autorit\u00e9s communales. Tous les citoyens belges qui sont en faveur de la visibilit\u00e9 et de la vulgarisation de l\u2019Histoire commune que la Belgique partage avec l\u2019Afrique sont appel\u00e9s \u00e0 se rassembler sur la place Lumumba.<\/p>\n<p>L\u2019Histoire de la Belgique dans toute sa complexit\u00e9 et dans toute sa richesse doit \u00eatre partag\u00e9e et vulgaris\u00e9e dans la perspective d\u2019une soci\u00e9t\u00e9 o\u00f9 tous les citoyens sont accept\u00e9s quels que soient leurs origines. Les autorit\u00e9s ne peuvent pas refuser de regarder l\u2019Histoire en face. Ils ne peuvent pas non plus d\u00e9cider ouvertement ou subtilement de nier l\u2019Histoire de l\u2019immigration d\u2019une partie de la population belge. De nombreux citoyens belges se reconnaissent dans cette Histoire que la Belgique partage avec le Congo de par leur identit\u00e9, leurs origines, leurs convictions ou leur soif de connaissance.<\/p>\n<p>Une Histoire qui, malheureusement, est tr\u00e8s peu pr\u00e9sente dans les r\u00e9cits officiels de notre pays, que ce soit \u00e0 l&rsquo;\u00e9cole, dans les espaces publics ou encore dans les repr\u00e9sentations publiques dans notre pays. A travers la demande de donner le nom du Premier Ministre Patrice Lumumba \u00e0 cette place, nous souhaitons \u00e9galement passer symboliquement d&rsquo;une m\u00e9moire conflictuelle \u00e0 une m\u00e9moire partag\u00e9e et bas\u00e9e sur un d\u00e9bat serein.<\/p>\n<p>Le 30 juin 2015, s&rsquo;est tenue sur cette place un rassemblement populaire et p\u00e9dagogique. Cet \u00e9v\u00e9nement qui a rassembl\u00e9 un public multiculturel s&rsquo;est d\u00e9roul\u00e9 dans une ambiance empreinte\u00a0de\u00a0joie et\u00a0de\u00a0partage. Il a montr\u00e9 que de nombreux Belges de diff\u00e9rentes origines vivant \u00e0 Ixelles ou en dans d\u2019autres communes bruxelloises sont favorables \u00e0 ce projet.<\/p>\n<p>Face \u00e0 ces intentions citoyennes, le refus des autorit\u00e9s communales d\u2019acc\u00e9der \u00e0 la demande des associations qui luttent depuis des ann\u00e9es devient de plus en plus incompr\u00e9hensible. Leur volont\u00e9 de diluer l\u2019identit\u00e9 africaine du quartier pose aussi question. Face \u00e0 ces deux probl\u00e8mes, nous appelons les citoyens \u00e0 se rassembler et \u00e0 maintenir la pression sur les autorit\u00e9s communales.<\/p>\n<p><span class=\"_4n-j fsl\"><span class=\"text_exposed_show\">Le CMCLD, Collectif M\u00e9moire Coloniale et Lutte contre les Discriminations.<br \/>\nMobilisation \u00ab Touche pas \u00e0 Matong\u00e9 \u00bb<br \/>\nJohn\u2019s Mbulula<br \/>\nNouvelle voie Anticoloniale<br \/>\nChange Asbl<br \/>\nBiblioth\u00e8que Place Lumumba Philippe Buyck<br \/>\nBruxelles Panth\u00e8res<\/span><\/span><\/p>\n<p><strong>Contacts\u00a0:\u00a00489\/68.65.28 &#8211; 0483\/47 97 03<\/strong><\/p>\n","protected":false},"excerpt":{"rendered":"<p>30 Juin 2016 de 18h00 \u00e0 19h00 Pour l\u2019avenir de Matonge et de la place Lumumba: Rassemblons &#8211; nous! Pour l\u2019avenir de Matong\u00e9 et de la place Lumumba, rassemblons-nous le 30 juin ! Matong\u00e9 est en p\u00e9ril parce qu\u2019elle est trop \u00ab africaine \u00bb pour les esprits rest\u00e9s colonialistes. L\u2019identit\u00e9 africaine de ce quartier fait &#8230; <a title=\"Pour l\u2019avenir de Matong\u00e9 et de la place Lumumba, rassemblons-nous le 30 juin !\" class=\"read-more\" href=\"https:\/\/bruxelles-pantheres.be\/?p=2930\" aria-label=\"En savoir plus sur Pour l\u2019avenir de Matong\u00e9 et de la place Lumumba, rassemblons-nous le 30 juin !\">Lire la suite<\/a><\/p>\n","protected":false},"author":1,"featured_media":614,"comment_status":"open","ping_status":"open","sticky":false,"template":"","format":"standard","meta":{"footnotes":""},"categories":[1,7,18],"tags":[31,84,14,80,23,45,72,15],"class_list":["post-2930","post","type-post","status-publish","format-standard","has-post-thumbnail","hentry","category-non-classe","category-negrophobie","category-resistance-bruxelles","tag-belgique","tag-black-power","tag-bruxelles","tag-congo","tag-discrimination","tag-lumumba","tag-patrice-lumumba","tag-resistance"],"_links":{"self":[{"href":"https:\/\/bruxelles-pantheres.be\/index.php?rest_route=\/wp\/v2\/posts\/2930","targetHints":{"allow":["GET"]}}],"collection":[{"href":"https:\/\/bruxelles-pantheres.be\/index.php?rest_route=\/wp\/v2\/posts"}],"about":[{"href":"https:\/\/bruxelles-pantheres.be\/index.php?rest_route=\/wp\/v2\/types\/post"}],"author":[{"embeddable":true,"href":"https:\/\/bruxelles-pantheres.be\/index.php?rest_route=\/wp\/v2\/users\/1"}],"replies":[{"embeddable":true,"href":"https:\/\/bruxelles-pantheres.be\/index.php?rest_route=%2Fwp%2Fv2%2Fcomments&post=2930"}],"version-history":[{"count":1,"href":"https:\/\/bruxelles-pantheres.be\/index.php?rest_route=\/wp\/v2\/posts\/2930\/revisions"}],"predecessor-version":[{"id":2931,"href":"https:\/\/bruxelles-pantheres.be\/index.php?rest_route=\/wp\/v2\/posts\/2930\/revisions\/2931"}],"wp:featuredmedia":[{"embeddable":true,"href":"https:\/\/bruxelles-pantheres.be\/index.php?rest_route=\/wp\/v2\/media\/614"}],"wp:attachment":[{"href":"https:\/\/bruxelles-pantheres.be\/index.php?rest_route=%2Fwp%2Fv2%2Fmedia&parent=2930"}],"wp:term":[{"taxonomy":"category","embeddable":true,"href":"https:\/\/bruxelles-pantheres.be\/index.php?rest_route=%2Fwp%2Fv2%2Fcategories&post=2930"},{"taxonomy":"post_tag","embeddable":true,"href":"https:\/\/bruxelles-pantheres.be\/index.php?rest_route=%2Fwp%2Fv2%2Ftags&post=2930"}],"curies":[{"name":"wp","href":"https:\/\/api.w.org\/{rel}","templated":true}]}}