{"id":2946,"date":"2016-08-04T15:27:48","date_gmt":"2016-08-04T14:27:48","guid":{"rendered":"https:\/\/bruxelles-pantheres.be\/?p=2946"},"modified":"2016-08-04T15:31:08","modified_gmt":"2016-08-04T14:31:08","slug":"declaration-finale-du-fsoa-2016-a-conakry","status":"publish","type":"post","link":"https:\/\/bruxelles-pantheres.be\/?p=2946","title":{"rendered":"D\u00e9claration finale du FSOA 2016 \u00e0 Conakry"},"content":{"rendered":"<div id=\"conteneur\">\n<div id=\"contenu\">\n<div class=\"cartouche\">\n<p class=\"titre\">Les mouvements sociaux ouest-africains r\u00e9clament un retour du Forum Social Mondial au Sud\u00a0!<\/p>\n<p><small> 25 juillet par <b>FSOA<\/b> <\/small><\/p>\n<div class=\"pdfimp\"><a title=\"Version \u00e0 imprimer, lecture facile et pdf\" href=\"http:\/\/www.cadtm.org\/spip.php?page=imprimer&amp;id_article=13753\" target=\"_blank\">\u00a0 <\/a><\/div>\n<div class=\"titre_logos\"><img decoding=\"async\" class=\"spip_logos aligncenter\" src=\"http:\/\/www.cadtm.org\/local\/cache-vignettes\/L640xH317\/arton13753-f6d3c.jpg\" alt=\"\" width=\"640\" height=\"317\" \/><\/div>\n<\/div>\n<div class=\"chapo\">\n<p>\u00c0 quelques semaines du Forum social mondial pr\u00e9vu \u00e0 Montr\u00e9al du 9 au 14 ao\u00fbt 2016, le mouvement social ouest-africain, au nom de tout le mouvement social africain, chantre des r\u00e9sistances actuelles sur le continent martyr qu\u2019est l\u2019Afrique, se voit cependant exclu de la dynamique de la r\u00e9sistance globale au n\u00e9olib\u00e9ralisme. Car, difficult\u00e9s d\u2019acc\u00e8s au visa canadien, la chert\u00e9 des billets d\u2019avion sur Montr\u00e9al et le manque de communication avec les mouvements sociaux africains ont rendu incertaine la participation des mouvements sociaux du Sud au Forum Social Mondial 2016.<\/p>\n<\/div>\n<div class=\"texte\">\n<p>Nous femmes, hommes, jeunes, \u00e9tudiant-e-s paysan-ne-s, commer\u00e7ant-e-s, chercheurs, migrant-e-s, activistes sociaux, citoyen-ne-s de l\u2019espace ouest-africain, mobilis\u00e9s du 13 au 16 juillet \u00e0 Conakry, R\u00e9publique de Guin\u00e9e, adoptons la pr\u00e9sente d\u00e9claration \u00e0 l\u2019occasion de la 5<sup class=\"typo_exposants\">e<\/sup> \u00e9dition du Forum social ouest-africain qui a port\u00e9 sur le th\u00e8me central <strong>\u00ab\u00a0Apr\u00e8s plus de deux d\u00e9cennies de <a class=\"cs_glossaire\" href=\"http:\/\/www.cadtm.org\/Mondialisation\" name=\"mot998_0\"><span class=\"gl_mot\">mondialisation<\/span><\/a>\u00a0: Quels d\u00e9fis de gouvernance dans un contexte de crises politiques, socio-\u00e9conomiques et s\u00e9curitaires et quelles r\u00e9ponses du mouvement social africain\u00a0?\u00a0\u00bb.<\/strong><br \/>\nLes participantes et participants, venu-e-s du Mali, de la Gambie, de la Guin\u00e9e Bissau, du Togo, du S\u00e9n\u00e9gal, du Nigeria, du Niger, de la C\u00f4te d\u2019Ivoire et des diff\u00e9rentes r\u00e9gions de la Guin\u00e9e, se r\u00e9jouissent de la relance des dynamiques des mouvements sociaux ouest-africains et africains au sein du Forum social qui est en cours depuis bient\u00f4t un an.<\/p>\n<p>La n\u00e9cessit\u00e9 de relance et de r\u00e9organisation des dynamiques ont \u00e9t\u00e9 facilit\u00e9es par la mobilisation des acteurs sociaux de la sous r\u00e9gion lors de la rencontre de concertations et d\u2019\u00e9changes tenus en septembre 2015 \u00e0 Dakar au S\u00e9n\u00e9gal et dont le pr\u00e9sent Forum ouest-africain est le couronnement.<\/p>\n<p>Dans ce contexte g\u00e9opolitique difficile, marqu\u00e9 par de nombreux d\u00e9fis qui se posent au continent, sous fond de crises multiformes (s\u00e9curitaire, migratoire, \u00e9nerg\u00e9tique, \u00e9conomique, climatique, environnementale, politique et alimentaire), les mouvements sociaux ouest-africains ne pouvaient pas rest\u00e9s indiff\u00e9rents compte tenu des enjeux.<\/p>\n<p>Face \u00e0 la crise globale du syst\u00e8me capitaliste et \u00e0 la faillite du mode de gouvernance n\u00e9olib\u00e9ral dict\u00e9 par les multinationales et les puissances de l\u2019Occident, qui cherchent \u00e0 reconqu\u00e9rir notre continent, les r\u00e9sistances s\u2019organisent un peu partout dans le monde pour l\u2019av\u00e8nement d\u2019alternatives durables, respectueuses des droits humains, de l\u2019 \u00e9quit\u00e9, de la justice sociale et de l\u2019\u00e9galit\u00e9 des chances. L\u2019Afrique est devenu le continent le plus convoit\u00e9 par les puissances \u00e9conomiques et financi\u00e8res qui comptent assurer leurs profits aujourd\u2019hui et dans le futur par l\u2019accaparement des ressources du continent.<\/p>\n<p>Par des accords commerciaux in\u00e9quitables comme ceux des APE (Accords de partenariat \u00e9conomique), que l\u2019Union europ\u00e9enne veut imposer aux pays de l\u2019Afrique-Cara\u00efbes-Pacifique, et l\u2019imposition \u00e0 la t\u00eate des pays de dirigeants \u00e0 la solde du syst\u00e8me financier et politique international, le n\u00e9olib\u00e9ralisme continue \u00e0 \u00e9tendre ses tentacules sur le continent africain au d\u00e9triment de ses populations.<\/p>\n<p>Cette nouvelle perc\u00e9e n\u00e9olib\u00e9rale est rendue possible par les conflits arm\u00e9s et les violences terroristes orchestr\u00e9es sur le continent par les puissances qui profitent ainsi de l\u2019instabilit\u00e9 des pays pour maximiser leurs profits et leur main mise sur nos ressources naturelles. Les populations africaines priv\u00e9es de leurs droits au travail, \u00e0 l\u2019alimentation, au logement, \u00e0 la libre circulation, au libre choix de leurs dirigeants\u00a0; et au vu des guerres et catastrophes climatiques qui se multiplient sur le continent, n\u2019ont d\u2019autres options que de prendre la route de l\u2019exil au risque de mourir dans les d\u00e9serts ou les mers. Les pertes sont \u00e9normes avec les naufrages r\u00e9p\u00e9titifs des bateaux de migrants. La prise de conscience de cette situation ne pouvait conduire qu\u2019\u00e0 une remobilisation des forces progressistes et des mouvements sociaux sur le continent.<\/p>\n<p>Regrettant la situation de l\u00e9thargie que conna\u00eet le Conseil du Forum Social Africain, les diff\u00e9rentes organisations sociales et les mouvements sociaux sur le continent ont pris l\u2019engagement de participer \u00e0 la relance des dynamiques sociales afin que le Forum social africain reprenne sa place au sein du Conseil international, ce qui ne fera que renforcer l\u2019espace du Forum social mondial.<\/p>\n<p>Ainsi, le mouvement social guin\u00e9en, fier de son r\u00f4le historique comme pionnier dans les mouvements d\u2019\u00e9mancipation sur le continent, a bien voulu accueillir ses confr\u00e8res de la sous r\u00e9gion pour r\u00e9fl\u00e9chir sur ces d\u00e9fis actuels qui secouent le continent.<\/p>\n<p>Le succ\u00e8s du forum de Conakry est la preuve que le mouvement social africain peut compter sur les fils et filles du continent afin que la lutte historique entam\u00e9e depuis plusieurs d\u00e9cennies pour la lib\u00e9ration totale de l\u2019Afrique du joug du syst\u00e8me international dominant soit une r\u00e9alit\u00e9.<\/p>\n<p>Les travaux de la 5<sup class=\"typo_exposants\">e<\/sup> \u00e9dition du Forum social ouest-africain ont formul\u00e9 un certain nombre de recommandations dont\u00a0:<\/p>\n<p><img decoding=\"async\" class=\"puce\" src=\"http:\/\/www.cadtm.org\/local\/cache-vignettes\/L8xH11\/puce-32883.gif\" alt=\"-\" width=\"8\" height=\"11\" \/>\u00a0La n\u00e9cessit\u00e9 pour les diff\u00e9rentes plateformes d\u2019OSC de l\u2019Afrique de l\u2019Ouest de construire une synergie d\u2019action et de coop\u00e9ration autour des grands sujets \u00e9mergents du contexte g\u00e9opolitique mondial parmi lesquels on peut citer\u00a0: la migration, le terrorisme, la gestion des ressources naturelles et l\u2019accaparement des terres\u00a0;<br \/>\n<img decoding=\"async\" class=\"puce\" src=\"http:\/\/www.cadtm.org\/local\/cache-vignettes\/L8xH11\/puce-32883.gif\" alt=\"-\" width=\"8\" height=\"11\" \/>\u00a0Le renforcement de la solidarit\u00e9 entre organisations sociales et citoyennes de la sous-r\u00e9gion face \u00e0 l\u2019instabilit\u00e9 politique et sociale r\u00e9sultant des r\u00e9visions constitutionnelles et de l\u2019absence de dialogue entre acteurs politiques\u00a0;<br \/>\n<img decoding=\"async\" class=\"puce\" src=\"http:\/\/www.cadtm.org\/local\/cache-vignettes\/L8xH11\/puce-32883.gif\" alt=\"-\" width=\"8\" height=\"11\" \/>\u00a0La cr\u00e9ation et la promotion de cadre d\u2019\u00e9change permanent entre les organisations de la soci\u00e9t\u00e9 civile, le Gouvernement et les partenaires au d\u00e9veloppement\u00a0;<br \/>\n<img decoding=\"async\" class=\"puce\" src=\"http:\/\/www.cadtm.org\/local\/cache-vignettes\/L8xH11\/puce-32883.gif\" alt=\"-\" width=\"8\" height=\"11\" \/>\u00a0Le renforcement du soutien institutionnel, mat\u00e9riel et financier des Gouvernements \u00e0 la dynamique des foras sociaux au niveau national, sous r\u00e9gional et r\u00e9gional, ceci du fait que le forum social constitue le plus large espace ouvert de dialogue et de propositions d\u2019alternatives cr\u00e9dibles et durables entre acteurs sociaux d\u2019une part et d\u2019autre part entre acteurs de la vie \u00e9conomique, politique et ces derniers\u00a0;<br \/>\n<img decoding=\"async\" class=\"puce\" src=\"http:\/\/www.cadtm.org\/local\/cache-vignettes\/L8xH11\/puce-32883.gif\" alt=\"-\" width=\"8\" height=\"11\" \/>\u00a0La dynamisation des foras sociaux au niveau national et r\u00e9gional pour laquelle, la rencontre de Conakry constitue un point de d\u00e9part\u00a0;<br \/>\n<img decoding=\"async\" class=\"puce\" src=\"http:\/\/www.cadtm.org\/local\/cache-vignettes\/L8xH11\/puce-32883.gif\" alt=\"-\" width=\"8\" height=\"11\" \/>\u00a0La n\u00e9cessit\u00e9 pour les organisations de la soci\u00e9t\u00e9 civile guin\u00e9enne de cr\u00e9er et de renforcer des cadres de concertation et d\u2019actions collaboratives de mani\u00e8re structur\u00e9e et th\u00e9matique, en vue de plus d\u2019efficacit\u00e9 dans leur engagement pour la promotion des droits humains et la justice sociale\u00a0;<br \/>\n<img decoding=\"async\" class=\"puce\" src=\"http:\/\/www.cadtm.org\/local\/cache-vignettes\/L8xH11\/puce-32883.gif\" alt=\"-\" width=\"8\" height=\"11\" \/>\u00a0Le r\u00e9examen de mani\u00e8re inclusive, des fondements, principes et valeurs propres \u00e0 la soci\u00e9t\u00e9 civile qui doivent \u00eatre vulgaris\u00e9s \u00e0 tous les niveaux\u00a0;<\/p>\n<p>Au terme du forum de Conakry, qui a \u00e9t\u00e9 un franc succ\u00e8s par la forte mobilisation des acteurs et son contenu th\u00e9matique, malgr\u00e9 les d\u00e9lais et les conditions dans lesquels cette 5<sup class=\"typo_exposants\">e<\/sup> \u00e9dition a \u00e9t\u00e9 organis\u00e9e, les diff\u00e9rentes d\u00e9l\u00e9gations ont remerci\u00e9 tout le peuple guin\u00e9en, le Comit\u00e9 d\u2019organisation port\u00e9 par le CNOSCG, CECIDE, BALAI CITOYEN, LA GURG ET LES PLATEFORMES DES FEMMES et OSC, avec l\u2019appui du gouvernement guin\u00e9en, et tous les partenaires qui ont contribu\u00e9 \u00e0 l\u2019organisation de cette rencontre africaine\u00a0: OSIWA, UNION EUROPEENNE, ECES, <a class=\"cs_glossaire\" href=\"http:\/\/www.cadtm.org\/PNUD-Programme-des-Nations-unies\" name=\"mot1022_1\"><span class=\"gl_mot\">PNUD<\/span><\/a>, UNICEF, PARTENERS OUEST AFRICA et le NED, ACTION AID SENEGAL.<\/p>\n<p>A quelques semaines du Forum social mondial pr\u00e9vu \u00e0 Montr\u00e9al du 9 au 14 ao\u00fbt 2016, le mouvement social ouest -africain, au nom de tout le mouvement social africain, chantre des r\u00e9sistances actuelles sur le continent martyr qu\u2019est l\u2019Afrique, se voit cependant exclu de la dynamique de la r\u00e9sistance globale au n\u00e9olib\u00e9ralisme. Car, difficult\u00e9s d\u2019acc\u00e8s au visa canadien, la chert\u00e9 des billets d\u2019avion sur Montr\u00e9al et le manque de communication avec les mouvements sociaux africains ont rendu incertaine la participation des mouvements sociaux du Sud au Forum social mondial 2016.<\/p>\n<p>Il s\u2019y ajoute que l\u2019\u00e9lan de solidarit\u00e9 attendu du Comit\u00e9 d\u2019organisation au Canada, et du Conseil international comme cela a \u00e9t\u00e9 souvent le cas \u00e0 travers les fonds de solidarit\u00e9 dans le cadre des pr\u00e9c\u00e9dents foras sociaux mondiaux pour faciliter une participation massive des mouvements sociaux du Sud est cependant rest\u00e9 sans suite.<\/p>\n<p>La rencontre de Conakry a permis aux mouvements sociaux africains de se pencher sur cette situation et de regretter que la tenue des \u00e9ditions du forum dans les pays du Nord d\u00e9favorise la participation des organisations des pays du Sud. \u00c0 cet effet, la rencontre de Conakry r\u00e9affirme la volont\u00e9 africaine d\u2019organiser la prochaine \u00e9dition du Forum social africain \u00e0 Abidjan, en novembre 2016, afin que cette \u00e9dition soit l\u2019occasion de restituer les travaux du forum de Montr\u00e9al par les quelques d\u00e9l\u00e9gu\u00e9s qui y prendront part et d\u2019avancer sur la relance des dynamiques africaines autour du forum.<\/p>\n<p>En conclusion, les participants au forum de Conakry, au nom et au compte de l\u2019ensemble du mouvement social africain d\u00e9nonce la tenue du Forum Social Mondial dans un espace qui ne permet pas une participation effective des militants et acteurs du Sud en g\u00e9n\u00e9ral et de l\u2019Afrique en particulier.<\/p>\n<p>Ainsi, il en appelle \u00e0 un retour du Forum social mondial au Sud pour faciliter la mobilisation des plus grandes victimes de la mondialisation n\u00e9olib\u00e9rale que sont les peuples martyrs du Sud et de l\u2019Afrique, qui subissent de plein fouet les politiques n\u00e9olib\u00e9rales.<\/p>\n<p>Au chapitre de l\u2019agenda africain, le Forum de Conakry, a retenu que les deux prochaines \u00e9ditions du Forum social ouest-africain auront lieu successivement \u00e0 Lom\u00e9, au Togo, en 2017 et \u00e0 Niamey au Niger, en 2018, et s\u2019engage \u00e0 pr\u00e9senter une candidature africaine pour abriter la prochaine \u00e9dition du Forum Social Mondial de 2018, en d\u00e9clarant la candidature du S\u00e9n\u00e9gal.<\/p>\n<p><strong>Vive le Forum social ouest-africain\u00a0!<br \/>\nVive le Forum social africain\u00a0!<br \/>\nTous unis pour que reste vivant et solidaire le Forum social mondial. <\/strong><br \/>\nFait \u00e0 Conakry le 16 juillet 2016<\/p>\n<\/div>\n<div class=\"bioteur\">\n<div class=\"bio\">\n<p><a href=\"http:\/\/www.cadtm.org\/FSOA\"><span id=\"nom\">FSOA <\/span><\/a>Forum Social Ouest Africain<\/p>\n<\/div>\n<\/div>\n<\/div>\n<\/div>\n","protected":false},"excerpt":{"rendered":"<p>Les mouvements sociaux ouest-africains r\u00e9clament un retour du Forum Social Mondial au Sud\u00a0! 25 juillet par FSOA \u00a0 \u00c0 quelques semaines du Forum social mondial pr\u00e9vu \u00e0 Montr\u00e9al du 9 au 14 ao\u00fbt 2016, le mouvement social ouest-africain, au nom de tout le mouvement social africain, chantre des r\u00e9sistances actuelles sur le continent martyr qu\u2019est &#8230; <a title=\"D\u00e9claration finale du FSOA 2016 \u00e0 Conakry\" class=\"read-more\" href=\"https:\/\/bruxelles-pantheres.be\/?p=2946\" aria-label=\"En savoir plus sur D\u00e9claration finale du FSOA 2016 \u00e0 Conakry\">Lire la suite<\/a><\/p>\n","protected":false},"author":1,"featured_media":2947,"comment_status":"open","ping_status":"open","sticky":false,"template":"","format":"standard","meta":{"footnotes":""},"categories":[1,20],"tags":[177],"class_list":["post-2946","post","type-post","status-publish","format-standard","has-post-thumbnail","hentry","category-non-classe","category-logement","tag-forum-social-mondial"],"_links":{"self":[{"href":"https:\/\/bruxelles-pantheres.be\/index.php?rest_route=\/wp\/v2\/posts\/2946","targetHints":{"allow":["GET"]}}],"collection":[{"href":"https:\/\/bruxelles-pantheres.be\/index.php?rest_route=\/wp\/v2\/posts"}],"about":[{"href":"https:\/\/bruxelles-pantheres.be\/index.php?rest_route=\/wp\/v2\/types\/post"}],"author":[{"embeddable":true,"href":"https:\/\/bruxelles-pantheres.be\/index.php?rest_route=\/wp\/v2\/users\/1"}],"replies":[{"embeddable":true,"href":"https:\/\/bruxelles-pantheres.be\/index.php?rest_route=%2Fwp%2Fv2%2Fcomments&post=2946"}],"version-history":[{"count":3,"href":"https:\/\/bruxelles-pantheres.be\/index.php?rest_route=\/wp\/v2\/posts\/2946\/revisions"}],"predecessor-version":[{"id":2950,"href":"https:\/\/bruxelles-pantheres.be\/index.php?rest_route=\/wp\/v2\/posts\/2946\/revisions\/2950"}],"wp:featuredmedia":[{"embeddable":true,"href":"https:\/\/bruxelles-pantheres.be\/index.php?rest_route=\/wp\/v2\/media\/2947"}],"wp:attachment":[{"href":"https:\/\/bruxelles-pantheres.be\/index.php?rest_route=%2Fwp%2Fv2%2Fmedia&parent=2946"}],"wp:term":[{"taxonomy":"category","embeddable":true,"href":"https:\/\/bruxelles-pantheres.be\/index.php?rest_route=%2Fwp%2Fv2%2Fcategories&post=2946"},{"taxonomy":"post_tag","embeddable":true,"href":"https:\/\/bruxelles-pantheres.be\/index.php?rest_route=%2Fwp%2Fv2%2Ftags&post=2946"}],"curies":[{"name":"wp","href":"https:\/\/api.w.org\/{rel}","templated":true}]}}