{"id":296,"date":"2013-06-05T02:08:20","date_gmt":"2013-06-05T01:08:20","guid":{"rendered":"https:\/\/bruxelles-pantheres.be\/?p=296"},"modified":"2013-11-10T02:12:28","modified_gmt":"2013-11-10T01:12:28","slug":"de-big-brother-a-minority-report","status":"publish","type":"post","link":"https:\/\/bruxelles-pantheres.be\/?p=296","title":{"rendered":"De Big Brother \u00e0 Minority Report"},"content":{"rendered":"<header><\/header>\n<div>\n<p><strong>L\u2019Europe est en guerre contre un ennemi qu\u2019elle s\u2019invente\u00a0!<\/strong><\/p>\n<p>Depuis plus d\u2019une d\u00e9cennie, une approche exclusivement s\u00e9curitaire oriente les politiques migratoires europ\u00e9ennes\u00a0: d\u00e9livrance restrictive des visas, construction de murs et de cl\u00f4tures, contr\u00f4le militaris\u00e9 des fronti\u00e8res et renvoi forc\u00e9 dans les pays d\u2019origine, sous-traitance du contr\u00f4le migratoire \u00e0 des \u00c9tats peu d\u00e9mocratiques,\u2026<\/p>\n<p><strong>Frontex, chien de garde<!--more--><\/strong><\/p>\n<p>L\u2019acteur cl\u00e9 de ces politiques migratoires de fermeture, c\u2019est Frontex\u00a0: l\u2019agence europ\u00e9enne pour la gestion de la coop\u00e9ration aux fronti\u00e8res ext\u00e9rieures des \u00c9tats membres de l\u2019Union europ\u00e9enne. Cr\u00e9\u00e9e en 2004 et bas\u00e9e \u00e0 Varsovie, l\u2019agence a un r\u00f4le de plus en plus important. En t\u00e9moignent l\u2019augmentation de son budget annuel (19 millions d\u2019euros en 2006\u00a0; 118 millions d\u2019euros en 2011), les moyens militaires mis \u00e0 sa disposition par les \u00c9tats, ainsi que son autonomie grandissante. Frontex peut en effet signer des accords avec des pays tiers, organiser des vols de retour conjoints et, depuis la r\u00e9vision de son mandat en octobre 2011, \u00e9changer des donn\u00e9es personnelles avec l\u2019agence europ\u00e9enne de coop\u00e9ration polici\u00e8re Europol et initier des op\u00e9rations terrestres et maritimes de contr\u00f4le des fronti\u00e8res.<\/p>\n<p><strong>Et pourtant\u2026<\/strong><\/p>\n<p>Et pourtant\u00a0: la part des migrations internationales est rest\u00e9e stable ces 50 derni\u00e8res ann\u00e9es, et l\u2019essentiel des d\u00e9placements de population se fait entre les pays du Sud. Sans oublier que de nombreux textes internationaux prot\u00e8gent les migrants contre toute violation de leurs droits fondamentaux. Parmi ces droits figurent le droit d\u2019asile et le droit pour chacun de quitter tout pays, y compris le sien.<\/p>\n<p><strong>Zones d\u2019ombre<\/strong><\/p>\n<p>Avec Frontex, l\u2019Europe d\u00e9ploie donc des moyens disproportionn\u00e9s pour combattre un ennemi qui n\u2019en est pas un\u00a0: le migrant. Une des caract\u00e9ristiques principales de l\u2019agence est le manque de transparence de ses activit\u00e9s. Peu de gens en ont d\u2019ailleurs entendu parler\u2026 Quelles garanties l\u2019agence pr\u00e9sente-t-elle en termes de respect des droits des migrants lors de ses op\u00e9rations\u00a0? Et qui est responsable en cas d\u2019atteinte aux droits fondamentaux lors des op\u00e9rations de Frontex\u00a0: est-ce l\u2019agence, l\u2019\u00c9tat o\u00f9 se d\u00e9roule l\u2019op\u00e9ration, ou encore l\u2019\u00c9tat dont rel\u00e8vent les gardes-fronti\u00e8res impliqu\u00e9s\u00a0? Autant de questions fondamentales que soul\u00e8ve la campagne Frontexit.<\/p>\n<p><iframe src=\"\/\/www.youtube.com\/embed\/7YKBZk3rTms\" height=\"315\" width=\"560\" allowfullscreen=\"\" frameborder=\"0\"><\/iframe><\/p>\n<p><a href=\"http:\/\/www.frontexit.org\/fr\/\" rel=\"external\">D\u00e9couvrir la Campagne Frontexit<\/a><\/p>\n<p><img decoding=\"async\" class=\"alignright\" alt=\"anti-frontex-days-3\" src=\"http:\/\/www.egalite.be\/wp-content\/uploads\/2013\/06\/anti-frontex-days-3.jpg\" width=\"624\" height=\"598\" \/><\/p>\n<\/div>\n","protected":false},"excerpt":{"rendered":"<p>L\u2019Europe est en guerre contre un ennemi qu\u2019elle s\u2019invente\u00a0! Depuis plus d\u2019une d\u00e9cennie, une approche exclusivement s\u00e9curitaire oriente les politiques migratoires europ\u00e9ennes\u00a0: d\u00e9livrance restrictive des visas, construction de murs et de cl\u00f4tures, contr\u00f4le militaris\u00e9 des fronti\u00e8res et renvoi forc\u00e9 dans les pays d\u2019origine, sous-traitance du contr\u00f4le migratoire \u00e0 des \u00c9tats peu d\u00e9mocratiques,\u2026 Frontex, chien de &#8230; <a title=\"De Big Brother \u00e0 Minority Report\" class=\"read-more\" href=\"https:\/\/bruxelles-pantheres.be\/?p=296\" aria-label=\"En savoir plus sur De Big Brother \u00e0 Minority Report\">Lire la suite<\/a><\/p>\n","protected":false},"author":1,"featured_media":297,"comment_status":"open","ping_status":"open","sticky":false,"template":"","format":"standard","meta":{"footnotes":""},"categories":[1,21,18,28],"tags":[],"class_list":["post-296","post","type-post","status-publish","format-standard","has-post-thumbnail","hentry","category-non-classe","category-anti-imperialisme","category-resistance-bruxelles","category-racismes"],"_links":{"self":[{"href":"https:\/\/bruxelles-pantheres.be\/index.php?rest_route=\/wp\/v2\/posts\/296","targetHints":{"allow":["GET"]}}],"collection":[{"href":"https:\/\/bruxelles-pantheres.be\/index.php?rest_route=\/wp\/v2\/posts"}],"about":[{"href":"https:\/\/bruxelles-pantheres.be\/index.php?rest_route=\/wp\/v2\/types\/post"}],"author":[{"embeddable":true,"href":"https:\/\/bruxelles-pantheres.be\/index.php?rest_route=\/wp\/v2\/users\/1"}],"replies":[{"embeddable":true,"href":"https:\/\/bruxelles-pantheres.be\/index.php?rest_route=%2Fwp%2Fv2%2Fcomments&post=296"}],"version-history":[{"count":1,"href":"https:\/\/bruxelles-pantheres.be\/index.php?rest_route=\/wp\/v2\/posts\/296\/revisions"}],"predecessor-version":[{"id":298,"href":"https:\/\/bruxelles-pantheres.be\/index.php?rest_route=\/wp\/v2\/posts\/296\/revisions\/298"}],"wp:featuredmedia":[{"embeddable":true,"href":"https:\/\/bruxelles-pantheres.be\/index.php?rest_route=\/wp\/v2\/media\/297"}],"wp:attachment":[{"href":"https:\/\/bruxelles-pantheres.be\/index.php?rest_route=%2Fwp%2Fv2%2Fmedia&parent=296"}],"wp:term":[{"taxonomy":"category","embeddable":true,"href":"https:\/\/bruxelles-pantheres.be\/index.php?rest_route=%2Fwp%2Fv2%2Fcategories&post=296"},{"taxonomy":"post_tag","embeddable":true,"href":"https:\/\/bruxelles-pantheres.be\/index.php?rest_route=%2Fwp%2Fv2%2Ftags&post=296"}],"curies":[{"name":"wp","href":"https:\/\/api.w.org\/{rel}","templated":true}]}}