{"id":2963,"date":"2016-08-15T14:09:12","date_gmt":"2016-08-15T13:09:12","guid":{"rendered":"https:\/\/bruxelles-pantheres.be\/?p=2963"},"modified":"2016-08-15T14:09:12","modified_gmt":"2016-08-15T13:09:12","slug":"mr-michel-arretez-de-prendre-vos-concitoyens-pour-des-imbeciles","status":"publish","type":"post","link":"https:\/\/bruxelles-pantheres.be\/?p=2963","title":{"rendered":"Mr Michel, arr\u00eatez de prendre vos concitoyens pour des imb\u00e9ciles."},"content":{"rendered":"<p><strong><a href=\"https:\/\/bruxelles-pantheres.be\/wp-content\/uploads\/2016\/08\/media_xll_8448131.jpg\"><img decoding=\"async\" class=\"alignnone size-full wp-image-2964\" src=\"https:\/\/bruxelles-pantheres.be\/wp-content\/uploads\/2016\/08\/media_xll_8448131.jpg\" alt=\"media_xll_8448131\" width=\"510\" height=\"288\" srcset=\"https:\/\/bruxelles-pantheres.be\/wp-content\/uploads\/2016\/08\/media_xll_8448131.jpg 510w, https:\/\/bruxelles-pantheres.be\/wp-content\/uploads\/2016\/08\/media_xll_8448131-300x169.jpg 300w\" sizes=\"(max-width: 510px) 100vw, 510px\" \/><\/a><\/strong><\/p>\n<p>&nbsp;<\/p>\n<p>Les autorit\u00e9s belges et les m\u00e9dias qui les relaient sans broncher nous r\u00e9p\u00e8tent \u00e0 chaque nouveau bulletin d\u2019informations que l\u2019attaque des deux polici\u00e8res \u00e0 Charleroi rel\u00e8ve d\u2019un acte terroriste.<\/p>\n<p>Dans le contexte actuel, les choses sont simples pour les tenants du pouvoir\u00a0: tout acte ou tentative d\u2019agression est automatiquement reli\u00e9 \u00e0 une mouvance terroriste, d\u2019autant si les auteurs pr\u00e9sum\u00e9s ont un nom \u00e0 consonance \u00e9trang\u00e8re et de pr\u00e9f\u00e9rence, de pr\u00e8s ou de loin, li\u00e9 \u00e0 l\u2019islam. J\u2019ose dire que c\u2019est une mani\u00e8re ais\u00e9e de distiller un racisme d\u2019Etat qui ne dit pas son nom.<\/p>\n<p>Et comme les \u00e9v\u00e8nements sont d\u00e9sormais mondialement interconnect\u00e9s, les tenants de l\u2019Etat islamique peuvent r\u00e9cup\u00e9rer le moindre fait divers qui se passe n\u2019importe o\u00f9 pour le revendiquer et l\u2019\u00e9riger en sacrifice exemplaire de l\u2019un de ses soldats diss\u00e9min\u00e9s sur tous les continents.<\/p>\n<p>A ce compte-l\u00e0, quand la compagne de Julos Beaucarne fut assassin\u00e9e en 1975, c\u2019\u00e9tait sans doute un acte terroriste\u2026 que nous ignorions. Heureusement que vos lumi\u00e8res nous \u00e9clairent enfin\u00a0! Tout \u00e0 l\u2019inverse de vos inepties, je vous invite \u00e0 (re)lire la d\u00e9claration de Julos Beaucarne, apr\u00e8s ce drame\u00a0:<\/p>\n<p><em>\u00ab\u00a0Amis bien aim\u00e9s,<\/em><\/p>\n<p><em>Ma Loulou est partie pour le pays de l&rsquo;envers du d\u00e9cor, un homme lui a donn\u00e9 neuf coups de poignard dans sa peau douce. C&rsquo;est la soci\u00e9t\u00e9 qui est malade, il nous faut la remettre d&rsquo;aplomb et d&rsquo;\u00e9querre, par l&rsquo;amour et la persuasion. C&rsquo;est l&rsquo;histoire de mon petit amour \u00e0 moi arr\u00eat\u00e9 sur le seuil de ses 33 ans. Ne perdons pas courage ni vous ni moi. Je vais continuer ma vie et mes voyages avec ce poids \u00e0 porter en plus et nos deux ch\u00e9ris qui lui ressemblent. Sans vous commander, je vous demande d&rsquo;aimer plus que jamais ceux qui vous sont proches. Le monde est une triste boutique, les c\u0153urs purs doivent se mettre ensemble pour l&#8217;embellir, il faut reboiser l&rsquo;\u00e2me humaine. Je resterai sur le pont, je resterai un jardinier, je cultiverai mes plantes de langage. A travers mes dires, vous retrouverez ma bien aim\u00e9e, il n&rsquo;est de vrai que l&rsquo;amiti\u00e9 et l&rsquo;amour. Je suis maintenant tr\u00e8s loin au fond du panier des tristesses ; on doit manger chacun, dit-on, un sac de charbon pour aller au paradis. Ah comme j&rsquo;aimerais qu&rsquo;il y ait un paradis, comme ce serait doux les retrouvailles&#8230; En attendant, \u00e0 vous autres, mes amis d&rsquo;ici-bas, face \u00e0 ce qui m&rsquo;arrive, je prends la libert\u00e9, moi qui ne suis qu&rsquo;un histrion, qu&rsquo;un batteur de planches, qu&rsquo;un com\u00e9dien qui fait du r\u00eave avec du vent, je prends la libert\u00e9 de vous \u00e9crire pour vous dire ce \u00e0 quoi je pense aujourd&rsquo;hui : je pense de toutes mes forces, qu&rsquo;il faut s&rsquo;aimer \u00e0 tort et \u00e0 travers.\u00a0<\/em>\u00bb<\/p>\n<p>Julos\u00a0Beaucarne &#8211; Nuit du 2 au 3 f\u00e9vrier 1975 &#8211;<\/p>\n<p>&nbsp;<\/p>\n<p>D\u00e8s lors, non, Mr Michel, malgr\u00e9 vos airs emprunt\u00e9s et de circonstances, vos propos sont stupides. Et vous n\u2019enfermerez pas la r\u00e9flexion qu\u2019il faut mener d\u2019urgence sur la question par de pareils clich\u00e9s simplistes et de tels raccourcis de pens\u00e9e. Je vous laisse croire que les citoyens n\u2019ont pas la capacit\u00e9 de r\u00e9fl\u00e9chir mais me d\u00e9solidarise de vos affirmations idiotes et vous en laisse, seul, la responsabilit\u00e9.<\/p>\n<p>Et sur ce sujet, grave s\u2019il en est, je vous invite \u00e9galement \u00e0 fournir l\u2019effort \u2013 si cela se peut \u2013 de lire un autre papier autrement plus r\u00e9fl\u00e9chi que vos affirmations qui ne reposent sur rien qu\u2019une vue sommaire des choses\u00a0: <a href=\"http:\/\/www.legrandsoir.info\/d-orlando-a-munich-amok-ou-terrorisme.html\">http:\/\/www.legrandsoir.info\/d-orlando-a-munich-amok-ou-terrorisme.html<\/a><\/p>\n<p>Dans la position de 1<sup>er<\/sup> Ministre que vous occupez, des d\u00e9clarations comme les v\u00f4tres devraient vraiment faire l\u2019objet d\u2019un minimum de r\u00e9flexion\u2026 ce qui semble loin du compte\u00a0!<\/p>\n<p>&nbsp;<\/p>\n<p><strong>Daniel Vanhove \u2013<\/strong><\/p>\n<p>08.08.16<\/p>\n<p>Observateur civil<\/p>\n<p>Auteur<\/p>\n","protected":false},"excerpt":{"rendered":"<p>&nbsp; Les autorit\u00e9s belges et les m\u00e9dias qui les relaient sans broncher nous r\u00e9p\u00e8tent \u00e0 chaque nouveau bulletin d\u2019informations que l\u2019attaque des deux polici\u00e8res \u00e0 Charleroi rel\u00e8ve d\u2019un acte terroriste. Dans le contexte actuel, les choses sont simples pour les tenants du pouvoir\u00a0: tout acte ou tentative d\u2019agression est automatiquement reli\u00e9 \u00e0 une mouvance terroriste, &#8230; <a title=\"Mr Michel, arr\u00eatez de prendre vos concitoyens pour des imb\u00e9ciles.\" class=\"read-more\" href=\"https:\/\/bruxelles-pantheres.be\/?p=2963\" aria-label=\"En savoir plus sur Mr Michel, arr\u00eatez de prendre vos concitoyens pour des imb\u00e9ciles.\">Lire la suite<\/a><\/p>\n","protected":false},"author":1,"featured_media":1651,"comment_status":"open","ping_status":"open","sticky":false,"template":"","format":"standard","meta":{"footnotes":""},"categories":[1],"tags":[31,94],"class_list":["post-2963","post","type-post","status-publish","format-standard","has-post-thumbnail","hentry","category-non-classe","tag-belgique","tag-daniel-vanhove"],"_links":{"self":[{"href":"https:\/\/bruxelles-pantheres.be\/index.php?rest_route=\/wp\/v2\/posts\/2963","targetHints":{"allow":["GET"]}}],"collection":[{"href":"https:\/\/bruxelles-pantheres.be\/index.php?rest_route=\/wp\/v2\/posts"}],"about":[{"href":"https:\/\/bruxelles-pantheres.be\/index.php?rest_route=\/wp\/v2\/types\/post"}],"author":[{"embeddable":true,"href":"https:\/\/bruxelles-pantheres.be\/index.php?rest_route=\/wp\/v2\/users\/1"}],"replies":[{"embeddable":true,"href":"https:\/\/bruxelles-pantheres.be\/index.php?rest_route=%2Fwp%2Fv2%2Fcomments&post=2963"}],"version-history":[{"count":1,"href":"https:\/\/bruxelles-pantheres.be\/index.php?rest_route=\/wp\/v2\/posts\/2963\/revisions"}],"predecessor-version":[{"id":2965,"href":"https:\/\/bruxelles-pantheres.be\/index.php?rest_route=\/wp\/v2\/posts\/2963\/revisions\/2965"}],"wp:featuredmedia":[{"embeddable":true,"href":"https:\/\/bruxelles-pantheres.be\/index.php?rest_route=\/wp\/v2\/media\/1651"}],"wp:attachment":[{"href":"https:\/\/bruxelles-pantheres.be\/index.php?rest_route=%2Fwp%2Fv2%2Fmedia&parent=2963"}],"wp:term":[{"taxonomy":"category","embeddable":true,"href":"https:\/\/bruxelles-pantheres.be\/index.php?rest_route=%2Fwp%2Fv2%2Fcategories&post=2963"},{"taxonomy":"post_tag","embeddable":true,"href":"https:\/\/bruxelles-pantheres.be\/index.php?rest_route=%2Fwp%2Fv2%2Ftags&post=2963"}],"curies":[{"name":"wp","href":"https:\/\/api.w.org\/{rel}","templated":true}]}}