{"id":2967,"date":"2016-09-04T11:54:55","date_gmt":"2016-09-04T10:54:55","guid":{"rendered":"https:\/\/bruxelles-pantheres.be\/?p=2967"},"modified":"2016-09-04T11:54:55","modified_gmt":"2016-09-04T10:54:55","slug":"black-lives-matter-reportage-en-images","status":"publish","type":"post","link":"https:\/\/bruxelles-pantheres.be\/?p=2967","title":{"rendered":"Black lives matter : reportage en images"},"content":{"rendered":"<header class=\"entry-header\"><img decoding=\"async\" class=\"separation\" src=\"http:\/\/www.intothechic.com\/wp-content\/themes\/itc\/images\/separation.png\" \/> <img decoding=\"async\" class=\"attachment-format-660x550 size-format-660x550 wp-post-image\" src=\"http:\/\/www.intothechic.com\/medias\/2016\/08\/fbdbe9c7355b61c28ac5db11df611491e8893960_large-1-660x550.jpg\" alt=\"fbdbe9c7355b61c28ac5db11df611491e8893960_large\" width=\"660\" height=\"550\" \/><\/p>\n<div class=\"image-copyright\">\u00a9 Natali Keyssar<\/div>\n<\/header>\n<div class=\"entry-content\">\n<p>Une photojournaliste freelance, bas\u00e9e \u00e0 Brooklyn, New York, a saisi la jeunesse noire en plein mouvement Black Lives Matter. Images.<\/p>\n<div class=\"insert-tech\"><\/div>\n<p>Natalie Keyssar est activiste, et photojournaliste depuis 2009. Elle concentre l\u2019essentiel de son travail sur l\u2019impact des tensions politiques sur la soci\u00e9t\u00e9. Contributrice r\u00e9guli\u00e8re au <em>Wall Street Journal <\/em>et au <em>New York Times<\/em>, elle s\u2019est derni\u00e8rement int\u00e9ress\u00e9e \u00e0 la jeunesse noire am\u00e9ricaine, \u00e0 l\u2019heure du mouvement <a href=\"http:\/\/www.intothechic.com\/2829\/celebrites\/qui-est-alicia-garza\/\" target=\"_blank\">Black Lives Matter\u00a0<\/a>: un rassemblement pacifiste qui annonce le renouveau de l\u2019activisme afro-am\u00e9ricain, en allant s\u2019exporter hors des fronti\u00e8res du web pour descendre dans les rues, aux \u00c9tats-Unis. Mais aussi en France, suite \u00e0 l\u2019affaire Adama Traor\u00e9. Natalie Keyssar a souhait\u00e9 documenter ce que vit la population noire am\u00e9ricaine au quotidien, de l\u2019affaire Ferguson en 2014 \u00e0 la mort de Freddie Grey, \u00e0 Baltimore en 2015, pour mieux rendre compte d\u2019une jeunesse consciente et mobilis\u00e9e. Reportage en images.<\/p>\n<p>D\u00e9couvrez toutes les photos du projet <a href=\"http:\/\/nataliekeyssar.com\/red-and-blue-the-black-lives-matter-protests\" target=\"_blank\">ici<\/a>.<\/p>\n<p><img decoding=\"async\" class=\"\" src=\"http:\/\/s3.amazonaws.com\/samexhibit\/production\/images\/217977\/c54f87cd0b7e9faf966d3430bd9f10ce815c8272_large.?1447786381\" \/><\/p>\n<p><a href=\"http:\/\/www.intothechic.com\/5671\/culture\/black-lives-matter-reportage-images\/\">Source<\/a><\/p>\n<p>&nbsp;<\/p>\n<\/div>\n","protected":false},"excerpt":{"rendered":"<p>\u00a9 Natali Keyssar Une photojournaliste freelance, bas\u00e9e \u00e0 Brooklyn, New York, a saisi la jeunesse noire en plein mouvement Black Lives Matter. Images. Natalie Keyssar est activiste, et photojournaliste depuis 2009. Elle concentre l\u2019essentiel de son travail sur l\u2019impact des tensions politiques sur la soci\u00e9t\u00e9. Contributrice r\u00e9guli\u00e8re au Wall Street Journal et au New York &#8230; <a title=\"Black lives matter : reportage en images\" class=\"read-more\" href=\"https:\/\/bruxelles-pantheres.be\/?p=2967\" aria-label=\"En savoir plus sur Black lives matter : reportage en images\">Lire la suite<\/a><\/p>\n","protected":false},"author":1,"featured_media":2968,"comment_status":"open","ping_status":"open","sticky":false,"template":"","format":"standard","meta":{"footnotes":""},"categories":[21,7,28,5],"tags":[84,23,54,15,49],"class_list":["post-2967","post","type-post","status-publish","format-standard","has-post-thumbnail","hentry","category-anti-imperialisme","category-negrophobie","category-racismes","category-violence-policiere","tag-black-power","tag-discrimination","tag-police","tag-resistance","tag-usa"],"_links":{"self":[{"href":"https:\/\/bruxelles-pantheres.be\/index.php?rest_route=\/wp\/v2\/posts\/2967","targetHints":{"allow":["GET"]}}],"collection":[{"href":"https:\/\/bruxelles-pantheres.be\/index.php?rest_route=\/wp\/v2\/posts"}],"about":[{"href":"https:\/\/bruxelles-pantheres.be\/index.php?rest_route=\/wp\/v2\/types\/post"}],"author":[{"embeddable":true,"href":"https:\/\/bruxelles-pantheres.be\/index.php?rest_route=\/wp\/v2\/users\/1"}],"replies":[{"embeddable":true,"href":"https:\/\/bruxelles-pantheres.be\/index.php?rest_route=%2Fwp%2Fv2%2Fcomments&post=2967"}],"version-history":[{"count":1,"href":"https:\/\/bruxelles-pantheres.be\/index.php?rest_route=\/wp\/v2\/posts\/2967\/revisions"}],"predecessor-version":[{"id":2969,"href":"https:\/\/bruxelles-pantheres.be\/index.php?rest_route=\/wp\/v2\/posts\/2967\/revisions\/2969"}],"wp:featuredmedia":[{"embeddable":true,"href":"https:\/\/bruxelles-pantheres.be\/index.php?rest_route=\/wp\/v2\/media\/2968"}],"wp:attachment":[{"href":"https:\/\/bruxelles-pantheres.be\/index.php?rest_route=%2Fwp%2Fv2%2Fmedia&parent=2967"}],"wp:term":[{"taxonomy":"category","embeddable":true,"href":"https:\/\/bruxelles-pantheres.be\/index.php?rest_route=%2Fwp%2Fv2%2Fcategories&post=2967"},{"taxonomy":"post_tag","embeddable":true,"href":"https:\/\/bruxelles-pantheres.be\/index.php?rest_route=%2Fwp%2Fv2%2Ftags&post=2967"}],"curies":[{"name":"wp","href":"https:\/\/api.w.org\/{rel}","templated":true}]}}