{"id":2979,"date":"2016-09-05T20:36:04","date_gmt":"2016-09-05T19:36:04","guid":{"rendered":"https:\/\/bruxelles-pantheres.be\/?p=2979"},"modified":"2016-09-05T20:36:04","modified_gmt":"2016-09-05T19:36:04","slug":"regards-changes-et-langues-deliees","status":"publish","type":"post","link":"https:\/\/bruxelles-pantheres.be\/?p=2979","title":{"rendered":"Regards \u2018chang\u00e9s\u2019 et \u2018langues d\u00e9li\u00e9es\u2019"},"content":{"rendered":"<header id=\"story-header\" class=\"story-header\">\n<div id=\"story-meta\" class=\"story-meta \">\n<h5 id=\"headline\" class=\"headline\">Regards \u2018chang\u00e9s\u2019 et \u2018langues d\u00e9li\u00e9es\u2019 : Des musulmanes \u00e9voquent l\u2019Europe d\u2019aujourd\u2019hui<\/h5>\n<div id=\"d-promo\" class=\"clearfix\"><a href=\"http:\/\/www.nytimes.com\/2016\/09\/03\/world\/europe\/burkini-ban-muslim-women.html\">Lisez en anglais | Read in English \u00bb<\/a><\/div>\n<div id=\"story-meta-footer\" class=\"story-meta-footer\">\n<p class=\"byline-dateline\"><span class=\"byline\"> <span class=\"byline-author\" data-byline-name=\"LILLIE DREMEAUX\">LILLIE DREMEAUX<\/span><\/span><time class=\"visually-hidden skip-to-text-link\" datetime=\"2016-09-03T01:22:09-04:00\">SEPT. 2, 2016<\/time><\/p>\n<\/div>\n<\/div>\n<\/header>\n<div class=\"story-interrupter\">\n<figure id=\"media-100000004623586\" class=\"media photo lede layout-jumbo-horizontal\" data-media-action=\"modal\">\n<div class=\"image\"><img decoding=\"async\" class=\"media-viewer-candidate\" src=\"https:\/\/static01.nyt.com\/images\/2016\/09\/03\/world\/03Muslimvoices-french-1\/02Muslimvoices1-superJumbo.jpg\" alt=\"\" data-mediaviewer-src=\"https:\/\/static01.nyt.com\/images\/2016\/09\/03\/world\/03Muslimvoices-french-1\/02Muslimvoices1-superJumbo.jpg\" data-mediaviewer-caption=\"Saima Ashraf, 39 ans, \u00e0 la mairie de Barking, \u00e0 Londres, o\u00f9 elle travaille. Elle dit qu\u2019elle n\u2019aurait jamais pu accomplir en France ce qu\u2019elle a construit \u00e0 Londres en portant le voile.\" data-mediaviewer-credit=\"Andrew Testa pour le New York Times\" \/><\/div>\n<\/figure>\n<p class=\"image\">Saima Ashraf, 39 ans, \u00e0 la mairie de Barking, \u00e0 Londres, o\u00f9 elle travaille. Elle dit qu\u2019elle n\u2019aurait jamais pu accomplir en France ce qu\u2019elle a construit \u00e0 Londres en portant le voile. Credit Andrew Testa pour le New York Times<\/p>\n<p id=\"story-continues-1\" class=\"story-body-text story-content\" data-para-count=\"446\" data-total-count=\"446\">Les voix des femmes musulmanes ont \u00e9t\u00e9 quasiment noy\u00e9es par le d\u00e9bat agit\u00e9 sur <a href=\"http:\/\/www.nytimes.com\/2016\/08\/28\/world\/europe\/france-burkini-bikini-ban.html\">l\u2019interdiction de se baigner en burkini<\/a> sur les plages de plus de 30 municipalit\u00e9s fran\u00e7aises; femmes pour qui <a href=\"http:\/\/www.nytimes.com\/2016\/08\/25\/world\/australia\/burkini-ban-france-aheda-zanetti.html\">ces maillots<\/a> couvrant compl\u00e8tement le corps ont \u00e9t\u00e9 con\u00e7us. Le New York Times <a href=\"http:\/\/www.nytimes.com\/interactive\/2016\/08\/19\/world\/europe\/burkini-callout.html\">a sollicit\u00e9 leurs avis<\/a>, et les r\u00e9ponses \u2014 plus de 1000 messages de Belgique, de <a class=\"meta-loc\" title=\"More news and information about France.\" href=\"http:\/\/topics.nytimes.com\/top\/news\/international\/countriesandterritories\/france\/index.html?inline=nyt-geo\">France<\/a> et d\u2019ailleurs \u2014 vont bien au-del\u00e0 de la question des tenues de plage.<\/p>\n<p class=\"story-body-text story-content\" data-para-count=\"342\" data-total-count=\"788\">Le r\u00e9sultat brosse le portrait de la vie de la femme musulmane, voil\u00e9e ou pas, dans les parties d\u2019Europe o\u00f9 le terrorisme a le plus tendu les soci\u00e9t\u00e9s. Le mot \u201ccombat\u201d a \u00e9t\u00e9 utilis\u00e9 des dizaines de fois. Beaucoup de celles qui sont n\u00e9es en France parlent de confusion quand on les enjoint de rentrer l\u00e0 d\u2019o\u00f9 elles viennent.<\/p>\n<p class=\"story-body-text story-content\" data-para-count=\"297\" data-total-count=\"1085\">Les tribunaux ont suspendu plusieurs interdictions suite \u00e0 une d\u00e9cision du Conseil d\u2019\u00c9tat la semaine derni\u00e8re \u2014 l\u2019interdiction \u00e0 Nice, o\u00f9 s\u2019est d\u00e9roul\u00e9 un horrible attentat terroriste le 14 juillet dernier, a \u00e9t\u00e9 suspendue ce jeudi \u2014 mais le d\u00e9bat est loin d\u2019\u00eatre termin\u00e9.<\/p>\n<p class=\"story-body-text story-content\" data-para-count=\"298\" data-total-count=\"1383\">\u201cDepuis des ann\u00e9es, nous supportons les regards et les propos mena\u00e7ants,\u201d \u00e9crit Taslima Amar, 30 ans, enseignante en banlieue parisienne. \u201cOn m\u2019a demand\u00e9 de rentrer chez moi (alors que je suis chez moi).\u201d D\u00e9sormais, Mme Amar a ajout\u00e9, elle esp\u00e8re quitter la France avec son \u00e9poux.<\/p>\n<p class=\"story-body-text story-content\" data-para-count=\"264\" data-total-count=\"1647\">Laurie Abouzeir, 32 ans, \u00e9crit qu\u2019elle envisage de se mettre \u00e0 son compte et de s\u2019occuper d\u2019enfants \u00e0 son domicile toulousain. Cela lui permettrait de porter le voile, qui est <a href=\"http:\/\/www.nytimes.com\/2016\/07\/14\/world\/europe\/france-head-scarf-court.html\">vu d\u2019un mauvais \u0153il<\/a> et parfois m\u00eame interdit sur certains lieux de travail.<\/p>\n<p id=\"story-continues-2\" class=\"story-body-text story-content\" data-para-count=\"446\" data-total-count=\"2093\">Beaucoup de femmes \u00e9crivent que les pr\u00e9jug\u00e9s anti-Musulmans se sont intensifi\u00e9s ces derniers mois et ann\u00e9es, citant les <a href=\"http:\/\/www.nytimes.com\/news-event\/attacks-in-paris\">attaques terroristes de Paris<\/a> en 2015, ainsi que celles de <a href=\"http:\/\/www.nytimes.com\/news-event\/brussels-attacks\">Bruxelles<\/a> et de <a href=\"http:\/\/www.nytimes.com\/2016\/07\/15\/world\/europe\/nice-france-truck-bastille-day.html\">Nice<\/a> cette ann\u00e9e. Halima Djalab Bouguerra, \u00e9tudiante de 21 ans \u00e0 Bourg-en-Bresse, \u00e9voque une date ant\u00e9rieure, estimant que les choses avaient d\u00e9j\u00e0 commenc\u00e9 \u00e0 changer en 2012, avec <a href=\"http:\/\/www.nytimes.com\/2012\/03\/23\/world\/europe\/mohammed-merah-toulouse-shooting-suspect-french-police-standoff.html\">les meurtres de Mohammed Merah<\/a> dans le sud-ouest du pays.<\/p>\n<p class=\"story-body-text story-content\" data-para-count=\"181\" data-total-count=\"2274\">\u201cIl y a surtout eu des regards qui ont chang\u00e9\u201d, \u00e9crit Mme Bouguerra. \u201cLes langues se sont d\u00e9li\u00e9es, plus personne n\u2019a peur de dire \u00e0 un musulman : \u201cRentre chez toi.\u201d<\/p>\n<p class=\"story-body-text story-content\" data-para-count=\"191\" data-total-count=\"2465\">Voici quelques extraits des commentaires que nous avons re\u00e7us, parfois condens\u00e9s et modifi\u00e9s pour plus de clart\u00e9, et <a href=\"http:\/\/www.nytimes.com\/2016\/09\/03\/world\/europe\/burkini-ban-muslim-women.html\">traduits en fran\u00e7ais lorsqu\u2019ils nous<\/a><a href=\"http:\/\/www.nytimes.com\/2016\/09\/03\/world\/europe\/burkini-ban-muslim-women.html\"> ont \u00e9t\u00e9 envoy\u00e9s<\/a><a href=\"http:\/\/www.nytimes.com\/2016\/09\/03\/world\/europe\/burkini-ban-muslim-women.html\"> en anglais<\/a>.<\/p>\n<p class=\"story-body-text story-content\" data-para-count=\"191\" data-total-count=\"2465\"><img decoding=\"async\" class=\"media-viewer-candidate\" src=\"https:\/\/static01.nyt.com\/images\/2016\/09\/03\/world\/03Muslimvoices-french-3\/02Muslimvoices3-superJumbo.jpg\" alt=\"\" data-mediaviewer-src=\"https:\/\/static01.nyt.com\/images\/2016\/09\/03\/world\/03Muslimvoices-french-3\/02Muslimvoices3-superJumbo.jpg\" data-mediaviewer-caption=\"Dina Srouji, 23 ans, est \u00e9tudiante \u00e0 l\u2019Universit\u00e9 de Gand en Belgique.\" data-mediaviewer-credit=\"Gael Turine pour le New York Times\" \/><\/p>\n<div id=\"story-continues-3\" class=\"story-interrupter\">\n<figure id=\"media-100000004623606\" class=\"media photo embedded layout-jumbo-horizontal media-100000004623606 ratio-tall\" data-media-action=\"modal\"><figcaption class=\"caption\"><span class=\"caption-text\">Dina Srouji, 23 ans, est \u00e9tudiante \u00e0 l\u2019Universit\u00e9 de Gand en Belgique.<\/span> <span class=\"credit\"> <span class=\"visually-hidden\">Credit<\/span> Gael Turine pour le New York Times <\/span><\/figcaption><\/figure>\n<\/div>\n<div class=\"story-body-supplemental\">\n<div class=\"story-body story-body-2\">\n<blockquote class=\"story-quote story-content\" data-para-count=\"618\" data-total-count=\"3083\"><p>Quand le burkini est apparu, j\u2019\u00e9tais heureuse pour ma s\u0153ur, qui \u00e9tait en vacances et pouvait enfin jouer sur la plage avec ses enfants plut\u00f4t que de devoir rester \u00e0 l\u2019ombre. Au d\u00e9but de la pol\u00e9mique, je me suis dit, \u201cC\u2019est pas grave, Dina, c\u2019est simplement quelques personnes \u00e9troites d\u2019esprit qui n\u2019ont rien d\u2019autre \u00e0 faire que de semer la haine.\u201d Mais l\u00e0 ? Je pensais que c\u2019\u00e9tait justement tout ce contre quoi l\u2019Europe se battait. \u2026 Comment est-il possible que dans un monde \u201cmoderne\u201d, bronzer toute nue soit acceptable, mais garder ses v\u00eatements \u00e0 la plage ne le soit pas ?<\/p><\/blockquote>\n<p id=\"story-continues-4\" class=\"story-body-text story-content\" data-para-count=\"129\" data-total-count=\"3212\"><em><strong>\u2014 Dina Srouji, 23 ans, Lebbeke, Belgique.<\/strong> \u00c9tudiante et <a href=\"https:\/\/www.facebook.com\/GenerationM.be\/videos\/1757047744534111\/\">apprentie journaliste<\/a> \u00e0 l\u2019Universit\u00e9 de Gand. Instagram: <a href=\"https:\/\/www.instagram.com\/dindinsr\/\">@dindinsr<\/a>.<\/em><\/p>\n<blockquote class=\"story-quote story-content\" data-para-count=\"398\" data-total-count=\"3610\"><p>Cela me rappelle mon premier jour au lyc\u00e9e apr\u00e8s l\u2019interdiction en France du port du hijab \u00e0 l\u2019\u00e9cole. Mon professeur m\u2019avait oblig\u00e9 \u00e0 retirer mon voile devant tous les autres \u00e9l\u00e8ves. J\u2019\u00e9tais humili\u00e9e. \u2026 Aujourd\u2019hui, \u00e7a me brise le c\u0153ur de nouveau. J\u2019ai simplement regard\u00e9 cette femme retirer un v\u00eatement et je me suis demand\u00e9e : quand est-ce que cela va s\u2019arr\u00eater ?<\/p><\/blockquote>\n<p class=\"story-body-text story-content\" data-para-count=\"142\" data-total-count=\"3752\"><em><strong>\u2014 Hajer Zennou, 27 ans, Lyon.<\/strong> Designer. Elle faisait r\u00e9f\u00e9rence \u00e0 une femme \u00e0 Nice qui <a href=\"http:\/\/www.nytimes.com\/2016\/08\/25\/world\/europe\/france-burkini.html\">a \u00e9t\u00e9 oblig\u00e9<\/a> de retirer sa chemise \u00e0 la plage.<\/em><\/p>\n<blockquote class=\"story-quote story-content\" data-para-count=\"502\" data-total-count=\"4254\"><p>On m\u2019insulte, me crache dessus (litt\u00e9ralement) tous les jours dans le m\u00e9tro, le bus, mon \u00e9cole. Pourtant, je n\u2019ai jamais insult\u00e9, frapp\u00e9 quelqu\u2019un. Non, je suis juste musulmane. Je pense s\u00e9rieusement partir vivre ailleurs, o\u00f9 le regard des autres ne me fera plus pleurer chaque soir dans mon lit. \u2026 J\u2019ai peur un jour de porter une lune jaune sur mes habits, comme l\u2019\u00e9toile de David pour les Juifs il n\u2019y a pas si longtemps.<\/p>\n<p>Merci \u00e0 vous de nous \u00e9couter et nous donner la parole.<\/p><\/blockquote>\n<p class=\"story-body-text story-content\" data-para-count=\"68\" data-total-count=\"4322\"><em><strong>\u2014 Charlotte Monnier, 23 ans, Toulouse.<\/strong> \u00c9tudiante en architecture.<\/em><\/p>\n<blockquote class=\"story-quote story-content\" data-para-count=\"268\" data-total-count=\"4590\"><p>J\u2019\u00e9tais curieuse de voir si, dans les villes o\u00f9 ils ont interdit les femmes en burkini, les chiens avaient le droit de nager. La r\u00e9ponse est oui dans certains cas. Personnellement, je suis scandalis\u00e9e que les chiens aient plus de droits que des femmes voil\u00e9es.<\/p><\/blockquote>\n<p class=\"story-body-text story-content\" data-para-count=\"58\" data-total-count=\"4648\"><em><strong>\u2014 Samia Fekih, 36 ans, Paris.<\/strong> Chef de projet num\u00e9rique.<\/em><\/p>\n<p class=\"story-body-text story-content\" data-para-count=\"58\" data-total-count=\"4648\"><img decoding=\"async\" class=\"media-viewer-candidate\" src=\"https:\/\/static01.nyt.com\/images\/2016\/09\/03\/world\/03Muslimvoices-french-2\/02Muslimvoices2-superJumbo.jpg\" alt=\"\" data-mediaviewer-src=\"https:\/\/static01.nyt.com\/images\/2016\/09\/03\/world\/03Muslimvoices-french-2\/02Muslimvoices2-superJumbo.jpg\" data-mediaviewer-caption=\"Nawal Afkir, 25 ans, de Bruxelles. Elle est passionn\u00e9e par la photographie.\" data-mediaviewer-credit=\"Gael Turine pour le New York Times\" \/><\/p>\n<div id=\"story-continues-5\" class=\"story-interrupter\">\n<figure id=\"media-100000004623614\" class=\"media photo embedded layout-jumbo-horizontal media-100000004623614 ratio-tall\" data-media-action=\"modal\"><figcaption class=\"caption\"><span class=\"caption-text\">Nawal Afkir, 25 ans, de Bruxelles. Elle est passionn\u00e9e par la photographie.<\/span> <span class=\"credit\"> <span class=\"visually-hidden\">Credit<\/span> Gael Turine pour le New York Times <\/span><\/figcaption><\/figure>\n<\/div>\n<div class=\"story-body-supplemental\">\n<div class=\"story-body story-body-3\">\n<blockquote class=\"story-quote story-content\" data-para-count=\"390\" data-total-count=\"5038\"><p>Je suis assistante sociale et je fais mon maximum pour \u0153uvrer pour une soci\u00e9t\u00e9 juste et libre. Porter le voile ne signifie pas \u00eatre asservie par un homme. Au contraire, cela signifie la r\u00e9appropriation du corps et de ma f\u00e9minit\u00e9. \u2026 Merci New York Times de nous laisser cet espace de parole et la possibilit\u00e9 de nous exprimer librement. Chose qui nous manque peut-\u00eatre en Europe.<\/p><\/blockquote>\n<p id=\"story-continues-6\" class=\"story-body-text story-content\" data-para-count=\"35\" data-total-count=\"5073\"><strong><em>\u2014 Nawal Afkir, 25 ans, Bruxelles.<\/em><\/strong><\/p>\n<blockquote class=\"story-quote story-content\" data-para-count=\"114\" data-total-count=\"5187\"><p>\u00c0 chaque fois que je me rends au Maroc, je me sens plus libre qu\u2019en Occident, et j\u2019y vois plus de libert\u00e9s.<\/p><\/blockquote>\n<p class=\"story-body-text story-content\" data-para-count=\"69\" data-total-count=\"5256\"><em><strong>\u2014 Souad el Bouchihati, 26 ans, Gouda, Pays-Bas.<\/strong> Assistante sociale.<\/em><\/p>\n<blockquote class=\"story-quote story-content\" data-para-count=\"596\" data-total-count=\"5852\"><p>\u00c7a ne me d\u00e9range pas de retirer mon voile pour travailler, ce qui me d\u00e9range, c\u2019est de le cacher \u00e0 mes coll\u00e8gues. \u2026 Bien entendu, je ne me suis pas cach\u00e9e bien longtemps, j\u2019ai crois\u00e9 ma coll\u00e8gue de bureau en faisant les boutiques avec mon amie, donc forc\u00e9ment, j\u2019\u00e9tais voil\u00e9e. Nous nous sommes dites bonjour, et dans l\u2019oreille, je lui ai dit que je lui expliquerai. Je me sentais tellement mal de lui mentir depuis tout ce temps ! Un enfer ! Je lui ai donc envoy\u00e9 un SMS pour lui dire la v\u00e9rit\u00e9. Elle m\u2019a promis qu\u2019elle comprenait et qu\u2019elle ne le r\u00e9p\u00e9terait pas.<\/p><\/blockquote>\n<figure id=\"03muslimvoices-read-in-english-button\" class=\"interactive interactive-embedded  limit-small layout-small\"><figcaption class=\"interactive-caption\"><\/figcaption><div class=\"interactive-graphic\"><\/div>\n<div class=\"footer\"><\/div>\n<\/figure>\n<p class=\"story-body-text story-content\" data-para-count=\"78\" data-total-count=\"5930\"><em><strong>\u2014 Hadjira Skoundri, 22 ans, Toulouse.<\/strong> Agent administratif \u00e0 la pr\u00e9fecture.<\/em><\/p>\n<p class=\"story-body-text story-content\" data-para-count=\"78\" data-total-count=\"5930\"><img decoding=\"async\" class=\"media-viewer-candidate\" src=\"https:\/\/static01.nyt.com\/images\/2016\/09\/03\/world\/03Muslimvoices-french-6\/02Muslimvoices6-master675.jpg\" alt=\"\" data-mediaviewer-src=\"https:\/\/static01.nyt.com\/images\/2016\/09\/03\/world\/03Muslimvoices-french-6\/02Muslimvoices6-superJumbo.jpg\" data-mediaviewer-caption=\"Mira Hassine, 27 ans, habite Orl\u00e9ans et est responsable administrative dans une entreprise du b\u00e2timent.\" data-mediaviewer-credit=\"Ed Alcock pour le New York Times\" \/><\/p>\n<figure id=\"media-100000004623580\" class=\"media photo embedded layout-large-horizontal media-100000004623580 ratio-tall\" data-media-action=\"modal\"><figcaption class=\"caption\"><span class=\"caption-text\">Mira Hassine, 27 ans, habite Orl\u00e9ans et est responsable administrative dans une entreprise du b\u00e2timent.<\/span> <span class=\"credit\"> <span class=\"visually-hidden\">Credit<\/span> Ed Alcock pour le New York Times <\/span><\/figcaption><\/figure>\n<blockquote class=\"story-quote story-content\" data-para-count=\"918\" data-total-count=\"6848\"><p>Quand bien m\u00eame vous faites tous les efforts inimaginables en croyant ainsi vous \u201cint\u00e9grer\u201d, il vous est toujours martel\u00e9 que pour bien faire et ainsi r\u00e9pondre \u00e0 une int\u00e9gration \u201ccompl\u00e8te\u201d il nous faut renoncer \u00e0 nos principes et notre religion. Dans nos foyers, au bureau ou entre amis, une sorte de pression s\u00e9vit. On n\u2019ose plus r\u00e9pondre favorablement \u00e0 une invitation \u201cd\u2019amis\u201d, car nous en avons marre de devoir refuser un verre d\u2019alcool et justifier poliment en y mettant les formes, tout \u00e7a en veillant \u00e0 ne pas dire de choses pr\u00e9judiciables dans ce que l\u2019on peut presque appeler des excuses. Au bureau, les petites vannes du genre \u201ctu as aid\u00e9 tes cousins ?\u201d \u00e0 la suite d\u2019un attentat. Et nos familles lors des repas qui maudissent ces terroristes et sont insult\u00e9s par la nouvelle l\u00e9gislation.<\/p>\n<p>Alors quoi. On s\u2019isole. Et lorsqu\u2019on s\u2019isole, on ne s\u2019int\u00e8gre plus.<\/p><\/blockquote>\n<p class=\"story-body-text story-content\" data-para-count=\"143\" data-total-count=\"6991\"><em><strong>\u2014 Mira Hassine, 27 ans, Orl\u00e9ans.<\/strong> Responsable administrative dans une entreprise du b\u00e2timent. Elle est musulmane mais ne porte pas le voile.<\/em><\/p>\n<blockquote class=\"story-quote story-content\" data-para-count=\"305\" data-total-count=\"7296\"><p>\u00catre musulmane en France, c\u2019est vivre dans un r\u00e9gime d\u2019apartheid dont l\u2019interdiction de plage n\u2019est que le dernier avatar. &#8230; Je crois que les femmes fran\u00e7aises musulmanes seraient fond\u00e9es \u00e0 demander l\u2019asile aux USA, par exemple, tant les pers\u00e9cutions que nous subissons sont nombreuses.<\/p><\/blockquote>\n<p id=\"story-continues-7\" class=\"story-body-text story-content\" data-para-count=\"138\" data-total-count=\"7434\"><em><strong>\u2014 Karima Mondon, 37 ans, professeur de fran\u00e7ais.<\/strong> Elle vient de quitter Lyon avec sa famille pour s\u2019installer \u00e0 Casablanca, au Maroc.<\/em><\/p>\n<blockquote class=\"story-quote story-content\" data-para-count=\"331\" data-total-count=\"7765\"><p>Je suis une femme fran\u00e7aise et musulmane. Je vis \u00e0 Londres. En France, je n\u2019aurais jamais pu accomplir ce que j\u2019ai fait \u00e0 Londres en portant le voile. Je travaille dans l\u2019administration locale, je suis adjointe au repr\u00e9sentant de mon quartier et je porte le voile. Si j\u2019\u00e9tais en France, cela ne serait jamais arriv\u00e9.<\/p><\/blockquote>\n<p class=\"story-body-text story-content\" data-para-count=\"59\" data-total-count=\"7824\"><em><strong>\u2014 <a href=\"http:\/\/moderngov.barking-dagenham.gov.uk\/mgUserInfo.aspx?UID=1720\">Saima Ashraf<\/a><\/strong><\/em><em><strong>, 39 ans, Londres. <\/strong><\/em><em>Twitter: <a href=\"https:\/\/twitter.com\/saimaashraf25\">@saimaashraf25<\/a>.<\/em><\/p>\n<blockquote class=\"story-quote story-content\" data-para-count=\"398\" data-total-count=\"8222\"><p>Je suis infirmi\u00e8re et voil\u00e9e. Au travail, il m\u2019est impossible d\u2019avoir mon voile. Je le retire en arrivant. Pas de couvre-chef, pas de manche, rien qui puisse me couvrir pour \u00eatre en corr\u00e9lation avec mon mode de vie. \u2026 On nous refuse la possibilit\u00e9 d\u2019aller \u00e0 la piscine et maintenant \u00e0 la plage. \u2026 Quelle est la prochaine \u00e9tape ? Allons-nous porter des lunes pour \u00eatre reconnus ?<\/p><\/blockquote>\n<p class=\"story-body-text story-content\" data-para-count=\"70\" data-total-count=\"8292\"><em><strong>\u2014 Linda Alem, 27 ans, Paris.<\/strong> Infirmi\u00e8re en centre d\u2019h\u00e9modialyse.<\/em><\/p>\n<blockquote class=\"story-quote story-content\" data-para-count=\"835\" data-total-count=\"9127\"><p>Je me sens mal \u00e0 en devenir parano ! \u00c9l\u00e8ve en classe pr\u00e9paratoire, je me suis fait insulter de salafiste et menacer de mort par un de mes camarades de classe. Pourquoi ? Car il m\u2019a vue dans la rue avec mon voile. Quand je suis partie voir le proviseur-adjoint du lyc\u00e9e, la seule solution qu\u2019elle a trouv\u00e9e \u00e9tait notre renvoi \u00e0 tous les deux si nous n\u2019apaisions pas les tensions qu\u2019il avait provoqu\u00e9es. Un vrai cauchemar, o\u00f9 toutes les issues m\u00e8nent \u00e0 l\u2019injustice. &#8230;<\/p>\n<p>En \u00e9crivant ces mots, j\u2019ai les larmes aux yeux, et sans vouloir nous positionner en tant que victimes, leurs acharnements sur ces d\u00e9tails vont faire que je vais partir de ce pays t\u00f4t ou tard. Ils auront surement obtenu ce qu\u2019ils veulent, mais je n\u2019ai pas la force de Rosa Parks. Une ing\u00e9nieure en moins en France, voil\u00e0 leur punition.<\/p><\/blockquote>\n<p class=\"story-body-text story-content\" data-para-count=\"70\" data-total-count=\"9197\"><em><strong>\u2014 Nora Mahboub, 21 ans, Paris.<\/strong> \u00c9tudiante en \u00e9cole d\u2019ing\u00e9nieurs.<\/em><\/p>\n<p class=\"story-body-text story-content\" data-para-count=\"70\" data-total-count=\"9197\"><img decoding=\"async\" class=\"media-viewer-candidate\" src=\"https:\/\/static01.nyt.com\/images\/2016\/09\/03\/world\/03Muslimvoices-french-4\/02Muslimvoices4-master675.jpg\" alt=\"\" data-mediaviewer-src=\"https:\/\/static01.nyt.com\/images\/2016\/09\/03\/world\/03Muslimvoices-french-4\/02Muslimvoices4-superJumbo.jpg\" data-mediaviewer-caption=\"Siam Ferhat-Basset, 29 ans, pr\u00e8s de chez elle \u00e0 Drancy.\" data-mediaviewer-credit=\"Ed Alcock pour le New York Times\" \/><\/p>\n<figure id=\"media-100000004623601\" class=\"media photo embedded layout-large-horizontal media-100000004623601 ratio-tall\" data-media-action=\"modal\"><figcaption class=\"caption\"><span class=\"caption-text\">Siam Ferhat-Basset, 29 ans, pr\u00e8s de chez elle \u00e0 Drancy.<\/span> <span class=\"credit\"> <span class=\"visually-hidden\">Credit<\/span> Ed Alcock pour le New York Times <\/span><\/figcaption><\/figure>\n<blockquote class=\"story-quote story-content\" data-para-count=\"410\" data-total-count=\"9607\"><p>M\u00eame dipl\u00f4m\u00e9e d\u2019un master, je n\u2019ai pas r\u00e9ussi \u00e0 trouver un travail dans mon domaine d\u2019\u00e9tudes. Je ne vois aucun espoir pour notre avenir, et comme beaucoup d\u2019autres, j\u2019envisage de partir \u00e0 l\u2019\u00e9tranger. Mon c\u0153ur est 100 % fran\u00e7ais, mais j\u2019ai le sentiment de devoir prouver ma \u201cfrancit\u00e9,\u201d et avec tout ce qui se passe en ce moment, je suis fatigu\u00e9e de devoir justifier mon identit\u00e9.<\/p><\/blockquote>\n<p class=\"story-body-text story-content\" data-para-count=\"70\" data-total-count=\"9677\"><em><strong>\u2014 Siam Ferhat-Basset, 29 ans, Drancy.<\/strong> Ancienne h\u00f4tesse d\u2019accueil.<\/em><\/p>\n<blockquote class=\"story-quote story-content\" data-para-count=\"361\" data-total-count=\"10038\"><p>Durant mes \u00e9tudes, j\u2019\u00e9tais quelqu\u2019un qui travaillait bien, j\u2019adorais apprendre. Au fur et \u00e0 mesure que j\u2019avan\u00e7ais dans ma scolarit\u00e9, je perdais toute motivation : Je savais qu\u2019en tant que musulmane voil\u00e9e, je n\u2019avais aucun avenir dans le monde professionnel. On nous demande de nous int\u00e9grer, mais malheureusement eux ne nous int\u00e8grent pas.<\/p><\/blockquote>\n<p class=\"story-body-text story-content\" data-para-count=\"170\" data-total-count=\"10208\"><em><strong>\u2014 Saadia Akessour, 31 ans, Li\u00e8ge, Belgique.<\/strong> Elle est m\u00e8re au foyer qui <\/em><em> a d\u00fb retirer son voile pendant un stage<\/em> <em>de sage-femme et qui a ensuite<\/em> <em> arr\u00eat\u00e9 ses \u00e9tudes<\/em><em>.<\/em><\/p>\n<blockquote class=\"story-quote story-content\" data-para-count=\"259\" data-total-count=\"10467\"><p>Je me suis baign\u00e9e cet \u00e9t\u00e9 du c\u00f4t\u00e9 de Hendaye (sud-ouest de la France). J\u2019ai \u00e9t\u00e9 un peu la curiosit\u00e9 du coin, mais j\u2019ai trouv\u00e9 les gens bienveillants. Il me semble que les m\u00e9dias et politiciens sont en contradiction avec ce que le peuple pense.<\/p><\/blockquote>\n<p class=\"story-body-text story-content\" data-para-count=\"65\" data-total-count=\"10532\"><em><strong>\u2014 Fadoua Hachimi, 41 ans, Les Lilas, France.<\/strong> Assistante achats.<\/em><\/p>\n<blockquote class=\"story-quote story-content\" data-para-count=\"174\" data-total-count=\"10706\"><p>J\u2019ai la sensation d\u2019\u00eatre une hors-la-loi, une esp\u00e8ce de bandit qui exige quelque chose d\u2019interdit alors que je n\u2019exige rien d\u2019autre que mon droit \u00e0 la libert\u00e9.<\/p><\/blockquote>\n<p class=\"story-body-text story-content\" data-para-count=\"112\" data-total-count=\"10818\"><em><strong>\u2014 Nadia Lamarti, 35 ans, Zellik, Belgique.<\/strong> Elle est m\u00e8re de quatre filles et de formation auxiliaire sociale.<\/em><\/p>\n<p class=\"story-body-text story-content\" data-para-count=\"112\" data-total-count=\"10818\"><img decoding=\"async\" class=\"media-viewer-candidate\" src=\"https:\/\/static01.nyt.com\/images\/2016\/09\/03\/world\/03Muslimvoices5-french-5\/02Muslimvoices5-superJumbo.jpg\" alt=\"\" data-mediaviewer-src=\"https:\/\/static01.nyt.com\/images\/2016\/09\/03\/world\/03Muslimvoices5-french-5\/02Muslimvoices5-superJumbo.jpg\" data-mediaviewer-caption=\"Assia Boukhelifa, 22 ans, est \u00e9tudiante en sciences politiques \u00e0 Lille.\" data-mediaviewer-credit=\"Ed Alcock pour le New York Times\" \/><\/p>\n<div id=\"story-continues-8\" class=\"story-interrupter\">\n<figure id=\"media-100000004623588\" class=\"media photo embedded layout-jumbo-horizontal media-100000004623588 ratio-tall\" data-media-action=\"modal\"><figcaption class=\"caption\"><span class=\"caption-text\">Assia Boukhelifa, 22 ans, est \u00e9tudiante en sciences politiques \u00e0 Lille.<\/span> <span class=\"credit\"> <span class=\"visually-hidden\">Credit<\/span> Ed Alcock pour le New York Times <\/span><\/figcaption><\/figure>\n<\/div>\n<div class=\"story-body-supplemental\">\n<div class=\"story-body story-body-4\">\n<blockquote class=\"story-quote story-content\" data-para-count=\"237\" data-total-count=\"11055\"><p>Je trouve fou que les Fran\u00e7ais ont l\u2019air de d\u00e9couvrir l\u2019islam et nous parlent encore d\u2019int\u00e9gration alors qu\u2019on en est aujourd\u2019hui \u00e0 la troisi\u00e8me voire quatri\u00e8me g\u00e9n\u00e9ration de maghr\u00e9bins musulmans install\u00e9s en France.<\/p><\/blockquote>\n<p><a class=\"visually-hidden skip-to-text-link\" href=\"http:\/\/www.nytimes.com\/2016\/09\/03\/world\/europe\/burkini-musulmans-france-belgique.html?mwrsm=Facebook&amp;_r=2#story-continues-9\">Continue reading the main story<\/a><\/div>\n<div id=\"supplemental-4\" class=\"supplemental \" data-post-height=\"108\" data-mega-ad-adjacency=\"true\" data-last-item-height=\"945\" data-minimum=\"400\" data-remaining=\"108\" data-max-items=\"0\" data-pre-height=\"108\"><\/div>\n<\/div>\n<div id=\"story-continues-9\" class=\"story-interrupter\"><\/div>\n<div class=\"story-body-supplemental\">\n<div class=\"story-body story-body-5\">\n<p id=\"story-continues-10\" class=\"story-body-text story-content\" data-para-count=\"71\" data-total-count=\"11126\"><em><strong>\u2014 Assia Boukhelifa, 22 ans, Lille.<\/strong> \u00c9tudiante en sciences politiques.<\/em><\/p>\n<blockquote class=\"story-quote story-content\" data-para-count=\"314\" data-total-count=\"11440\"><p>Je suis une femme qui porte ce maillot couvrant (burkini \u00e9tant un terme trop connot\u00e9). Alors qu\u2019avant je me contentais d\u2019observer les autres profitant des plaisirs de la baignade, au mieux je rentrais avec mes v\u00eatements de ville (ce qui n\u2019est absolument pas pratique). Ce v\u00eatement a cass\u00e9 mes cha\u00eenes.<\/p><\/blockquote>\n<p class=\"story-body-text story-content\" data-para-count=\"73\" data-total-count=\"11513\"><em><strong>\u2014 Ennaji Loubna, 30 ans, Perpignan.<\/strong> \u00c9tudiante en Master de sociologie.<\/em><\/p>\n<blockquote class=\"story-quote story-content\" data-para-count=\"499\" data-total-count=\"12012\"><p>Merci infiniment de nous consid\u00e9rer comme des \u00eatres humains et de prendre en compte nos opinions. En Belgique, tout comme en France d\u2019ailleurs, nous n\u2019avons jamais la parole alors que nous musulmanes (voil\u00e9es ou non) sommes les premi\u00e8res int\u00e9ress\u00e9es par ces pol\u00e9miques r\u00e9currentes au sujet de l\u2019islam et des femmes. Nous sommes consid\u00e9r\u00e9es comme des bigotes \u00e9cervel\u00e9es et soumises \u00e0 leur mari ou p\u00e8re. Je suis moi-m\u00eame musulmane, enseignante, tol\u00e9rante, f\u00e9ministe ET voil\u00e9e.<\/p><\/blockquote>\n<p class=\"story-body-text story-content\" data-para-count=\"54\" data-total-count=\"12066\"><strong><em>\u2014 Khadija Manouach, 29 ans, Bruxelles. <\/em><\/strong><em>I<\/em><em>nstitutrice.<\/em><\/p>\n<blockquote class=\"story-quote story-content\" data-para-count=\"210\" data-total-count=\"12276\"><p>En tant que jeune femme musulmane, je ne me sens plus en s\u00e9curit\u00e9. \u2026 Je m\u2019appr\u00eate \u00e0 partir au Royaume-Uni o\u00f9 je peux travailler et vivre normalement. Cela m\u2019attriste, car j\u2019aime vraiment mon pays.<\/p><\/blockquote>\n<p class=\"story-body-text story-content\" data-para-count=\"67\" data-total-count=\"12343\"><strong><em>\u2014 Sarah Nahal, 24, Grenoble. <\/em><\/strong><strong><em>\u00c9<\/em><\/strong><em><strong>tudiante<\/strong><\/em> <strong><em>en \u00e9conomie et gestion<\/em><\/strong><em><strong>.<\/strong><\/em><\/p>\n<blockquote class=\"story-quote story-content\" data-para-count=\"374\" data-total-count=\"12717\"><p>Mon p\u00e8re a grandi et v\u00e9cu en France depuis l\u2019\u00e2ge de 8 ans, et travaille depuis ses 14 ans, mais malgr\u00e9 tout, ce n\u2019est pas assez pour que la France nous consid\u00e8re comme des concitoyens lambdas, puisque mon voile les d\u00e9range. \u2026 Que faire ? Prendre son courage \u00e0 deux mains et se battre avec les armes que l\u2019on dispose, le savoir, les dipl\u00f4mes et la volont\u00e9 !<\/p><\/blockquote>\n<p class=\"story-body-text story-content\" data-node-uid=\"1\" data-para-count=\"53\" data-total-count=\"12770\"><em><strong>\u2014 Nadia Benabdelkader, 25 ans, Roubaix.<\/strong> \u00c9tudiante.<\/em><\/p>\n<p class=\"story-body-text story-content\" data-node-uid=\"1\" data-para-count=\"53\" data-total-count=\"12770\"><a href=\"http:\/\/www.nytimes.com\/2016\/09\/03\/world\/europe\/burkini-musulmans-france-belgique.html?mwrsm=Facebook&amp;_r=2\">Source<\/a><\/p>\n<\/div>\n<\/div>\n<\/div>\n<\/div>\n<\/div>\n<\/div>\n<p class=\"image\">\n<\/div>\n","protected":false},"excerpt":{"rendered":"<p>Regards \u2018chang\u00e9s\u2019 et \u2018langues d\u00e9li\u00e9es\u2019 : Des musulmanes \u00e9voquent l\u2019Europe d\u2019aujourd\u2019hui Lisez en anglais | Read in English \u00bb LILLIE DREMEAUXSEPT. 2, 2016 Saima Ashraf, 39 ans, \u00e0 la mairie de Barking, \u00e0 Londres, o\u00f9 elle travaille. Elle dit qu\u2019elle n\u2019aurait jamais pu accomplir en France ce qu\u2019elle a construit \u00e0 Londres en portant le &#8230; <a title=\"Regards \u2018chang\u00e9s\u2019 et \u2018langues d\u00e9li\u00e9es\u2019\" class=\"read-more\" href=\"https:\/\/bruxelles-pantheres.be\/?p=2979\" aria-label=\"En savoir plus sur Regards \u2018chang\u00e9s\u2019 et \u2018langues d\u00e9li\u00e9es\u2019\">Lire la suite<\/a><\/p>\n","protected":false},"author":1,"featured_media":881,"comment_status":"open","ping_status":"open","sticky":false,"template":"","format":"standard","meta":{"footnotes":""},"categories":[22,25,36,4,20,18,28],"tags":[179,23,75,15],"class_list":["post-2979","post","type-post","status-publish","format-standard","has-post-thumbnail","hentry","category-emploi","category-enseignement","category-europe","category-islamophobie","category-logement","category-resistance-bruxelles","category-racismes","tag-burkini","tag-discrimination","tag-femmes","tag-resistance"],"_links":{"self":[{"href":"https:\/\/bruxelles-pantheres.be\/index.php?rest_route=\/wp\/v2\/posts\/2979","targetHints":{"allow":["GET"]}}],"collection":[{"href":"https:\/\/bruxelles-pantheres.be\/index.php?rest_route=\/wp\/v2\/posts"}],"about":[{"href":"https:\/\/bruxelles-pantheres.be\/index.php?rest_route=\/wp\/v2\/types\/post"}],"author":[{"embeddable":true,"href":"https:\/\/bruxelles-pantheres.be\/index.php?rest_route=\/wp\/v2\/users\/1"}],"replies":[{"embeddable":true,"href":"https:\/\/bruxelles-pantheres.be\/index.php?rest_route=%2Fwp%2Fv2%2Fcomments&post=2979"}],"version-history":[{"count":1,"href":"https:\/\/bruxelles-pantheres.be\/index.php?rest_route=\/wp\/v2\/posts\/2979\/revisions"}],"predecessor-version":[{"id":2980,"href":"https:\/\/bruxelles-pantheres.be\/index.php?rest_route=\/wp\/v2\/posts\/2979\/revisions\/2980"}],"wp:featuredmedia":[{"embeddable":true,"href":"https:\/\/bruxelles-pantheres.be\/index.php?rest_route=\/wp\/v2\/media\/881"}],"wp:attachment":[{"href":"https:\/\/bruxelles-pantheres.be\/index.php?rest_route=%2Fwp%2Fv2%2Fmedia&parent=2979"}],"wp:term":[{"taxonomy":"category","embeddable":true,"href":"https:\/\/bruxelles-pantheres.be\/index.php?rest_route=%2Fwp%2Fv2%2Fcategories&post=2979"},{"taxonomy":"post_tag","embeddable":true,"href":"https:\/\/bruxelles-pantheres.be\/index.php?rest_route=%2Fwp%2Fv2%2Ftags&post=2979"}],"curies":[{"name":"wp","href":"https:\/\/api.w.org\/{rel}","templated":true}]}}