{"id":2997,"date":"2016-11-04T17:11:45","date_gmt":"2016-11-04T16:11:45","guid":{"rendered":"https:\/\/bruxelles-pantheres.be\/?p=2997"},"modified":"2016-11-04T17:11:45","modified_gmt":"2016-11-04T16:11:45","slug":"soutien-a-la-lutte-des-sans-papiers-de-bruxelles","status":"publish","type":"post","link":"https:\/\/bruxelles-pantheres.be\/?p=2997","title":{"rendered":"SOUTIEN \u00c0 LA LUTTE DES SANS-PAPIERS DE BRUXELLES"},"content":{"rendered":"<table border=\"0\" width=\"700\" cellspacing=\"0\" cellpadding=\"30\" align=\"center\" bgcolor=\"#ffffff\">\n<tbody>\n<tr align=\"center\">\n<td colspan=\"2\" valign=\"top\" bgcolor=\"#993300\"><span style=\"color: #ffffff;\"><b><span style=\"font-size: xx-small;\">SOUTIEN \u00c0 LA LUTTE DES SANS-PAPIERS DE BRUXELLES<\/span><\/b><\/span><\/td>\n<\/tr>\n<tr>\n<td colspan=\"2\" valign=\"top\">\n<div align=\"center\"><span style=\"font-size: xx-small;\"><b>APPEL AU DON &#8211; FAITES CIRCULER SVP<\/b><b><br \/>\n<\/b><\/span><\/div>\n<p>Le collectif <b>Voix des Sans Papiers<\/b> a v\u00e9cu dans l&rsquo;occupation de Molenbeek durant deux ans en bonne harmonie avec le voisinage. Mais au mois d\u2019ao\u00fbt 2016, les occupants ont re\u00e7u un arr\u00eat\u00e9 d\u2019expulsion de la Commune de Molenbeek pour raison de s\u00e9curit\u00e9. Depuis le 12 septembre, ils n\u2019ont pas d\u2019autre choix que d\u2019occuper un autre b\u00e2timent inoccup\u00e9 situ\u00e9 au 137 Bd Reyers \u00e0 Schaerbeek.<\/p>\n<p>Les quelques personnes qui se trouvaient encore \u00e0 Molenbeek ont \u00e9t\u00e9 violemment rafl\u00e9es le 19 septembre. En vue d\u2019une n\u00e9gociation, le propri\u00e9taire \u00e0 Schaerbeek a \u00e9t\u00e9, le jour m\u00eame, averti par SOS Migrants par lettre recommand\u00e9e. En r\u00e9ponse, la SA \u00ab La S\u00e9niorie du Vigneron \u00bb, propri\u00e9taire du b\u00e2timent, a poursuivi SOS Migrants devant la justice de paix.<\/p>\n<p>Un jugement\u00a0 a \u00e9t\u00e9 prononc\u00e9 le 5 octobre, suivi d\u2019une communication du prononc\u00e9 du jugement par huissier le 28 octobre. L\u2019ASBL SOS Migrants, au c\u00f4t\u00e9 des plus faibles depuis des ann\u00e9es, est condamn\u00e9e \u00e0 verser une somme provisionnelle et veut faire appel du jugement. L\u2019ordre de \u00ab d\u00e9guerpir \u00bb (sic), signifi\u00e9 aux occupants, est fix\u00e9 au 12 novembre au plus tard.<\/p>\n<p><b>1. <a href=\"https:\/\/www.generosity.com\/fundraising\/soutien-a-sos-migrants-et-voix-des-sans-papiers\" target=\"_blank\" data-saferedirecturl=\"https:\/\/www.google.com\/url?hl=fr&amp;q=https:\/\/www.generosity.com\/fundraising\/soutien-a-sos-migrants-et-voix-des-sans-papiers&amp;source=gmail&amp;ust=1478357985360000&amp;usg=AFQjCNHkcQM-W3VoP92v-5TZPrb8TzPCFw\">Faire un don<\/a><\/b> &#8211; chaque geste est le bienvenu. M\u00eame le plus petit don a un grand impact.<br \/>\n<b>2. Publier sur Facebook<\/b> &#8211; Plus nous serons visibles sur les r\u00e9seaux sociaux, plus nous aurons de chances d&rsquo;atteindre notre objectif.<br \/>\n<b>3. Parlez-en autour de vous<\/b> &#8211; Appelez vos amis, parlez-en \u00e0 vos coll\u00e8gues, prenez la parole lors d&rsquo;un \u00e9v\u00e9nement de votre organisation pour promouvoir notre projet.<\/p>\n<p><b>SOS Migrants et la Voix des Sans Papiers ont besoin de notre soutien !<\/b> Donnez (m\u00eame un peu), partagez sans mod\u00e9ration l&rsquo;appel ! Ne laissons pas l&rsquo;inhumanit\u00e9 gagner dans notre pays! Pas de d\u00e9lit de solidarit\u00e9 chez nous!<\/p>\n<p><a href=\"https:\/\/www.generosity.com\/fundraising\/soutien-a-sos-migrants-et-voix-des-sans-papiers\" target=\"_blank\" data-saferedirecturl=\"https:\/\/www.google.com\/url?hl=fr&amp;q=https:\/\/www.generosity.com\/fundraising\/soutien-a-sos-migrants-et-voix-des-sans-papiers&amp;source=gmail&amp;ust=1478357985360000&amp;usg=AFQjCNHkcQM-W3VoP92v-5TZPrb8TzPCFw\">Rendez-vous sur cette page pour apporter votre soutien.<\/a><\/td>\n<\/tr>\n<\/tbody>\n<\/table>\n","protected":false},"excerpt":{"rendered":"<p>SOUTIEN \u00c0 LA LUTTE DES SANS-PAPIERS DE BRUXELLES APPEL AU DON &#8211; FAITES CIRCULER SVP Le collectif Voix des Sans Papiers a v\u00e9cu dans l&rsquo;occupation de Molenbeek durant deux ans en bonne harmonie avec le voisinage. Mais au mois d\u2019ao\u00fbt 2016, les occupants ont re\u00e7u un arr\u00eat\u00e9 d\u2019expulsion de la Commune de Molenbeek pour raison &#8230; <a title=\"SOUTIEN \u00c0 LA LUTTE DES SANS-PAPIERS DE BRUXELLES\" class=\"read-more\" href=\"https:\/\/bruxelles-pantheres.be\/?p=2997\" aria-label=\"En savoir plus sur SOUTIEN \u00c0 LA LUTTE DES SANS-PAPIERS DE BRUXELLES\">Lire la suite<\/a><\/p>\n","protected":false},"author":1,"featured_media":2606,"comment_status":"open","ping_status":"open","sticky":false,"template":"","format":"standard","meta":{"footnotes":""},"categories":[18,39],"tags":[],"class_list":["post-2997","post","type-post","status-publish","format-standard","has-post-thumbnail","hentry","category-resistance-bruxelles","category-sans-papier"],"_links":{"self":[{"href":"https:\/\/bruxelles-pantheres.be\/index.php?rest_route=\/wp\/v2\/posts\/2997","targetHints":{"allow":["GET"]}}],"collection":[{"href":"https:\/\/bruxelles-pantheres.be\/index.php?rest_route=\/wp\/v2\/posts"}],"about":[{"href":"https:\/\/bruxelles-pantheres.be\/index.php?rest_route=\/wp\/v2\/types\/post"}],"author":[{"embeddable":true,"href":"https:\/\/bruxelles-pantheres.be\/index.php?rest_route=\/wp\/v2\/users\/1"}],"replies":[{"embeddable":true,"href":"https:\/\/bruxelles-pantheres.be\/index.php?rest_route=%2Fwp%2Fv2%2Fcomments&post=2997"}],"version-history":[{"count":1,"href":"https:\/\/bruxelles-pantheres.be\/index.php?rest_route=\/wp\/v2\/posts\/2997\/revisions"}],"predecessor-version":[{"id":2998,"href":"https:\/\/bruxelles-pantheres.be\/index.php?rest_route=\/wp\/v2\/posts\/2997\/revisions\/2998"}],"wp:featuredmedia":[{"embeddable":true,"href":"https:\/\/bruxelles-pantheres.be\/index.php?rest_route=\/wp\/v2\/media\/2606"}],"wp:attachment":[{"href":"https:\/\/bruxelles-pantheres.be\/index.php?rest_route=%2Fwp%2Fv2%2Fmedia&parent=2997"}],"wp:term":[{"taxonomy":"category","embeddable":true,"href":"https:\/\/bruxelles-pantheres.be\/index.php?rest_route=%2Fwp%2Fv2%2Fcategories&post=2997"},{"taxonomy":"post_tag","embeddable":true,"href":"https:\/\/bruxelles-pantheres.be\/index.php?rest_route=%2Fwp%2Fv2%2Ftags&post=2997"}],"curies":[{"name":"wp","href":"https:\/\/api.w.org\/{rel}","templated":true}]}}