{"id":30,"date":"2009-01-20T01:18:22","date_gmt":"2009-01-20T00:18:22","guid":{"rendered":"https:\/\/bruxelles-pantheres.be\/?p=30"},"modified":"2013-11-09T22:51:08","modified_gmt":"2013-11-09T21:51:08","slug":"heure-de-verite-sur-gaza","status":"publish","type":"post","link":"https:\/\/bruxelles-pantheres.be\/?p=30","title":{"rendered":"Heure de v\u00e9rit\u00e9 sur Gaza"},"content":{"rendered":"<p>&nbsp;<\/p>\n<p><small>on 20 janvier 2009 <\/small><\/p>\n<p>Voici le mot de la conclusion de Nordine lors d\u2019une soir\u00e9e dat\u00e9e du 14 janvier 2009 pour entendre les pr\u00e9sidents de parti sur la question des bombardements massifs isra\u00e9liens sur la bande de Gaza. A cette soir\u00e9e, \u00e9taient pr\u00e9sents:<!--more--><\/p>\n<p>&nbsp;<\/p>\n<p>Isabelle Durant, co presidente ECOLO<br \/>\nCharles Michel, ministre de la coop\u00e9ration pour le MR<br \/>\nJoelle Milquet Vice Premier Ministre, Pr\u00e9sidente du CDH<br \/>\nPhilippe Moureaux, Vice President du PS<\/p>\n<p>Voici le passage de nordine sur cette video, c\u2019est la Conclusion de Nordine, qui se termine avec du brouaha\u2026<\/p>\n<p><iframe src=\"\/\/www.youtube.com\/embed\/QCJ3ZM8fx1s\" height=\"315\" width=\"420\" allowfullscreen=\"\" frameborder=\"0\"><\/iframe><\/p>\n","protected":false},"excerpt":{"rendered":"<p>&nbsp; on 20 janvier 2009 Voici le mot de la conclusion de Nordine lors d\u2019une soir\u00e9e dat\u00e9e du 14 janvier 2009 pour entendre les pr\u00e9sidents de parti sur la question des bombardements massifs isra\u00e9liens sur la bande de Gaza. A cette soir\u00e9e, \u00e9taient pr\u00e9sents:<\/p>\n","protected":false},"author":1,"featured_media":31,"comment_status":"open","ping_status":"open","sticky":false,"template":"","format":"standard","meta":{"footnotes":""},"categories":[6,17],"tags":[14,12,13],"class_list":["post-30","post","type-post","status-publish","format-standard","has-post-thumbnail","hentry","category-palestine-moyen-orient","category-video","tag-bruxelles","tag-gaza","tag-nordine-saidi"],"_links":{"self":[{"href":"https:\/\/bruxelles-pantheres.be\/index.php?rest_route=\/wp\/v2\/posts\/30","targetHints":{"allow":["GET"]}}],"collection":[{"href":"https:\/\/bruxelles-pantheres.be\/index.php?rest_route=\/wp\/v2\/posts"}],"about":[{"href":"https:\/\/bruxelles-pantheres.be\/index.php?rest_route=\/wp\/v2\/types\/post"}],"author":[{"embeddable":true,"href":"https:\/\/bruxelles-pantheres.be\/index.php?rest_route=\/wp\/v2\/users\/1"}],"replies":[{"embeddable":true,"href":"https:\/\/bruxelles-pantheres.be\/index.php?rest_route=%2Fwp%2Fv2%2Fcomments&post=30"}],"version-history":[{"count":2,"href":"https:\/\/bruxelles-pantheres.be\/index.php?rest_route=\/wp\/v2\/posts\/30\/revisions"}],"predecessor-version":[{"id":156,"href":"https:\/\/bruxelles-pantheres.be\/index.php?rest_route=\/wp\/v2\/posts\/30\/revisions\/156"}],"wp:featuredmedia":[{"embeddable":true,"href":"https:\/\/bruxelles-pantheres.be\/index.php?rest_route=\/wp\/v2\/media\/31"}],"wp:attachment":[{"href":"https:\/\/bruxelles-pantheres.be\/index.php?rest_route=%2Fwp%2Fv2%2Fmedia&parent=30"}],"wp:term":[{"taxonomy":"category","embeddable":true,"href":"https:\/\/bruxelles-pantheres.be\/index.php?rest_route=%2Fwp%2Fv2%2Fcategories&post=30"},{"taxonomy":"post_tag","embeddable":true,"href":"https:\/\/bruxelles-pantheres.be\/index.php?rest_route=%2Fwp%2Fv2%2Ftags&post=30"}],"curies":[{"name":"wp","href":"https:\/\/api.w.org\/{rel}","templated":true}]}}