{"id":3000,"date":"2016-11-07T09:35:51","date_gmt":"2016-11-07T08:35:51","guid":{"rendered":"https:\/\/bruxelles-pantheres.be\/?p=3000"},"modified":"2021-02-25T11:59:42","modified_gmt":"2021-02-25T10:59:42","slug":"nordine-saidi-et-khalid-derouich-dans-bruxelles-en-mouvements-juillet-aout-2016-ali-aarrass-represente-ce-quest-le-racisme-detat","status":"publish","type":"post","link":"https:\/\/bruxelles-pantheres.be\/?p=3000","title":{"rendered":"Nordine Sa\u00efdi et Khalid Derouich dans Bruxelles en mouvements (juillet-ao\u00fbt 2016) : \u00ab Ali Aarrass repr\u00e9sente ce qu\u2019est le racisme d\u2019\u00c9tat. \u00bb"},"content":{"rendered":"<div class=\"post-content\">\n<div class=\"entry-content\">\n<p style=\"text-align: left;\">\u00ab\u00a0<em>Ali Aarrass est pour moi le symbole de la domination raciale dans ce pays. Ali Aarrass repr\u00e9sente ce qu\u2019est le racisme d\u2019\u00c9tat. Quand on est issu de l\u2019immigration marocaine, donc assimil\u00e9 \u00e0 un musulman, on perd non pas sa nationalit\u00e9, mais son droit m\u00eame \u00e0 la pr\u00e9somption d\u2019innocence.<\/em><\/p>\n<p><em>Ali rappelle \u00e0 chaque non blanc que sa vie et celle de sa famille peuvent \u00eatre bris\u00e9es \u00e0 tout moment. Ali nous rappelle que pour \u00eatre un Belge \u00e0 part enti\u00e8re et non un Belge \u00e0 part, il vaut mieux s\u2019appeler Alain qu\u2019Ali. Nous devons tout faire pour qu\u2019Ali soit consid\u00e9r\u00e9 comme un prisonnier politique. Ali est notre Mumia Abu Jamal, Leonard Peltier, ou tout autre prisonnier politique coupable d\u2019\u00eatre \u00ab indig\u00e8ne<\/em> \u00bb.<\/p>\n<p><a href=\"http:\/\/www.ieb.be\/Rencontre-avec-Nordine-Saidi-membre-fondateur-de-Bruxelles-Pantheres\">Source<\/a>\u00a0ieb, inter-environnement Bruxelles<\/p>\n<p><a href=\"https:\/\/bruxelles-pantheres.be\/wp-content\/uploads\/2016\/11\/12439291_1689783277949336_1238125730438557046_n.jpg\"><img decoding=\"async\" class=\"size-full wp-image-3003 aligncenter\" src=\"https:\/\/bruxelles-pantheres.be\/wp-content\/uploads\/2016\/11\/12439291_1689783277949336_1238125730438557046_n.jpg\" alt=\"12439291_1689783277949336_1238125730438557046_n\" width=\"720\" height=\"960\" srcset=\"https:\/\/bruxelles-pantheres.be\/wp-content\/uploads\/2016\/11\/12439291_1689783277949336_1238125730438557046_n.jpg 720w, https:\/\/bruxelles-pantheres.be\/wp-content\/uploads\/2016\/11\/12439291_1689783277949336_1238125730438557046_n-225x300.jpg 225w\" sizes=\"(max-width: 720px) 100vw, 720px\" \/><\/a><\/p>\n<p style=\"text-align: center;\"><a href=\"https:\/\/bruxelles-pantheres.be\/wp-content\/uploads\/2016\/11\/Bruxelles-en-mouvement.jpg\"><img decoding=\"async\" class=\"alignright wp-image-3001 size-full\" src=\"https:\/\/bruxelles-pantheres.be\/wp-content\/uploads\/2016\/11\/Bruxelles-en-mouvement.jpg\" alt=\"bruxelles-en-mouvement\" width=\"320\" height=\"430\" srcset=\"https:\/\/bruxelles-pantheres.be\/wp-content\/uploads\/2016\/11\/Bruxelles-en-mouvement.jpg 320w, https:\/\/bruxelles-pantheres.be\/wp-content\/uploads\/2016\/11\/Bruxelles-en-mouvement-223x300.jpg 223w\" sizes=\"(max-width: 320px) 100vw, 320px\" \/><\/a><\/p>\n<p><strong>Rencontre avec Nordine Sa\u00efdi, membre fondateur de Bruxelles Panth\u00e8res<\/strong><br \/>\nPubli\u00e9 le mercredi 31 ao\u00fbt, par Marianne Van Leeuw-Koplewicz<\/p>\n<p>Bruxelles Panth\u00e8re(S) se veut \u00eatre un espace de r\u00e9flexion autonome de tous ceux qui veulent s\u2019engager dans le combat contre les in\u00e9galit\u00e9s raciales qui cantonnent les immigr\u00e9s et leurs enfants \u00e0 un statut analogue \u00e0 celui des indig\u00e8nes dans les anciennes colonies. Son objectif prioritaire est de faire converger, au sein d\u2019une m\u00eame dynamique antiraciste et d\u00e9coloniale, l\u2019ensemble des espaces de r\u00e9sistances que se donnent les habitants des quartiers populaires de Bruxelles.<br \/>\n<strong>Marianne Van Leeuw-Koplewicz<\/strong>\u00a0: Un grand Salam. On ne va pas jouer la distance feinte. C\u2019est parce que j\u2019ai une tr\u00e8s grande estime pour toi et pour l\u2019action de Bruxelles Panth\u00e8res que tu ne pouvais pas manquer dans un Bruxelles en mouvements d\u00e9di\u00e9 \u00e0 la Culture avec un grand C et dont le point de d\u00e9part est la proposition de R\u00e9ouverture des Halles de Schaerbeek. Il s\u2019agit aussi de rendre hommage \u00e0 tous les b\u00e9n\u00e9voles de Panth\u00e8res.<\/p>\n<p>Je me souviens que tu \u00e9tais tr\u00e8s enthousiaste pour \u00ab\u00a0R\u00e9ouverture\u00a0\u00bb, livre qui n\u2019aurait pu \u00eatre con\u00e7u sans les exigences qui sous-tendent vos actions. Tout comme l\u2019id\u00e9e des p\u00f4les, pens\u00e9s comme autonomes les uns par rapport aux autres, doit \u00e9norm\u00e9ment \u00e0 Houria Bouteldja (que vous avez invit\u00e9e plusieurs fois) et au terme \u00ab\u00a0d\u2019agendas diff\u00e9r\u00e9s\u00a0\u00bb, concept clef dans le projet des Halles. En r\u00e9sum\u00e9, tu irrigues les \u00c9ditions depuis un certain temps et ce projet en particulier. Aurais-tu envie de revenir sur ce livre\u00a0?<\/p>\n<p><strong>Nordine Sa\u00efdi\u00a0<\/strong>: J\u2019ai beaucoup aim\u00e9 le livre avant de le lire, car il est beau, il est original\u00a0: un cahier de croquis d\u2019architecte qui invite \u00e0 \u00eatre lu. Ensuite, la pr\u00e9sentation d\u2019un lieu ouvert, qui appartient aux personnes qui l\u2019habitent, c\u2019est r\u00e9volutionnaire et donc j\u2019accroche. Au fur et \u00e0 mesure, ce livre me parle directement. Il est blind\u00e9 de r\u00e9f\u00e9rences qui me concernent, la parole est aux Bruxellois(e)s, aux frangins et aux frangines. Il d\u00e9crit le lieu de nos projets.<\/p>\n<p>Dans les diff\u00e9rents p\u00f4les annonc\u00e9s, il y a le p\u00f4le artistique, \u00ab\u00a0Snowden\u00a0\u00bb et le p\u00f4le colonial et post-colonial, nomm\u00e9 \u00ab\u00a0Abdelkrim, Lumumba, X et Rosa\u00a0\u00bb. Pas besoin de d\u00e9velopper plus pour voir que \u00e7a correspond \u00e0 l\u2019orientation politique de Bruxelles Panth\u00e8res. Aujourd\u2019hui, je l\u2019appellerais tout simplement le p\u00f4le D\u00e9colonial. Finalement, ce qui est super avec le livre, c\u2019est que nous avons d\u00e9j\u00e0 les plans de nos futurs lieux \u00e0 Bruxelles, et \u00e7a nous \u00e9pargne combien de temps, d\u2019\u00e9nergie, d\u2019argent\u00a0? Je suis surpris quand je d\u00e9couvre en fin du livre la signature de l\u2019auteure, merci Marianne.<\/p>\n<p><strong>M.\u00a0<\/strong>: Tu repr\u00e9sentes un espace culturel important et pourtant tu n\u2019as ni moyens, ni lieu. L\u2019endroit \u00e0 Bruxelles qui met \u00e0 disposition des espaces de la fa\u00e7on la plus d\u00e9mocratique est le Pianofabriek\u00a0[1] \u2013 et aujourd\u2019hui le Space\u00a0[2]. Comment expliques-tu cela\u00a0? Et pour vos rendez-vous, tu vois le futur comment\u00a0?<\/p>\n<p><strong>N.\u00a0<\/strong>: Je ne sais pas si on repr\u00e9sente un espace important, mais c\u2019est vrai que nous avons organis\u00e9 pas mal de rencontres int\u00e9ressantes avec pas grand-chose comme budget, c\u2019est-\u00e0-dire z\u00e9ro euro de subside public. Que ce soit nos rencontres sur l\u2019Islamophobie, la N\u00e9grophobie, la Romophobie, les violences polici\u00e8res\u2026 Je crois que \u00e7a a \u00e9t\u00e9 plus facile de le faire au Pianofabriek parce qu\u2019ils sont flamands. \u00c7a me donne l\u2019occasion de les remercier pour ce qui est devenu une vraie collaboration avec ce Centre culturel. Je crois que pour les n\u00e9erlandophones, les concepts de Blanc et Non Blanc sont plus facilement compr\u00e9hensibles vu leur familiarit\u00e9 avec les \u00e9tudes anglophones o\u00f9 ils existent depuis tr\u00e8s longtemps. Il n\u2019y a eu aucune m\u00e9fiance de leur part et je tiens \u00e0 le signaler car c\u2019est tr\u00e8s rare.<\/p>\n<p><a href=\"https:\/\/bruxelles-pantheres.be\/wp-content\/uploads\/2016\/11\/12167727_967950159929599_832843243_n.jpg\"><img decoding=\"async\" class=\"size-full wp-image-3002 aligncenter\" src=\"https:\/\/bruxelles-pantheres.be\/wp-content\/uploads\/2016\/11\/12167727_967950159929599_832843243_n.jpg\" alt=\"12167727_967950159929599_832843243_n\" width=\"681\" height=\"960\" srcset=\"https:\/\/bruxelles-pantheres.be\/wp-content\/uploads\/2016\/11\/12167727_967950159929599_832843243_n.jpg 681w, https:\/\/bruxelles-pantheres.be\/wp-content\/uploads\/2016\/11\/12167727_967950159929599_832843243_n-213x300.jpg 213w\" sizes=\"(max-width: 681px) 100vw, 681px\" \/><\/a><\/p>\n<p><strong>M.\u00a0<\/strong>: Quand et comment d\u00e9bute Bruxelles Panth\u00e8res\u00a0?\u00a0[3]<\/p>\n<p><strong>N.\u00a0<\/strong>: Les Bruxelles Panth\u00e8res viennent \u00e0 la suite du parti \u00c9galit\u00e9\u00a0[4], fond\u00e9 en 2008. La plupart des membres fondateurs sont des anciens d\u2019\u00c9galit\u00e9. En 2008, c\u2019est les frappes sur Gaza. \u00c0 ce moment-l\u00e0 se constitue une organisation politique autonome, issue des quartiers populaires, qui tiendra 4 ans. En juillet 2012, Khalid Derouich\u00a0[5]et moi, on se rend en France pour travailler \u00e0 un texte intitul\u00e9 \u00ab\u00a0Convergence avec nous-m\u00eames\u00a0\u00bb. \u00ab\u00a0Nous-m\u00eames\u00a0\u00bb, c\u2019est \u00c9galit\u00e9 \u00e0 l\u2019\u00e9poque, la Brigade Anti-Negrophobie, le Parti des Indig\u00e8nes de la R\u00e9publique. Ce texte qui pose les fondations d\u2019une convergence avec nous-m\u00eames d\u2019abord, que j\u2019assume et que je signerais encore aujourd\u2019hui, a \u00e9t\u00e9 mal re\u00e7u ici en Belgique. Entre autres par une partie d\u2019\u00c9galit\u00e9, parce qu\u2019il parle de domination blanche au niveau plan\u00e9taire. On est alors en 2012 et \u00e7a fait encore d\u00e9bat. Ce texte est mal per\u00e7u sur une question de pouvoir et sur une question d\u2019orientation. Donc je quitte \u00c9galit\u00e9, notamment avec Khalid, sans faire trop de bruit, et on pose les fondations de ce qui devient Bruxelles Panth\u00e8res, et qui assume d\u00e8s le d\u00e9part (ce qui est pour moi l\u2019\u00e9chec d\u2019\u00c9galit\u00e9) la constitution d\u2019une organisation indig\u00e8ne politique d\u00e9coloniale avec des r\u00e9f\u00e9rences du Sud, qui parle de convergence d\u2019abord avec les noirs, les roms, les personnes issues des quartiers populaires, et o\u00f9 la question de la convergence avec l\u2019extr\u00eame gauche est pr\u00e9sente, oui, mais sans \u00eatre prioritaire contrairement \u00e0 l\u2019obsession de certains.<\/p>\n<p><strong>M.<\/strong>\u00a0: Et qu\u2019est-ce qui d\u00e9plait \u00e0 \u00c9galit\u00e9\u00a0?<\/p>\n<p><strong>N.\u00a0<\/strong>: Depuis 2012, les lignes ont boug\u00e9, mais \u00e0 l\u2019\u00e9poque quand je disais les Blancs, il y avait une lev\u00e9e de boucliers pour dire mais c\u2019est quoi ce terme honteux de Blancs. On \u00e9tait trop dans une version \u00e9galitaire de Bruxelles, qui ne prenait pas en compte le rapport de domination qui se traduit par un racisme d\u2019\u00c9tat.<\/p>\n<p><strong>M.\u00a0<\/strong>: Ils ne comprenaient pas que tu disais blanc en termes de construction sociale\u2026<\/p>\n<p><strong>Khalid Derouich\u00a0<\/strong>: Ce qui a d\u00e9rang\u00e9, c\u2019est que le texte soit sign\u00e9 par des organisations qui se revendiquent non blanches.<\/p>\n<p>N.\u00a0: Pour moi, assumer ce texte ne trahissait pas du tout les militants d\u2019\u00c9galit\u00e9. C\u2019\u00e9tait et c\u2019est tout \u00e0 fait ce que je pense \u00eatre depuis 2008. Pour moi, \u00c9galit\u00e9 \u00e9tait une organisation non blanche, et il n\u2019avait jamais fallu expliquer que les blancs \u00e9taient les \u00e9gaux des \u00ab\u00a0bougnouls\u00a0\u00bb. Devoir expliquer \u00e7a ou devoir le formaliser, pour moi, c\u2019\u00e9tait hallucinant. C\u2019\u00e9tait voir le monde comme si nous avions le pouvoir de d\u00e9cider si la soci\u00e9t\u00e9 est raciste ou pas.<\/p>\n<p><strong>M.<\/strong>\u00a0: Aujourd\u2019hui les membres de Panth\u00e8res sont en parfaite amiti\u00e9, collaboration et fraternit\u00e9 avec beaucoup de membres fondateurs d\u2019\u00c9galit\u00e9 qui, je pense, int\u00e8grent actuellement la question de la domination blanche et du racisme structurel. Pour pr\u00e9ciser, ce qui caract\u00e9rise les Panth\u00e8res serait de ne pas avoir d\u2019agenda politique, pas d\u2019attente \u00e0 l\u2019\u00e9gard de la politique repr\u00e9sentative\u00a0: vous allez directement faire du terrain, des actions\u2026<\/p>\n<p><strong>N.\u00a0<\/strong>: On est 100\u00a0% dans l\u2019action. On ne pense pas aux \u00e9ch\u00e9ances \u00e9lectorales pour le moment. \u00c9galit\u00e9 \u00e9tait aussi pour l\u2019action \u00e0 100\u00a0%. Et les Bruxelles Panth\u00e8res n\u2019ont jamais dit qu\u2019elles ne participeraient jamais aux \u00e9lections. Si on doit s\u2019appeler Bruxelles Panth\u00e8res Party \u00e0 un moment donn\u00e9, pourquoi pas.<\/p>\n<p><strong>M.\u00a0<\/strong>: Si je pose cette question, c\u2019est qu\u2019une caract\u00e9ristique de Bruxelles Panth\u00e8res est d\u2019\u00eatre partout dans Bruxelles, l\u00e0 o\u00f9 l\u2019action le demande. Vous ne restez pas dans une commune ou un quartier. Vous \u00eates des grands repr\u00e9sentants de Bruxelles en termes de prise d\u2019espaces publics et tout cela sans subside.<\/p>\n<p><strong>N.\u00a0<\/strong>: On ne pr\u00e9tend pas repr\u00e9senter Bruxelles, tout au plus les habitants des cinq communes les plus pauvres de ce royaume. On se fait la voix de ceux qui savent qu\u2019ils vivent dans la r\u00e9gion la plus riche, mais qu\u2019ils sont les plus pauvres. De ceux \u00e0 qui on n\u2019a pas besoin de pr\u00e9senter des \u00e9tudes pour leur confirmer qu\u2019il existe bien une discrimination quand on est issu de l\u2019immigration marocaine, turque, ou congolaise et plus encore quand on est une femme musulmane qui porte le voile. De ceux pour qui la police n\u2019est pas une force de l\u2019ordre, mais une force d\u2019occupation. Oui bien s\u00fbr, on est des individualit\u00e9s, on est des personnes, mais surtout et avant tout des fr\u00e8res. On ne calcule pas, m\u00eame si certains croient le contraire vu de l\u2019ext\u00e9rieur. On parle surtout entre fr\u00e8res. On ne va pas laisser un vide politique sur la question du racisme d\u2019\u00c9tat. On se construit entre nous sans vouloir voir trop grand.<\/p>\n<p><strong>K.<\/strong>\u00a0: Les personnes qui composent Bruxelles Panth\u00e8res se compl\u00e8tent.<\/p>\n<p><strong>N.<\/strong>\u00a0: Sans vouloir \u00eatre exhaustif, on a des Bruxellois issus de l\u2019immigration, des Bruxellois de quartiers blancs convertis \u00e0 l\u2019Islam, des immigr\u00e9s en Espagne puis immigr\u00e9s \u00e0 Bruxelles, des Marocains, des anciens gauchistes, des gens qui ont grandi au Maroc et qui vivent ici. Notre grande particularit\u00e9 est de ne pas vouloir atteindre 10\u00a0000 membres. On ne veut pas que toutes les petites organisations se f\u00e9d\u00e8rent autour de Bruxelles Panth\u00e8res. Contrairement \u00e0 la gauche, on ne veut pas pousser les petites associations \u00e0 se dissoudre dans un grand groupe. On veut renforcer toutes les petites organisations racis\u00e9es \u00e0 continuer leur combat sur leurs priorit\u00e9s \u00e0 elles et qu\u2019\u00e0 certains moments, on marche ensemble. On soutient \u00e0 100\u00a0% l\u2019asbl Change, on soutient \u00e0 100\u00a0% le collectif M\u00e9moire Coloniale, etc. \u00c7a nous permet, par exemple, de ne pas devoir \u00e9tudier la question de la n\u00e9grophobie car M\u00e9moire Coloniale le fait tr\u00e8s bien. Ce sont nos fr\u00e8res, on peut tr\u00e8s bien les suivre sur ce point-l\u00e0.<\/p>\n<p><strong>M.\u00a0<\/strong>: C\u2019est ce que Isabelle Stengers appellerait un savoir situ\u00e9.<\/p>\n<p><strong>N.<\/strong>\u00a0: Moi, j\u2019appelle \u00e7a la confiance en nos fr\u00e8res.<\/p>\n<p><strong>M.<\/strong>\u00a0: Ce n\u2019est pas non plus une confiance b\u00e9ate\u2026<\/p>\n<p><strong>N.<\/strong>\u00a0: Non, c\u2019est une r\u00e9elle confiance en nos fr\u00e8res et s\u0153urs.<\/p>\n<p>Il faut se rappeler qu\u2019\u00e0 l\u2019\u00e9poque d\u2019\u00c9galit\u00e9, les membres \u00e9taient consid\u00e9r\u00e9s comme les pires criminels. Politiquement, on \u00e9tait les islamo-gauchistes \u2013 repr\u00e9sent\u00e9s par la figure de Nordine Sa\u00efdi parce qu\u2019on doit toujours personnaliser un mouvement pour le criminaliser. Ces m\u00eames \u00ab\u00a0criminels\u00a0\u00bb vont fonder une autre organisation\u00a0! On est d\u00e9j\u00e0 parti sur une \u00e9tiquette de racistes anti-blancs et compagnie. Aujourd\u2019hui on sait que celui qui va parler de racisme anti-blanc est tout de suite ridiculis\u00e9. On a d\u00e9j\u00e0 gagn\u00e9 des batailles id\u00e9ologiques. On ne pourra plus jamais faire sans nous. \u00c7a c\u2019est s\u00fbr. En 2008, on a sem\u00e9 des graines, un vent s\u2019est lev\u00e9 et les graines germent, chacune \u00e0 son rythme. Je suis certain qu\u2019\u00e0 un moment germera celle d\u2019une organisation politique issue des habitants de quartiers populaires et qu\u2019elle sera d\u00e9coloniale ou ne sera pas. Ce que je vois aujourd\u2019hui avec la gauche dite \u00ab\u00a0radicale\u00a0\u00bb et qui est en partie au pouvoir, me le confirme. Je pensais juste que \u00e7a prendrait plus de temps.<\/p>\n<p><strong>M.\u00a0<\/strong>: Quelles sont les dates importantes\u00a0?<\/p>\n<p><strong>N.<\/strong>\u00a0: C\u2019est surtout 2008. Gaza. Quand ces criminels du gouvernement belge ont ferm\u00e9 les yeux sur les massacres qui se passaient l\u00e0-bas, \u00ab\u00a0n\u00e8gres de maison\u00a0\u00bb inclus\u2026<\/p>\n<p><strong>M.<\/strong>\u00a0: Je me souviens d\u2019une manifestation que vous avez port\u00e9e, qui \u00e9tait tr\u00e8s \u00e9mouvante parce qu\u2019il y avait \u00e9norm\u00e9ment de monde, surtout beaucoup de familles avec des enfants\u2026 ce sera en 2012.<\/p>\n<p><strong>N.<\/strong>\u00a0: 2008 contre les massacres \u00e0 Gaza, on est d\u00e9j\u00e0 beaucoup d\u2019indig\u00e8nes issus de l\u2019immigration \u00e0 sortir dans les rues et \u00e0 faire la procession Nord-Sud. Quelques jours apr\u00e8s, sort la carte blanche sign\u00e9e par Manuel Abramowicz etc. \u00ab\u00a0Le pouvoir aux barbus\u00a0\u00bb. Tout \u00e0 coup, certains se sont rendus compte qu\u2019il y avait plus de \u00ab\u00a0bougnoules\u00a0\u00bb dans cette ville qu\u2019ils l\u2019imaginaient. Ils ont eu peur, les gars, et ils ont fait peur \u00e0 beaucoup de monde malheureusement. Ces mecs ont fait laFitna\u00a0[6] dans le mouvement anti-raciste. Pour moi, ils sont responsables de la mort de l\u2019anti-racisme politique et donc aussi de la mont\u00e9e du discours islamophobe d\u00e9complex\u00e9. En 2012, face aux massacres \u00e0 Gaza, on ne voit rien venir. Khalid et moi, on se dit que ce n\u2019est pas possible\u00a0; on ne peut pas laisser les choses comme \u00e7a\u00a0; et on invite des organisations \u00e0 lancer un appel avec des revendications, dont celle qui a caus\u00e9 beaucoup de probl\u00e8mes\u00a0: \u00ab\u00a0soutien total \u00e0 la r\u00e9sistance du peuple palestinien\u00a0\u00bb. L\u00e0, beaucoup d\u2019organisations nous ont dit\u00a0:on ne peut pas signer pour ce truc-l\u00e0. On a v\u00e9cu l\u2019inquisition. On a \u00e9t\u00e9 accueilli avec toutes les autres organisations pro-palestiniennes, elles nous ont dit que la manifestation \u00e9tait tr\u00e8s bien, qu\u2019il fallait la faire, mais qu\u2019il y avait un probl\u00e8me\u00a0: on nous a demand\u00e9 d\u2019ajouter soutien aux pacifistes isra\u00e9liens, et m\u00eame qu\u2019on devait dire qu\u2019on n\u2019\u00e9tait pas antis\u00e9mites\u00a0!<\/p>\n<p><strong>M.\u00a0<\/strong>: En 2008, le point positif, c\u2019est voir qu\u2019\u00e0 Bruxelles, il y a des militants et pas seulement des consommateurs et des travailleurs issus de l\u2019immigration\u00a0; les \u00ab\u00a0nouveaux belges\u00a0\u00bb qui rasent les murs. C\u2019est un moment historique, ce nombre. Le point n\u00e9gatif, c\u2019est qu\u2019il n\u2019y avait aucune joie.<\/p>\n<p><strong>N.\u00a0<\/strong>: Moment historique certainement. Politiquement, je me rends compte que notre seule force, c\u2019est nous. Ce ne sont pas ces organisations dont la direction est blanche (ABP, UPJB, CNCD-11.11.11, CNAPD\u2026) et qui nous font pleurer les morts palestiniens dans la procession Nord-Sud qui vont changer les choses. En 2012, au d\u00e9but des attaques, on a \u00e9t\u00e9 tr\u00e8s patients, il y avait plein de demandes pour organiser un \u00e9v\u00e9nement, pour montrer notre solidarit\u00e9 et comme rien ne se faisait, on a lanc\u00e9 un appel que personne n\u2019a voulu signer parmi les structures officielles. \u00c0 ce moment-l\u00e0, il y a eu un boycott \u00e0 l\u2019\u00e9gard des gens des quartiers populaires dont nous \u00e9tions le porte-voix. Ce jour-l\u00e0, ils n\u2019ont pas fait confiance au peuple bruxellois. Ils se sont dits\u00a0: on doit faire notre manifestation, on ne peut pas laisser \u00e7a dans leurs mains. Effectivement, ils ont fait une autre manifestation une semaine apr\u00e8s\u2026<\/p>\n<p><strong>M.\u00a0<\/strong>: J\u2019y \u00e9tais, je sais o\u00f9 est ma place (rires). Mais il y avait beaucoup moins d\u2019\u00e9nergie et de monde\u2026 Apr\u00e8s avoir march\u00e9 avec toutes ces familles, c\u2019\u00e9tait triste de ne se retrouver qu\u2019entre militants.<\/p>\n<p><strong>N.<\/strong>\u00a0: Ce dont ils ne se sont pas rendu compte, c\u2019est que le Khalid et le Nordine qu\u2019ils avaient devant eux repr\u00e9sentaient d\u00e9j\u00e0 la r\u00e9union d\u2019une quarantaine ou une cinquantaine de personnes. En tout cas, ils n\u2019ont pas voulu entendre qu\u2019on ne parlait pas en notre nom seulement, mais qu\u2019on repr\u00e9sentait beaucoup de gens d\u00e9go\u00fbt\u00e9s par ces massacres et qui avaient d\u00e9cid\u00e9 de faire quelque chose. Pour organiser la manif, j\u2019ai vu les fr\u00e8res et s\u0153urs, je leur ai dit que les grosses organisations ne voulaient pas signer, et on s\u2019est dit on continue. Chacun a fait son boulot. 50 personnes se sont dit on va faire intervenir toute notre famille. C\u2019\u00e9tait une manifestation magnifique. Entre 10\u00a0000 et 15\u00a0000 personnes qui scandaient \u00ab\u00a0soutien total \u00e0 la r\u00e9sistance du peuple palestinien\u00a0\u00bb. C\u2019est plus en \u00e7a qu\u2019elle est inoubliable\u00a0: sur la base des slogans, pas du nombre.<\/p>\n<p><strong>M.\u00a0<\/strong>: Et on peut dire que 90\u00a0% des personnes pr\u00e9sentes, c\u2019\u00e9taient des familles.<\/p>\n<p><strong>N.<\/strong>\u00a0: C\u2019est normal. Quand tu veux r\u00e9unir 15\u00a0000 personnes, il faut qu\u2019il y ait des familles.<\/p>\n<p><strong>M.\u00a0<\/strong>: On consid\u00e8re qu\u2019une manifestation est politique quand elle r\u00e9unit les familles, des simples citoyens. S\u2019il n\u2019y a que des militants, c\u2019est un acte de militance.<\/p>\n<p><strong>N.<\/strong>\u00a0: Certain(e)s se disaient qu\u2019on \u00e9tait qu\u2019entre nous, entre \u00ab\u00a0bougnouls\u00a0\u00bb. Moi, je demande o\u00f9 \u00e9taient les blancs. Quand les Palestiniens ou les gens du Sud cr\u00e8vent par milliers ou millions, o\u00f9 sont les blancs\u00a0?<\/p>\n<p><strong>M.<\/strong>\u00a0: Est-ce qu\u2019il n\u2019en avait pas plus dans la manifestation organis\u00e9e apr\u00e8s\u00a0?<\/p>\n<p><strong>N.\u00a0<\/strong>: Oui, parce qu\u2019organis\u00e9e par les gens fr\u00e9quentables qui disaient on veut que le massacre s\u2019arr\u00eate, sans remettre en cause l\u2019obligation pour la Palestine d\u2019avoir une position pacifiste.<\/p>\n<p><strong>M.<\/strong>\u00a0: Comment avez vous fait finalement pour en arriver l\u00e0\u00a0?<\/p>\n<p><strong>N.<\/strong>\u00a0: On \u00e9tait 50 et on a contact\u00e9 tout le monde.<\/p>\n<p>On a envoy\u00e9 un mail pour faire la r\u00e9union sans annoncer qui serait l\u00e0. On leur a dit les gars, c\u2019est la mort l\u00e0-bas\u00a0! Qu\u2019est-ce qu\u2019on fait\u00a0? La m\u00e9diatisation a \u00e9t\u00e9 tr\u00e8s mauvaise. On a parl\u00e9 de 1\u00a0500 personnes. On a dit qu\u2019il y avait des casseurs en fin de manif, alors qu\u2019\u00e0 la fin, la police est venue et nous a f\u00e9licit\u00e9 pour le bon d\u00e9roulement. Au final, on a d\u00e9nombr\u00e9 une seule vitrine cass\u00e9e \u00e0 la Gare du Nord, une demi-heure apr\u00e8s la fin de la manif.<\/p>\n<p><strong>M.<\/strong>\u00a0: Au final vous avez \u00e9t\u00e9 mieux trait\u00e9 par la police que par les m\u00e9dias. Est-ce que tu te souviens lors du rassemblement devant le minist\u00e8re, tu te disputes avec le journaliste de T\u00e9l\u00e9 Bruxelles, avant la manifestation.<\/p>\n<p><strong>N.<\/strong>\u00a0: Ce jour-l\u00e0, j\u2019ai rendez-vous avec Yvan Mayeur et l\u2019\u00e9tat-major, je suis avec le bourgmestre, ses assistants et des policiers de la hi\u00e9rarchie. Ils me demandent de reporter la manifestation d\u2019un jour. Je leur r\u00e9ponds cette manifestation, c\u2019est vous qui allez la reporter d\u2019un jour, parce que, moi, je ne pourrai pas pr\u00e9venir 10\u00a0000 personnes. Ils me disent vous pensez vraiment qu\u2019il y aura 10\u00a0000 personnes\u00a0? Et l\u00e0, je regarde les policiers et je leur dis\u00a0: je vous l\u2019affirme, il y aura au moins 10\u00a0000 personnes et je n\u2019ai pas envie d\u2019organiser deux manifestations, la mienne et la v\u00f4tre. Si vous voulez organiser une manifestation le lendemain, faites-le vous-m\u00eame, mais moi, je n\u2019annule rien. Le chef de la police me demande si je peux affirmer qu\u2019il n\u2019y aura pas de casse. Je lui r\u00e9ponds que si je pouvais l\u2019affirmer, je serais \u00e0 sa place. Et j\u2019ai d\u00fb batailler, insister, je leur ai dit qu\u2019il n\u2019y aurait pas d\u2019incidents s\u2019il n\u2019y avait pas de policiers sur le parcours\u2026 Il y avait un service d\u2019ordre, mais c\u2019\u00e9tait nous, les mamans et papas.<\/p>\n<p><a href=\"https:\/\/bruxelles-pantheres.be\/wp-content\/uploads\/2016\/11\/bd-ali-aarrass.png\"><img decoding=\"async\" class=\"size-full wp-image-3004 alignleft\" src=\"https:\/\/bruxelles-pantheres.be\/wp-content\/uploads\/2016\/11\/bd-ali-aarrass.png\" alt=\"bd-ali-aarrass\" width=\"461\" height=\"756\" srcset=\"https:\/\/bruxelles-pantheres.be\/wp-content\/uploads\/2016\/11\/bd-ali-aarrass.png 461w, https:\/\/bruxelles-pantheres.be\/wp-content\/uploads\/2016\/11\/bd-ali-aarrass-183x300.png 183w\" sizes=\"(max-width: 461px) 100vw, 461px\" \/><\/a><\/p>\n<p><strong>M.\u00a0<\/strong>: Ton nom est associ\u00e9 comme celui de nombreux autres \u00e0 la d\u00e9fense d\u2019Ali Aarrass\u00a0[7]. Maintenant le front s\u2019est \u00e9largi gr\u00e2ce \u00e0 des supports de toutes sortes, mais cette question de la double nationalit\u00e9 et de la justice \u00e0 deux vitesses rend encore plus douloureuse la question post-coloniale\u2026<\/p>\n<p><strong>N.\u00a0<\/strong>: Oui, Ali Aarrass est pour moi le symbole de la domination raciale dans ce pays. Ali Aarrass repr\u00e9sente ce qu\u2019est le racisme d\u2019\u00c9tat. Quand on est issu de l\u2019immigration marocaine, donc assimil\u00e9 \u00e0 un musulman, on perd non pas sa nationalit\u00e9, mais son droit m\u00eame \u00e0 la pr\u00e9somption d\u2019innocence.<\/p>\n<p>Ali rappelle \u00e0 chaque non blanc que sa vie et celle de sa famille peuvent \u00eatre bris\u00e9es \u00e0 tout moment. Ali nous rappelle que pour \u00eatre un Belge \u00e0 part enti\u00e8re et non un Belge \u00e0 part, il vaut mieux s\u2019appeler Alain qu\u2019Ali. Nous devons tout faire pour qu\u2019Ali soit consid\u00e9r\u00e9 comme un prisonnier politique. Ali est notre Mumia Abu Jamal, Leonard Peltier, ou tout autre prisonnier politique coupable d\u2019\u00eatre \u00ab\u00a0indig\u00e8ne\u00a0\u00bb.<\/p>\n<p>Entretien avec Marianne Van Leeuw-Koplewicz,<br \/>\n\u00c9ditions du Souffle<\/p>\n<div class=\"surlignable\">\n<div class=\"crayon article-texte-28242 texte\">\n<table class=\"spip\">\n<tbody>\n<tr class=\"row_odd odd\">\n<td>Vendredi 10 Janvier 2014 <strong>Pr\u00e9sentation du livre de Nadia Henni-Moula\u00ef <i>Petit pr\u00e9cis de l\u2019islamophobie ordinaire<\/i>.<\/strong> Lundi 27 Janvier 2014 <strong>Introduction \u00e0 l\u2019histoire des Black Panthers, MOVE, Mumia-Abu Jamal et le syst\u00e8me carc\u00e9ral aux \u00c9tats-unis.<\/strong> F\u00e9vrier 2014 <strong>Rencontre avec Clara Sabinne.<\/strong> Vendredi 07 Mars 2014 <strong>Rencontre avec Lollia Franco (porte parole du collectif\/brigade anti n\u00e9grophobie), pr\u00e9sentation du livre publi\u00e9 par ce collectif <i>Autopsie de la n\u00e9grophobie<\/i>.<\/strong> Avril 2014 <strong>Rencontre avec Matthieu Renault, auteur de <i>Frantz Fanon. De l\u2019anticolonialisme \u00e0 la critique postcoloniale<\/i> (\u00e9ditions Amsterdam), contributeur de <i>De quelle couleur sont les Blancs\u00a0?<\/i> (La D\u00e9couverte), postfacier de la r\u00e9\u00e9dition de <i>Douze ans d\u2019esclavage<\/i> de Solomon Northup.<\/strong> Mai 2014 <strong>\u00ab\u00a0D\u00e9coloniser L\u2019Histoire\u00a0\u00bb\u00a0: rencontre avec Ram\u00f3n Grosfoguel, Professeur d\u2019Ethnic Studies \u00e0 L\u2019Universit\u00e9 de Californie \u00e0 Berkeley.<\/strong> Vendredi 25 juillet 2014 <strong>L\u2019ambassade de Bolivie \u00e0 Bruxelles organise un iftar (repas rupture de je\u00fbne) en l\u2019honneur de la Palestine. Les Panth\u00e8res de Bruxelles et le PIR y sont cordialement invit\u00e9s (voir\u00a0: <a class=\"spip_out external\" title=\"https:\/\/bruxellespanthere.thefreecat.org\/?p=2225 (nouvelle fen\u00eatre)\" href=\"https:\/\/bruxellespanthere.thefreecat.org\/?p=2225\" target=\"_blank\" rel=\"external noopener\">https:\/\/bruxellespanthere.thefreecat.org\/?p=2225<\/a>).<\/strong> 14 d\u00e9cembre 2014 <strong>\u00ab\u00a0Combattre l\u2019islamophobie\u00a0: une bataille pour les droits civiques\u00a0!\u00a0\u00bb<\/strong> F\u00e9vrier 2015 <strong>Comm\u00e9moration du cinquanti\u00e8me anniversaire de la mort de Malcolm X, en collaboration avec Change asbl et de nombreuses autres organisations\u00a0: journ\u00e9e sur le Panafricanisme. Avec la participation de Soiresse Njall Kalvin Amzat Boukari Jean-Charles Coovi Gomez.<\/strong> Septembre 2015 <strong>en collaboration avec le Mouvement Citoyen-ne Palestine et Le Space\u00a0: rencontre avec Ben White autour du livre <i>\u00catre Palestinien-ne en Isra\u00ebl<\/i> (voir\u00a0: <a class=\"spip_out external\" title=\"http:\/\/benwhite.org.uk\/ (nouvelle fen\u00eatre)\" href=\"http:\/\/benwhite.org.uk\/\" target=\"_blank\" rel=\"external noopener\">http:\/\/benwhite.org.uk\/<\/a>).<\/strong> Dimanche 13 d\u00e9cembre 2015 <strong>Meeting Contre l\u2019\u00e9tat d\u2019urgence, l\u2019islamophobie et la poursuite de la guerre (voir\u00a0: <a class=\"spip_out external\" title=\"https:\/\/bruxelles-pantheres.be\/?p=2626 (nouvelle fen\u00eatre)\" href=\"https:\/\/bruxelles-pantheres.be\/?p=2626\" target=\"_blank\" rel=\"external noopener\">https:\/\/bruxelles-pantheres.be\/?p=2626<\/a>). En collaboration avec Together For Dignity, Azira\u2019s Way, ESG (Engag\u00e9s, Solidaires &amp; G\u00e9n\u00e9reux) asbl, Comit\u00e9 FreeAli, Prisoner\u2019s Family &amp; Friends Association, Collectif Pr\u00e9sences Noires, Les \u00c9ditions du Souffle, Migrations et luttes sociales, L\u2019Usine \u00e0 Vapeur, L\u2019Encre Des Voil\u00e9es, Inaya asbl, FEWLA, Pianofabriek, System_D, Dafayow, DIP (Dichiariamo Illegale la Povert\u00e0) \u2013 <a class=\"spip_out external\" title=\"http:\/\/www.banningpoverty.org (nouvelle fen\u00eatre)\" href=\"http:\/\/www.banningpoverty.org\" target=\"_blank\" rel=\"external noopener\">http:\/\/www.banningpoverty.org<\/a>, Muslims Rights Belgium, ZIN TV, European Muslim Network, Change asbl, Burger Opstaand \u2013 Citoyen Debout, Solidarity for All, LCR-SAP, Nouvelle Voie Anticoloniale (voir\u00a0: <a class=\"spip_out external\" title=\"https:\/\/bruxelles-pantheres.be\/?p=2626 (nouvelle fen\u00eatre)\" href=\"https:\/\/bruxelles-pantheres.be\/?p=2626\" target=\"_blank\" rel=\"external noopener\">https:\/\/bruxelles-pantheres.be\/?p=2626<\/a>).<\/strong> Vendredi 03 juillet 2015 <strong>Bruxelles Panth\u00e8res est invit\u00e9 \u00e0 un iftar en solidarit\u00e9 avec nos Fr\u00e8res et S\u0153urs de Palestine \u00e0 l\u2019ambassade du Nicaragua (voir\u00a0: <a class=\"spip_out external\" title=\"https:\/\/bruxellespanthere.thefreecat.org\/?p=2535 (nouvelle fen\u00eatre)\" href=\"https:\/\/bruxellespanthere.thefreecat.org\/?p=2535\" target=\"_blank\" rel=\"external noopener\">https:\/\/bruxellespanthere.thefreecat.org\/?p=2535<\/a>).<\/strong> 14 F\u00e9vrier 2016 <strong>Meeting Stop a l\u2019\u00c9tat de guerre\u00a0: comprendre et r\u00e9agir (voir\u00a0: <a class=\"spip_out external\" title=\"https:\/\/www.facebook.com\/Plateforme-Stop-%C3%A0-l%C3%A9tat-de-guerre-148056242229889\/ (nouvelle fen\u00eatre)\" href=\"https:\/\/www.facebook.com\/events\/497944203724492\/\" target=\"_blank\" rel=\"external noopener\">https:\/\/www.facebook.com\/Plateforme-Stop-%C3%A0-l%C3%A9tat-de-guerre-148056242229889\/<\/a>).<\/strong> Lundi 22 F\u00e9vrier 2016 <strong>Rencontre avec Matthieu Renault pour son livre consacr\u00e9 au philosophe et historien trinidadien CLR James.<\/strong> Vendredi 6 mai 2016 <strong>Le sionisme expliqu\u00e9 \u00e0 nos fr\u00e8res et \u00e0 nos s\u0153urs, par Youssef Boussoumah (voir\u00a0: <a class=\"spip_out external\" title=\"https:\/\/www.facebook.com\/events\/calendar?adjusted_ts=1462518000&amp;open_popup_on_init=1 (nouvelle fen\u00eatre)\" href=\"https:\/\/www.facebook.com\/events\/calendar?adjusted_ts=1462518000&amp;open_popup_on_init=1\" target=\"_blank\" rel=\"external noopener\">https:\/\/www.facebook.com\/events\/calendar?adjusted_ts=1462518000&amp;open_popup_on_init=1<\/a>).<\/strong> Samedi 7 mai 2016 <strong>Rencontre-discussion avec Houria Bouteldja (voir\u00a0: <a class=\"spip_url spip_out auto external\" title=\"https:\/\/www.facebook.com\/events\/calendar?adjusted_ (nouvelle fen\u00eatre)\" href=\"https:\/\/www.facebook.com\/events\/calendar?adjusted_\" target=\"_blank\" rel=\"external noopener\">https:\/\/www.facebook.com\/events\/calendar?adjusted_<\/a> ts=1462604400&amp;open_popup_on_init=1).<\/strong> Jeudi 26 mai 2016 <strong>En collaboration avec Le Space et le Mouvement citoyen-ne Palestine\u00a0: les conversations de Noam Chomsky et d\u2019Ilan Papp\u00e9 rapport\u00e9es par Frank Barat.<\/strong> Samedi 11 juin 2016<strong> Participation \u00e0 Paris Ftour Debout\u00a0: De Saint-Denis \u00e0 Molenbeek, r\u00e9sistance et dignit\u00e9 (voir\u00a0: <a class=\"spip_out external\" title=\"https:\/\/www.facebook.com\/events\/calendar?adjusted_ts=1465628400&amp;open_popup_on_init=1 (nouvelle fen\u00eatre)\" href=\"https:\/\/www.facebook.com\/events\/calendar?adjusted_ts=1465628400&amp;open_popup_on_init=1\" target=\"_blank\" rel=\"external noopener\">https:\/\/www.facebook.com\/events\/calendar?adjusted_ts=1465628400&amp;open_popup_on_init=1<\/a>).<\/strong><\/td>\n<\/tr>\n<\/tbody>\n<\/table>\n<\/div>\n<\/div>\n<div class=\"notes surlignable\">\n<h2 class=\"h2 pas_surlignable\">Notes<\/h2>\n<div id=\"nb1\">\n<p><span class=\"spip_note_ref\">[<a class=\"spip_note\" title=\"Notes 1\" href=\"http:\/\/www.ieb.be\/Rencontre-avec-Nordine-Saidi-membre-fondateur-de-Bruxelles-Pantheres#nh1\" rev=\"footnote\">1<\/a>]\u00a0<\/span>Centre communautaire flamand de Saint-Gilles.<\/p>\n<\/div>\n<div id=\"nb2\">\n<p><span class=\"spip_note_ref\">[<a class=\"spip_note\" title=\"Notes 2\" href=\"http:\/\/www.ieb.be\/Rencontre-avec-Nordine-Saidi-membre-fondateur-de-Bruxelles-Pantheres#nh2\" rev=\"footnote\">2<\/a>]\u00a0<\/span>Nouvelle maison de production aRtiviste, le lieu se veut \u00eatre une caisse de r\u00e9sonance, un laboratoire, pour celles et ceux qui cherchent un podium loin des lieux culturels mainstream. Les fondateurs souhaitent d\u00e9montrer qu\u2019il est possible de cr\u00e9er des espaces o\u00f9 diff\u00e9rents groupes de personnes aux identit\u00e9s multiples, hybrides, peuvent tisser des liens et penser en commun leurs luttes \u00e9mancipatrices.<\/p>\n<\/div>\n<div id=\"nb3\">\n<p><span class=\"spip_note_ref\">[<a class=\"spip_note\" title=\"Notes 3\" href=\"http:\/\/www.ieb.be\/Rencontre-avec-Nordine-Saidi-membre-fondateur-de-Bruxelles-Pantheres#nh3\" rev=\"footnote\">3<\/a>]\u00a0<\/span><a class=\"spip_out external\" title=\"https:\/\/bruxelles-pantheres.be\/?p=1671 (nouvelle fen\u00eatre)\" href=\"https:\/\/bruxelles-pantheres.be\/?p=1671\" target=\"_blank\" rel=\"external noopener\">https:\/\/bruxelles-pantheres.be\/?p=1671<\/a>.<\/p>\n<\/div>\n<div id=\"nb4\">\n<p><span class=\"spip_note_ref\">[<a class=\"spip_note\" title=\"Notes 4\" href=\"http:\/\/www.ieb.be\/Rencontre-avec-Nordine-Saidi-membre-fondateur-de-Bruxelles-Pantheres#nh4\" rev=\"footnote\">4<\/a>]\u00a0<\/span><a class=\"spip_out external\" title=\"https:\/\/parlemento.wordpress.com\/2009\/03\/24\/nordine-saidi-esg-il-est-temps-que-les-enfants-dimmigres-prennent-leur-destin-en-main (nouvelle fen\u00eatre)\" href=\"https:\/\/parlemento.wordpress.com\/2009\/03\/24\/nordine-saidi-esg-il-est-temps-que-les-enfants-dimmigres-prennent-leur-destin-en-main\" target=\"_blank\" rel=\"external noopener\">https:\/\/parlemento.wordpress.com\/2009\/03\/24\/nordine-saidi-esg-il-est-temps-que-les-enfants-dimmigres-prennent-leur-destin-en-main<\/a>.<\/p>\n<\/div>\n<div id=\"nb5\">\n<p><span class=\"spip_note_ref\">[<a class=\"spip_note\" title=\"Notes 5\" href=\"http:\/\/www.ieb.be\/Rencontre-avec-Nordine-Saidi-membre-fondateur-de-Bruxelles-Pantheres#nh5\" rev=\"footnote\">5<\/a>]\u00a0<\/span>Cet autre membre fondateur poss\u00e8de une endurance et un c\u0153ur hors norme, sp\u00e9cial big up \u00e0 Bilal, Khadija, Rachida, et \u00e0 tout les b\u00e9n\u00e9voles du Space et de Panth\u00e8re.<\/p>\n<\/div>\n<div id=\"nb6\">\n<p><span class=\"spip_note_ref\">[<a class=\"spip_note\" title=\"Notes 6\" href=\"http:\/\/www.ieb.be\/Rencontre-avec-Nordine-Saidi-membre-fondateur-de-Bruxelles-Pantheres#nh6\" rev=\"footnote\">6<\/a>]\u00a0<\/span>La <i>Fitna<\/i>\u00a0: mot arabe se r\u00e9f\u00e9rant au schisme politico-religieux parmi les musulmans mais entr\u00e9 dans le langage courant pour parler de trouble, d\u2019agitation.<\/p>\n<\/div>\n<div id=\"nb7\">\n<p><span class=\"spip_note_ref\">[<a class=\"spip_note\" title=\"Notes 7\" href=\"http:\/\/www.ieb.be\/Rencontre-avec-Nordine-Saidi-membre-fondateur-de-Bruxelles-Pantheres#nh7\" rev=\"footnote\">7<\/a>]\u00a0<\/span>Belgo-marocain, au parcours exemplaire, soup\u00e7onn\u00e9 en mati\u00e8re terroriste, Ali Aarras aura presque imm\u00e9diatement l\u2019enti\u00e8ret\u00e9 des charges lev\u00e9es par le juge Gar\u00e7on qui pronon\u00e7a un non-lieu. Depuis 2010, lors de son extradition abusive de l\u2019Espagne vers le Maroc (suspendue par le Haut commissariat aux Droits de l\u2019homme), il est r\u00e9guli\u00e8rement tortur\u00e9. Une vaste mobilisation s\u2019est form\u00e9e comprenant entre autre Amnesty qui n\u2019a de cesse de d\u00e9noncer le non respect de son statut de binational et d\u2019exiger une assistance consulaire \u00e0 laquelle il n\u2019a toujours pas droit. Voir la plateforme <a class=\"spip_out external\" title=\"www.freeali.eu (nouvelle fen\u00eatre)\" href=\"http:\/\/www.freeali.eu\" target=\"_blank\" rel=\"external noopener\">www.freeali.eu<\/a> ainsi que la vid\u00e9o rassemblant des personnalit\u00e9s qui demandent sa lib\u00e9ration imm\u00e9diate (\u00ab\u00a0Je suis Ali Arras\u00a0: 2015\u00a0\u00bb)<\/p>\n<\/div>\n<\/div>\n<\/div>\n<\/div>\n","protected":false},"excerpt":{"rendered":"<p>\u00ab\u00a0Ali Aarrass est pour moi le symbole de la domination raciale dans ce pays. Ali Aarrass repr\u00e9sente ce qu\u2019est le racisme d\u2019\u00c9tat. Quand on est issu de l\u2019immigration marocaine, donc assimil\u00e9 \u00e0 un musulman, on perd non pas sa nationalit\u00e9, mais son droit m\u00eame \u00e0 la pr\u00e9somption d\u2019innocence. Ali rappelle \u00e0 chaque non blanc que &#8230; <a title=\"Nordine Sa\u00efdi et Khalid Derouich dans Bruxelles en mouvements (juillet-ao\u00fbt 2016) : \u00ab Ali Aarrass repr\u00e9sente ce qu\u2019est le racisme d\u2019\u00c9tat. \u00bb\" class=\"read-more\" href=\"https:\/\/bruxelles-pantheres.be\/?p=3000\" aria-label=\"En savoir plus sur Nordine Sa\u00efdi et Khalid Derouich dans Bruxelles en mouvements (juillet-ao\u00fbt 2016) : \u00ab Ali Aarrass repr\u00e9sente ce qu\u2019est le racisme d\u2019\u00c9tat. \u00bb\">Lire la suite<\/a><\/p>\n","protected":false},"author":1,"featured_media":0,"comment_status":"open","ping_status":"open","sticky":false,"template":"","format":"standard","meta":{"footnotes":""},"categories":[18,28],"tags":[31,14,13,15],"class_list":["post-3000","post","type-post","status-publish","format-standard","hentry","category-resistance-bruxelles","category-racismes","tag-belgique","tag-bruxelles","tag-nordine-saidi","tag-resistance"],"_links":{"self":[{"href":"https:\/\/bruxelles-pantheres.be\/index.php?rest_route=\/wp\/v2\/posts\/3000","targetHints":{"allow":["GET"]}}],"collection":[{"href":"https:\/\/bruxelles-pantheres.be\/index.php?rest_route=\/wp\/v2\/posts"}],"about":[{"href":"https:\/\/bruxelles-pantheres.be\/index.php?rest_route=\/wp\/v2\/types\/post"}],"author":[{"embeddable":true,"href":"https:\/\/bruxelles-pantheres.be\/index.php?rest_route=\/wp\/v2\/users\/1"}],"replies":[{"embeddable":true,"href":"https:\/\/bruxelles-pantheres.be\/index.php?rest_route=%2Fwp%2Fv2%2Fcomments&post=3000"}],"version-history":[{"count":2,"href":"https:\/\/bruxelles-pantheres.be\/index.php?rest_route=\/wp\/v2\/posts\/3000\/revisions"}],"predecessor-version":[{"id":4674,"href":"https:\/\/bruxelles-pantheres.be\/index.php?rest_route=\/wp\/v2\/posts\/3000\/revisions\/4674"}],"wp:attachment":[{"href":"https:\/\/bruxelles-pantheres.be\/index.php?rest_route=%2Fwp%2Fv2%2Fmedia&parent=3000"}],"wp:term":[{"taxonomy":"category","embeddable":true,"href":"https:\/\/bruxelles-pantheres.be\/index.php?rest_route=%2Fwp%2Fv2%2Fcategories&post=3000"},{"taxonomy":"post_tag","embeddable":true,"href":"https:\/\/bruxelles-pantheres.be\/index.php?rest_route=%2Fwp%2Fv2%2Ftags&post=3000"}],"curies":[{"name":"wp","href":"https:\/\/api.w.org\/{rel}","templated":true}]}}