{"id":3009,"date":"2016-11-15T18:06:15","date_gmt":"2016-11-15T17:06:15","guid":{"rendered":"https:\/\/bruxelles-pantheres.be\/?p=3009"},"modified":"2016-11-15T18:06:15","modified_gmt":"2016-11-15T17:06:15","slug":"molenbeek-la-construction-dun-territoire-ennemi-interieur","status":"publish","type":"post","link":"https:\/\/bruxelles-pantheres.be\/?p=3009","title":{"rendered":"MOLENBEEK, LA CONSTRUCTION D\u2019UN TERRITOIRE ENNEMI INT\u00c9RIEUR."},"content":{"rendered":"<h5 class=\"entry-title\" style=\"text-align: center;\"><a href=\"https:\/\/bruxelles-pantheres.be\/wp-content\/uploads\/2016\/11\/molenbeek-flic.jpg\"><img decoding=\"async\" class=\"alignnone size-full wp-image-3010\" src=\"https:\/\/bruxelles-pantheres.be\/wp-content\/uploads\/2016\/11\/molenbeek-flic.jpg\" alt=\"molenbeek-flic\" width=\"1280\" height=\"894\" srcset=\"https:\/\/bruxelles-pantheres.be\/wp-content\/uploads\/2016\/11\/molenbeek-flic.jpg 1280w, https:\/\/bruxelles-pantheres.be\/wp-content\/uploads\/2016\/11\/molenbeek-flic-300x210.jpg 300w, https:\/\/bruxelles-pantheres.be\/wp-content\/uploads\/2016\/11\/molenbeek-flic-1024x715.jpg 1024w, https:\/\/bruxelles-pantheres.be\/wp-content\/uploads\/2016\/11\/molenbeek-flic-768x536.jpg 768w\" sizes=\"(max-width: 1280px) 100vw, 1280px\" \/><\/a><\/h5>\n<h5 class=\"entry-title\">MOLENBEEK, LA CONSTRUCTION D\u2019UN TERRITOIRE ENNEMI\u00a0INT\u00c9RIEUR.<\/h5>\n<div class=\"entry-content\">\n<h5><em>Nous publions un article, transmis par des habitantes, qui concerne notamment le Plan Canal et ses cons\u00e9quences.<\/em><\/h5>\n<p>J\u2019entends encore ma voisine murmurer, compl\u00e8tement sonn\u00e9e\u00a0: \u00ab\u00a0Mais qu\u2019est-ce que c\u2019est que \u00e7a\u00a0? Qu\u2019est-ce qu\u2019il se passe\u00a0?\u00a0Qu\u2019est-ce qu\u2019ils sont en train de nous faire\u00a0?\u00bb.<\/p>\n<p>C\u2019est arriv\u00e9 par vagues. \u00c0 chaque attentat plus violentes.<\/p>\n<p>Les avis d\u2019experts, les accusations parfois ouvertement racistes de politiciens, mille dossiers, br\u00e8ves, analyses, \u00e9missions et articles aux titres le plus souvent racoleurs et insultants, plusieurs livres m\u00eame, sur ce morceau de m\u00e9tropole maudit et ceux qui l\u2019habitent. Les moins vindicatifs dressent la liste des causes sociologiques, culturelles, historiques, psychologiques, qui tracent les contours de la d\u00e9sormais \u00ab\u00a0base arri\u00e8re europ\u00e9enne\u00a0du djihadisme\u00a0\u00bb. Presque deux ans apr\u00e8s la tuerie de Charlie Hebdo, le curseur oscille encore entre rep\u00e8re de monstres ou ghetto de victimes, selon les int\u00e9r\u00eats.<\/p>\n<p>Voil\u00e0 le consensus qui a autoris\u00e9 le lancement en f\u00e9vrier dernier du \u00ab\u00a0grand nettoyage\u00a0\u00bb, dont le ministre de l\u2019Int\u00e9rieur Jan Jambon allait \u00ab\u00a0personnellement\u00a0\u00bb s\u2019occuper dans \u00ab\u00a0chaque maison\u00a0\u00bb, et intitul\u00e9 <em>Plan Canal<\/em>. Aucun chiffre officiel n\u2019est fourni mais la presse parle de 5000 contr\u00f4les de domiciles (8\u00a0% des habitants du quartier), presque 600 radiations, 37 retraits de passeports sur ordre direct de Jambon, et 450 contr\u00f4les d\u2019associations dont une petite centaine dissoutes; chiffres<a class=\"sdfootnoteanc\" href=\"https:\/\/radiorivewest.wordpress.com\/2016\/11\/14\/molenbeek-la-construction-dun-territoire-ennemi-interieur\/#sdfootnote1sym\" name=\"sdfootnote1anc\"><sup>1<\/sup><\/a> dont se sont f\u00e9licit\u00e9s \u00e0 la fin de l\u2019\u00e9t\u00e9 la bourgmestre de Molenbeek et le ministre<a class=\"sdfootnoteanc\" href=\"https:\/\/radiorivewest.wordpress.com\/2016\/11\/14\/molenbeek-la-construction-dun-territoire-ennemi-interieur\/#sdfootnote2sym\" name=\"sdfootnote2anc\"><sup>2<\/sup><\/a>.<\/p>\n<p>La \u00ab\u00a0base arri\u00e8re \u00bb, quant \u00e0 elle, a r\u00e9pondu par du brainstorming d\u2019institutionnels et d\u2019associations pour redorer l\u2019image du quartier, quelques billets d\u2019humeur, et l\u2019organisation de rassemblements \u2013 la plupart pour montrer au monde que Molenbeek est un quartier tranquille remplis de gens bien intentionn\u00e9s malgr\u00e9 quelques brebis galeuses, d\u2019autres, bien moins fr\u00e9quent\u00e9s et m\u00e9diatis\u00e9s, pour t\u00e9moigner des violences polici\u00e8res et du processus de s\u00e9gr\u00e9gation raciale.<\/p>\n<p>Pour la plupart d\u2019entre nous, le quotidien change peu, mais la tension est exacerb\u00e9e\u00a0par les agressions polici\u00e8res militaris\u00e9es dans les maisons, la BAB<a class=\"sdfootnoteanc\" href=\"https:\/\/radiorivewest.wordpress.com\/2016\/11\/14\/molenbeek-la-construction-dun-territoire-ennemi-interieur\/#sdfootnote3sym\" name=\"sdfootnote3anc\"><sup>3<\/sup><\/a> qui contr\u00f4le r\u00e9guli\u00e8rement armes \u00e0 la main des habitants dans les rues, les milles petites humiliations, les actes islamophobes, les incarc\u00e9rations pr\u00e9ventives \u00e0 la pelle, les heures de vol statique d\u2019h\u00e9licopt\u00e8res au-dessus de nos t\u00eates, et toutes ces violences qualifi\u00e9es par les autorit\u00e9s polici\u00e8res \u00ab\u00a0d\u2019incidents isol\u00e9s\u00a0\u00bb. La peur, la col\u00e8re et le ressentiment ne font que cro\u00eetre chez ceux qui les subissent, tandis que se naturalise progressivement l\u2019\u00e9tat d\u2019urgence policier.<\/p>\n<p>En guise d\u2019exemples, et selon les t\u00e9moignages de quelques personnes qui ont surmont\u00e9 la loi du silence et la crainte des repr\u00e9sailles, citons les portes r\u00e9guli\u00e8rement d\u00e9fonc\u00e9es, un p\u00e8re battu jusqu\u2019\u00e0 l\u2019inconscience avec son b\u00e9b\u00e9 dans les bras, une famille enti\u00e8re arr\u00eat\u00e9e \u00ab\u00a0par erreur\u00a0\u00bb les armes sur les tempes, des gar\u00e7ons sur le mauvais trottoir au mauvais moment frapp\u00e9s \u00e0 coups de crosses de fusils d\u2019assaut, des personnes mises pr\u00e9ventivement en isolement 23h\/24h pendant presque un an<a class=\"sdfootnoteanc\" href=\"https:\/\/radiorivewest.wordpress.com\/2016\/11\/14\/molenbeek-la-construction-dun-territoire-ennemi-interieur\/#sdfootnote4sym\" name=\"sdfootnote4anc\"><sup>4<\/sup><\/a>.<\/p>\n<p>Le 19 septembre dernier, un immeuble occup\u00e9, embl\u00e9matique du mouvement des sans-papiers \u00e0 Bruxelles, s\u2019est fait expulser. 200 policiers, une dizaine de chiens, une vingtaine de combis, un h\u00e9licopt\u00e8re d\u00e9barquant un escadron cagoul\u00e9 sur le toit, une section des forces sp\u00e9ciales, \u00e9taient d\u00e9p\u00each\u00e9s sans mandat pour expulser les 12 personnes _ portes-parole du mouvement _ rest\u00e9es \u00e0 l\u2019int\u00e9rieur malgr\u00e9 l\u2019avis d\u2019expulsion<a href=\"https:\/\/radiorivewest.wordpress.com\/2016\/11\/14\/molenbeek-la-construction-dun-territoire-ennemi-interieur\/#sdfootnote5sym\" name=\"sdfootnote5anc\">5<\/a>. Il n\u2019est plus \u00e9tonnant de voir d\u00e9barquer un convoi qui s\u2019arr\u00eate en pleine rue dans un crissement de pneus, se met \u00e0 braquer des passants au semi-automatique, embarque quelqu\u2019un et dispara\u00eet. D\u2019o\u00f9 le surnom de \u00abcow-boys\u00bb pour les agents du <em>Plan Canal<\/em>, qui font de plus en plus ouvertement figure de force d\u2019occupation.<\/p>\n<p>Soudain confront\u00e9s de pr\u00e8s \u00e0 des \u00e9v\u00e9nements meurtriers, spectaculaires et complexes, o\u00f9 quiconque semble pouvoir se transformer en bombe humaine, ils agitent la figure de l\u2019ennemi int\u00e9rieur islamique avec une vigueur redoubl\u00e9e et r\u00e9agissent de mani\u00e8re simpliste, violente et spectaculaire. Cette menace est construite \u00e0 la fois comme diffuse et permanente, justifiant un nouvel arsenal s\u00e9curitaire, mais aussi circonscrite dans un territoire, celui du bas Molenbeek, o\u00f9 ils exp\u00e9rimentent des m\u00e9thodes r\u00e9pressives exceptionnelles en vue de les \u00e9tendre \u00e0 d\u2019autres zones. Sous couvert d\u2019anti-terrorisme, les autorit\u00e9s judiciaires et polici\u00e8res ont toute latitude pour mener une politique d\u2019isolement, d\u2019intimidation, et d\u2019accroissement du contr\u00f4le.<\/p>\n<p>L\u2019organisation structurelle du racisme n\u2019est pas r\u00e9cente, mais le climat de suspicion g\u00e9n\u00e9ral \u00e0 l\u2019\u00e9gard des musulmans, suscit\u00e9 par la presse, a commenc\u00e9 dans les ann\u00e9es 80, s\u2019est infiltr\u00e9 dans la majorit\u00e9 des institutions, jusque dans les t\u00eates de juges, d\u2019enseignants et d\u2019assistants sociaux, et s\u2019est g\u00e9n\u00e9ralis\u00e9 apr\u00e8s 2001. Il a permis de prendre des mesures et des lois d\u2019exception ouvertement racistes \u2013 de l\u2019interdiction du voile dans l\u2019enseignement jusqu\u2019\u00e0 la d\u00e9ch\u00e9ance de nationalit\u00e9 pour les bi-nationaux condamn\u00e9s pour terrorisme<a class=\"sdfootnoteanc\" href=\"https:\/\/radiorivewest.wordpress.com\/2016\/11\/14\/molenbeek-la-construction-dun-territoire-ennemi-interieur\/#sdfootnote6sym\" name=\"sdfootnote6anc\"><sup>6<\/sup><\/a> \u2013 sans que cela ne fasse de vagues.<\/p>\n<p>Certaines de ces mesures touchent sp\u00e9cifiquement le fameux \u00ab\u00a0croissant pauvre\u00a0\u00bb bruxellois \u2013 c\u2019est \u00e0 dire les quartiers o\u00f9 vivent la plupart des descendants d\u2019immigr\u00e9s \u2013 et apparaissent apr\u00e8s les trois jours d\u2019\u00e9meutes de mai 1991\u00a0: l\u2019\u00c9tat belge lance les contrats de s\u00e9curit\u00e9 et de pr\u00e9vention, qui absorberont petit \u00e0 petit toute la politique concernant la jeunesse de ces quartiers, trait\u00e9e comme des criminels en puissance<a class=\"sdfootnoteanc\" href=\"https:\/\/radiorivewest.wordpress.com\/2016\/11\/14\/molenbeek-la-construction-dun-territoire-ennemi-interieur\/#sdfootnote7sym\" name=\"sdfootnote7anc\"><sup>7<\/sup><\/a>. C\u2019est l\u2019\u00e9poque o\u00f9 on ach\u00e8te la paix sociale en distribuant des ballons de foot et des tickets de cin\u00e9ma. C\u2019est aussi dans ce cadre qu\u2019augmente la pr\u00e9sence polici\u00e8re et les contr\u00f4les au faci\u00e8s\u00a0; ces m\u00eames contr\u00f4les, pr\u00e9cis\u00e9ment, qui avaient d\u00e9clench\u00e9 les \u00e9meutes de 91\u2026<\/p>\n<h3>\u00a0\u00a0\u00a0\u00a0\u00a0 LE LABORATOIRE &amp; LE ZOO<\/h3>\n<p>20 ans plus tard na\u00eet le plan Belfi, lanc\u00e9 en 2014 par le procureur g\u00e9n\u00e9ral de Bruxelles, Johan Delmulle, afin de \u00ab\u00a0lutter contre le radicalisme\u00a0\u00bb en ciblant les associations \u00ab\u00a0proches des fili\u00e8res djihadistes\u00a0\u00bb. Apr\u00e8s plusieurs op\u00e9rations rh\u00e9toriques associant la d\u00e9linquance au terrorisme et l\u2019islam conservateur au radicalisme, la sanction de toute infraction \u2013 m\u00eame simplement urbanistique \u2013 a pu passer pour du \u00ab\u00a0nettoyage de fili\u00e8re djihadiste\u00a0\u00bb\u00a0: fraudes sociales, non-respect de la l\u00e9gislation sur les ASBL ou le cadastre, s\u00e9jour ill\u00e9gal, irr\u00e9gularit\u00e9s dans les statuts de ch\u00f4meurs ou de travailleurs, ou dans les contrats de travail\u2026 voil\u00e0 ce qui constitue d\u00e9sormais \u00e0 Molenbeek un \u00ab\u00a0lien avec le milieu radical\u00a0\u00bb et qui a permis de fermer des caf\u00e9s, des commerces, des clubs de sport, trois mosqu\u00e9es et une \u00e9cole.<a class=\"sdfootnoteanc\" href=\"https:\/\/radiorivewest.wordpress.com\/2016\/11\/14\/molenbeek-la-construction-dun-territoire-ennemi-interieur\/#sdfootnote8sym\" name=\"sdfootnote8anc\"><sup>8<\/sup><\/a> Si la fermeture de la mosqu\u00e9e Loqman<a class=\"sdfootnoteanc\" href=\"https:\/\/radiorivewest.wordpress.com\/2016\/11\/14\/molenbeek-la-construction-dun-territoire-ennemi-interieur\/#sdfootnote9sym\" name=\"sdfootnote9anc\"><sup>9<\/sup><\/a> semble logique et tardive de l\u2019avis de beaucoup d\u2019habitants, ce n\u2019est pas le cas pour la majorit\u00e9 des lieux vis\u00e9s.<\/p>\n<p>Et la bourgmestre de la commune de se justifier\u00a0: \u201cOn a beaucoup d\u2019ASBL qui servent de paravents. L\u2019une d\u2019entre elles a une vocation sportive mais n\u2019est qu\u2019un salon de th\u00e9 par exemple\u201d. Dans un quartier o\u00f9 la situation pr\u00e9caire de la majorit\u00e9 des habitants implique pour certains de contourner quelques r\u00e8gles pour assurer sa survie, ce genre d\u2019amalgame et de sanction syst\u00e9matique passe pour du harc\u00e8lement.<\/p>\n<p>En 2015, un arsenal de 30 nouvelles mesures<a class=\"sdfootnoteanc\" href=\"https:\/\/radiorivewest.wordpress.com\/2016\/11\/14\/molenbeek-la-construction-dun-territoire-ennemi-interieur\/#sdfootnote10sym\" name=\"sdfootnote10anc\"><sup>10<\/sup><\/a> a \u00e9t\u00e9 propos\u00e9 et en grande partie adopt\u00e9 dans le cadre de la lutte anti-terroriste et des 740 millions d\u2019euros allou\u00e9s \u00e0 la s\u00e9curit\u00e9 et \u00e0 la D\u00e9fense belge. Il y aurait beaucoup \u00e0 en dire et plusieurs articles d\u2019associations militant pour les droits de l\u2019homme en ont fait une critique d\u00e9taill\u00e9e<a class=\"sdfootnoteanc\" href=\"https:\/\/radiorivewest.wordpress.com\/2016\/11\/14\/molenbeek-la-construction-dun-territoire-ennemi-interieur\/#sdfootnote11sym\" name=\"sdfootnote11anc\"><sup>11<\/sup><\/a>. Globalement ces mesures ont facilit\u00e9 l\u2019installation d\u2019un \u00e9tat d\u2019urgence policier, acc\u00e9l\u00e9r\u00e9 et amplifi\u00e9 le contr\u00f4le, l\u2019intimidation et la discrimination, et ont permis de punir, d\u2019enfermer et d\u2019expulser en se passant r\u00e9guli\u00e8rement du pouvoir judiciaire.<\/p>\n<p>En 2016, le Plan Canal s\u2019est superpos\u00e9 au plan Belfi, avec les cons\u00e9quences et les tensions quotidiennes \u00e9voqu\u00e9es en d\u00e9but d\u2019article. Des accords avec le Maroc ont convenu de l\u2019envoi de dizaines de policiers du renseignement marocain dans notre commune. Les enqu\u00eates de voisinage sont syst\u00e9matis\u00e9es \u00e0 chaque fois qu\u2019un nouvel habitant arrive. Des policiers admettaient dans une vid\u00e9o que cette mesure permettait surtout de relever un maximum d\u2019information sur les occupants en p\u00e9n\u00e9trant dans les maisons et de pouvoir arr\u00eater des personnes sans papiers pr\u00e9sentes dans un immeuble. La plupart du temps les habitants en situation irr\u00e9guli\u00e8re sont envoy\u00e9s en camps de r\u00e9tention \u2013 appel\u00e9s \u00ab\u00a0centres ferm\u00e9s\u00a0\u00bb \u2013 ou embarqu\u00e9s en charter vers le pays de leur nationalit\u00e9. La cl\u00f4ture de la \u00ab phase 1\u00a0\u00bb du plan Canal a permis de lancer la \u00ab\u00a0phase 2\u00a0\u00bb qui signifie son extension sur six autres communes de Bruxelles\u2026<\/p>\n<p>Entre-temps, les visites guid\u00e9es du quartier pour touristes sont pass\u00e9es de sept en 2014 \u00e0 une soixantaine cette ann\u00e9e, avec des parcours sur-mesure pour flamands lanc\u00e9s juste apr\u00e8s la vaste campagne de diffamation du quartier et intitul\u00e9s \u00ab\u00a0Is dit Molenbeek\u00a0\u00bb. Pour la somme de 190\u20ac, pourquoi pas aller s\u2019encanailler de l\u2019autre c\u00f4t\u00e9 du canal et se laisser peut-\u00eatre tenter par les nouveaux lofts construits sur les berges\u00a0? On avait d\u00e9j\u00e0 connu les contrats de quartier qui avaient financ\u00e9 l\u2019installation de parcours touristiques dans la commune, in\u00e9dits \u00e0 Bruxelles. On avait aussi encaiss\u00e9 les \u00ab\u00a0safaris urbains\u00a0\u00bb organis\u00e9s par l\u2019administration flamande pour rassurer ses fonctionnaires quant au futur d\u00e9m\u00e9nagement de leurs bureaux. En terme d\u2019effet zoo, le plus d\u00e9vastateur a sans aucun doute \u00e9t\u00e9 la pr\u00e9sence massive et provocatrice des journalistes\u00a0: Washington Post, El Pais, NY Times, Egypt Independent, l\u2019ensemble des m\u00e9dias belges, The Gardian, Le Figaro, et tant d\u2019autres, aux camions-satellites occupant nos places, aux \u00e9quipes arpentant nos rues en filmant \u00e0 tout-va, interpellant les passants avec des questions biais\u00e9es et accusatrices, les poussant \u00e0 aller dans leur sens ou \u00e0 se justifier, tous \u00e0 l\u2019unisson pour afficher leurs gros titres vengeurs.<\/p>\n<p>C\u2019est une guerre de basse intensit\u00e9 qui est men\u00e9e, \u00e0 coups de propagande, d\u2019op\u00e9rations urbanistiques, de gentrification et de commandos policiers.<\/p>\n<h4>\u00a0\u00a0\u00a0\u00a0\u00a0 LE CHANTAGE MORAL<\/h4>\n<p>Ce consensus m\u00e9diatique n\u2019\u00e9tonne pas grand monde. Ils avaient depuis longtemps pr\u00e9par\u00e9 le terrain, d\u00e9versant ad nauseam des insinuations et de la rh\u00e9torique islamophobe, relayant \u00e0 flux tendu le chantage moral qui consiste \u00e0 instrumentaliser la trag\u00e9die pour justifier l\u2019arbitraire et disqualifier ceux qui s\u2019y opposent, suscitant une empathie \u00e0 g\u00e9om\u00e9trie variable selon le contexte g\u00e9opolitique. Tous leurs efforts ne nous feront pourtant jamais oublier l\u2019exploitation des travailleurs immigr\u00e9s dans les mines, ni l\u2019ignoble g\u00e9nocide congolais, ni l\u2019assassinat de Lumumba commis par l\u2019\u00c9tat belge, ni sa participation militaire \u00e0 une coalition internationale qui a tu\u00e9 plus de 1600 civils en Syrie et en Irak, ni le fait qu\u2019il est aujourd\u2019hui le premier exportateur europ\u00e9en d\u2019armes au Proche-Orient<a class=\"sdfootnoteanc\" href=\"https:\/\/radiorivewest.wordpress.com\/2016\/11\/14\/molenbeek-la-construction-dun-territoire-ennemi-interieur\/#sdfootnote12sym\" name=\"sdfootnote12anc\"><sup>12<\/sup><\/a>. Ces morts et ces souffrances, parmi tant d\u2019autres, sont grav\u00e9s au fer rouge dans nos m\u00e9moires.<\/p>\n<p>Parfois l\u2019hypocrisie se fait plus grossi\u00e8re\u00a0: hier l\u2019\u00c9tat belge envoyait des jeunes en Syrie par le biais d\u2019un informateur travaillant pour la police f\u00e9d\u00e9rale et leur payait le billet<a class=\"sdfootnoteanc\" href=\"https:\/\/radiorivewest.wordpress.com\/2016\/11\/14\/molenbeek-la-construction-dun-territoire-ennemi-interieur\/#sdfootnote13sym\" name=\"sdfootnote13anc\"><sup>13<\/sup><\/a>, aujourd\u2019hui il leur retire le passeport et nous donne des le\u00e7ons. Voici le genre de br\u00e8ves de JT que l\u2019on s\u2019invente sur les r\u00e9seaux sociaux pour en rire plut\u00f4t qu\u2019en pleurer\u00a0: <em>De l\u2019autre c\u00f4t\u00e9 de la capitale, de v\u00e9ritables ghettos communautaristes issus de culture jud\u00e9o-chr\u00e9tienne se sont d\u00e9velopp\u00e9s dans les quartiers riches de l\u2019est et le quartier europ\u00e9en, o\u00f9 de nombreux groupuscules d\u2019extr\u00e9mistes ultra-lib\u00e9raux agissent dans l\u2019ombre. De v\u00e9ritables fili\u00e8res alimentent le terrorisme \u00e0 l\u2019\u00e9chelle internationale\u00a0: rabatteurs et pr\u00e9dicateurs infiltrant les hautes-\u00e9coles, bailleurs de fonds et trafiquants d\u2019armes conspirant dans de sombres cercles et clubs d\u2019int\u00e9r\u00eat.<\/em> Dans ces ghettos-l\u00e0, il n\u2019est pas question de travailler \u00e0 la \u00ab\u00a0mixit\u00e9 sociale\u00a0\u00bb ou au \u00ab\u00a0vivre ensemble\u00a0\u00bb, et les d\u00e9linquants en col blanc agissent en toute impunit\u00e9.<\/p>\n<p>Pendant des d\u00e9cennies, la plupart des formes de r\u00e9sistance et d\u2019organisation politique des descendants d\u2019immigr\u00e9s ont \u00e9t\u00e9 emp\u00each\u00e9es, confin\u00e9es dans la criminalit\u00e9 ou l\u2019associatif socio-culturel, neutralis\u00e9es par la propagande sur le \u00ab\u00a0probl\u00e8me d\u2019int\u00e9gration\u00a0\u00bb ou violemment r\u00e9prim\u00e9es dans l\u2019indiff\u00e9rence quasi-g\u00e9n\u00e9rale. De m\u00eame, presque toute la gauche a historiquement fait passer au 3e plan leurs revendications tout en essayant de les rallier \u00e0 ses propres causes. Ces formes de perp\u00e9tuation de la politique coloniale, dans un contexte d\u2019intense production de crispations identitaires, ne peuvent que susciter des retours de flamme de plus en plus violents.<\/p>\n<p>Pris entre les clameurs de Ferguson et les sir\u00e8nes syriennes, entre le d\u00e9go\u00fbt de la politique classique et le sentiment d\u2019impuissance qui se font toujours plus profonds, les gouvernants d\u00e9signent comme terroristes en puissance toute une population d\u00e9j\u00e0 sous pression, tout un quartier d\u00e9j\u00e0 stigmatis\u00e9, pour se donner de nouveaux moyens de contenir ce qui ne cesse de d\u00e9border. Les marges de man\u0153uvre pour combattre une telle logique et nous ressaisir de la situation se font de plus en plus \u00e9troites. Il nous semble urgent que les personnes qui ne sont pour le moment pas directement touch\u00e9es par ces op\u00e9rations se joignent \u00e0 nos tentatives de r\u00e9sistance, avant que ce traitement d\u2019exception les cible \u00e0 leur tour.<\/p>\n<p>Nous appelons \u00e0 soutenir ceux qui sont d\u00e9cid\u00e9s \u00e0 porter plainte contre l\u2019\u00c9tat et sa police \u2013 malgr\u00e9 les habituels non-lieux et relaxes \u2013 mais aussi ceux qui ont \u00e9t\u00e9 inculp\u00e9s, sont incarc\u00e9r\u00e9s et subissent des mesures d\u2019exception sans aucune preuve tangible de leur implication dans un attentat ou dans des crimes de guerres\u00a0; \u00e0 constituer ou rejoindre des comit\u00e9s de d\u00e9fense\u00a0; et \u00e0 laisser la parole aux principaux concern\u00e9s.<\/p>\n<p align=\"right\">Des Molenbeekoises<\/p>\n<p align=\"right\">Le 13 novembre 2016<\/p>\n<div id=\"sdfootnote1\">\n<p class=\"sdfootnote\"><a class=\"sdfootnotesym\" href=\"https:\/\/radiorivewest.wordpress.com\/2016\/11\/14\/molenbeek-la-construction-dun-territoire-ennemi-interieur\/#sdfootnote1anc\" name=\"sdfootnote1sym\">1\u00a0 <\/a><a href=\"http:\/\/www.lalibre.be\/regions\/bruxelles\/molenbeek-le-tout-au-securitaire-de-schepmans-agace-ses-partenaires-57e18983cd70410bc88eb988\">http:\/\/www.lalibre.be\/regions\/bruxelles\/molenbeek-le-tout-au-securitaire-de-schepmans-agace-ses-partenaires-57e18983cd70410bc88eb988<\/a><\/p>\n<\/div>\n<div id=\"sdfootnote2\">\n<p><a class=\"sdfootnotesym\" href=\"https:\/\/radiorivewest.wordpress.com\/2016\/11\/14\/molenbeek-la-construction-dun-territoire-ennemi-interieur\/#sdfootnote2anc\" name=\"sdfootnote2sym\">2<\/a> Jambon est membre d\u2019un parti nationaliste flamand dont les membres ont comme slogan favori \u00ab\u00a0Belgi\u00eb barst\u00a0!\u00a0\u00bb (Que la Belgique cr\u00e8ve!)<\/p>\n<\/div>\n<div id=\"sdfootnote3\">\n<p class=\"sdfootnote\"><a class=\"sdfootnotesym\" href=\"https:\/\/radiorivewest.wordpress.com\/2016\/11\/14\/molenbeek-la-construction-dun-territoire-ennemi-interieur\/#sdfootnote3anc\" name=\"sdfootnote3sym\">3<\/a> Brigade Anti-Banditisme<\/p>\n<\/div>\n<div id=\"sdfootnote4\"><a href=\"https:\/\/radiorivewest.wordpress.com\/2016\/11\/14\/molenbeek-la-construction-dun-territoire-ennemi-interieur\/#sdfootnote4anc\" name=\"sdfootnote4sym\">4<em>\u00a0<\/em> <\/a><a href=\"https:\/\/www.hrw.org\/fr\/news\/2016\/11\/03\/belgique-la-reponse-aux-attaques-souleve-des-craintes-relatives-aux-droits-humains\">https:\/\/www.hrw.org\/fr\/news\/2016\/11\/03\/belgique-la-reponse-aux-attaques-souleve-des-craintes-relatives-aux-droits-humains<\/a><\/div>\n<div id=\"sdfootnote5\">\n<p class=\"sdfootnote\"><a class=\"sdfootnotesym\" href=\"https:\/\/radiorivewest.wordpress.com\/2016\/11\/14\/molenbeek-la-construction-dun-territoire-ennemi-interieur\/#sdfootnote5anc\" name=\"sdfootnote5sym\">5\u00a0 <\/a><a href=\"http:\/\/www.lalibre.be\/debats\/opinions\/liberte-pour-les-militants-de-la-voix-des-sans-papiers-57fcd20bcd70cd5761c9066d\">http:\/\/www.lalibre.be\/debats\/opinions\/liberte-pour-les-militants-de-la-voix-des-sans-papiers-57fcd20bcd70cd5761c9066d<\/a><\/p>\n<\/div>\n<div id=\"sdfootnote6\">\n<p class=\"sdfootnote\"><a class=\"sdfootnotesym\" href=\"https:\/\/radiorivewest.wordpress.com\/2016\/11\/14\/molenbeek-la-construction-dun-territoire-ennemi-interieur\/#sdfootnote6anc\" name=\"sdfootnote6sym\">6\u00a0 <\/a><a href=\"https:\/\/radiorivewest.wordpress.com\/2016\/02\/08\/30jan2016-les-bi-nationaux-en-belgique-mise-au-point\/\" rel=\"nofollow\">https:\/\/radiorivewest.wordpress.com\/2016\/02\/08\/30jan2016-les-bi-nationaux-en-belgique-mise-au-point\/<\/a><\/p>\n<\/div>\n<div id=\"sdfootnote7\">\n<p><a class=\"sdfootnotesym\" href=\"https:\/\/radiorivewest.wordpress.com\/2016\/11\/14\/molenbeek-la-construction-dun-territoire-ennemi-interieur\/#sdfootnote7anc\" name=\"sdfootnote7sym\">7<\/a> <a href=\"http:\/\/nadinerosarosso.blogspot.be\/2016\/05\/25-ans-apres-la-revolte-des-jeunes.html\">http:\/\/nadinerosarosso.blogspot.be\/2016\/05\/25-ans-apres-la-revolte-des-jeunes.html<\/a><\/p>\n<\/div>\n<div id=\"sdfootnote8\">\n<p class=\"sdfootnote\"><a class=\"sdfootnotesym\" href=\"https:\/\/radiorivewest.wordpress.com\/2016\/11\/14\/molenbeek-la-construction-dun-territoire-ennemi-interieur\/#sdfootnote8anc\" name=\"sdfootnote8sym\">8\u00a0 <\/a><a href=\"https:\/\/www.lachambre.be\/kvvcr\/showpage.cfm?section=qrva&amp;language=fr&amp;cfm=qrvaXml.cfm?legislat=54&amp;dossierID=54-b058-900-0856-2015201606452.xml\" rel=\"nofollow\">https:\/\/www.lachambre.be\/kvvcr\/showpage.cfm?section=qrva&amp;language=fr&amp;cfm=qrvaXml.cfm?legislat=54&amp;dossierID=54-b058-900-0856-2015201606452.xml<\/a><\/p>\n<\/div>\n<div id=\"sdfootnote9\">\n<p class=\"sdfootnote\"><a class=\"sdfootnotesym\" href=\"https:\/\/radiorivewest.wordpress.com\/2016\/11\/14\/molenbeek-la-construction-dun-territoire-ennemi-interieur\/#sdfootnote9anc\" name=\"sdfootnote9sym\">9\u00a0 <\/a><a href=\"https:\/\/www.rtbf.be\/info\/regions\/detail_molenbeek-la-commune-fait-fermer-une-mosquee?id=9447549\" rel=\"nofollow\">https:\/\/www.rtbf.be\/info\/regions\/detail_molenbeek-la-commune-fait-fermer-une-mosquee?id=9447549<\/a><\/p>\n<\/div>\n<div id=\"sdfootnote10\">\n<p class=\"sdfootnote\"><a class=\"sdfootnotesym\" href=\"https:\/\/radiorivewest.wordpress.com\/2016\/11\/14\/molenbeek-la-construction-dun-territoire-ennemi-interieur\/#sdfootnote10anc\" name=\"sdfootnote10sym\">10\u00a0 <\/a><a href=\"http:\/\/www.wecitizens.be\/docs-fr\/N30-160325-30_mesures_de_lutte_contre_le_terrorisme.pdf\">http:\/\/www.wecitizens.be\/docs-fr\/N30-160325-30_mesures_de_lutte_contre_le_terrorisme.pdf<\/a><\/p>\n<\/div>\n<div id=\"sdfootnote11\">\n<p class=\"sdfootnote\"><a class=\"sdfootnotesym\" href=\"https:\/\/radiorivewest.wordpress.com\/2016\/11\/14\/molenbeek-la-construction-dun-territoire-ennemi-interieur\/#sdfootnote11anc\" name=\"sdfootnote11sym\">11\u00a0 <\/a><a href=\"http:\/\/www.liguedh.be\/2015\/2376-nouvelles-lois-anti-terroristes-des-mesures-plus-cosmetiques-quutiles-mais-qui-envoient-un-signal-dexclusion-aux-nouveaux-belges\" rel=\"nofollow\">http:\/\/www.liguedh.be\/2015\/2376-nouvelles-lois-anti-terroristes-des-mesures-plus-cosmetiques-quutiles-mais-qui-envoient-un-signal-dexclusion-aux-nouveaux-belges<\/a><\/p>\n<\/div>\n<div id=\"sdfootnote12\">\n<p align=\"left\"><a class=\"sdfootnotesym\" href=\"https:\/\/radiorivewest.wordpress.com\/2016\/11\/14\/molenbeek-la-construction-dun-territoire-ennemi-interieur\/#sdfootnote12anc\" name=\"sdfootnote12sym\">12<\/a> <a href=\"http:\/\/m.lalibre.be\/actu\/belgique\/la-belgique-premier-exportateur-europeen-d-armes-vers-le-proche-orient-en-2014-572cb3aa35708ea2d53e6925\">http:\/\/m.lalibre.be\/actu\/belgique\/la-belgique-premier-exportateur-europeen-d-armes-vers-le-proche-orient-en-2014-572cb3aa35708ea2d53e6925<\/a><\/p>\n<\/div>\n<div id=\"sdfootnote13\">\n<p class=\"sdfootnote\"><a class=\"sdfootnotesym\" href=\"https:\/\/radiorivewest.wordpress.com\/2016\/11\/14\/molenbeek-la-construction-dun-territoire-ennemi-interieur\/#sdfootnote13anc\" name=\"sdfootnote13sym\">13\u00a0 <\/a><a href=\"http:\/\/www.dhnet.be\/actu\/faits\/proces-de-jean-louis-denis-le-parquet-federal-a-envoye-des-jeunes-en-syrie-5644e82f3570bccfaefc698a\" rel=\"nofollow\">http:\/\/www.dhnet.be\/actu\/faits\/proces-de-jean-louis-denis-le-parquet-federal-a-envoye-des-jeunes-en-syrie-5644e82f3570bccfaefc698a<\/a><\/p>\n<\/div>\n<p class=\"sdfootnote\" style=\"text-align: right;\"><a href=\"https:\/\/radiorivewest.wordpress.com\/2016\/11\/14\/molenbeek-la-construction-dun-territoire-ennemi-interieur\/\">Source<\/a><\/p>\n<\/div>\n","protected":false},"excerpt":{"rendered":"<p>MOLENBEEK, LA CONSTRUCTION D\u2019UN TERRITOIRE ENNEMI\u00a0INT\u00c9RIEUR. Nous publions un article, transmis par des habitantes, qui concerne notamment le Plan Canal et ses cons\u00e9quences. J\u2019entends encore ma voisine murmurer, compl\u00e8tement sonn\u00e9e\u00a0: \u00ab\u00a0Mais qu\u2019est-ce que c\u2019est que \u00e7a\u00a0? Qu\u2019est-ce qu\u2019il se passe\u00a0?\u00a0Qu\u2019est-ce qu\u2019ils sont en train de nous faire\u00a0?\u00bb. C\u2019est arriv\u00e9 par vagues. \u00c0 chaque attentat plus &#8230; <a title=\"MOLENBEEK, LA CONSTRUCTION D\u2019UN TERRITOIRE ENNEMI INT\u00c9RIEUR.\" class=\"read-more\" href=\"https:\/\/bruxelles-pantheres.be\/?p=3009\" aria-label=\"En savoir plus sur MOLENBEEK, LA CONSTRUCTION D\u2019UN TERRITOIRE ENNEMI INT\u00c9RIEUR.\">Lire la suite<\/a><\/p>\n","protected":false},"author":1,"featured_media":816,"comment_status":"open","ping_status":"open","sticky":false,"template":"","format":"standard","meta":{"footnotes":""},"categories":[4,18,28,5],"tags":[31,14],"class_list":["post-3009","post","type-post","status-publish","format-standard","has-post-thumbnail","hentry","category-islamophobie","category-resistance-bruxelles","category-racismes","category-violence-policiere","tag-belgique","tag-bruxelles"],"_links":{"self":[{"href":"https:\/\/bruxelles-pantheres.be\/index.php?rest_route=\/wp\/v2\/posts\/3009","targetHints":{"allow":["GET"]}}],"collection":[{"href":"https:\/\/bruxelles-pantheres.be\/index.php?rest_route=\/wp\/v2\/posts"}],"about":[{"href":"https:\/\/bruxelles-pantheres.be\/index.php?rest_route=\/wp\/v2\/types\/post"}],"author":[{"embeddable":true,"href":"https:\/\/bruxelles-pantheres.be\/index.php?rest_route=\/wp\/v2\/users\/1"}],"replies":[{"embeddable":true,"href":"https:\/\/bruxelles-pantheres.be\/index.php?rest_route=%2Fwp%2Fv2%2Fcomments&post=3009"}],"version-history":[{"count":1,"href":"https:\/\/bruxelles-pantheres.be\/index.php?rest_route=\/wp\/v2\/posts\/3009\/revisions"}],"predecessor-version":[{"id":3011,"href":"https:\/\/bruxelles-pantheres.be\/index.php?rest_route=\/wp\/v2\/posts\/3009\/revisions\/3011"}],"wp:featuredmedia":[{"embeddable":true,"href":"https:\/\/bruxelles-pantheres.be\/index.php?rest_route=\/wp\/v2\/media\/816"}],"wp:attachment":[{"href":"https:\/\/bruxelles-pantheres.be\/index.php?rest_route=%2Fwp%2Fv2%2Fmedia&parent=3009"}],"wp:term":[{"taxonomy":"category","embeddable":true,"href":"https:\/\/bruxelles-pantheres.be\/index.php?rest_route=%2Fwp%2Fv2%2Fcategories&post=3009"},{"taxonomy":"post_tag","embeddable":true,"href":"https:\/\/bruxelles-pantheres.be\/index.php?rest_route=%2Fwp%2Fv2%2Ftags&post=3009"}],"curies":[{"name":"wp","href":"https:\/\/api.w.org\/{rel}","templated":true}]}}