{"id":3012,"date":"2016-11-21T13:00:39","date_gmt":"2016-11-21T12:00:39","guid":{"rendered":"https:\/\/bruxelles-pantheres.be\/?p=3012"},"modified":"2016-11-21T13:32:39","modified_gmt":"2016-11-21T12:32:39","slug":"communique-sur-le-blackface-des-etudiant-e-s","status":"publish","type":"post","link":"https:\/\/bruxelles-pantheres.be\/?p=3012","title":{"rendered":"Communiqu\u00e9 sur le blackface des \u00e9tudiant.e.s"},"content":{"rendered":"<p style=\"text-align: center;\"><a href=\"https:\/\/bruxelles-pantheres.be\/wp-content\/uploads\/2016\/03\/Timbre-\u00e9mis-en-1976-\u00e0-loccasion-du-centenaire-sur-lequel-figure-le-prince-Philippe.jpg\"><img decoding=\"async\" class=\"alignnone size-full wp-image-2825\" src=\"https:\/\/bruxelles-pantheres.be\/wp-content\/uploads\/2016\/03\/Timbre-\u00e9mis-en-1976-\u00e0-loccasion-du-centenaire-sur-lequel-figure-le-prince-Philippe.jpg\" alt=\"Timbre \u00e9mis en 1976 \u00e0 l'occasion du centenaire sur lequel figure le prince Philippe\" width=\"326\" height=\"451\" srcset=\"https:\/\/bruxelles-pantheres.be\/wp-content\/uploads\/2016\/03\/Timbre-\u00e9mis-en-1976-\u00e0-loccasion-du-centenaire-sur-lequel-figure-le-prince-Philippe.jpg 326w, https:\/\/bruxelles-pantheres.be\/wp-content\/uploads\/2016\/03\/Timbre-\u00e9mis-en-1976-\u00e0-loccasion-du-centenaire-sur-lequel-figure-le-prince-Philippe-217x300.jpg 217w\" sizes=\"(max-width: 326px) 100vw, 326px\" \/><\/a><a href=\"https:\/\/bruxelles-pantheres.be\/wp-content\/uploads\/2016\/03\/Belgique-Didier-Reynders-Noiraud.jpg\"><img decoding=\"async\" class=\"alignnone size-full wp-image-2826\" src=\"https:\/\/bruxelles-pantheres.be\/wp-content\/uploads\/2016\/03\/Belgique-Didier-Reynders-Noiraud.jpg\" alt=\"Belgique-Didier-Reynders-Noiraud\" width=\"500\" height=\"332\" srcset=\"https:\/\/bruxelles-pantheres.be\/wp-content\/uploads\/2016\/03\/Belgique-Didier-Reynders-Noiraud.jpg 500w, https:\/\/bruxelles-pantheres.be\/wp-content\/uploads\/2016\/03\/Belgique-Didier-Reynders-Noiraud-300x199.jpg 300w\" sizes=\"(max-width: 500px) 100vw, 500px\" \/><\/a><\/p>\n<p><strong>Bruxelles Panth\u00e8res exprime tout son soutien \u00e0 nos fr\u00e8res et s\u0153urs de la <a class=\"_2wma\" href=\"https:\/\/www.facebook.com\/NVAnticoloniale\/?ref=page_internal\">La Nouvelle Voie Anticoloniale<\/a> en lutte contre la n\u00e9grophobie !<\/strong><\/p>\n<p>|| Communiqu\u00e9 de <a class=\"_2wma\" href=\"https:\/\/www.facebook.com\/NVAnticoloniale\/?ref=page_internal\">La Nouvelle Voie Anticoloniale<\/a> sur le blackface des \u00e9tudiant.e.s ||<br \/>\nPOURQUOI CIBLONS-NOUS LES UNIVERSIT\u00c9S?<\/p>\n<p>Nous avons d\u00e9cid\u00e9 de lancer une campagne anti-blackface dans les universit\u00e9s. Nous sommes tous.tes \u00e9tudiant.e.s d&rsquo;universit\u00e9s diff\u00e9rentes et nous avons pu observer que le blackface \u00e9tait une pratique r\u00e9currente dans les f\u00eates d&rsquo;universit\u00e9s et lors des rallyes.<br \/>\nMais pour nous, c&rsquo;est d&rsquo;abord et avant tout les universit\u00e9s qu&rsquo;il faut sensibiliser \u00e0 cette probl\u00e9matique et ce, pour diff\u00e9rentes<span class=\"text_exposed_show\"> raisons.<br \/>\n1) Contrairement aux rallyes qui sont destin\u00e9s \u00e0 un public privil\u00e9gi\u00e9, bourgeois l\u00e0 o\u00f9 le racisme est normal, assum\u00e9 et d\u00e9complex\u00e9, l&rsquo;universit\u00e9 est cens\u00e9e \u00eatre une institution publique ouverte sur le monde l\u00e0 o\u00f9 chacun.e est suppos\u00e9.e trouver sa place.<\/span><\/p>\n<div class=\"text_exposed_show\">\n<p>2) Le comportement de ces \u00e9tudiant.e.s est en totale contradiction avec l&rsquo;\u00e9ducation qu&rsquo;ils.elles sont cens\u00e9.e.s avoir re\u00e7ue. Mais doit-on vraiment s&rsquo;en \u00e9tonner quand on sait le d\u00e9ni profond dans lequel se trouve la Belgique quant \u00e0 son pass\u00e9 colonial?<br \/>\nIl n&rsquo;est pas n\u00e9cessaire d&rsquo;avoir un haut degr\u00e9 d&rsquo;instruction pour se rendre compte qu&rsquo;il est profond\u00e9ment probl\u00e9matique de se d\u00e9guiser en noir. Mais pourtant, les personnes qui s&rsquo;adonnent \u00e0 ces pratiques sont souvent les plus instruites.<\/p>\n<p>3) Le blackface estudiantin est une pratique courante et connue par les institutions scolaires mais elles ne font rien pour l&#8217;emp\u00eacher. \u00c7a a toujours exist\u00e9, c&rsquo;est loin d&rsquo;\u00eatre un ph\u00e9nom\u00e8ne nouveau mais tout le monde semble s&rsquo;en \u00e9tonner aujourd&rsquo;hui. Mais la raison pour laquelle ces soir\u00e9es continuent d&rsquo;exister c&rsquo;est le manque de sanctions lors de ce type d\u2019\u00e9v\u00e9nements.<\/p>\n<p>Au final que peut-on attendre des institutions d&rsquo;un pays o\u00f9 le ministre des Affaires \u00e9trang\u00e8res fait du blackface (cf. Noirauds) ? Ce fait est seulement un sympt\u00f4me d&rsquo;une probl\u00e9matique plus large li\u00e9e au folklore colonial belge et au racisme syst\u00e9mique.<br \/>\n<a class=\"profileLink\" href=\"https:\/\/www.facebook.com\/ulbruxelles\/\" data-hovercard=\"\/ajax\/hovercard\/page.php?id=132967953406187\">ULB &#8211; Universit\u00e9 libre de Bruxelles<\/a> <a id=\"js_n5\" class=\"profileLink\" href=\"https:\/\/www.facebook.com\/UniversiteSaintLouisBruxelles\/\" data-hovercard=\"\/ajax\/hovercard\/page.php?id=100709786672729\">Universit\u00e9 Saint-Louis &#8211; Bruxelles<\/a><br \/>\n<a class=\"profileLink\" href=\"https:\/\/www.facebook.com\/pages\/Universit%C3%A9-catholique-de-Louvain\/107605805936168\" data-hovercard=\"\/ajax\/hovercard\/page.php?id=107605805936168\">Universit\u00e9 catholique de Louvain<\/a><\/p>\n<p><a href=\"https:\/\/www.facebook.com\/NVAnticoloniale\/\">Source<\/a><\/p>\n<p><a class=\"_2wma\" href=\"https:\/\/www.facebook.com\/NVAnticoloniale\/?ref=page_internal\">La Nouvelle Voie Anticoloniale<\/a><\/p>\n<p style=\"text-align: center;\"><span class=\"_4n-j fsl\"><strong>Une conf\u00e9rence sur Zwarte Piet \/ le P\u00e8re fouettard.<\/strong> <\/span><\/p>\n<div class=\"_5xhk\" style=\"text-align: center;\"><a href=\"https:\/\/www.facebook.com\/events\/362861157391412\/?active_tab=discussion\">Mardi 6 d\u00e9cembre \u00e0 18:00 &#8211; 21:00<\/a><\/div>\n<div class=\"_5xhk\" style=\"text-align: center;\"><a href=\"https:\/\/www.facebook.com\/events\/362861157391412\/\">https:\/\/www.facebook.com\/events\/362861157391412\/<\/a><\/div>\n<\/div>\n","protected":false},"excerpt":{"rendered":"<p>Bruxelles Panth\u00e8res exprime tout son soutien \u00e0 nos fr\u00e8res et s\u0153urs de la La Nouvelle Voie Anticoloniale en lutte contre la n\u00e9grophobie ! || Communiqu\u00e9 de La Nouvelle Voie Anticoloniale sur le blackface des \u00e9tudiant.e.s || POURQUOI CIBLONS-NOUS LES UNIVERSIT\u00c9S? Nous avons d\u00e9cid\u00e9 de lancer une campagne anti-blackface dans les universit\u00e9s. Nous sommes tous.tes \u00e9tudiant.e.s &#8230; <a title=\"Communiqu\u00e9 sur le blackface des \u00e9tudiant.e.s\" class=\"read-more\" href=\"https:\/\/bruxelles-pantheres.be\/?p=3012\" aria-label=\"En savoir plus sur Communiqu\u00e9 sur le blackface des \u00e9tudiant.e.s\">Lire la suite<\/a><\/p>\n","protected":false},"author":1,"featured_media":3002,"comment_status":"open","ping_status":"open","sticky":false,"template":"","format":"standard","meta":{"footnotes":""},"categories":[7,18,28],"tags":[31,84,14],"class_list":["post-3012","post","type-post","status-publish","format-standard","has-post-thumbnail","hentry","category-negrophobie","category-resistance-bruxelles","category-racismes","tag-belgique","tag-black-power","tag-bruxelles"],"_links":{"self":[{"href":"https:\/\/bruxelles-pantheres.be\/index.php?rest_route=\/wp\/v2\/posts\/3012","targetHints":{"allow":["GET"]}}],"collection":[{"href":"https:\/\/bruxelles-pantheres.be\/index.php?rest_route=\/wp\/v2\/posts"}],"about":[{"href":"https:\/\/bruxelles-pantheres.be\/index.php?rest_route=\/wp\/v2\/types\/post"}],"author":[{"embeddable":true,"href":"https:\/\/bruxelles-pantheres.be\/index.php?rest_route=\/wp\/v2\/users\/1"}],"replies":[{"embeddable":true,"href":"https:\/\/bruxelles-pantheres.be\/index.php?rest_route=%2Fwp%2Fv2%2Fcomments&post=3012"}],"version-history":[{"count":4,"href":"https:\/\/bruxelles-pantheres.be\/index.php?rest_route=\/wp\/v2\/posts\/3012\/revisions"}],"predecessor-version":[{"id":3025,"href":"https:\/\/bruxelles-pantheres.be\/index.php?rest_route=\/wp\/v2\/posts\/3012\/revisions\/3025"}],"wp:featuredmedia":[{"embeddable":true,"href":"https:\/\/bruxelles-pantheres.be\/index.php?rest_route=\/wp\/v2\/media\/3002"}],"wp:attachment":[{"href":"https:\/\/bruxelles-pantheres.be\/index.php?rest_route=%2Fwp%2Fv2%2Fmedia&parent=3012"}],"wp:term":[{"taxonomy":"category","embeddable":true,"href":"https:\/\/bruxelles-pantheres.be\/index.php?rest_route=%2Fwp%2Fv2%2Fcategories&post=3012"},{"taxonomy":"post_tag","embeddable":true,"href":"https:\/\/bruxelles-pantheres.be\/index.php?rest_route=%2Fwp%2Fv2%2Ftags&post=3012"}],"curies":[{"name":"wp","href":"https:\/\/api.w.org\/{rel}","templated":true}]}}