{"id":303,"date":"2013-06-04T02:18:38","date_gmt":"2013-06-04T01:18:38","guid":{"rendered":"https:\/\/bruxelles-pantheres.be\/?p=303"},"modified":"2013-11-10T02:20:51","modified_gmt":"2013-11-10T01:20:51","slug":"la-belgique-mene-encore-la-danse-au-congo","status":"publish","type":"post","link":"https:\/\/bruxelles-pantheres.be\/?p=303","title":{"rendered":"La Belgique m\u00e8ne encore la danse au Congo"},"content":{"rendered":"<header>La Belgique m\u00e8ne encore la danse au Congo<\/header>\n<header>David Cronin<\/header>\n<div>\n<p>3 juin 2013<\/p>\n<address>Apr\u00e8s avoir v\u00e9cu 18 ans en Belgique, il m\u2019a paru opportun de me pencher sur son pass\u00e9 colonial qui est peut-\u00eatre encore son pr\u00e9sent. Mes recherches n\u2019en sont qu\u2019\u00e0 leur d\u00e9but, mais une chose est \u00e9vidente : les hauts responsables belges se comportent encore comme s\u2019ils tiraient les ficelles au Congo.<!--more--><\/address>\n<div><img decoding=\"async\" alt=\"\" src=\"http:\/\/www.michelcollon.info\/local\/cache-vignettes\/L450xH319\/a1jpg-2c43ec2c43-43814.jpg\" width=\"450\" height=\"319\" hspace=\"\" vspace=\"5\" \/><\/div>\n<div><em>Patrice Lumumba, lib\u00e9rateur du Congo, assassin\u00e9 en 1961.<br \/>\n<\/em><\/div>\n<div>L\u2019hebdomadaire \u00ab\u00a0Marianne\u00a0\u00bb vient de publier les noms de 10 personnes impliqu\u00e9es dans l\u2019assassinat de Patrice Lumumba, le premier des premiers ministres congolais depuis. Cette liste, \u00e9tablie par les membres de la famille Lumumba dans le cadre d\u2019une plainte en justice d\u00e9pos\u00e9e \u00e0 Bruxelles il y a deux ans, comporte le nom d\u2019\u00c9tienne Davignon, ancien membre de la Commission\u00a0europ\u00e9enne et membre du groupe de Bilderberg, cercle restreint en faveur de la globalisation des march\u00e9s. Davignon travaillait au minist\u00e8re belge des Affaires \u00e9trang\u00e8res \u00e0 l\u2019\u00e9poque de l\u2019assassinat de Lumumba et transmit alors un t\u00e9l\u00e9gramme recommandant la \u00ab\u00a0mise \u00e0 l\u2019\u00e9cart\u00a0\u00bb du premier ministre.<\/div>\n<div>Aujourd\u2019hui octog\u00e9naire, Davignon reste un lobbyiste de haut vol du milieu des affaires. Sa pr\u00e9sence sur la liste \u00e9tablie par les h\u00e9ritiers de Lumumba m\u2019a amen\u00e9 \u00e0 voir si ses activit\u00e9s commerciales actuelles avaient encore \u00e0 faire avec le Congo. La r\u00e9ponse est manifestement\u00a0: oui\u00a0!<\/div>\n<div>Davignon est r\u00e9pertori\u00e9 par le \u00ab\u00a0Business Week\u00a0\u00bb\u00a0comme ancien titulaire des fonctions de directeur et vice-pr\u00e9sident d\u2019Umicore, soci\u00e9t\u00e9 mini\u00e8re anciennement connue sous le nom d\u2019Union Mini\u00e8re du Haut-Katanga qui avait entrepris d\u00e8s le d\u00e9but du vingti\u00e8me si\u00e8cle l\u2019exploitation des fabuleuses richesses min\u00e9rales du Congo. Davignon a aussi d\u2019excellents contacts avec Jean-Luc Dehaene, inusable premier ministre belge, \u00e9galement membre du conseil d\u2019administration d\u2019Umicore.<\/div>\n<div>Patrice Lumumba avait eu l\u2019audace de pr\u00e9tendre que les richesses du Congo devraient d\u2019abord b\u00e9n\u00e9ficier \u00e0 ses enfants. C\u2019\u00e9tait en juin 1960. Cinquante-trois ans plus tard, le sous-sol de la province du Katanga est toujours exploit\u00e9 pour le plus grand b\u00e9n\u00e9fice d\u2019Umicore. Il y a de bonnes chances pour que mon smartphone, ou le v\u00f4tre si vous en avez un, contienne des minerais d\u2019origine congolaise. Umicore s\u2019approvisionne en Cobalt aupr\u00e8s des mines et creuseurs du Katanga pour alimenter le march\u00e9 des batteries, ordinateurs, voitures et produits chimiques. Umicore se targue de d\u00e9tenir avec une autre firme 50\u00a0% de march\u00e9 des produits de base pour les batteries au lithium (une ressource essentielle pour les \u00e9quipements \u00e9lectroniques).<\/div>\n<div>Corporate Knights \u2014 une rubrique du Washington Post \u2014 qui soutient le capitalisme propre (que voil\u00e0 un bel oxymoron\u00a0!) a class\u00e9 Umicore parmi ses 100 entreprises les plus transparentes pour 2013.<\/div>\n<div>Il faut avoir un certain sens de l\u2019humour pour oser qualifier de transparentes les entreprises actives dans le secteur minier au Congo. Le Fonds Mon\u00e9taire International, qui ne partage pas ce genre d\u2019humour, a estim\u00e9 le montant des exportations du Congo en p\u00e9trole et minerais pour 2009 \u00e0 4.2 milliards de $ US. Le gouvernement de Kinshasa ne percevant que 155 millions de $ US en taxes pour cette ann\u00e9e, soit 4\u00a0% de la valeur export\u00e9e.<\/div>\n<div>Cela dans un pays o\u00f9, comme le rel\u00e8ve r\u00e9cemment l\u2019\u00a0\u00ab\u00a0Africa Progress Report\u00a0\u00bb publi\u00e9 par Kofi Annan, s\u00e9vit une des pires malnutritions au monde et o\u00f9 sept millions d\u2019enfants ne sont pas scolaris\u00e9s. Le Congo est au fond du classement de l\u2019Index du D\u00e9veloppement Humain \u00e9tabli par les Nations Unies, il est aussi ravag\u00e9 par une guerre o\u00f9 le contr\u00f4le des richesses mini\u00e8res du Katanga joue un r\u00f4le d\u00e9terminant.<\/div>\n<div>Loin d\u2019\u00eatre discr\u00e9dit\u00e9e par son implication dans les trag\u00e9dies congolaises, l\u2019expertise d\u2019Umicore est volontiers sollicit\u00e9e. Ainsi, la Commission europ\u00e9enne a adjoint Christian Hagel\u00fcken, repr\u00e9sentant d\u2019Umicore, \u00e0 un \u00ab\u00a0groupe d\u2019experts\u00a0\u00bb charg\u00e9 de garantir l\u2019acc\u00e8s des entrepreneurs aux mati\u00e8res premi\u00e8res. Un rapport de 2010 \u00e9tabli par ce groupe a identifi\u00e9 le cobalt et le tantale congolais comme deux des quatorze \u00e9l\u00e9ments critiques essentiels au d\u00e9veloppement de l\u2019industrie \u00e9lectronique. Ce rapport insistait pour que soient prises des actions en vue d\u2019emp\u00eacher les \u00ab\u00a0distorsions commerciales\u00a0\u00bb, expression utilis\u00e9e pour d\u00e9finir l\u2019obligation d\u2019utiliser ces ressources en priorit\u00e9 pour les enfants du Congo, comme le voulait Lumumba, plut\u00f4t que pour les utilisateurs de MP3.<\/div>\n<div>Inutile de dire \u00e0 quel point ces \u00ab\u00a0experts\u00a0\u00bb ont fait du battage autour de leur apparent souci de transparence, de d\u00e9veloppement durable et de protection de l\u2019environnement. Cela mis \u00e0 part, la d\u00e9termination des Europ\u00e9ens \u00e0 maintenir le Congo sous contr\u00f4le n\u2019a pas chang\u00e9.<\/div>\n<div>Quand la Belgique se r\u00e9solut \u00e0 c\u00e9der son ind\u00e9pendance au Congo \u00e0 la fin des ann\u00e9es cinquante, elle d\u00e9cida aussi de garder la main sur les ressources mini\u00e8res du Katanga. Ce qu\u2019elle fit en encourageant Mo\u00efse Tshombe, rival de Lumumba et gouverneur de cette province puis en soutenant la s\u00e9cession du Katanga du reste du Congo.<\/div>\n<div>La demande de Davignon pour la mise \u00e0 l\u2019\u00e9cart de Lumumba ressemble furieusement au message de Dwight D. Eisenhower, pr\u00e9sident des \u00c9tats-Unis, \u00e0 Allen Dulles, patron de la CIA, sugg\u00e9rant \u00ab\u00a0l\u2019\u00e9limination\u00a0\u00bb de Lumumba.<\/div>\n<div>En 1884, l\u2019Am\u00e9rique fut le premier pays \u00e0 reconna\u00eetre les pr\u00e9tentions de la Belgique sur le Congo. Le d\u00e9clenchement de ce processus entra\u00eena, selon l\u2019anthropologue sp\u00e9cialiste de l\u2019Afrique Centrale, Jan Vansina, l\u2019extermination d\u2019une bonne moiti\u00e9 de la population congolaise entre 1884 et 1920. Cela signifie que 10 millions de vies furent supprim\u00e9es sous le r\u00e8gne de L\u00e9opold II, souverain de l\u2019\u00e9tat du Congo, et pendant les dix ann\u00e9es qui suivirent.<\/div>\n<div>Le livre \u00ab\u00a0Congo\u00a0\u00bb de David Van Reybrouck, r\u00e9cemment paru, montre comment le g\u00e9ant de l\u2019agroalimentaire UNILEVER s\u2019est d\u00e9velopp\u00e9 \u00e0 partir de l\u2019exploitation de l\u2019huile de palme congolaise. Des fortunes colossales se sont constitu\u00e9es au d\u00e9triment des populations congolaises. Si la Belgique s\u2019est excus\u00e9e il y a une dizaine d\u2019ann\u00e9es pour son r\u00f4le dans l\u2019assassinat de Lumumba, elle ne s\u2019est jamais \u00e9panch\u00e9e sur les souffrances inflig\u00e9es aux Congolais. Elle ne risque gu\u00e8re de le faire aussi longtemps que des Belges affairistes continuent \u00e0 s\u2019enrichir en pillant all\u00e8grement les ressources du Congo.<\/div>\n<div><em>*Le livre de David Cronin \u00ab\u00a0Corporate Europe\u00a0: \u201cHow big business sets policies on food, climate and war\u201d sera publi\u00e9 en ao\u00fbt chez Pluto Press (<a href=\"http:\/\/www.plutobooks.com\">www.plutobooks.com<\/a>). Une version de cet article a \u00e9t\u00e9 publi\u00e9e r\u00e9cemment par New Europe (<a href=\"http:\/\/www.neurope.eu\">www.neurope.eu<\/a>)<\/em><\/div>\n<div>Traduit par Oscar Grosjean, \u00e0 la demande d\u2019Investig\u2019action.<\/div>\n<div>Source\u00a0: <a href=\"http:\/\/www.michelcollon.info\/La-Belgique-mene-encore-la-danse.html\">Investig\u2019Action<\/a><\/div>\n<div>\n<header><img decoding=\"async\" class=\"alignright\" alt=\"lumumbafrica\" src=\"http:\/\/www.egalite.be\/wp-content\/uploads\/2013\/06\/lumumbafrica.jpg\" width=\"299\" height=\"350\" \/><\/header>\n<\/div>\n<\/div>\n","protected":false},"excerpt":{"rendered":"<p>La Belgique m\u00e8ne encore la danse au Congo David Cronin 3 juin 2013 Apr\u00e8s avoir v\u00e9cu 18 ans en Belgique, il m\u2019a paru opportun de me pencher sur son pass\u00e9 colonial qui est peut-\u00eatre encore son pr\u00e9sent. Mes recherches n\u2019en sont qu\u2019\u00e0 leur d\u00e9but, mais une chose est \u00e9vidente : les hauts responsables belges se &#8230; <a title=\"La Belgique m\u00e8ne encore la danse au Congo\" class=\"read-more\" href=\"https:\/\/bruxelles-pantheres.be\/?p=303\" aria-label=\"En savoir plus sur La Belgique m\u00e8ne encore la danse au Congo\">Lire la suite<\/a><\/p>\n","protected":false},"author":1,"featured_media":304,"comment_status":"open","ping_status":"open","sticky":false,"template":"","format":"standard","meta":{"footnotes":""},"categories":[1,21,22,7,18,28],"tags":[],"class_list":["post-303","post","type-post","status-publish","format-standard","has-post-thumbnail","hentry","category-non-classe","category-anti-imperialisme","category-emploi","category-negrophobie","category-resistance-bruxelles","category-racismes"],"_links":{"self":[{"href":"https:\/\/bruxelles-pantheres.be\/index.php?rest_route=\/wp\/v2\/posts\/303","targetHints":{"allow":["GET"]}}],"collection":[{"href":"https:\/\/bruxelles-pantheres.be\/index.php?rest_route=\/wp\/v2\/posts"}],"about":[{"href":"https:\/\/bruxelles-pantheres.be\/index.php?rest_route=\/wp\/v2\/types\/post"}],"author":[{"embeddable":true,"href":"https:\/\/bruxelles-pantheres.be\/index.php?rest_route=\/wp\/v2\/users\/1"}],"replies":[{"embeddable":true,"href":"https:\/\/bruxelles-pantheres.be\/index.php?rest_route=%2Fwp%2Fv2%2Fcomments&post=303"}],"version-history":[{"count":1,"href":"https:\/\/bruxelles-pantheres.be\/index.php?rest_route=\/wp\/v2\/posts\/303\/revisions"}],"predecessor-version":[{"id":305,"href":"https:\/\/bruxelles-pantheres.be\/index.php?rest_route=\/wp\/v2\/posts\/303\/revisions\/305"}],"wp:featuredmedia":[{"embeddable":true,"href":"https:\/\/bruxelles-pantheres.be\/index.php?rest_route=\/wp\/v2\/media\/304"}],"wp:attachment":[{"href":"https:\/\/bruxelles-pantheres.be\/index.php?rest_route=%2Fwp%2Fv2%2Fmedia&parent=303"}],"wp:term":[{"taxonomy":"category","embeddable":true,"href":"https:\/\/bruxelles-pantheres.be\/index.php?rest_route=%2Fwp%2Fv2%2Fcategories&post=303"},{"taxonomy":"post_tag","embeddable":true,"href":"https:\/\/bruxelles-pantheres.be\/index.php?rest_route=%2Fwp%2Fv2%2Ftags&post=303"}],"curies":[{"name":"wp","href":"https:\/\/api.w.org\/{rel}","templated":true}]}}