{"id":3048,"date":"2016-11-28T19:24:11","date_gmt":"2016-11-28T18:24:11","guid":{"rendered":"https:\/\/bruxelles-pantheres.be\/?p=3048"},"modified":"2016-11-28T19:27:33","modified_gmt":"2016-11-28T18:27:33","slug":"lettre-de-mujica-a-fidel","status":"publish","type":"post","link":"https:\/\/bruxelles-pantheres.be\/?p=3048","title":{"rendered":"Lettre de Mujica \u00e0 Fidel"},"content":{"rendered":"<header class=\"header\">\n<div class=\"title\">\n<h5 class=\"post-title\" style=\"text-align: left;\"><a href=\"https:\/\/bruxelles-pantheres.be\/wp-content\/uploads\/2016\/11\/IMG_1321.jpg\"><img decoding=\"async\" class=\"alignnone size-full wp-image-3055\" src=\"https:\/\/bruxelles-pantheres.be\/wp-content\/uploads\/2016\/11\/IMG_1321.jpg\" alt=\"img_1321\" width=\"483\" height=\"330\" srcset=\"https:\/\/bruxelles-pantheres.be\/wp-content\/uploads\/2016\/11\/IMG_1321.jpg 483w, https:\/\/bruxelles-pantheres.be\/wp-content\/uploads\/2016\/11\/IMG_1321-300x205.jpg 300w\" sizes=\"(max-width: 483px) 100vw, 483px\" \/><\/a><\/h5>\n<h5 class=\"post-title\">Lettre de Mujica \u00e0 Fidel<\/h5>\n<\/div>\n<div class=\"date\">\n<p>Publi\u00e9 le 28 Novembre 2016<\/p>\n<\/div>\n<\/header>\n<div class=\"body\">\n<div class=\"ob-sections\">\n<div class=\"ob-section ob-section-html\">\n<p>Cher Fidel :<\/p>\n<p>On m&rsquo;a avis\u00e9 r\u00e9cemment, la nouvelle a \u00e9t\u00e9 d\u00e9vastatrice. Je n&rsquo;arr\u00eate pas de t&rsquo;imaginer toi, \u00e9tendu dans le simple lit en bois qui est devenu ton dernier refuge. Et je suis ici, assis \u00e0 l&rsquo;entr\u00e9e de la ferme en pensant \u00e0 ce que je dirai au monde et comment je cacherai ces larmes, bien que diront quelques publicistes que ce serait mieux que cela se voit car c&rsquo;est ainsi que se construisent les l\u00e9gendes.<\/p>\n<p>Les l\u00e9gendes ne peuvent pas se construire, tu en es une, forg\u00e9e avec le m\u00eame coup de mitraille et du drapeau ondoyant dans le campement, l\u00e0 dans la sierra, sans que cela importe si c&rsquo;est une for\u00eat ou une pampa, la bataille fait mal aux entrailles de celle que nous appellons notre terre, ce morceau de g\u00e9ographie que nous pouvons parcourir mais qui nous parcourt, nous.<\/p>\n<p>Et je pense que j&rsquo;ai eu de la chance parce que je suis arriv\u00e9 \u00e0 la chaise vieux et le visage bon ne m&rsquo;a jamais quitt\u00e9, malgr\u00e9 la retraite et la torture; les critiques ont \u00e9t\u00e9 moindres, je n&rsquo;ai pas eu \u00e0 affronter la rigueur du scrutin public auquel tu as fait face avec cette taille de g\u00e9ant avec laquelle tu as donn\u00e9 un exemple au monde et je n&rsquo;ai pas \u00e9t\u00e9 forc\u00e9 \u00e0 me d\u00e9battre entre des patriotes et des tra\u00eetres, personne ne m&rsquo;a trait\u00e9 de tyran. Mais cette chance peut \u00eatre aussi comprise diff\u00e9remment.<\/p>\n<p>Le monde que j&rsquo;ai affront\u00e9 c&rsquo;est celui des cartes de cr\u00e9dit et des vies consomm\u00e9es dans une lutte pour laquelle il n&rsquo;y a pas de groupe de gu\u00e9rilleros possible, tous m&rsquo;\u00e9coutent avec attention, sourient, applaudissent et continuent d&rsquo;essayer de remplir leurs vies vides avec les choses qu&rsquo;ils consomment, \u00e0 cr\u00e9dit, mais in\u00e9vitablement. Toi, il \u00a0te reste Cuba qui suivra l\u00e0-bas sans l&rsquo;analphab\u00e9tisme, avec le meilleur syst\u00e8me de sant\u00e9 publique, avec la meilleure \u00e9ducation du continent et moi encore ici, dans la bataille, non pour la vie, mais contre l&rsquo;oubli, plong\u00e9 dans une lutte qui n&rsquo;a pas de sens parce que le Sud se convertit \u00e0 plus de Sud chaque jour, les monstres insistent sur leur avanc\u00e9e et maintenant nous accaparent par tous les flancs.<\/p>\n<p>La br\u00e8ve illusion du continent bolivarien \u00a0recommence \u00e0 se dissiper, avec le d\u00e9part d&rsquo;Hugo, la sortie inf\u00e2me de Dilma et de Cristina, mon assignation \u00e0 r\u00e9sidence \u00e0 un si\u00e8ge du parlement et \u00e0 l&rsquo;orphelinat dans lequel tu nous laisses, s\u00fbrement bient\u00f4t le non sens d&rsquo;un monde qui n&rsquo;apprend pas de son histoire nous d\u00e9vorera \u00e0 nouveau.<\/p>\n<p>Les ombres nous guettent et pour aujourd&rsquo;hui, cher ami, tu es parti et nous n&rsquo;aurons pas, au moins dans ce cycle, de ces bavardages interminables qu&rsquo;insufflaient l&rsquo;amour et la victoire, dont je sortais rajeuni, sentant que l&rsquo;on pouvait affronter la plus redoutable des gargouilles ou croiser l&rsquo;ab\u00eeme d&rsquo;une seule impulsion, la tristesse est in\u00e9vitable.<\/p>\n<p>Mais : qu&rsquo;est-ce que tu dirais ? \u201cIl devient fou, \u00eatre triste, qu&rsquo;est-ce cela donne de plus ?<\/p>\n<p>On est seulement fait de chair et de peau, ne fais pas le mort toi qui continue la lutte et qui est la plus parlante, et je dis \u00e0 mon esprit d\u00e9lirant \u00a0\u00bb Il ne parlait pas ainsi, il n&rsquo;\u00e9tait pas irr\u00e9v\u00e9rencieux\u00a0\u00bb, mieux vaut penser que tu aurais dit quelque chose de plus brillant, et non les contes de ce vieux fou qui se fait applaudir par des multitudes mais qui n&rsquo;a pas pu bouger son peuple comme toi. O\u00f9 de l&rsquo;orient a surgit une bataille finale ? Difficile, mais non impossible&#8230;.pendant ce temps, toi, en cette \u00e9toile de la Cara\u00efbe, un clin d&rsquo;oeil et un Hasta la victoria&#8230;..siempre !<\/p>\n<p>El pepe<\/p>\n<p>Traduction carolita d&rsquo;un article de D\u00e9sinform\u00e9monos du 27 novembre 2016<\/p>\n<p><a href=\"http:\/\/cocomagnanville.over-blog.com\/2016\/11\/lettre-de-mujica-a-fidel.html\">Source<\/a><\/p>\n<p style=\"text-align: center;\"><a href=\"https:\/\/bruxelles-pantheres.be\/wp-content\/uploads\/2016\/11\/15178945_10154750455379907_3778141631594331533_n.jpg\"><img decoding=\"async\" class=\"alignnone size-full wp-image-3030\" src=\"https:\/\/bruxelles-pantheres.be\/wp-content\/uploads\/2016\/11\/15178945_10154750455379907_3778141631594331533_n.jpg\" alt=\"15178945_10154750455379907_3778141631594331533_n\" width=\"400\" height=\"301\" srcset=\"https:\/\/bruxelles-pantheres.be\/wp-content\/uploads\/2016\/11\/15178945_10154750455379907_3778141631594331533_n.jpg 400w, https:\/\/bruxelles-pantheres.be\/wp-content\/uploads\/2016\/11\/15178945_10154750455379907_3778141631594331533_n-300x226.jpg 300w\" sizes=\"(max-width: 400px) 100vw, 400px\" \/><\/a><\/p>\n<\/div>\n<\/div>\n<\/div>\n","protected":false},"excerpt":{"rendered":"<p>Lettre de Mujica \u00e0 Fidel Publi\u00e9 le 28 Novembre 2016 Cher Fidel : On m&rsquo;a avis\u00e9 r\u00e9cemment, la nouvelle a \u00e9t\u00e9 d\u00e9vastatrice. Je n&rsquo;arr\u00eate pas de t&rsquo;imaginer toi, \u00e9tendu dans le simple lit en bois qui est devenu ton dernier refuge. Et je suis ici, assis \u00e0 l&rsquo;entr\u00e9e de la ferme en pensant \u00e0 ce &#8230; <a title=\"Lettre de Mujica \u00e0 Fidel\" class=\"read-more\" href=\"https:\/\/bruxelles-pantheres.be\/?p=3048\" aria-label=\"En savoir plus sur Lettre de Mujica \u00e0 Fidel\">Lire la suite<\/a><\/p>\n","protected":false},"author":1,"featured_media":3050,"comment_status":"open","ping_status":"open","sticky":false,"template":"","format":"standard","meta":{"footnotes":""},"categories":[1,35,21],"tags":[86],"class_list":["post-3048","post","type-post","status-publish","format-standard","has-post-thumbnail","hentry","category-non-classe","category-amerique-du-sud","category-anti-imperialisme","tag-fidel-castro"],"_links":{"self":[{"href":"https:\/\/bruxelles-pantheres.be\/index.php?rest_route=\/wp\/v2\/posts\/3048","targetHints":{"allow":["GET"]}}],"collection":[{"href":"https:\/\/bruxelles-pantheres.be\/index.php?rest_route=\/wp\/v2\/posts"}],"about":[{"href":"https:\/\/bruxelles-pantheres.be\/index.php?rest_route=\/wp\/v2\/types\/post"}],"author":[{"embeddable":true,"href":"https:\/\/bruxelles-pantheres.be\/index.php?rest_route=\/wp\/v2\/users\/1"}],"replies":[{"embeddable":true,"href":"https:\/\/bruxelles-pantheres.be\/index.php?rest_route=%2Fwp%2Fv2%2Fcomments&post=3048"}],"version-history":[{"count":3,"href":"https:\/\/bruxelles-pantheres.be\/index.php?rest_route=\/wp\/v2\/posts\/3048\/revisions"}],"predecessor-version":[{"id":3056,"href":"https:\/\/bruxelles-pantheres.be\/index.php?rest_route=\/wp\/v2\/posts\/3048\/revisions\/3056"}],"wp:featuredmedia":[{"embeddable":true,"href":"https:\/\/bruxelles-pantheres.be\/index.php?rest_route=\/wp\/v2\/media\/3050"}],"wp:attachment":[{"href":"https:\/\/bruxelles-pantheres.be\/index.php?rest_route=%2Fwp%2Fv2%2Fmedia&parent=3048"}],"wp:term":[{"taxonomy":"category","embeddable":true,"href":"https:\/\/bruxelles-pantheres.be\/index.php?rest_route=%2Fwp%2Fv2%2Fcategories&post=3048"},{"taxonomy":"post_tag","embeddable":true,"href":"https:\/\/bruxelles-pantheres.be\/index.php?rest_route=%2Fwp%2Fv2%2Ftags&post=3048"}],"curies":[{"name":"wp","href":"https:\/\/api.w.org\/{rel}","templated":true}]}}