{"id":3057,"date":"2016-11-29T15:48:47","date_gmt":"2016-11-29T14:48:47","guid":{"rendered":"https:\/\/bruxelles-pantheres.be\/?p=3057"},"modified":"2016-11-29T15:52:22","modified_gmt":"2016-11-29T14:52:22","slug":"sources-dinquietude-les-reponses-anti-terroristes-de-la-belgique-suite-aux-attentats-de-paris-et-bruxelles","status":"publish","type":"post","link":"https:\/\/bruxelles-pantheres.be\/?p=3057","title":{"rendered":"\u00ab Sources d\u2019inqui\u00e9tude : Les r\u00e9ponses anti-terroristes de la Belgique suite aux attentats de Paris et Bruxelles \u00bb"},"content":{"rendered":"<h5 id=\"page-title\" class=\"title--huge\">Belgique : La r\u00e9ponse aux attaques soul\u00e8ve des craintes relatives aux droits humains<\/h5>\n<p class=\"subtitle\">Des lois \u00e0 trop vaste port\u00e9e et des op\u00e9rations de police abusives sapent les efforts de lutte contre le terrorisme.<\/p>\n<p>Bruxelles) \u2013 La <a href=\"https:\/\/www.hrw.org\/fr\/europe\/central-asia\/belgium\" target=\"_blank\">Belgique<\/a> a adopt\u00e9 plusieurs lois antiterroristes probl\u00e9matiques et ses forces de police ont men\u00e9 des op\u00e9rations recourant \u00e0 une force excessive au cours des douze derniers mois, a d\u00e9clar\u00e9 Human Rights Watch dans un rapport publi\u00e9 aujourd\u2019hui. Plusieurs personnes responsables des horribles attaques perp\u00e9tr\u00e9es \u00e0 Paris le 13\u00a0novembre 2015 et \u00e0 Bruxelles le 22\u00a0mars 2016 \u2013 les plus meurtri\u00e8res depuis des d\u00e9cennies dans ces deux pays \u2013 avaient un lien avec la Belgique.<\/p>\n<article class=\"node node-report align-right embed report--teaser report--longform-teaser clearfix\">\n<figure class=\"report-image\"><a href=\"https:\/\/www.hrw.org\/fr\/report\/2016\/11\/03\/sources-dinquietude\/les-reponses-antiterroristes-de-la-belgique-aux-attaques-de\"> <img decoding=\"async\" src=\"https:\/\/www.hrw.org\/sites\/default\/files\/styles\/cover\/public\/multimedia_images_2016\/beligum1116fr_reportcover_8.5x11-1.jpg?itok=LT5eOaNE\" alt=\"\" width=\"288\" height=\"373\" \/> <\/a><\/figure>\n<div class=\"report-content\">\n<div class=\"dateline--small\"><time class=\"date\" datetime=\"2016-11-03T18:57:00-04:00\">03 nov 2016<\/time> <span class=\"type\">Report<\/span><\/div>\n<h6 class=\"title\"><a href=\"https:\/\/www.hrw.org\/fr\/report\/2016\/11\/03\/sources-dinquietude\/les-reponses-antiterroristes-de-la-belgique-aux-attaques-de\">Sources d\u2019inqui\u00e9tude<\/a><\/h6>\n<h6 class=\"subtitle--tiny\">Les r\u00e9ponses antiterroristes de la Belgique aux attaques de Paris et de Bruxelles<\/h6>\n<ul class=\"list--dropdown\">\n<li class=\"field-item odd\"><span class=\"file\"> <a title=\"belgium1116fr_web.pdf\" href=\"https:\/\/www.hrw.org\/sites\/default\/files\/report_pdf\/belgium1116fr_web_1.pdf\" type=\"application\/pdf; length=1439514\">T\u00e9l\u00e9charger le rapport complet en fran\u00e7ais <\/a><\/span><\/li>\n<li class=\"field-item even\"><span class=\"file\"> <a title=\"belgium1116_web.pdf\" href=\"https:\/\/www.hrw.org\/sites\/default\/files\/report_pdf\/belgium1116_web_0.pdf\" type=\"application\/pdf; length=1221100\">Download the full report in English<\/a><\/span><\/li>\n<li class=\"field-item odd\"><span class=\"file\"> <a title=\"belgium1116dutch_web.pdf\" href=\"https:\/\/www.hrw.org\/sites\/default\/files\/report_pdf\/belgium1116dutch_web_1.pdf\" type=\"application\/pdf; length=1610961\">Download het volledige rapport in het Nederlands<\/a><\/span><\/li>\n<\/ul>\n<\/div>\n<\/article>\n<p>Le rapport de 67 pages, intitul\u00e9 <a href=\"https:\/\/www.hrw.org\/fr\/node\/295872\/\" target=\"_blank\">\u00ab\u00a0Sources d\u2019inqui\u00e9tude\u00a0: Les r\u00e9ponses anti-terroristes de la Belgique suite aux attentats de Paris et Bruxelles \u00bb<\/a>, expose en d\u00e9tail des mesures visant \u00e0 placer les prisonniers d\u00e9tenus pour terrorisme en isolement prolong\u00e9, et permettant au gouvernement de retenir les passeports et d\u2019\u00e9tudier les relev\u00e9s t\u00e9l\u00e9phoniques et les e-mails des personnes soup\u00e7onn\u00e9es de terrorisme sans autorisation judiciaire. D\u2019autres lois peuvent r\u00e9voquer la citoyennet\u00e9 belge et incriminer des commentaires ne constituant pas v\u00e9ritablement une incitation directe au terrorisme. Ce rapport r\u00e9v\u00e8le \u00e9galement les r\u00e9ponses abusives de la police pendant les raids antiterroristes et les d\u00e9tentions.<\/p>\n<div class=\"embed\" data-type=\"image\">\n<figure class=\"embed node node-image align-left multimedia\">\n<div class=\"embed-media\"><a class=\"link--modal link--inline-block\" href=\"https:\/\/www.hrw.org\/fr\/view-mode\/modal\/295876\"> <img decoding=\"async\" src=\"https:\/\/www.hrw.org\/sites\/default\/files\/styles\/16%3A9_946x534\/public\/multimedia_images_2016\/maninhat.jpg?itok=qXSqoOQK\" sizes=\"(min-width: 64em) 946px, (min-width: 37.5em) 37.5em, calc(100vw - 50px)\" srcset=\"https:\/\/www.hrw.org\/sites\/default\/files\/styles\/294w\/public\/multimedia_images_2016\/maninhat.jpg?itok=9wWmZykY 294w, https:\/\/www.hrw.org\/sites\/default\/files\/styles\/946w\/public\/multimedia_images_2016\/maninhat.jpg?itok=81mvdbAG 332w\" alt=\"Image des cam\u00e9ras de vid\u00e9osurveillance de l\u2019a\u00e9roport belge de Zaventem de l\u2019\u00ab homme au chapeau \u00bb, l\u2019un des principaux suspects de l\u2019attentat de l\u2019a\u00e9roport.\" \/> <\/a><\/div><figcaption class=\"figure-info clearfix\">\n<div class=\"embed-actions\"><a class=\"link--modal\" href=\"https:\/\/www.hrw.org\/fr\/view-mode\/modal\/295876\">D\u00e9plier<\/a><\/div>\n<p>Image des cam\u00e9ras de vid\u00e9osurveillance de l\u2019a\u00e9roport belge de Zaventem de l\u2019\u00ab\u00a0homme au chapeau\u00a0\u00bb, l\u2019un des principaux suspects de l\u2019attentat de l\u2019a\u00e9roport.<\/p>\n<div class=\"field field--field-image-copyright\">\u00a9 2016 Police f\u00e9d\u00e9rale belge<\/div>\n<\/figcaption><\/figure>\n<\/div>\n<p>\u00ab\u00a0<em>La Belgique a travaill\u00e9 dur l\u2019ann\u00e9e pass\u00e9e \u00e0 la pr\u00e9vention de nouvelles attaques, mais ses lois et les r\u00e9ponses de la police ont \u00e9t\u00e9 mises \u00e0 mal par leur nature trop g\u00e9n\u00e9rale et parfois abusive<\/em>\u00a0\u00bb, a affirm\u00e9 <a href=\"https:\/\/www.hrw.org\/fr\/about\/people\/letta-tayler\" target=\"_blank\">Letta Tayler<\/a>, chercheuse senior aupr\u00e8s de la division Terrorisme \u00e0 Human Rights Watch et auteur du rapport. \u00ab\u00a0<em>Nous partageons l&rsquo;indignation et la douleur de la Belgique et de la France, et voulons voir les responsables traduits en justice.<\/em> <em>Toutefois, le recours \u00e0 une force excessive lors de certains raids men\u00e9s par la police risque d\u2019engendrer un sentiment d\u2019ali\u00e9nation au sein des communaut\u00e9s dont la coop\u00e9ration pourrait pourtant aider \u00e0 faire face \u00e0 la menace<\/em>.\u00a0\u00bb<\/p>\n<p>Au cours de trois missions men\u00e9es en Belgique, Human Rights Watch a interrog\u00e9 23\u00a0personnes all\u00e9guant des abus physiques et violences verbales ainsi que 10\u00a0proches ou avocats des personnes ayant rapport\u00e9 des abus de la part de la police, des militaires en patrouille ou des autorit\u00e9s p\u00e9nitentiaires. Human Rights Watch a \u00e9galement parl\u00e9 avec plus de 30\u00a0activistes nationaux et locaux \u0153uvrant pour la d\u00e9fense des droits humains, repr\u00e9sentants du gouvernement et l\u00e9gislateurs, experts sur la s\u00e9curit\u00e9 bas\u00e9s en Belgique, agents de police et journalistes. De plus, Human Rights Watch a examin\u00e9 30\u00a0lois et r\u00e9glementations, nouvelles ou propos\u00e9es, ainsi que des dizaines de clips et de messages post\u00e9s sur les r\u00e9seaux sociaux.<\/p>\n<p>Dans une d\u00e9claration \u00e9crite transmise \u00e0 Human Rights Watch, le gouvernement f\u00e9d\u00e9ral belge a indiqu\u00e9 que \u00ab\u00a0<em>Nous restons fermement r\u00e9solus \u00e0 prot\u00e9ger<\/em>\u00a0\u00bb les droits humains dans le cadre de sa r\u00e9ponse au terrorisme. Selon la d\u00e9claration, la Belgique enqu\u00eatait sur \u00ab\u00a0<em>un certain nombre d\u2019incidents<\/em>\u00a0\u00bb de \u00ab\u00a0<em>violence verbale ou physique<\/em>\u00a0\u00bb pr\u00e9sum\u00e9e de la part d&rsquo;agents de police au lendemain des attaques, mais \u00ab\u00a0<em>il s\u2019agit d\u2019incidents isol\u00e9s et ce n\u2019est en aucune fa\u00e7on le r\u00e9sultat d\u2019une politique d\u00e9lib\u00e9r\u00e9e<\/em>\u00a0\u00bb.<\/p>\n<p>Les attaques coordonn\u00e9es \u00e0 Paris pr\u00e8s d\u2019un stade et dans une salle de concert ont tu\u00e9 130\u00a0personnes. Celles survenues \u00e0 l\u2019a\u00e9roport de Bruxelles et dans une station de m\u00e9tro en ont tu\u00e9 32. Le groupe arm\u00e9 extr\u00e9miste l\u2019\u00c9tat islamique (EI) a revendiqu\u00e9 la responsabilit\u00e9 des deux attaques ayant fait \u00e9galement des centaines de bless\u00e9s.<\/p>\n<p><iframe src=\"https:\/\/www.youtube.com\/embed\/B0nWr4kvGQk\" width=\"560\" height=\"315\" frameborder=\"0\" allowfullscreen=\"allowfullscreen\"><\/iframe><\/p>\n<div class=\"embed\" data-type=\"image\">\n<div class=\"embed\" data-type=\"video\">\n<figure class=\"embed node node-video node-promoted multimedia\" data-yt-id=\"B0nWr4kvGQk\"><figcaption class=\"figure-info clearfix\">\n<div class=\"field field--field-shared-teaser\">\n<p>Suite aux attentats meurtriers commis \u00e0 Paris en novembre 2015 et \u00e0 Bruxelles en mars 2016, les autorit\u00e9s belges ont adopt\u00e9 des lois antiterroristes a vaste port\u00e9e, et les forces de police ont parfois recouru \u00e0 une force excessive. T\u00e9moignages de victimes d\u2019abus policiers, comment\u00e9s par Letta Tayler \u00e0 l\u2019occasion de la publication d\u2019un nouveau rapport de HRW.<\/p>\n<\/div>\n<\/figcaption><\/figure>\n<\/div>\n<p>Dans les 26\u00a0incidents impliquant la police sur lesquels Human Rights Watch a enqu\u00eat\u00e9, les suspects ou leurs avocats ont indiqu\u00e9 que la police avait utilis\u00e9 des insultes telles que \u00ab\u00a0sale Arabe\u00a0\u00bb ou \u00ab\u00a0sale terroriste\u00a0\u00bb, les avait arr\u00eat\u00e9s brutalement et fouill\u00e9s, et dans 10\u00a0cas, avait eu recours \u00e0 une force excessive, y compris en les frappant ou en les jetant contre des voitures. \u00c0 l\u2019exception d\u2019un suspect, tous \u00e9taient musulmans et tous, sauf deux, \u00e9taient d\u2019origine nord-africaine. Seul un des suspects a \u00e9t\u00e9 accus\u00e9 de terrorisme et avec erreur sur la personne.<\/p>\n<p>Les suspects ont dit \u00e0 Human Rights Watch que les abus verbaux ou physiques commis par la police les avaient traumatis\u00e9s, ainsi que leurs enfants dans certains cas, et qu\u2019ils avaient nui \u00e0 leur r\u00e9putation. Certains ont d\u00e9clar\u00e9 avoir perdu leur travail en cons\u00e9quence. Les suspects dont les biens avaient \u00e9t\u00e9 endommag\u00e9s au cours de descentes ont \u00e9voqu\u00e9 les d\u00e9lais et les difficult\u00e9s rencontr\u00e9s pour obtenir indemnisation. Tous ont affirm\u00e9 avoir perdu toute confiance en la police \u00e0 cause des traitements subis.<\/p>\n<p>\u00ab\u00a0<em>On se fait attaquer par l\u2019\u00c9tat islamique qui nous dit que nous sommes des m\u00e9cr\u00e9ants alors que nous n\u2019avons rien \u00e0 voir avec eux<\/em>\u00a0\u00bb, a d\u00e9clar\u00e9 \u00ab\u00a0Omar\u00a0\u00bb qui a accus\u00e9 la police de l\u2019avoir battu et trait\u00e9 de \u00ab\u00a0sale arabe\u00a0\u00bb avant de le rel\u00e2cher sans l\u2019inculper. \u00ab\u00a0<em>Et on se fait attaquer par l\u2019\u00c9tat qui dit \u00ab\u00a0Vous avez \u00e0 voir avec l&rsquo;\u00c9tat islamique\u00a0\u00bb\u00a0<\/em>\u00bb.<\/p>\n<p>L\u2019une des mesures prises par la Belgique en 2015 pour lutter contre le terrorisme ordonne aux autorit\u00e9s p\u00e9nitentiaires de placer en isolement, jusqu\u2019\u00e0 23\u00a0heures par jour, tous les d\u00e9tenus accus\u00e9s ou reconnus coupables dans des affaires de terrorisme. Certains prisonniers sont rest\u00e9s en isolement pendant au moins 10\u00a0mois. Human Rights Watch a fait \u00e9tat de deux cas dans lesquels les autorit\u00e9s p\u00e9nitentiaires ont perp\u00e9tu\u00e9 presque toutes les mesures s\u00e9v\u00e8res d\u2019isolement pendant des mois alors qu\u2019un prisonnier avait tent\u00e9 de se suicider et que l\u2019autre avait d\u00e9clar\u00e9 au psychiatre de la prison \u00ab\u00a0<em>parler aux murs<\/em>\u00a0\u00bb.<\/p>\n<p>Au moins 35\u00a0prisonniers sont actuellement en isolement. Au moins 18\u00a0autres, auparavant en isolement, ont \u00e9t\u00e9 transf\u00e9r\u00e9s dans un autre r\u00e9gime destin\u00e9 aux prisonniers accus\u00e9s ou reconnus coupables de terrorisme, nomm\u00e9 D-Rad:ex. Celui-ci permet une interaction limit\u00e9e entre ces d\u00e9tenus mis \u00e0 part.<\/p>\n<\/div>\n<div class=\"embed\" data-type=\"quote\">\n<figure class=\"embed block--ruled quote node node-quote align-left multimedia\">\n<blockquote class=\"quote-content\"><p>Nous partageons l&rsquo;indignation et la douleur de la Belgique et de la France, et voulons voir les responsables traduits en justice. Toutefois, le recours \u00e0 une force excessive lors de certains raids men\u00e9s par la police risque d\u2019engendrer un sentiment d\u2019ali\u00e9nation au sein des communaut\u00e9s dont la coop\u00e9ration pourrait pourtant aider \u00e0 faire face \u00e0 la menace.<\/blockquote><figcaption class=\"vcard quote-credit\">\n<h4 class=\"fn quote-name\">Letta Tayler<\/h4>\n<p class=\"title quote-title\">Chercheuse senior sur les questions li\u00e9es \u00e0 la lutte antiterroriste<\/p>\n<\/figcaption><\/figure>\n<\/div>\n<p>Human Rights Watch reconna\u00eet que des mesures sp\u00e9ciales pourraient s\u2019av\u00e9rer n\u00e9cessaires pour \u00e9viter une radicalisation violente dans les prisons, mais de telles mesures devraient garder toutes proportions et \u00eatre soumises \u00e0 un examen efficace. L\u2019isolement prolong\u00e9 est un traitement cruel, inhumain et d\u00e9gradant, pouvant confiner \u00e0 de la torture.<\/p>\n<p>Une autre loi p\u00e9nalise l\u2019acte consistant \u00e0 quitter la Belgique \u00ab\u00a0avec une intention terroriste\u00a0\u00bb, formulation floue qui pourrait limiter le d\u00e9placement des personnes sans aucune preuve de leur intention de commettre ou de soutenir des actes arm\u00e9s extr\u00e9mistes. Les autorit\u00e9s peuvent aussi retenir jusqu\u2019\u00e0 six mois les passeports ou les cartes d\u2019identit\u00e9 nationale de personnes soup\u00e7onn\u00e9es d\u2019intentions terroristes. Les autorit\u00e9s belges ont retenu presque 250\u00a0passeports en application de cette mesure, qui manque d\u2019une importante protection par contr\u00f4le judiciaire pr\u00e9alable.<\/p>\n<p>Une loi de 2016 sur la conservation des donn\u00e9es oblige les soci\u00e9t\u00e9s de t\u00e9l\u00e9communication \u00e0 conserver les num\u00e9ros de t\u00e9l\u00e9phone et les adresses \u00e9lectroniques de leurs clients pendant un an et de les fournir au gouvernement, \u00e0 sa demande, dans le cadre d\u2019enqu\u00eates sur le terrorisme, l\u00e0 encore sans contr\u00f4le judiciaire pr\u00e9alable, en d\u00e9pit du potentiel de violation de la vie priv\u00e9e.<\/p>\n<p>Une autre mesure de 2016 pr\u00e9voit des peines de prison de 5 \u00e0 10\u00a0ans pour incitation indirecte \u00e0 un acte terroriste par la diffusion d\u2019un message, peu importe qu\u2019il ait cr\u00e9\u00e9 un risque que l\u2019acte soit commis. Une loi de 2015 permettant aux autorit\u00e9s de retirer la citoyennet\u00e9 belge \u00e0 des binationaux reconnus coupables de crimes terroristes pourrait laisser penser qu\u2019il existe une couche de citoyens de \u00ab\u00a0seconde zone\u00a0\u00bb caract\u00e9ris\u00e9s par leur origine ethnique et leur religion.<\/p>\n<p>Depuis janvier 2015, les autorit\u00e9s belges ont d\u00e9ploy\u00e9 des centaines de soldats dans les villes principales en soutien \u00e0 la police \u2013 1\u00a0800 depuis les attaques de Paris. Bien que ce d\u00e9ploiement puisse s&rsquo;av\u00e9rer justifi\u00e9 et proportionn\u00e9, un d\u00e9ploiement militaire \u00e9tendu dans un contexte de maintien de l\u2019ordre civil est ind\u00e9sirable.<\/p>\n<div class=\"embed\" data-type=\"image\">\n<figure class=\"embed node node-image align-right multimedia\">\n<div class=\"embed-media\"><a class=\"link--modal link--inline-block\" href=\"https:\/\/www.hrw.org\/fr\/view-mode\/modal\/295877\"> <img decoding=\"async\" src=\"https:\/\/www.hrw.org\/sites\/default\/files\/styles\/16%3A9_946x534\/public\/multimedia_images_2016\/faycoal_cheffou_wrong_gcyman_in_the_hatgco_09142016_brussels.00_00_00_08.still001.jpg?itok=AX-2WohV\" sizes=\"(min-width: 64em) 946px, (min-width: 37.5em) 37.5em, calc(100vw - 50px)\" srcset=\"https:\/\/www.hrw.org\/sites\/default\/files\/styles\/294w\/public\/multimedia_images_2016\/faycoal_cheffou_wrong_gcyman_in_the_hatgco_09142016_brussels.00_00_00_08.still001.jpg?itok=XvSFnIfS 294w, https:\/\/www.hrw.org\/sites\/default\/files\/styles\/430w\/public\/multimedia_images_2016\/faycoal_cheffou_wrong_gcyman_in_the_hatgco_09142016_brussels.00_00_00_08.still001.jpg?itok=nmQ30SYS 430w, https:\/\/www.hrw.org\/sites\/default\/files\/styles\/676w\/public\/multimedia_images_2016\/faycoal_cheffou_wrong_gcyman_in_the_hatgco_09142016_brussels.00_00_00_08.still001.jpg?itok=2CNj9uKS 676w, https:\/\/www.hrw.org\/sites\/default\/files\/styles\/946w\/public\/multimedia_images_2016\/faycoal_cheffou_wrong_gcyman_in_the_hatgco_09142016_brussels.00_00_00_08.still001.jpg?itok=19xfyNU0 946w\" alt=\"Fay\u00e7al Cheffou, qui a \u00e9t\u00e9 confondu \u00e0 tort avec l\u2019\u00ab homme au chapeau \u00bb. \" \/> <\/a><\/div><figcaption class=\"figure-info clearfix\">\n<div class=\"embed-actions\"><a class=\"link--modal\" href=\"https:\/\/www.hrw.org\/fr\/view-mode\/modal\/295877\">D\u00e9plier<\/a><\/div>\n<p>Fay\u00e7al Cheffou, qui a \u00e9t\u00e9 confondu \u00e0 tort avec l\u2019\u00ab\u00a0homme au chapeau\u00a0\u00bb.<\/p>\n<div class=\"field field--field-image-copyright\">\u00a9 2016 Human Rights Watch<\/div>\n<\/figcaption><\/figure>\n<\/div>\n<p>Le gouvernement f\u00e9d\u00e9ral affirme qu\u2019au moins 450\u00a0Belges ont rejoint ou tent\u00e9 de rejoindre des groupes tels que l\u2019\u00c9tat islamique, soit le nombre le plus \u00e9lev\u00e9 par habitant pour un pays d\u2019Europe occidentale.<\/p>\n<p>Dans l\u2019ann\u00e9e qui s\u2019est \u00e9coul\u00e9e depuis les attaques de Paris, la police belge a r\u00e9alis\u00e9 plusieurs centaines de perquisitions de domicile dans la lutte contre le terrorisme, d\u2019apr\u00e8s le bureau du procureur f\u00e9d\u00e9ral, qui a d\u00e9clar\u00e9 ne pas pouvoir fournir de chiffres exacts. Les autorit\u00e9s belges n\u2019ont \u00e9galement pas indiqu\u00e9 le nombre de plaintes faisant \u00e9tat d\u2019op\u00e9rations antiterroristes abusives.<\/p>\n<p>Depuis une attaque meurtri\u00e8re au Mus\u00e9e juif de Bruxelles en mai 2014, les autorit\u00e9s belges ont condamn\u00e9 43\u00a0personnes pour des crimes terroristes et accus\u00e9 72\u00a0autres, ainsi que l\u2019a indiqu\u00e9 le minist\u00e8re de la Justice \u00e0 Human Rights Watch. Le minist\u00e8re s\u2019est abstenu de fournir des donn\u00e9es sur les chefs d&rsquo;inculpation et les condamnations depuis les attaques de Paris.<\/p>\n<p>Les autorit\u00e9s belges devraient surveiller et modifier les lois et les politiques antiterroristes afin de s\u2019assurer qu\u2019elles n&rsquo;\u00e9branlent pas les droits fondamentaux, et veiller \u00e0 appliquer une tol\u00e9rance z\u00e9ro pour les abus policiers, a d\u00e9clar\u00e9 Human Rights Watch.<\/p>\n<p>\u00ab<em>\u00a0Les gouvernements ont certes le devoir de prot\u00e9ger leurs citoyens contre les attaques et de mettre les auteurs de ces crimes face \u00e0 leur responsabilit\u00e9<\/em>\u00a0\u00bb, a d\u00e9clar\u00e9 Letta Tayler. \u00ab<em>\u00a0Mais des mesures disproportionn\u00e9es affaiblissent l\u2019\u00c9tat de droit, alimentent la m\u00e9fiance des autorit\u00e9s \u00e0 l\u2019\u00e9gard des communaut\u00e9s musulmanes et divisent la soci\u00e9t\u00e9 alors qu\u2019elle doit rester unie face \u00e0 des groupes comme l\u2019EI<\/em>.\u00a0\u00bb<\/p>\n<hr \/>\n<p><iframe src=\"https:\/\/www.youtube.com\/embed\/B0nWr4kvGQk\" width=\"560\" height=\"315\" frameborder=\"0\" allowfullscreen=\"allowfullscreen\"><\/iframe><\/p>\n<p><strong><em>Dans les m\u00e9dias\u00a0:<\/em><\/strong><\/p>\n<p><strong>Le Soir (1)<\/strong> &#8211; \u00a0<a href=\"http:\/\/www.lesoir.be\/1359522\/article\/actualite\/belgique\/2016-11-04\/mesures-antiterroristes-belgique-inquietent-human-rights-watch\">\u201cLes mesures antiterroristes de la Belgique inqui\u00e8tent HRW\u201d<\/a><br \/>\n<strong>Le Soir (2)<\/strong> &#8211; \u00a0<a href=\"http:\/\/plus.lesoir.be\/node\/67327\">\u201cRapport de HRW : l\u2019isolement total des terroristes pr\u00e9sum\u00e9s est-il ill\u00e9gal ?\u201d<\/a><br \/>\n<strong>La Libre Belgique<\/strong> &#8211; \u00a0<a href=\"http:\/\/www.lalibre.be\/actu\/belgique\/attentats-a-bruxelles-les-reponses-a-la-menace-antiterroriste-sont-elles-trop-musclees-581c1f65cd70958a9d5c9d96\">\u201cAttentats \u00e0 Bruxelles : les r\u00e9ponses \u00e0 la menace antiterroriste sont-elles trop muscl\u00e9es?\u201d<\/a><br \/>\n<strong>Le Monde &#8211;<\/strong> <a href=\"http:\/\/bit.ly\/2fhtmHo\">\u00ab\u00a0HRW d\u00e9plore des exc\u00e8s de la part des autorit\u00e9s belges dans la lutte antiterroriste\u00a0\u00bb<\/a><br \/>\n<strong>RTBF<\/strong> &#8211; \u00a0<a href=\"https:\/\/www.rtbf.be\/info\/dossier\/explosions-a-brussels-airport\/detail_la-reponse-belge-aux-actes-terroristes-source-d-inquietude-pour-human-rights-watch?id=9446862\">\u201cLa r\u00e9ponse belge aux actes terroristes inqui\u00e8te Human Rights Watch\u201d<\/a><br \/>\n<strong>RTBF<\/strong> \u2013 <a href=\"https:\/\/www.rtbf.be\/auvio\/emissions\/detail_journal-televise-13h?id=4\">Journal de 13h<\/a> (vid\u00e9o \u2013 \u00e0 5:12)<br \/>\n<strong>RTBF<\/strong> &#8211; <a href=\"http:\/\/www.rtbf.be\/info\/societe\/detail_rapport-hrw-la-surenchere-legislative-ne-rend-pas-la-societe-plus-sure?id=9447259\">Matin Premi\u00e8re \u2013 itw radio de Nadim Houry<\/a><br \/>\n<strong>Belga<\/strong> &#8211; <a href=\"https:\/\/www.youtube.com\/embed\/XB4ih2TKMvI?wmode=transparent\">\u201cLes mesures antiterroristes point\u00e9es du doigt\u201d (vid\u00e9o)<\/a><br \/>\n<strong>Le Vif<\/strong> &#8211; <a href=\"http:\/\/www.levif.be\/actualite\/belgique\/la-police-belge-a-un-recours-excessif-a-la-force\/article-normal-569229.html\">\u201cLa police belge a un recours excessif \u00e0 la force\u201d<\/a>.<br \/>\n<strong>7 sur 7<\/strong> &#8211; <a href=\"http:\/\/www.7sur7.be\/7s7\/fr\/32684\/Menaces-terroristes-en-Belgique\/article\/detail\/2960736\/2016\/11\/04\/La-police-accusee-de-comportements-abusifs-lors-d-operations-antiterroristes.dhtml\">\u201cLa police accus\u00e9e de comportements abusifs lors d&rsquo;op\u00e9rations antiterroristes\u201d<\/a><br \/>\n<strong>Ouest France<\/strong> &#8211; \u00a0<a href=\"http:\/\/www.ouest-france.fr\/terrorisme\/une-ong-deplore-des-exces-des-autorites-belges-apres-les-attentats-4588878\">\u00ab\u00a0Une ONG d\u00e9plore des exc\u00e8s des autorit\u00e9s belges apr\u00e8s les attentats\u00a0\u00bb<\/a><\/p>\n<p>+ <a href=\"http:\/\/telquel.ma\/2016\/11\/04\/antiterrorisme-hrw-deplore-le-traitement-inhumain-de-marocains-en-belgique_1522071\">TelQuel.ma<\/a> \u00a0\u00a0\u00a0<a href=\"http:\/\/fr.newsmonkey.be\/article\/13581\">NewsMonkey.be<\/a>\u00a0\u00a0\u00a0 <a href=\"http:\/\/www.rfi.fr\/europe\/20161104-human-rights-watch-rapport-methodes-antiterroristes-belgique\">RFI.fr<\/a>\u00a0\u00a0 <a href=\"http:\/\/www.huffpostmaghreb.com\/2016\/11\/04\/story_n_12801950.html\">HuffPost Maghreb<\/a><\/p>\n<p><a href=\"https:\/\/www.hrw.org\/fr\/news\/2016\/11\/03\/belgique-la-reponse-aux-attaques-souleve-des-craintes-relatives-aux-droits-humains\">Source <\/a><\/p>\n","protected":false},"excerpt":{"rendered":"<p>Belgique : La r\u00e9ponse aux attaques soul\u00e8ve des craintes relatives aux droits humains Des lois \u00e0 trop vaste port\u00e9e et des op\u00e9rations de police abusives sapent les efforts de lutte contre le terrorisme. Bruxelles) \u2013 La Belgique a adopt\u00e9 plusieurs lois antiterroristes probl\u00e9matiques et ses forces de police ont men\u00e9 des op\u00e9rations recourant \u00e0 une &#8230; <a title=\"\u00ab Sources d\u2019inqui\u00e9tude : Les r\u00e9ponses anti-terroristes de la Belgique suite aux attentats de Paris et Bruxelles \u00bb\" class=\"read-more\" href=\"https:\/\/bruxelles-pantheres.be\/?p=3057\" aria-label=\"En savoir plus sur \u00ab Sources d\u2019inqui\u00e9tude : Les r\u00e9ponses anti-terroristes de la Belgique suite aux attentats de Paris et Bruxelles \u00bb\">Lire la suite<\/a><\/p>\n","protected":false},"author":1,"featured_media":2403,"comment_status":"open","ping_status":"open","sticky":false,"template":"","format":"standard","meta":{"footnotes":""},"categories":[36,4,8,18,28,17,5],"tags":[31,14,23,54,29],"class_list":["post-3057","post","type-post","status-publish","format-standard","has-post-thumbnail","hentry","category-europe","category-islamophobie","category-prisons","category-resistance-bruxelles","category-racismes","category-video","category-violence-policiere","tag-belgique","tag-bruxelles","tag-discrimination","tag-police","tag-torture"],"_links":{"self":[{"href":"https:\/\/bruxelles-pantheres.be\/index.php?rest_route=\/wp\/v2\/posts\/3057","targetHints":{"allow":["GET"]}}],"collection":[{"href":"https:\/\/bruxelles-pantheres.be\/index.php?rest_route=\/wp\/v2\/posts"}],"about":[{"href":"https:\/\/bruxelles-pantheres.be\/index.php?rest_route=\/wp\/v2\/types\/post"}],"author":[{"embeddable":true,"href":"https:\/\/bruxelles-pantheres.be\/index.php?rest_route=\/wp\/v2\/users\/1"}],"replies":[{"embeddable":true,"href":"https:\/\/bruxelles-pantheres.be\/index.php?rest_route=%2Fwp%2Fv2%2Fcomments&post=3057"}],"version-history":[{"count":2,"href":"https:\/\/bruxelles-pantheres.be\/index.php?rest_route=\/wp\/v2\/posts\/3057\/revisions"}],"predecessor-version":[{"id":3060,"href":"https:\/\/bruxelles-pantheres.be\/index.php?rest_route=\/wp\/v2\/posts\/3057\/revisions\/3060"}],"wp:featuredmedia":[{"embeddable":true,"href":"https:\/\/bruxelles-pantheres.be\/index.php?rest_route=\/wp\/v2\/media\/2403"}],"wp:attachment":[{"href":"https:\/\/bruxelles-pantheres.be\/index.php?rest_route=%2Fwp%2Fv2%2Fmedia&parent=3057"}],"wp:term":[{"taxonomy":"category","embeddable":true,"href":"https:\/\/bruxelles-pantheres.be\/index.php?rest_route=%2Fwp%2Fv2%2Fcategories&post=3057"},{"taxonomy":"post_tag","embeddable":true,"href":"https:\/\/bruxelles-pantheres.be\/index.php?rest_route=%2Fwp%2Fv2%2Ftags&post=3057"}],"curies":[{"name":"wp","href":"https:\/\/api.w.org\/{rel}","templated":true}]}}