{"id":3061,"date":"2016-11-29T16:13:52","date_gmt":"2016-11-29T15:13:52","guid":{"rendered":"https:\/\/bruxelles-pantheres.be\/?p=3061"},"modified":"2016-11-29T21:11:49","modified_gmt":"2016-11-29T20:11:49","slug":"solidarite-avec-moad-et-sa-famille","status":"publish","type":"post","link":"https:\/\/bruxelles-pantheres.be\/?p=3061","title":{"rendered":"Solidarit\u00e9 avec Moad et sa famille"},"content":{"rendered":"<p><strong><em>Le contr\u00f4le d\u2019identit\u00e9 est un rappel \u00e0 l\u2019ordre <\/em><\/strong><\/p>\n<p><strong><em>\u2013 non pas \u00e0 l\u2019ordre public, mais \u00e0 l\u2019ordre social.<\/em><\/strong><\/p>\n<p><a href=\"https:\/\/bruxelles-pantheres.be\/wp-content\/uploads\/2016\/11\/15032091_1092666897495352_8007799049530550476_n.png\"><img decoding=\"async\" class=\"alignnone size-full wp-image-3062\" src=\"https:\/\/bruxelles-pantheres.be\/wp-content\/uploads\/2016\/11\/15032091_1092666897495352_8007799049530550476_n.png\" alt=\"15032091_1092666897495352_8007799049530550476_n\" width=\"960\" height=\"361\" srcset=\"https:\/\/bruxelles-pantheres.be\/wp-content\/uploads\/2016\/11\/15032091_1092666897495352_8007799049530550476_n.png 960w, https:\/\/bruxelles-pantheres.be\/wp-content\/uploads\/2016\/11\/15032091_1092666897495352_8007799049530550476_n-300x113.png 300w, https:\/\/bruxelles-pantheres.be\/wp-content\/uploads\/2016\/11\/15032091_1092666897495352_8007799049530550476_n-768x289.png 768w\" sizes=\"(max-width: 960px) 100vw, 960px\" \/><\/a><\/p>\n<p>\u00ab<em>Ils m\u2019ont insult\u00e9 de tous les noms: fils de p\u2026, sale arabe\u2026\u00bb J\u2019ai eu deux coups de matraque. En me mettant par terre, une polici\u00e8re m\u2019a serr\u00e9 les menottes pendant que ses coll\u00e8gues me frappaient. Y avait un policier qui me donnait des shots sur mon visage. Ensuite, ils m\u2019ont plaqu\u00e9 contre le capot d\u2019une voiture<\/em>\u00bb\u2026<\/p>\n<p><strong>Ces fait remonte au 11 janvier 2013 \u00e0\u00a0 Molenbeek alors que Moad Touil, 14 ans, se rend au pas de course chez lui, pour chercher son sac de sport afin de se rendre \u00e0 son club de sport.<\/strong><\/p>\n<p><a href=\"https:\/\/bruxelles-pantheres.be\/wp-content\/uploads\/2013\/11\/735067_372142779548584_89325439_n.jpg\"><img decoding=\"async\" class=\"alignnone size-full wp-image-352\" src=\"https:\/\/bruxelles-pantheres.be\/wp-content\/uploads\/2013\/11\/735067_372142779548584_89325439_n.jpg\" alt=\"735067_372142779548584_89325439_n\" width=\"960\" height=\"720\" srcset=\"https:\/\/bruxelles-pantheres.be\/wp-content\/uploads\/2013\/11\/735067_372142779548584_89325439_n.jpg 960w, https:\/\/bruxelles-pantheres.be\/wp-content\/uploads\/2013\/11\/735067_372142779548584_89325439_n-300x225.jpg 300w, https:\/\/bruxelles-pantheres.be\/wp-content\/uploads\/2013\/11\/735067_372142779548584_89325439_n-768x576.jpg 768w\" sizes=\"(max-width: 960px) 100vw, 960px\" \/><\/a><\/p>\n<p>Les violences polici\u00e8res ne sont pas des bavures,<strong> la situation de Moad n\u2019est pas un cas isol\u00e9, elles figurent un durcissement g\u00e9n\u00e9ralis\u00e9 des pratiques polici\u00e8res.<\/strong><\/p>\n<p>Le terme \u00ab\u00a0bavure\u00a0\u00bb pour d\u00e9signer ces violences, nous fait penser que celles-ci ne serais que des accidents isol\u00e9s. Ils sont au contraire le r\u00e9sultat des politiques racistes et s\u00e9curitaires men\u00e9es par les gouvernements successifs.<\/p>\n<p>Ces derni\u00e8res ann\u00e9es ont \u00e9t\u00e9 marqu\u00e9es par une escalade de la r\u00e9pression polici\u00e8re \u00e0 Bruxelles.<\/p>\n<p>La violence raciste de la police n\u2019est pas une nouveaut\u00e9. Elle n\u2019est\u00a0malheureusement pas la seule r\u00e9alit\u00e9 des populations noires am\u00e9ricaines aux Etats-Unis. Elle semble dans notre pays aussi, devenir banals.<\/p>\n<p>Nous n\u2019avons pas besoin d\u2019 \u00ab\u00a0\u00e9tude\u00a0\u00bb pour d\u00e9montrer l\u2019existence de l\u2019ordre raciste, la vie quotidienne nous le d\u00e9montre tous les jours.<\/p>\n<p>Pour la majorit\u00e9 des habitant.e.s des quartiers populaire de Bruxelles, le racisme de la police est une \u00e9vidence qui n\u2019a besoin d\u2019\u00eatre \u00e9tablie par aucune autorit\u00e9, tandis qu\u2019il est sous-estim\u00e9 par toute la classe politique.<\/p>\n<p>C\u2019est dans ce contexte de multiplications des abus policiers, au moment o\u00f9 l\u2019expression de la parole raciste se lib\u00e8re ouvertement, que nous manifestons notre solidarit\u00e9 \u00e0 Moad et sa famille.<\/p>\n<p>&nbsp;<\/p>\n<p><strong>\u00ab\u00a0APPEL AU RASSEMBLEMENT JUSTICE POUR MOAD<\/strong><strong><br \/>\n<\/strong><br \/>\n<em>Ce proc\u00e8s devant avoir lieu en juin a \u00e9t\u00e9 report\u00e9, comme c&rsquo;est souvent le cas lors de jugement de policiers. Il semble que la mobilisation faite autour de ce proc\u00e8s d\u00e9range car la date \u00e0 chang\u00e9 \u00e0 plusieurs reprise.<\/em><\/p>\n<p>Ce 30 Novembre 2016 aura donc lieu le proc\u00e8s des 5 policiers qui en Janvier 2013 ont tabass\u00e9 \u00e0 coups de matraques et de coups de pieds Moad, 14 ans \u00e0 l&rsquo;\u00e9poque, alors qu&rsquo;il rentrait simplement chez lui. Ce proc\u00e8s est l&rsquo;aboutissement de la tr\u00e8s longue bataille politique men\u00e9e par la famille pour que soit reconnue la v\u00e9rit\u00e9 et que leur fils obtienne justice.<\/p>\n<p>A travers le cas de Moad, il s&rsquo;agit aussi de d\u00e9noncer les abus et les violences quotidiennes subies par de nombre de jeunes.<\/p>\n<p>Rassemblons-nous ce 30 Novembre pour soutenir Moad et d\u00e9noncer les brutalit\u00e9s polici\u00e8res et le racisme d&rsquo;Etat.<br \/>\nPour que cessent les contr\u00f4les au faci\u00e8s et l&rsquo;impunit\u00e9 de la police.<\/p>\n<p>La campagne Stop R\u00e9pression et la Nouvelle Voie Anticoloniale avec les JOC Bruxelles appellent l&rsquo;ensemble de la soci\u00e9t\u00e9 \u00e0 participer au rassemblement \u00ab\u00a0JUSTICE POUR MOAD\u00a0\u00bb qui est organis\u00e9 \u00e0 Bruxelles ce mercredi 30 Novembre \u00e0 partir de 14h devant le palais de justice.<\/p>\n<p>Ensemble, nous porterons ces revendications!\u00a0\u00bb <a href=\"#_edn1\" name=\"_ednref1\"><strong>[i]<\/strong><\/a><br \/>\n<a href=\"https:\/\/www.facebook.com\/events\/284007888660981\/\">Bruxelles Panth\u00e8res appelle \u00e0 participer au rassemblement \u00ab\u00a0JUSTICE POUR MOAD\u00a0\u00bb qui est organis\u00e9 \u00e0 Bruxelles ce mercredi 30 Novembre \u00e0 partir de 09h00 devant le palais de justice de Bruxelles.<\/a><\/p>\n<p>A une concertation urgente entre toutes les organisations qui luttent quotidiennement et sans concession contre le Racisme d\u2019Etat et les violences polici\u00e8res pour d\u00e9finir un plan d\u2019action \u00e0 m\u00eame de rendre visibles toutes les initiatives que m\u00e8nent en premi\u00e8re ligne les familles des victimes des violences polici\u00e8res.<\/p>\n<p><a href=\"#_ednref1\" name=\"_edn1\">[i]<\/a> <a href=\"https:\/\/www.facebook.com\/events\/284007888660981\/\">https:\/\/www.facebook.com\/events\/653567208145624\/?active_tab=about<\/a><\/p>\n","protected":false},"excerpt":{"rendered":"<p>Le contr\u00f4le d\u2019identit\u00e9 est un rappel \u00e0 l\u2019ordre \u2013 non pas \u00e0 l\u2019ordre public, mais \u00e0 l\u2019ordre social. \u00abIls m\u2019ont insult\u00e9 de tous les noms: fils de p\u2026, sale arabe\u2026\u00bb J\u2019ai eu deux coups de matraque. En me mettant par terre, une polici\u00e8re m\u2019a serr\u00e9 les menottes pendant que ses coll\u00e8gues me frappaient. Y avait &#8230; <a title=\"Solidarit\u00e9 avec Moad et sa famille\" class=\"read-more\" href=\"https:\/\/bruxelles-pantheres.be\/?p=3061\" aria-label=\"En savoir plus sur Solidarit\u00e9 avec Moad et sa famille\">Lire la suite<\/a><\/p>\n","protected":false},"author":1,"featured_media":3062,"comment_status":"open","ping_status":"open","sticky":false,"template":"","format":"standard","meta":{"footnotes":""},"categories":[4,18,28,5],"tags":[31,14,54],"class_list":["post-3061","post","type-post","status-publish","format-standard","has-post-thumbnail","hentry","category-islamophobie","category-resistance-bruxelles","category-racismes","category-violence-policiere","tag-belgique","tag-bruxelles","tag-police"],"_links":{"self":[{"href":"https:\/\/bruxelles-pantheres.be\/index.php?rest_route=\/wp\/v2\/posts\/3061","targetHints":{"allow":["GET"]}}],"collection":[{"href":"https:\/\/bruxelles-pantheres.be\/index.php?rest_route=\/wp\/v2\/posts"}],"about":[{"href":"https:\/\/bruxelles-pantheres.be\/index.php?rest_route=\/wp\/v2\/types\/post"}],"author":[{"embeddable":true,"href":"https:\/\/bruxelles-pantheres.be\/index.php?rest_route=\/wp\/v2\/users\/1"}],"replies":[{"embeddable":true,"href":"https:\/\/bruxelles-pantheres.be\/index.php?rest_route=%2Fwp%2Fv2%2Fcomments&post=3061"}],"version-history":[{"count":2,"href":"https:\/\/bruxelles-pantheres.be\/index.php?rest_route=\/wp\/v2\/posts\/3061\/revisions"}],"predecessor-version":[{"id":3072,"href":"https:\/\/bruxelles-pantheres.be\/index.php?rest_route=\/wp\/v2\/posts\/3061\/revisions\/3072"}],"wp:featuredmedia":[{"embeddable":true,"href":"https:\/\/bruxelles-pantheres.be\/index.php?rest_route=\/wp\/v2\/media\/3062"}],"wp:attachment":[{"href":"https:\/\/bruxelles-pantheres.be\/index.php?rest_route=%2Fwp%2Fv2%2Fmedia&parent=3061"}],"wp:term":[{"taxonomy":"category","embeddable":true,"href":"https:\/\/bruxelles-pantheres.be\/index.php?rest_route=%2Fwp%2Fv2%2Fcategories&post=3061"},{"taxonomy":"post_tag","embeddable":true,"href":"https:\/\/bruxelles-pantheres.be\/index.php?rest_route=%2Fwp%2Fv2%2Ftags&post=3061"}],"curies":[{"name":"wp","href":"https:\/\/api.w.org\/{rel}","templated":true}]}}