{"id":3064,"date":"2016-11-30T16:20:06","date_gmt":"2016-11-30T15:20:06","guid":{"rendered":"https:\/\/bruxelles-pantheres.be\/?p=3064"},"modified":"2016-11-29T16:31:09","modified_gmt":"2016-11-29T15:31:09","slug":"communiquer-de-presse-du-collectif-memoire-coloniale-et-lutte-contre-les-discriminations","status":"publish","type":"post","link":"https:\/\/bruxelles-pantheres.be\/?p=3064","title":{"rendered":"Communiquer de Presse du Collectif M\u00e9moire Coloniale et Lutte contre les Discriminations"},"content":{"rendered":"<div id=\"js_5g\" class=\"_5pbx userContent\" data-ft=\"{&quot;tn&quot;:&quot;K&quot;}\">\n<p>COMMUNIQU\u00c9 : LES PARTIS POLITIQUES DOIVENT CLAIREMENT PRENDRE POSITION SUR L&rsquo;HISTOIRE DE LA COLONISATION ET DE L&rsquo;IMMIGRATION AFRICAINE EN BELGIQUE<\/p>\n<p><a href=\"https:\/\/bruxelles-pantheres.be\/wp-content\/uploads\/2016\/11\/15193533_1233653233392665_7811687400674261290_n.png\"><img decoding=\"async\" class=\"alignnone size-full wp-image-3065\" src=\"https:\/\/bruxelles-pantheres.be\/wp-content\/uploads\/2016\/11\/15193533_1233653233392665_7811687400674261290_n.png\" alt=\"15193533_1233653233392665_7811687400674261290_n\" width=\"960\" height=\"653\" srcset=\"https:\/\/bruxelles-pantheres.be\/wp-content\/uploads\/2016\/11\/15193533_1233653233392665_7811687400674261290_n.png 960w, https:\/\/bruxelles-pantheres.be\/wp-content\/uploads\/2016\/11\/15193533_1233653233392665_7811687400674261290_n-300x204.png 300w, https:\/\/bruxelles-pantheres.be\/wp-content\/uploads\/2016\/11\/15193533_1233653233392665_7811687400674261290_n-768x522.png 768w\" sizes=\"(max-width: 960px) 100vw, 960px\" \/><\/a><\/p>\n<p>Ce mercredi 24 novembre 2016, un emballement m\u00e9diatique et politique est n\u00e9 suite \u00e0 la prise de position de la d\u00e9put\u00e9e bruxelloise Catherine Moureaux sur l\u2019enseignement de l\u2019Histoire coloniale et de l\u2019immigration dans nos \u00e9coles. Nous nous \u00e9tonnons de l\u2019emballement soudain de certains partis politiques sur ce sujet.<br \/>\nEn effet, d\u00e8s sa fondation en 2012, notre Mouvement, le Collectif M\u00e9moire Coloniale et Lutte contre les Discriminations (CMCLD) a men\u00e9 plusieurs d\u00e9marches politiques et institutionnelles sur cette question en direction des principaux partis politiques et de certaines institutions sp\u00e9cialis\u00e9es sur le sujet.<\/p>\n<p>Notre Charte, qui a \u00e9t\u00e9 transmise \u00e0 tous ces partis, pr\u00e9conisait entre autres, l\u2019obligation de l\u2019enseignement de l\u2019histoire coloniale et de l\u2019immigration dans les \u00e9coles aux niveaux primaire et secondaire, la promotion des lieux de m\u00e9moire et la sensibilisation sur la contribution positive des personnes non europ\u00e9ennes en g\u00e9n\u00e9ral et issues des anciennes colonies en particulier au prestige et au d\u00e9veloppement \u00e9conomique, social et culturel de la Belgique, la mise en place d\u2019un Institut ou d\u2019une fondation sur l\u2019histoire coloniale, ainsi que le r\u00e9tablissement des chaires d\u2019Histoire de l\u2019Afrique dans les universit\u00e9s.<\/p>\n<p>Depuis lors, le CMCLD a men\u00e9 plusieurs actions dans ce sens, en particulier :<br \/>\n&#8211; un colloque sur ces questions, tenu le 7 d\u00e9cembre 2012 en partenariat avec le Mus\u00e9e Royal de l\u2019Afrique Centrale, le Centre Interf\u00e9d\u00e9ral pour l\u2019\u00c9galit\u00e9 des Chances et le bureau d\u2019\u00e9tudes \u00c9topia.<br \/>\n&#8211; plusieurs rencontres et initiatives dont le soutien \u00e0 la r\u00e9solution parlementaire d\u00e9pos\u00e9e par Ecolo sur le travail que l\u2019\u00c9tat belge doit effectuer sur ce sujet.<br \/>\n&#8211; des actions de communication telles que la participation et la prise de position, le 6 novembre 2016, du Coordinateur du CMCLD dans l\u2019\u00e9mission \u00ab M\u00e9moire d\u2019un Continent \u00bb de l\u2019historien \u00c9likia Mbokolo sur Radio France Internationale dans le cadre du projet du 9e volume de l\u2019Histoire g\u00e9n\u00e9rale de l\u2019Afrique initi\u00e9 par l\u2019UNESCO.<\/p>\n<p>En 186 ans d\u2019existence, la Belgique a plus de 80 ans d\u2019histoire coloniale avec l\u2019Afrique, notamment la R\u00e9publique D\u00e9mocratique du Congo, le Rwanda et le Burundi. Des d\u00e9cennies d\u2019histoire migratoire la lie \u00e9galement aux citoyens belges d\u2019origine maghr\u00e9bine. Mais cette Histoire est encore tr\u00e8s peu pr\u00e9sente dans les \u00e9coles en raison de l\u2019absence d\u2019initiative de l\u2019\u00c9tat pour le rendre contraignant. Il n\u2019existe aucune institution d\u00e9di\u00e9e \u00e0 la vulgarisation de cette Histoire qui concerne tous les Belges.<br \/>\nOn ne peut pas promouvoir le mieux vivre ensemble dans une soci\u00e9t\u00e9 v\u00e9ritablement tol\u00e9rante si on utilise \u00e0 g\u00e9om\u00e9trie variable l\u2019outil capital que constitue l\u2019Histoire. L\u2019ignorance de l\u2019Histoire, entretenue ou voulue fait partie des moteurs de l\u2019attrait des populismes et de la radicalisation d\u2019une frange de la soci\u00e9t\u00e9. Cette ignorance m\u00e9morielle ne peut qu\u2019accentuer la flamb\u00e9e actuelle de n\u00e9grophobie, d\u2019islamophobie, d\u2019antis\u00e9mitisme, de x\u00e9nophobie, de racisme en g\u00e9n\u00e9ral et des discriminations raciales en particulier.<\/p>\n<p>L\u2019occultation de l\u2019Histoire renforce ainsi un racisme \u00ab d\u00e9complex\u00e9 \u00bb qui, si nous ne prenons garde, risque de gangr\u00e9ner durablement notre soci\u00e9t\u00e9. R\u00e9cemment, la tenue par des \u00e9tudiants de rallyes n\u00e9grophobes dans certains milieux universitaires belges prouvent \u00e0 suffisance que toutes les couches de la soci\u00e9t\u00e9 sont touch\u00e9es. Une soci\u00e9t\u00e9 v\u00e9ritablement tol\u00e9rante ne peut se construire que par la promotion de citoyens conscients, critiques et respectueux des droits humains fondamentaux. L\u2019enseignement de l\u2019Histoire et la promotion de la m\u00e9moire sont deux moteurs essentiels dans la construction d\u2019une telle soci\u00e9t\u00e9.<\/p>\n<p>Fort de toutes les raisons \u00e9voqu\u00e9es ci-dessus, le CMCLD appelle les partis politiques \u00e0 prendre clairement position sur cette question primordiale et r\u00e9it\u00e8re \u00e0 leur endroit ses revendications contenues dans sa charte fondatrice.<\/p>\n<p><a href=\"https:\/\/www.facebook.com\/memoirecoloniale\/photos\/a.278116328946365.63899.247460732011925\/1233653233392665\/?type=3&amp;theater\">Pour le Comit\u00e9 de Pilotage du CMCLD,<\/a><br \/>\n<a href=\"https:\/\/www.facebook.com\/memoirecoloniale\/photos\/a.278116328946365.63899.247460732011925\/1233653233392665\/?type=3&amp;theater\">Le Coordinateur,<\/a><br \/>\n<a href=\"https:\/\/www.facebook.com\/lumumbacalvino?fref=ts\">Kalvin SOIRESSE NJALL<\/a><\/p>\n<\/div>\n","protected":false},"excerpt":{"rendered":"<p>COMMUNIQU\u00c9 : LES PARTIS POLITIQUES DOIVENT CLAIREMENT PRENDRE POSITION SUR L&rsquo;HISTOIRE DE LA COLONISATION ET DE L&rsquo;IMMIGRATION AFRICAINE EN BELGIQUE Ce mercredi 24 novembre 2016, un emballement m\u00e9diatique et politique est n\u00e9 suite \u00e0 la prise de position de la d\u00e9put\u00e9e bruxelloise Catherine Moureaux sur l\u2019enseignement de l\u2019Histoire coloniale et de l\u2019immigration dans nos \u00e9coles. &#8230; <a title=\"Communiquer de Presse du Collectif M\u00e9moire Coloniale et Lutte contre les Discriminations\" class=\"read-more\" href=\"https:\/\/bruxelles-pantheres.be\/?p=3064\" aria-label=\"En savoir plus sur Communiquer de Presse du Collectif M\u00e9moire Coloniale et Lutte contre les Discriminations\">Lire la suite<\/a><\/p>\n","protected":false},"author":1,"featured_media":2754,"comment_status":"open","ping_status":"open","sticky":false,"template":"","format":"standard","meta":{"footnotes":""},"categories":[1,21,7,18,28],"tags":[31,14,23],"class_list":["post-3064","post","type-post","status-publish","format-standard","has-post-thumbnail","hentry","category-non-classe","category-anti-imperialisme","category-negrophobie","category-resistance-bruxelles","category-racismes","tag-belgique","tag-bruxelles","tag-discrimination"],"_links":{"self":[{"href":"https:\/\/bruxelles-pantheres.be\/index.php?rest_route=\/wp\/v2\/posts\/3064","targetHints":{"allow":["GET"]}}],"collection":[{"href":"https:\/\/bruxelles-pantheres.be\/index.php?rest_route=\/wp\/v2\/posts"}],"about":[{"href":"https:\/\/bruxelles-pantheres.be\/index.php?rest_route=\/wp\/v2\/types\/post"}],"author":[{"embeddable":true,"href":"https:\/\/bruxelles-pantheres.be\/index.php?rest_route=\/wp\/v2\/users\/1"}],"replies":[{"embeddable":true,"href":"https:\/\/bruxelles-pantheres.be\/index.php?rest_route=%2Fwp%2Fv2%2Fcomments&post=3064"}],"version-history":[{"count":1,"href":"https:\/\/bruxelles-pantheres.be\/index.php?rest_route=\/wp\/v2\/posts\/3064\/revisions"}],"predecessor-version":[{"id":3066,"href":"https:\/\/bruxelles-pantheres.be\/index.php?rest_route=\/wp\/v2\/posts\/3064\/revisions\/3066"}],"wp:featuredmedia":[{"embeddable":true,"href":"https:\/\/bruxelles-pantheres.be\/index.php?rest_route=\/wp\/v2\/media\/2754"}],"wp:attachment":[{"href":"https:\/\/bruxelles-pantheres.be\/index.php?rest_route=%2Fwp%2Fv2%2Fmedia&parent=3064"}],"wp:term":[{"taxonomy":"category","embeddable":true,"href":"https:\/\/bruxelles-pantheres.be\/index.php?rest_route=%2Fwp%2Fv2%2Fcategories&post=3064"},{"taxonomy":"post_tag","embeddable":true,"href":"https:\/\/bruxelles-pantheres.be\/index.php?rest_route=%2Fwp%2Fv2%2Ftags&post=3064"}],"curies":[{"name":"wp","href":"https:\/\/api.w.org\/{rel}","templated":true}]}}