{"id":3067,"date":"2016-12-05T07:56:09","date_gmt":"2016-12-05T06:56:09","guid":{"rendered":"https:\/\/bruxelles-pantheres.be\/?p=3067"},"modified":"2016-11-29T17:09:25","modified_gmt":"2016-11-29T16:09:25","slug":"il-faut-quon-parle-des-deguisements-racistes","status":"publish","type":"post","link":"https:\/\/bruxelles-pantheres.be\/?p=3067","title":{"rendered":"Il faut qu\u2019on parle des \u00abd\u00e9guisements\u00bb racistes !"},"content":{"rendered":"<div class=\"clearfix _2ko1\">\n<div class=\"_6a _5v1q rfloat _ohf\">\n<div class=\"_6a _6b\">\n<div><span class=\"_5v1l _11s4\"><a href=\"https:\/\/www.facebook.com\/events\/362861157391412\/?ref=1&amp;action_history=%5B%7B%22surface%22%3A%22permalink%22%2C%22mechanism%22%3A%22surface%22%2C%22extra_data%22%3A%5B%5D%7D%5D\" data-testid=\"event-permalink-event-name\">Zwarte Piet &amp; blackface : origines &amp; explications<\/a><\/span><\/div>\n<\/div>\n<\/div>\n<\/div>\n<div><\/div>\n<div>\n<ul>\n<li class=\"_3slj\">\n<div class=\"_36hm\">\n<table class=\"uiGrid _51mz\" cellspacing=\"0\" cellpadding=\"0\">\n<tbody>\n<tr class=\"_51mx\">\n<td class=\"_51m- _4930 _51mw\">\n<div class=\"_xkh\">\n<div class=\"_6a\">\n<div class=\"_6a _6b\">\n<div class=\"_5xhk\"><strong><a href=\"https:\/\/www.facebook.com\/events\/calendar?adjusted_ts=1481011200&amp;open_popup_on_init=1\" rel=\"dialog\">mardi 6 d\u00e9cembre<\/a> \u00e0 18:00 &#8211; 21:00<\/strong><\/div>\n<\/div>\n<\/div>\n<\/div>\n<\/td>\n<\/tr>\n<\/tbody>\n<\/table>\n<\/div>\n<\/li>\n<li class=\"_3slj\">\n<div class=\"_36hm\">\n<table class=\"uiGrid _51mz\" cellspacing=\"0\" cellpadding=\"0\">\n<tbody>\n<tr class=\"_51mx\">\n<td class=\"_51m-\"><\/td>\n<td class=\"_51m- _4930 _51mw\">\n<div class=\"_xkh\">\n<div class=\"_6a\">\n<div class=\"_6a _6b\"><\/div>\n<div class=\"_6a _6b\"><strong><span class=\"_5xhk\">Universit\u00e9 libre de Bruxelles Auditoire: UB2.252A<\/span><\/strong><\/div>\n<\/div>\n<\/div>\n<\/td>\n<\/tr>\n<\/tbody>\n<\/table>\n<\/div>\n<\/li>\n<\/ul>\n<\/div>\n<div class=\"clearfix _2ko1\">\n<div class=\"_6a _5v1q rfloat _ohf\">\n<div><span class=\"_4n-j fsl\"><span class=\"_4n-j fsl\"><strong>Une conf\u00e9rence sur Zwarte Piet \/ le P\u00e8re fouettard.<\/strong><br \/>\nAlors qu&rsquo;aux Pays-Bas et en Flandre, la question de Zwarte Piet est mise sur la table, du c\u00f4t\u00e9 francophone, c&rsquo;est le silence radio.<br \/>\nCette ann\u00e9e, la Nouvelle Voie Anticoloniale a d\u00e9cid\u00e9 de poser les questions qui f\u00e2chent et d&rsquo;arr\u00eater de pr\u00e9tendre que Zwarte Piet n&rsquo;est pas probl\u00e9matique.<\/span><\/span>Durant cette conf\u00e9rence, nous reviendrons sur l&rsquo;historique de ce personnage, sur les luttes men\u00e9es aux Pays-Bas pour s&rsquo;en d\u00e9barrasser mais nous parlerons aussi plus globalement du folklore colonial belge. (Zwarte Piet, les Noirauds, le Sauvage \u00e0 Ath, le blackface en tant que d\u00e9guisement de f\u00eate&#8230;)<\/p>\n<\/div>\n<\/div>\n<\/div>\n<hgroup>\n<h5><a href=\"https:\/\/bruxelles-pantheres.be\/wp-content\/uploads\/2016\/11\/14991808_700598363438866_3645078568531474244_n.jpg\"><img decoding=\"async\" class=\"alignnone size-full wp-image-3069\" src=\"https:\/\/bruxelles-pantheres.be\/wp-content\/uploads\/2016\/11\/14991808_700598363438866_3645078568531474244_n.jpg\" alt=\"14991808_700598363438866_3645078568531474244_n\" width=\"960\" height=\"960\" srcset=\"https:\/\/bruxelles-pantheres.be\/wp-content\/uploads\/2016\/11\/14991808_700598363438866_3645078568531474244_n.jpg 960w, https:\/\/bruxelles-pantheres.be\/wp-content\/uploads\/2016\/11\/14991808_700598363438866_3645078568531474244_n-300x300.jpg 300w, https:\/\/bruxelles-pantheres.be\/wp-content\/uploads\/2016\/11\/14991808_700598363438866_3645078568531474244_n-150x150.jpg 150w, https:\/\/bruxelles-pantheres.be\/wp-content\/uploads\/2016\/11\/14991808_700598363438866_3645078568531474244_n-768x768.jpg 768w\" sizes=\"(max-width: 960px) 100vw, 960px\" \/><\/a><\/h5>\n<h5 id=\"post-title\">Il faut qu\u2019on parle des \u00abd\u00e9guisements\u00bb racistes qu\u2019on peut acheter sur\u00a0internet<\/h5>\n<\/hgroup>\n<p class=\"description\">Un \u00abset africain\u00bb, \u00abune perruque africaine avec os\u00bb ou encore \u00abun set zulu\u00bb.<\/p>\n<div class=\"c user-bg\">\n<div class=\"user-bylines tasty-mobile-bpage-bylines-round2\">\n<div class=\"\">\n<div class=\"byline \">\n<p><a class=\"byline\" href=\"https:\/\/www.buzzfeed.com\/jenniferpadjemi?language=fr\" data-action=\"user\/avatar\"> <img decoding=\"async\" class=\"byline__avatar\" src=\"https:\/\/img.buzzfeed.com\/buzzfeed-static\/static\/2015-04\/21\/3\/user_images\/webdr12\/jenniferpadjemi-v2-2642-1429601885-20_large.jpg\" alt=\"Jennifer Padjemi\" \/> <\/a><\/p>\n<div class=\"byline__body\">\n<p>Jennifer Padjemi<\/p>\n<div class=\"byline__title\">Journaliste chez BuzzFeed, France<\/div>\n<\/div>\n<\/div>\n<\/div>\n<\/div>\n<\/div>\n<div class=\"byline__title\"><\/div>\n<div class=\"byline__title\">\n<div data-print=\"body\">\n<div id=\"buzz_sub_buzz\" class=\"bf_dom c suplist_none suplist_list_hide \" data-bfa=\"@l:Subbuzz;\">\n<div id=\"superlist_4407162_10061060\" class=\"buzz_superlist_item buzz-superlist-item buzz_superlist_item_text buzz-superlist-item-text buzz_superlist_item_wide \">\n<div class=\"solid\">\n<h4 class=\"subbuzz_name\" data-subbuzz-id=\"10061060\"><strong>Le d\u00e9bat sur <a href=\"https:\/\/www.buzzfeed.com\/jenniferpadjemi\/est-ce-que-vous-connaissez-vraiment-lorigine-de-ces-tendance\">l\u2019appropriation culturelle<\/a> et sur la <i><a href=\"https:\/\/www.buzzfeed.com\/piekhe\/je-ne-serai-pas-votre-deguisement-dhalloween\">blackface<\/a><\/i> n\u2019a jamais \u00e9t\u00e9 aussi pr\u00e9sent que ces derni\u00e8res ann\u00e9es. Est-ce qu\u2019on a le droit de tout porter au nom <a href=\"https:\/\/www.buzzfeed.com\/sheridanwatson\/marc-jacobs-a-fait-porter-des-dreadlocks-a-ses-mannequins\">de la mode<\/a>? Peut-on se d\u00e9guiser en tout sous pr\u00e9texte que c\u2019est <a href=\"http:\/\/www.huffingtonpost.com\/entry\/if-you-choose-to-wear-blackface-on-halloween-youre-just-plain-racist_us_580f692ce4b000d0b1588dda\">Halloween<\/a> ou parce que <a href=\"https:\/\/www.buzzfeed.com\/paulaveline\/des-etudiants-dune-ecole-de-commerce-en-blackface-pour-une-s\">c\u2019est \u00abfun\u00bb<\/a>?<\/strong><\/h4>\n<h4 class=\"sub_buzz_desc\"><strong>Voici une petite s\u00e9lection (non exhaustive) de ce qu\u2019on peut trouver sur internet:<\/strong><\/h4>\n<\/div>\n<\/div>\n<div id=\"superlist_4407162_10060930\" class=\"buzz_superlist_item buzz-superlist-item buzz_superlist_item_image buzz-superlist-item-image buzz_superlist_item_wide image_hit \">\n<div class=\"solid\">\n<h4 class=\"subbuzz_name\" data-subbuzz-id=\"10060930\"><strong>Un \u00abd\u00e9guisement africain homme\u00bb (\u00e0 50,99\u20ac!!), d\u00e9crit comme \u00abid\u00e9al pour [vos] <a href=\"http:\/\/www.deguisetoi.fr\/p-174415-deguisement-africain-homme.html?type=product\">soir\u00e9es cr\u00e9oles ou africaines<\/a>\u00bb.<\/strong><\/h4>\n<div class=\"sub_buzz_content\">\n<div class=\"share-box bf_dom\" data-bfa=\"@l:Subbuz-Share;\"><\/div>\n<p><img decoding=\"async\" class=\"bf_dom image not-graphic-image js-image js-not-graphic \" src=\"https:\/\/img.buzzfeed.com\/buzzfeed-static\/static\/2016-11\/28\/5\/asset\/buzzfeed-prod-fastlane02\/sub-buzz-9166-1480327539-3.png\" alt=\"Un \u00abd\u00e9guisement africain homme\u00bb (\u00e0 50,99\u20ac!!), d\u00e9crit comme \u00abid\u00e9al pour [vos] soir\u00e9es cr\u00e9oles ou africaines\u00bb.\" width=\"625\" height=\"848\" \/><\/p>\n<\/div>\n<div class=\"sub_buzz_source_via buzz_attribution\"><a href=\"http:\/\/www.deguisetoi.fr\/p-174415-deguisement-africain-homme.html?type=product\" target=\"_blank\">deguisetoi.fr<\/a><\/div>\n<p class=\"sub_buzz_desc_w_attr\">Qu\u2019est-ce que c\u2019est au juste les soir\u00e9es cr\u00e9oles ou africaines?<\/p>\n<\/div>\n<\/div>\n<div id=\"superlist_4407162_10060986\" class=\"buzz_superlist_item buzz-superlist-item buzz_superlist_item_image buzz-superlist-item-image buzz_superlist_item_wide image_hit \">\n<div class=\"solid\">\n<h4 class=\"subbuzz_name\" data-subbuzz-id=\"10060986\">Il y aussi la version femme \u00abcomprenant une tunique, une jupe et un calot imprim\u00e9s de <a href=\"http:\/\/www.ruedelafete.com\/deguisement-africaine-18835.html\">rayures de couleurs vives<\/a>\u00bb.<\/h4>\n<div class=\"sub_buzz_content\">\n<div class=\"share-box bf_dom\" data-bfa=\"@l:Subbuz-Share;\"><\/div>\n<p><img decoding=\"async\" class=\"bf_dom image not-graphic-image js-image js-not-graphic \" src=\"https:\/\/img.buzzfeed.com\/buzzfeed-static\/static\/2016-11\/28\/5\/asset\/buzzfeed-prod-fastlane01\/sub-buzz-24120-1480328176-1.png\" alt=\"Il y aussi la version femme \u00abcomprenant une tunique, une jupe et un calot imprim\u00e9s de rayures de couleurs vives\u00bb.\" width=\"625\" height=\"1372\" \/><\/p>\n<\/div>\n<div class=\"sub_buzz_source_via buzz_attribution\"><a href=\"http:\/\/www.ruedelafete.com\/deguisement-africaine-18835.html\" target=\"_blank\">ruedelafete.com<\/a><\/div>\n<p class=\"sub_buzz_desc_w_attr\">Ah oui, les couleurs vives c\u2019est bien connu.<\/p>\n<\/div>\n<\/div>\n<div id=\"superlist_4407162_10060950\" class=\"buzz_superlist_item buzz-superlist-item buzz_superlist_item_image buzz-superlist-item-image buzz_superlist_item_wide image_hit \">\n<div class=\"solid\">\n<h2 class=\"subbuzz_name\" data-subbuzz-id=\"10060950\">Un \u00abset africain\u00bb.<\/h2>\n<div class=\"sub_buzz_content\">\n<div class=\"share-box bf_dom\" data-bfa=\"@l:Subbuz-Share;\"><\/div>\n<p><img decoding=\"async\" class=\"bf_dom image not-graphic-image js-image js-not-graphic \" src=\"https:\/\/img.buzzfeed.com\/buzzfeed-static\/static\/2016-11\/28\/5\/asset\/buzzfeed-prod-fastlane01\/sub-buzz-22248-1480327639-1.png\" alt=\"Un \u00abset africain\u00bb.\" width=\"625\" height=\"594\" \/><\/p>\n<\/div>\n<div class=\"sub_buzz_source_via buzz_attribution\"><a href=\"http:\/\/www.deguisetoi.fr\/p-172616-set-africain-adulte.html?type=product\" target=\"_blank\">deguisetoi.fr<\/a><\/div>\n<p class=\"sub_buzz_desc_w_attr\">\u00c7a veut dire quoi \u00abset africain\u00bb, sachant que l\u2019Afrique est un continent compos\u00e9 de 54 pays avec des cultures et des langues diff\u00e9rentes\u2026<\/p>\n<\/div>\n<\/div>\n<div id=\"superlist_4407162_10060949\" class=\"buzz_superlist_item buzz-superlist-item buzz_superlist_item_image buzz-superlist-item-image buzz_superlist_item_wide image_hit \">\n<div class=\"solid\">\n<h4 class=\"subbuzz_name\" data-subbuzz-id=\"10060949\">Une \u00abperruque africaine marron\u00bb, \u00abid\u00e9ale pour agr\u00e9menter [vos] costumes \u00e0 <a href=\"http:\/\/www.deguisetoi.fr\/p-170049-perruque-africaine-marron-adulte.html?type=product\">connotation africaine<\/a> lors de vos soir\u00e9es d\u00e9guis\u00e9es\u00bb.<\/h4>\n<div class=\"sub_buzz_content\">\n<div class=\"share-box bf_dom\" data-bfa=\"@l:Subbuz-Share;\"><\/div>\n<p><img decoding=\"async\" class=\"bf_dom image not-graphic-image js-image js-not-graphic \" src=\"https:\/\/img.buzzfeed.com\/buzzfeed-static\/static\/2016-11\/28\/5\/asset\/buzzfeed-prod-fastlane03\/sub-buzz-18307-1480327597-5.png\" alt=\"Une \u00abperruque africaine marron\u00bb, \u00abid\u00e9ale pour agr\u00e9menter [vos] costumes \u00e0 connotation africaine lors de vos soir\u00e9es d\u00e9guis\u00e9es\u00bb.\" width=\"625\" height=\"535\" \/><\/p>\n<\/div>\n<div class=\"sub_buzz_source_via buzz_attribution\"><a href=\"http:\/\/www.deguisetoi.fr\/p-170049-perruque-africaine-marron-adulte.html?type=product\" target=\"_blank\">deguisetoi.fr<\/a><\/div>\n<p class=\"sub_buzz_desc_w_attr\">Cette perruque signifierait que tous les africains ont le m\u00eame type de chevelure et petite question, cette femme s\u2019est-elle peinte en marron pour la photo? Oui, oui, \u00e7a s\u2019appelle une <i><a href=\"https:\/\/www.buzzfeed.com\/piekhe\/je-ne-serai-pas-votre-deguisement-dhalloween\">blackface<\/a><\/i>. Parce que m\u00eame si porter une perruque nomm\u00e9e \u00abperruque africaine\u00bb est d\u00e9j\u00e0 limite, le fait de se peindre le visage en marron est <a href=\"http:\/\/www.slate.fr\/story\/129269\/blackface-histoire-france\">carr\u00e9ment raciste<\/a>.<\/p>\n<\/div>\n<\/div>\n<div id=\"superlist_4407162_10060990\" class=\"buzz_superlist_item buzz-superlist-item buzz_superlist_item_image buzz-superlist-item-image buzz_superlist_item_wide image_hit \">\n<div class=\"solid\">\n<h4 class=\"subbuzz_name\" data-subbuzz-id=\"10060990\">Un \u00abd\u00e9guisement Africaine Miss Zoulou\u00bb.<\/h4>\n<div class=\"sub_buzz_content\">\n<div class=\"share-box bf_dom\" data-bfa=\"@l:Subbuz-Share;\"><\/div>\n<p><img decoding=\"async\" class=\"bf_dom image not-graphic-image js-image js-not-graphic \" src=\"https:\/\/img.buzzfeed.com\/buzzfeed-static\/static\/2016-11\/28\/5\/asset\/buzzfeed-prod-fastlane02\/sub-buzz-9856-1480328209-8.png\" alt=\"Un \u00abd\u00e9guisement Africaine Miss Zoulou\u00bb.\" width=\"625\" height=\"639\" \/><\/p>\n<\/div>\n<div class=\"sub_buzz_source_via buzz_attribution\"><a href=\"http:\/\/www.ruedelafete.com\/deguisement-africaine-miss-zoulou-17731.html\" target=\"_blank\">ruedelafete.com<\/a><\/div>\n<p class=\"sub_buzz_desc_w_attr\">Avec comme description: \u00ab<a href=\"http:\/\/www.ruedelafete.com\/deguisement-africaine-miss-zoulou-17731.html\">Rejoignez-moi autour d\u2019un feu<\/a>, et je vous raconterai l\u2019histoire du peuple zoulou, une histoire aussi ancienne que les pierres!\u00bb<\/p>\n<\/div>\n<\/div>\n<div id=\"superlist_4407162_10061032\" class=\"buzz_superlist_item buzz-superlist-item buzz_superlist_item_image buzz-superlist-item-image buzz_superlist_item_wide image_hit \">\n<div class=\"solid\">\n<h2 class=\"subbuzz_name\" data-subbuzz-id=\"10061032\">Un \u00abset bijoux zulu\u00bb.<\/h2>\n<div class=\"sub_buzz_content\">\n<div class=\"share-box bf_dom\" data-bfa=\"@l:Subbuz-Share;\"><\/div>\n<p><img decoding=\"async\" class=\"bf_dom image not-graphic-image js-image js-not-graphic \" src=\"https:\/\/img.buzzfeed.com\/buzzfeed-static\/static\/2016-11\/28\/5\/asset\/buzzfeed-prod-fastlane02\/sub-buzz-11225-1480328634-1.jpg\" alt=\"Un \u00abset bijoux zulu\u00bb.\" width=\"625\" height=\"625\" \/><\/p>\n<\/div>\n<div class=\"sub_buzz_source_via buzz_attribution\"><a href=\"https:\/\/www.fiesta-republic.com\/fr\/10216,39,set-bijoux-zulu.html\" target=\"_blank\">fiesta-republic.com<\/a><\/div>\n<p class=\"sub_buzz_desc_w_attr\">OKI.<\/p>\n<\/div>\n<\/div>\n<div id=\"superlist_4407162_10061012\" class=\"buzz_superlist_item buzz-superlist-item buzz_superlist_item_image buzz-superlist-item-image buzz_superlist_item_wide image_hit \">\n<div class=\"solid\">\n<h4 class=\"subbuzz_name\" data-subbuzz-id=\"10061012\">Un tube de maquillage \u00e0 l\u2019eau couleur \u00ab<a href=\"http:\/\/www.cdiscount.com\/juniors\/deguisement\/tube-maquillage-a-l-eau-30-ml-fardel-brun-africain\/f-120860404-smi3663609162509.html?idOffre=41640298#pres\">brun africain<\/a>\u00bb.<\/h4>\n<div class=\"sub_buzz_content\">\n<div class=\"share-box bf_dom\" data-bfa=\"@l:Subbuz-Share;\"><\/div>\n<p><img decoding=\"async\" class=\"bf_dom image not-graphic-image js-image js-not-graphic \" src=\"https:\/\/img.buzzfeed.com\/buzzfeed-static\/static\/2016-11\/28\/5\/asset\/buzzfeed-prod-fastlane03\/sub-buzz-21106-1480328319-1.jpg\" alt=\"Un tube de maquillage \u00e0 l'eau couleur \u00abbrun africain\u00bb.\" width=\"625\" height=\"625\" \/><\/p>\n<\/div>\n<div class=\"sub_buzz_source_via buzz_attribution\"><a href=\"http:\/\/www.cdiscount.com\/juniors\/deguisement\/tube-maquillage-a-l-eau-30-ml-fardel-brun-africain\/f-120860404-smi3663609162509.html?idOffre=41640298#mpos=2%7Cmp\" target=\"_blank\">cdiscount.com<\/a><\/div>\n<p class=\"sub_buzz_desc_w_attr\">Ce maquillage sert \u00e0 se peindre le visage en noir pour une <i>blackface<\/i>, mais encore une fois \u00eatre noir-e est tout sauf un d\u00e9guisement.<\/p>\n<\/div>\n<\/div>\n<div id=\"superlist_4407162_10062263\" class=\"buzz_superlist_item buzz-superlist-item buzz_superlist_item_image buzz-superlist-item-image buzz_superlist_item_wide image_hit \">\n<div class=\"solid\">\n<h4 class=\"subbuzz_name\" data-subbuzz-id=\"10062263\">Et une autre version en jaune pour \u00abressembler\u00bb \u00e0 une personne asiatique comme le pr\u00e9tend la photo de pr\u00e9sentation.<\/h4>\n<div class=\"sub_buzz_content\">\n<div class=\"share-box bf_dom\" data-bfa=\"@l:Subbuz-Share;\"><\/div>\n<p><img decoding=\"async\" class=\"bf_dom image not-graphic-image js-image js-not-graphic \" src=\"https:\/\/img.buzzfeed.com\/buzzfeed-static\/static\/2016-11\/28\/9\/asset\/buzzfeed-prod-fastlane01\/sub-buzz-29590-1480341600-12.jpg\" alt=\"Et une autre version en jaune pour \u00abressembler\u00bb \u00e0 une personne asiatique comme le pr\u00e9tend la photo de pr\u00e9sentation.\" width=\"625\" height=\"778\" \/><\/p>\n<\/div>\n<div class=\"sub_buzz_source_via buzz_attribution\"><a href=\"http:\/\/www.lafeteagogo.fr\/fard-maquillage-jaune-maquillage-deguisements-2708-643-180-171.z.fr.htm?codesf=4658053349&amp;gclid=CNfRgITOy9ACFZAW0wod0F8IIw\" target=\"_blank\">lafeteagogo.fr<\/a><\/div>\n<p class=\"sub_buzz_desc_w_attr\">La <i><a href=\"http:\/\/www.directmatin.fr\/web\/2016-08-12\/yellow-face-le-bad-buzz-de-snapchat-736226\">yellowface<\/a><\/i> est aussi raciste que la <i><a href=\"https:\/\/www.buzzfeed.com\/piekhe\/je-ne-serai-pas-votre-deguisement-dhalloween\">blackface<\/a><\/i> pour des raisons similaires.<\/p>\n<\/div>\n<\/div>\n<div id=\"superlist_4407162_10061014\" class=\"buzz_superlist_item buzz-superlist-item buzz_superlist_item_image buzz-superlist-item-image buzz_superlist_item_wide image_hit \">\n<div class=\"solid\">\n<h4 class=\"subbuzz_name\" data-subbuzz-id=\"10061014\">Une \u00abperruque africaine\u00bb, \u00ab<a href=\"http:\/\/www.cdiscount.com\/juniors\/deguisement\/perruque-africaine\/f-120860401-auc3664176098659.html?idOffre=131240837#mpos=6%7Cmp&amp;refer=zanoxpb&amp;cid=affil&amp;cm_mmc=zanoxpb-_-1009338&amp;tduid=2238271660824796161\">tr\u00e8s r\u00e9aliste<\/a>\u00bb d\u2019apr\u00e8s le site.<\/h4>\n<div class=\"sub_buzz_content\">\n<div class=\"share-box bf_dom\" data-bfa=\"@l:Subbuz-Share;\"><\/div>\n<p><img decoding=\"async\" class=\"bf_dom image not-graphic-image js-image js-not-graphic \" src=\"https:\/\/img.buzzfeed.com\/buzzfeed-static\/static\/2016-11\/28\/5\/asset\/buzzfeed-prod-fastlane03\/sub-buzz-21031-1480328338-1.jpg\" alt=\"Une \u00abperruque africaine\u00bb, \u00abtr\u00e8s r\u00e9aliste\u00bb d'apr\u00e8s le site.\" width=\"625\" height=\"625\" \/><\/p>\n<\/div>\n<div class=\"sub_buzz_source_via buzz_attribution\"><a href=\"http:\/\/www.cdiscount.com\/juniors\/deguisement\/perruque-africaine\/f-120860401-auc3664176098659.html?idOffre=131240837#mpos=6%7Cmp\" target=\"_blank\">cdiscount.com<\/a><\/div>\n<p class=\"sub_buzz_desc_w_attr\">R\u00e9aliste? Vraiment? Ah je savais pas que tous les Africains avaient les cheveux coiff\u00e9s comme \u00e7a, avec les l\u00e8vres rouges et les sourcils paillet\u00e9s.<\/p>\n<\/div>\n<\/div>\n<div id=\"superlist_4407162_10061019\" class=\"buzz_superlist_item buzz-superlist-item buzz_superlist_item_image buzz-superlist-item-image buzz_superlist_item_wide image_hit \">\n<div class=\"solid\">\n<h4 class=\"subbuzz_name\" data-subbuzz-id=\"10061019\">Un \u00abset zoulou\u00bb.<\/h4>\n<div class=\"sub_buzz_content\">\n<div class=\"share-box bf_dom\" data-bfa=\"@l:Subbuz-Share;\"><\/div>\n<p><img decoding=\"async\" class=\"bf_dom image not-graphic-image js-image js-not-graphic \" src=\"https:\/\/img.buzzfeed.com\/buzzfeed-static\/static\/2016-11\/28\/5\/asset\/buzzfeed-prod-fastlane03\/sub-buzz-20772-1480328399-1.jpg\" alt=\"Un \u00abset zoulou\u00bb.\" width=\"625\" height=\"625\" \/><\/p>\n<\/div>\n<div class=\"sub_buzz_source_via buzz_attribution\"><a href=\"http:\/\/www.cdiscount.com\/juniors\/deguisement\/set-zoulou\/f-1208601-wid8003558337408.html?idOffre=131212472#mpos=13%7Cmp\" target=\"_blank\">cdiscount.com<\/a><\/div>\n<p class=\"sub_buzz_desc_w_attr\">Sans commentaire.<\/p>\n<\/div>\n<\/div>\n<div id=\"superlist_4407162_10061027\" class=\"buzz_superlist_item buzz-superlist-item buzz_superlist_item_image buzz-superlist-item-image buzz_superlist_item_wide image_hit \">\n<div class=\"solid\">\n<h4 class=\"subbuzz_name\" data-subbuzz-id=\"10061027\">Et enfin, une \u00abperruque Afrique avec os\u00bb.<\/h4>\n<div class=\"sub_buzz_content\">\n<div class=\"share-box bf_dom\" data-bfa=\"@l:Subbuz-Share;\"><\/div>\n<p><img decoding=\"async\" class=\"bf_dom image not-graphic-image js-image js-not-graphic \" src=\"https:\/\/img.buzzfeed.com\/buzzfeed-static\/static\/2016-11\/28\/5\/asset\/buzzfeed-prod-fastlane01\/sub-buzz-24158-1480328516-3.jpg\" alt=\"Et enfin, une \u00abperruque Afrique avec os\u00bb.\" width=\"625\" height=\"625\" \/><\/p>\n<\/div>\n<p class=\"sub_buzz_desc\">Avec comme <a href=\"http:\/\/www.cdiscount.com\/juniors\/deguisement\/perruque-afrique-avec-os\/f-120860401-smi3663609203011.html?idOffre=41653240#mpos=24%7Cmp\">description<\/a>: \u00abSaga Africa, saga Africa, ambiance de la brousse\u2026\u00bb<\/p>\n<\/div>\n<\/div>\n<\/div>\n<\/div>\n<div class=\"zone\"><\/div>\n<div id=\"mod-inline-promo-1\" class=\"js-inline-promo\" data-module=\"inline-promo\"><\/div>\n<div class=\"user-bio\">\n<div class=\"user-bio__main-text\">Jennifer Padjemi est journaliste chez BuzzFeed France et travaile depuis Paris.<\/div>\n<\/div>\n<\/div>\n","protected":false},"excerpt":{"rendered":"<p>Zwarte Piet &amp; blackface : origines &amp; explications mardi 6 d\u00e9cembre \u00e0 18:00 &#8211; 21:00 Universit\u00e9 libre de Bruxelles Auditoire: UB2.252A Une conf\u00e9rence sur Zwarte Piet \/ le P\u00e8re fouettard. Alors qu&rsquo;aux Pays-Bas et en Flandre, la question de Zwarte Piet est mise sur la table, du c\u00f4t\u00e9 francophone, c&rsquo;est le silence radio. Cette ann\u00e9e, &#8230; <a title=\"Il faut qu\u2019on parle des \u00abd\u00e9guisements\u00bb racistes !\" class=\"read-more\" href=\"https:\/\/bruxelles-pantheres.be\/?p=3067\" aria-label=\"En savoir plus sur Il faut qu\u2019on parle des \u00abd\u00e9guisements\u00bb racistes !\">Lire la suite<\/a><\/p>\n","protected":false},"author":1,"featured_media":2826,"comment_status":"open","ping_status":"open","sticky":false,"template":"","format":"standard","meta":{"footnotes":""},"categories":[7,18,28],"tags":[31,188,14,23,15],"class_list":["post-3067","post","type-post","status-publish","format-standard","has-post-thumbnail","hentry","category-negrophobie","category-resistance-bruxelles","category-racismes","tag-belgique","tag-blackface","tag-bruxelles","tag-discrimination","tag-resistance"],"_links":{"self":[{"href":"https:\/\/bruxelles-pantheres.be\/index.php?rest_route=\/wp\/v2\/posts\/3067","targetHints":{"allow":["GET"]}}],"collection":[{"href":"https:\/\/bruxelles-pantheres.be\/index.php?rest_route=\/wp\/v2\/posts"}],"about":[{"href":"https:\/\/bruxelles-pantheres.be\/index.php?rest_route=\/wp\/v2\/types\/post"}],"author":[{"embeddable":true,"href":"https:\/\/bruxelles-pantheres.be\/index.php?rest_route=\/wp\/v2\/users\/1"}],"replies":[{"embeddable":true,"href":"https:\/\/bruxelles-pantheres.be\/index.php?rest_route=%2Fwp%2Fv2%2Fcomments&post=3067"}],"version-history":[{"count":2,"href":"https:\/\/bruxelles-pantheres.be\/index.php?rest_route=\/wp\/v2\/posts\/3067\/revisions"}],"predecessor-version":[{"id":3071,"href":"https:\/\/bruxelles-pantheres.be\/index.php?rest_route=\/wp\/v2\/posts\/3067\/revisions\/3071"}],"wp:featuredmedia":[{"embeddable":true,"href":"https:\/\/bruxelles-pantheres.be\/index.php?rest_route=\/wp\/v2\/media\/2826"}],"wp:attachment":[{"href":"https:\/\/bruxelles-pantheres.be\/index.php?rest_route=%2Fwp%2Fv2%2Fmedia&parent=3067"}],"wp:term":[{"taxonomy":"category","embeddable":true,"href":"https:\/\/bruxelles-pantheres.be\/index.php?rest_route=%2Fwp%2Fv2%2Fcategories&post=3067"},{"taxonomy":"post_tag","embeddable":true,"href":"https:\/\/bruxelles-pantheres.be\/index.php?rest_route=%2Fwp%2Fv2%2Ftags&post=3067"}],"curies":[{"name":"wp","href":"https:\/\/api.w.org\/{rel}","templated":true}]}}