{"id":3087,"date":"2016-12-07T00:00:19","date_gmt":"2016-12-06T23:00:19","guid":{"rendered":"https:\/\/bruxelles-pantheres.be\/?p=3087"},"modified":"2016-12-07T00:00:19","modified_gmt":"2016-12-06T23:00:19","slug":"zwarte-piet-blackface-en-belgique","status":"publish","type":"post","link":"https:\/\/bruxelles-pantheres.be\/?p=3087","title":{"rendered":"Zwarte Piet &#038; blackface en Belgique"},"content":{"rendered":"<p>COMMUNIQU\u00c9\u00a0DE PRESSE :<\/p>\n<p>&nbsp;<\/p>\n<p><strong>Rassemblement de protestation et conf\u00e9rence de sensibilisation contre le ph\u00e9nom\u00e8ne raciste du \u00ab\u00a0Blackface\u00a0\u00bb incarn\u00e9 par le \u00ab\u00a0P\u00e8re Fouettard\u00a0\u00bb ce mardi 6 d\u00e9cembre \u00e0 l\u2019ULB<\/strong><\/p>\n<p><strong>\u00a0\u00a0\u00a0\u00a0\u00a0\u00a0\u00a0\u00a0 <\/strong>Tous les 6 D\u00e9cembre, les Belges c\u00e9l\u00e8brent\u00a0 la \u00ab<em>\u00a0Saint-Nicolas<\/em>\u00a0\u00bb. La l\u00e9gende veut que ce c\u00e9l\u00e8bre Saint viennne r\u00e9compenser les enfants sages par des cadeaux, tandis que le P\u00e8re Fouettard punit ceux qui ne se sont pas bien comport\u00e9s. Parents et enfants sont pr\u00e9par\u00e9s des semaines \u00e0 l\u2019avance pour cet \u00e9v\u00e9nement, alors que les magasins et les publicit\u00e9s se remplissent d\u2019images de ces personnages.<\/p>\n<p>Le probl\u00e8me, c\u2019est que le P<em>\u00e8re fouettard<\/em> est interpr\u00e9t\u00e9 par des Blancs qui griment leur visage en noir. Ils enfilent \u00e9galement des perruques afros et \u00e9paississent leurs l\u00e8vres au rouge \u00e0 l\u00e8vres. En se d\u00e9guisant ainsi, ils jouent le r\u00f4le d\u2019une caricature asservie, b\u00eate, enfantine et clownesque qui aide le vieux Saint blanc et sage \u00e0 mener \u00e0 bien son travail, tandis que ce dernier contemple son serviteur de mani\u00e8re paternaliste.<\/p>\n<p>Depuis plus de 2 semaines, nous menons une campagne anti-blackface au c\u0153ur des institutions universitaires. Nous sommes interloqu\u00e9-e-s par le manque d\u2019interrogation dont font preuve les Universit\u00e9s face \u00e0 cette pratique immonde, n\u00e9e durant l\u2019esclavage et la colonisation, et qui contribue \u00e0 la transmission des st\u00e9r\u00e9otypes et \u00e0 la reproduction des clivages raciaux. Nous avons \u00e9galement pu observer comment le d\u00e9bat autour du <em>Blackface <\/em>a expos\u00e9 le racisme latent et la x\u00e9nophobie de notre soci\u00e9t\u00e9 et comment le discours dominant a \u00e9volu\u00e9.<\/p>\n<p>Nous n\u2019accepterons jamais les moqueries li\u00e9es au folklore colonial belge, en particulier celle du P\u00e8re Fouettard, et nous comptons le faire comprendre par les moyens que nous jugerons les plus ad\u00e9quats.<\/p>\n<p>Comme le d\u00e9clarait Malcolm X\u00a0: \u00ab\u00a0<em>g\u00e9n\u00e9ralement, lorsque les gens sont tristes, ils ne font rien. Ils ne font que pleurer sur leur condition. Mais lorsqu\u2019ils se mettent en col\u00e8re, ils peuvent provoquer un changement<\/em>\u00a0\u00bb. Pendant longtemps, la majorit\u00e9 des personnes noires et des personnes issues des minorit\u00e9s n\u2019ont pas r\u00e9ussi \u00e0 faire entendre leurs pr\u00e9occupations, leur d\u00e9sespoir et la complaisance dont ils faisaient les frais, mais ceci a d\u00e9sormais chang\u00e9.<\/p>\n<p>En ce jour de Saint-Nicolas, nous lib\u00e9rons le P\u00e8re Fouettard de son sinistre d\u00e9guisement et nous appelons tou-te-s les citoyen-ne-s belges \u00e0 se joindre \u00e0 ce mouvement d\u00e9colonial visant la Belgique et ses institutions, en commen\u00e7ant par ses Universit\u00e9s. Tout le monde en sortira gagnant.<\/p>\n<p>Comment est-il possible qu\u2019aujourd\u2019hui, des personnes avec qui nous partageons notre vie sociale, scolaire et professionnelle aient le r\u00e9flexe de se grimer en noir pour se d\u00e9guiser en Africain ? Ne serait-ce pas plut\u00f4t pour \u00ab singer \u00bb leurs concitoyen-ne-s noir-e-s ? Nous r\u00e9sisterons dor\u00e9navant en tous lieux et en toutes p\u00e9riodes \u00e0 ces actes qui sont non seulement ridicules, immondes mais surtout racistes et plus pr\u00e9cis\u00e9ment n\u00e9grophobes.<\/p>\n<p>La protestation contre le <em>Blackface <\/em>est bien plus qu\u2019une simple protestation contre une \u00ab\u00a0caricature raciste\u00a0\u00bb et contre le P\u00e8re Fouettard. Ce mouvement de contestation est essentiellement une lutte symbolique contre les in\u00e9galit\u00e9s structurelles, les micro-agressions, le racisme et les discriminations qui ont \u00e9t\u00e9 normalis\u00e9es \u00e0 travers les routines du quotidien, le discours dominant et les traditions, mais aussi via des structures telles que le march\u00e9 du travail et le syst\u00e8me \u00e9ducatif.<\/p>\n<p>Ce 6 d\u00e9cembre, nous nous rassemblerons sur le campus de l\u2019ULB devant l\u2019exposition \u00ab Notre Congo \u00bb pour d\u00e9montrer \u00e0 quel point les institutions universitaires se retrouvent dans une situation hypocrite et paradoxale. Non seulement, l\u2019Universit\u00e9 abrite une exposition qui d\u00e9nonce la propagande coloniale du Congo belge, mais en m\u00eame temps, elle ne veut pas condamner les traditions totalement d\u00e9pass\u00e9es du blackface que beaucoup de Belges (notamment des \u00e9tudiant-e-s) continuent \u00e0 pratiquer.<\/p>\n<p>Ensuite, ce m\u00eame jour, se tiendra \u00e9galement \u00e0 l\u2019ULB une conf\u00e9rence sur Zwarte Piet et le blackface en d\u00e9veloppant tr\u00e8s clairement en quoi et pourquoi ce personnage est raciste.<\/p>\n<p>La date de cette conf\u00e9rence n\u2019a \u00e9videmment pas \u00e9t\u00e9 choisie au hasard. La Saint-Nicolas n\u2019est malheureusement pas une f\u00eate heureuse pour tous les enfants. Aujourd\u2019hui encore, beaucoup d\u2019enfants noirs sont moqu\u00e9s et traumatis\u00e9s par cette f\u00eate \u00e0 cause du caract\u00e8re raciste du P\u00e8re fouettard.<\/p>\n<p>Nous sommes en marche pour la d\u00e9colonisation de la Belgique et nous commen\u00e7ons par ses lieux de production des savoirs. A ce jour, les Universit\u00e9s ont \u00e9t\u00e9 sourdes \u00e0 notre requ\u00eate et assument ainsi, leur caract\u00e8re oppressif et raciste. A l\u2019instar des autres institutions du pays, l\u2019Universit\u00e9 pr\u00e9f\u00e8re faire la sourde oreille au profit du racisme au lieu d\u2019\u00e9couter l\u2019appel de ses \u00e9tudiant-e-s racis\u00e9-e-s.<\/p>\n<p><strong>Nous m\u00e8nerons ces diff\u00e9rentes actions demain \u00e0 partir de 17 h sur le campus du Solbosch de l\u2019ULB. Nous lan\u00e7ons un appel \u00e0 tous les antiracistes ainsi qu\u2019\u00e0 tou-te-s celles et ceux qui sont en faveur d\u2019une v\u00e9ritable d\u00e9colonisation de la Belgique et les invitons \u00e0 nous rejoindre.<\/strong><\/p>\n<p>Avec\u00a0:<\/p>\n<ul>\n<li>Le CMCLD (Collectif M\u00e9moire Coloniale et Lutte contre les Discriminations)<\/li>\n<li>Bruxelles Panth\u00e8res<\/li>\n<\/ul>\n<p>La Nouvelle Voie Anticoloniale<\/p>\n","protected":false},"excerpt":{"rendered":"<p>COMMUNIQU\u00c9\u00a0DE PRESSE : &nbsp; Rassemblement de protestation et conf\u00e9rence de sensibilisation contre le ph\u00e9nom\u00e8ne raciste du \u00ab\u00a0Blackface\u00a0\u00bb incarn\u00e9 par le \u00ab\u00a0P\u00e8re Fouettard\u00a0\u00bb ce mardi 6 d\u00e9cembre \u00e0 l\u2019ULB \u00a0\u00a0\u00a0\u00a0\u00a0\u00a0\u00a0\u00a0 Tous les 6 D\u00e9cembre, les Belges c\u00e9l\u00e8brent\u00a0 la \u00ab\u00a0Saint-Nicolas\u00a0\u00bb. La l\u00e9gende veut que ce c\u00e9l\u00e8bre Saint viennne r\u00e9compenser les enfants sages par des cadeaux, tandis que &#8230; <a title=\"Zwarte Piet &#038; blackface en Belgique\" class=\"read-more\" href=\"https:\/\/bruxelles-pantheres.be\/?p=3087\" aria-label=\"En savoir plus sur Zwarte Piet &#038; blackface en Belgique\">Lire la suite<\/a><\/p>\n","protected":false},"author":1,"featured_media":1318,"comment_status":"open","ping_status":"open","sticky":false,"template":"","format":"standard","meta":{"footnotes":""},"categories":[1,36,7,18,28],"tags":[31,84,14,23],"class_list":["post-3087","post","type-post","status-publish","format-standard","has-post-thumbnail","hentry","category-non-classe","category-europe","category-negrophobie","category-resistance-bruxelles","category-racismes","tag-belgique","tag-black-power","tag-bruxelles","tag-discrimination"],"_links":{"self":[{"href":"https:\/\/bruxelles-pantheres.be\/index.php?rest_route=\/wp\/v2\/posts\/3087","targetHints":{"allow":["GET"]}}],"collection":[{"href":"https:\/\/bruxelles-pantheres.be\/index.php?rest_route=\/wp\/v2\/posts"}],"about":[{"href":"https:\/\/bruxelles-pantheres.be\/index.php?rest_route=\/wp\/v2\/types\/post"}],"author":[{"embeddable":true,"href":"https:\/\/bruxelles-pantheres.be\/index.php?rest_route=\/wp\/v2\/users\/1"}],"replies":[{"embeddable":true,"href":"https:\/\/bruxelles-pantheres.be\/index.php?rest_route=%2Fwp%2Fv2%2Fcomments&post=3087"}],"version-history":[{"count":1,"href":"https:\/\/bruxelles-pantheres.be\/index.php?rest_route=\/wp\/v2\/posts\/3087\/revisions"}],"predecessor-version":[{"id":3088,"href":"https:\/\/bruxelles-pantheres.be\/index.php?rest_route=\/wp\/v2\/posts\/3087\/revisions\/3088"}],"wp:featuredmedia":[{"embeddable":true,"href":"https:\/\/bruxelles-pantheres.be\/index.php?rest_route=\/wp\/v2\/media\/1318"}],"wp:attachment":[{"href":"https:\/\/bruxelles-pantheres.be\/index.php?rest_route=%2Fwp%2Fv2%2Fmedia&parent=3087"}],"wp:term":[{"taxonomy":"category","embeddable":true,"href":"https:\/\/bruxelles-pantheres.be\/index.php?rest_route=%2Fwp%2Fv2%2Fcategories&post=3087"},{"taxonomy":"post_tag","embeddable":true,"href":"https:\/\/bruxelles-pantheres.be\/index.php?rest_route=%2Fwp%2Fv2%2Ftags&post=3087"}],"curies":[{"name":"wp","href":"https:\/\/api.w.org\/{rel}","templated":true}]}}