{"id":3089,"date":"2016-12-07T15:49:10","date_gmt":"2016-12-07T14:49:10","guid":{"rendered":"https:\/\/bruxelles-pantheres.be\/?p=3089"},"modified":"2016-12-07T15:50:29","modified_gmt":"2016-12-07T14:50:29","slug":"lettre-ouverte-a-ceux-qui-soutiennent-le-regime-de-bachar-el-assad","status":"publish","type":"post","link":"https:\/\/bruxelles-pantheres.be\/?p=3089","title":{"rendered":"Lettre ouverte \u00e0 ceux qui soutiennent le r\u00e9gime de Bachar el-Assad"},"content":{"rendered":"<h5><a href=\"https:\/\/bruxelles-pantheres.be\/wp-content\/uploads\/2016\/12\/bashar-al-assad-mort-faux.jpg\"><img decoding=\"async\" class=\"size-full wp-image-3090 aligncenter\" src=\"https:\/\/bruxelles-pantheres.be\/wp-content\/uploads\/2016\/12\/bashar-al-assad-mort-faux.jpg\" alt=\"\" width=\"661\" height=\"921\" srcset=\"https:\/\/bruxelles-pantheres.be\/wp-content\/uploads\/2016\/12\/bashar-al-assad-mort-faux.jpg 661w, https:\/\/bruxelles-pantheres.be\/wp-content\/uploads\/2016\/12\/bashar-al-assad-mort-faux-215x300.jpg 215w\" sizes=\"(max-width: 661px) 100vw, 661px\" \/><\/a><\/h5>\n<h5>Lettre ouverte \u00e0 ceux qui, au nom de l\u2019anti-imp\u00e9rialisme, soutiennent le r\u00e9gime de Bachar el-Assad<\/h5>\n<p>La contestation massive des dictatures dans le monde arabe (qu\u2019on a globalement qualifi\u00e9 de\u00a0 \u00ab\u00a0printemps arabe\u00a0\u00bb) a commenc\u00e9 en 2010 par des manifestations en Alg\u00e9rie, au Maroc puis en Tunisie. Depuis lors presque tous les pays arabes ont \u00e9t\u00e9 touch\u00e9s, \u00e0 des degr\u00e9s divers, par des r\u00e9voltes populaires. Au-del\u00e0 des situations particuli\u00e8res \u00e0 chaque \u00c9tat, la plupart des participants \u00e0 ces mobilisations ont \u00e9t\u00e9 et sont encore partout motiv\u00e9s par le refus de la mis\u00e8re et de la corruption des classes dirigeantes ainsi que la soif de libert\u00e9.<\/p>\n<p>&nbsp;<\/p>\n<p>Ce que je viens d\u2019\u00e9crire ne sera pas contest\u00e9 par le commun des mortels qui suivent, fut-ce de loin, ces \u00e9v\u00e9nements.<\/p>\n<p>&nbsp;<\/p>\n<p>Pourtant, obs\u00e9d\u00e9s par l\u2019imp\u00e9rialisme des \u00c9tats-Unis d\u2019Am\u00e9rique et de ses alli\u00e9s, une minorit\u00e9, tr\u00e8s active sur les r\u00e9seaux sociaux, minimise ou m\u00eame nie carr\u00e9ment l\u2019existence de ces r\u00e9voltes populaires. Pour elle, ce que certains ont appel\u00e9\u00a0 les \u00ab\u00a0r\u00e9volutions arabes\u00a0\u00bb n\u2019existent tout simplement pas. Si des organisations arm\u00e9es se battent\u00a0 contre des r\u00e9gimes en place, il ne peut s\u2019agir que de mouvements djihadistes ou d\u2019autres organisations, non djihadistes, mais manipul\u00e9es par les djihadistes et\/ou par les Etats-Unis et leurs alli\u00e9s.<\/p>\n<p>&nbsp;<\/p>\n<p>Il en serait de m\u00eame en Syrie, o\u00f9 l\u2019opposition d\u00e9mocratique \u00e0 la dictature du r\u00e9gime de Bachar el-Assad et son bras arm\u00e9, l\u2019Arm\u00e9e Syrienne Libre, soit n\u2019existeraient (quasi) pas, soit seraient au service de l\u2019imp\u00e9rialisme occidental ou instrumentalis\u00e9s par lui. Cet imp\u00e9rialisme occidental est consid\u00e9r\u00e9 par ces \u00ab\u00a0anti-imp\u00e9rialistes\u00a0\u00bb comme l\u2019\u00ab\u00a0ennemi principal\u00a0\u00bb. Ce qui justifie \u00e0 leurs yeux leur soutien \u00e0 ceux qui s\u2019y opposent, \u00e0 commencer par le r\u00e9gime el-Assad et ses alli\u00e9s, L\u2019Iran, La Russie, le Hezbollah libanais. \u00c9galement oppos\u00e9s aux organisations djihadistes, ils consid\u00e8rent que les Am\u00e9ricains et leurs alli\u00e9s sont en grande partie responsables de la naissance et du d\u00e9veloppement de ces groupes.\u00a0 Et, pour eux, ceux qui les combattent le plus efficacement sont les ennemis du \u00ab\u00a0camp occidental\u00a0\u00bb que sont le r\u00e9gime d\u2019el-Assad et ses alli\u00e9s (la Russie, l\u2019Iran, le Hezbollah libanais).<\/p>\n<p>&nbsp;<\/p>\n<p>La famille Assad est au pouvoir en Syrie depuis 1970. Hafez el-Assad, le p\u00e8re de Bachar, a gouvern\u00e9 ce pays d\u2019une main de fer durant\u00a0 30 ans. P\u00e9riode durant laquelle, pour se maintenir au pouvoir, il a commis d\u2019innombrables crimes \u00e0 l\u2019encontre de son peuple.\u00a0 Le plus terrible est le massacre des r\u00e9volt\u00e9s de la ville de Hama en 1982, dont on ne conna\u00eet pas le nombre exact de victimes (les estimations varient entre 7.000 et 35.000). Son fils Bachar lui succ\u00e8de \u00e0 sa mort en 2000. Durant les premiers mois de son \u00ab\u00a0r\u00e8gne\u00a0\u00bb, il donnera l\u2019illusion d\u2019une volont\u00e9 de d\u00e9mocratisation. Mais il suivra ensuite r\u00e9solument la voie ouverte par son p\u00e8re\u00a0: son r\u00e9gime se caract\u00e9risera d\u00e8s lors par l\u2019absence de libert\u00e9s publiques, la corruption, la r\u00e9pression f\u00e9roce de toute contestation y compris de nombreux assassinats, l\u2019utilisation syst\u00e9matique de la torture \u00e0 l\u2019encontre des tr\u00e8s nombreux prisonniers politiques.<\/p>\n<p>&nbsp;<\/p>\n<p>En mars 2011, suivant\u00a0 en cela les exemples tunisien et \u00e9gyptien, ont lieu, en Syrie, les premi\u00e8res manifestations pacifiques exigeant la libert\u00e9 d\u2019expression et critiquant le r\u00e9gime. Ces manifestations seront tout de suite r\u00e9prim\u00e9es tr\u00e8s violemment, \u00e0 tel point que, quelques mois plus tard, on assistera \u00e0 la militarisation de la r\u00e9volte contre le r\u00e9gime et, fin juillet, \u00e0 la naissance de l\u2019Arm\u00e9e Syrienne Libre. De plus en plus de militaires de l\u2019arm\u00e9e syrienne, dont des officiers sup\u00e9rieurs, d\u00e9sertent. Certains d\u2019entre eux rejoignent l\u2019Arm\u00e9e Syrienne Libre.<\/p>\n<p>&nbsp;<\/p>\n<p>Au fil du temps, la r\u00e9volution syrienne s\u2019est transform\u00e9e en guerre civile\u00a0 avec toutes les horreurs qu\u2019entra\u00eenent ce type de conflit.\u00a0 Les organisations djihadistes (essentiellement \u00ab\u00a0Daesh\u00a0\u00bb et le \u00ab\u00a0Front al Nosra\u00a0\u00bb devenu, apr\u00e8s sa rupture avec Al-Qa\u00efda en juillet 2016, le \u00ab\u00a0Front Fatah al-Cham\u00a0\u00bb) y ont pris de plus en plus d\u2019importance. Ces derniers temps, des groupes rebelles non djihadistes, quasi priv\u00e9s de tout soutien militaire ext\u00e9rieur contrairement \u00e0 certains groupes djihadistes, ont \u00e9t\u00e9 parfois amen\u00e9s \u00e0 s\u2019allier avec des groupes du \u00ab\u00a0Front Fatah al-Cham\u00a0\u00bb ou avec d\u2019autres groupes islamistes (mais pas avec Daesh) pour combattre l\u2019arm\u00e9e syrienne.<\/p>\n<p>&nbsp;<\/p>\n<p>Cette complexification du conflit\u00a0 rend difficile pour les d\u00e9mocrates l\u2019organisation d\u2019un mouvement\u00a0 de solidarit\u00e9 de masse avec les partisans d\u2019une Syrie d\u00e9mocratique. Qui faut-il soutenir\u00a0? Et comment\u00a0?<\/p>\n<p>&nbsp;<\/p>\n<p>Mais ce qui devrait \u00eatre clair pour tout d\u00e9mocrate, c\u2019est qu\u2019on ne peut en aucun cas soutenir le r\u00e9gime de Bachar el-Assad.<\/p>\n<p>&nbsp;<\/p>\n<p>Or, comme dit plus haut, au nom de leur \u00abanti-imp\u00e9rialisme\u00a0\u00bb &#8211; en r\u00e9alit\u00e9 de leur opposition \u00e0 la politique imp\u00e9rialiste des seuls \u00c9tats-Unis et de leurs alli\u00e9s, comme s\u2019il n\u2019existait que cet imp\u00e9rialisme-l\u00e0 \u2013 certains d\u00e9fendent le r\u00e9gime d\u2019Assad, pourtant massacreur de son propre peuple. Pour eux, le respect des Droits humains les plus fondamentaux <a href=\"http:\/\/www.un.org\/fr\/universal-declaration-human-rights\/index.html\">(tels qu\u2019ils sont d\u00e9finis dans la D\u00e9claration universelle des Droits de l\u2019Homme de 1948 )<\/a>, dont les libert\u00e9s individuelles et publiques ainsi que le principe de la souverainet\u00e9 populaire, fondement de la d\u00e9mocratie, est consid\u00e9r\u00e9 comme secondaire.\u00a0 Cela je ne peux l\u2019admettre.<\/p>\n<p>&nbsp;<\/p>\n<p>Et, en tant qu\u2019homme de gauche, j\u2019interpelle ici tout particuli\u00e8rement ceux parmi ces \u00ab\u00a0anti-imp\u00e9rialistes\u00a0\u00bb qui se disent eux aussi \u00ab\u00a0de gauche\u00a0\u00bb. Pour moi, \u00eatre de gauche implique avant tout de d\u00e9fendre l\u2019\u00e9galit\u00e9 en droits de tous les \u00eatres humains. Je pense ici en particulier aux droits fondamentaux suivants, contenus dans la D\u00e9claration universelle des Droits de l\u2019Homme mais largement bafou\u00e9s par le r\u00e9gime de Bachar el-Assad \u00a0: droit \u00e0 la vie, \u00e0 la libert\u00e9 et \u00e0 la s\u00fbret\u00e9 de sa personne (article 3)\u00a0; interdiction de la torture (art. 5)\u00a0; interdiction des arrestations, emprisonnements ou exil arbitraires (art.)\u00a0; droit d\u2019\u00eatre jug\u00e9 selon la loi, la m\u00eame pour tous et par des tribunaux ind\u00e9pendants du pouvoir politique (art. 10)\u00a0; droit de circuler librement (art. 13)\u00a0; libert\u00e9s d\u2019opinion, d\u2019expression, de r\u00e9union et d\u2019association (art. 19 et 20)\u00a0; droit \u00e9gal pour tous de participer \u00e0 la vie politique de son pays, d\u2019acc\u00e9der \u00e0 toutes les fonctions publiques, de prendre part aux choix des dirigeants politiques par des \u00e9lections p\u00e9riodiques par le biais du suffrage universel avec vote secret (art. 21)\u00a0; droit de de s\u2019affilier \u00e0 un syndicat existant ou de cr\u00e9er un syndicat (art. 23)\u00a0; droit \u00e0 des cong\u00e9s pay\u00e9s p\u00e9riodiques (art. 24)\u00a0; droit \u00e0 un niveau de revenus suffisant pour assurer son alimentation, son habillement, son logement, sa sant\u00e9, m\u00eame en situation de ch\u00f4mage, de handicap ou de vieillesse\u00a0 (art. 25)\u00a0; droit \u00e0 l\u2019\u00e9ducation (art. 26).<\/p>\n<p>Je ne me consid\u00e8re pas \u00ab\u00a0du m\u00eame bord\u00a0\u00bb que ceux qui consid\u00e8rent que tout cela peut \u00eatre sacrifi\u00e9, m\u00eame \u00ab\u00a0provisoirement\u00a0\u00bb au nom de la priorit\u00e9 que constituerait \u00ab\u00a0la lutte anti-imp\u00e9rialiste\u00a0\u00bb. L\u2019acc\u00e8s au bien-\u00eatre du peuple syrien dans un cadre d\u00e9mocratique est inconciliable avec le maintien du clan Assad au pouvoir.<\/p>\n<p>&nbsp;<\/p>\n<p>Parmi les nombreux groupes arm\u00e9s combattant sur le territoire syrien, certains continuent \u00e0 le faire au nom des droits humains tels qu\u2019ils sont d\u00e9finis dans la D\u00e9claration universelle de 1948, en particulier ceux qui fondent la d\u00e9mocratie politique. Ce sont ces groupes-l\u00e0 et eux seuls qui, \u00e0 mes yeux, m\u00e9ritent le soutien des d\u00e9mocrates du monde entier.<\/p>\n<p>&nbsp;<\/p>\n<p>Michel Staszewski<\/p>\n<p>P.S.\u00a0: cette lettre ouverte peut \u00eatre diffus\u00e9e librement en indiquant le nom de son auteur.<\/p>\n","protected":false},"excerpt":{"rendered":"<p>Lettre ouverte \u00e0 ceux qui, au nom de l\u2019anti-imp\u00e9rialisme, soutiennent le r\u00e9gime de Bachar el-Assad La contestation massive des dictatures dans le monde arabe (qu\u2019on a globalement qualifi\u00e9 de\u00a0 \u00ab\u00a0printemps arabe\u00a0\u00bb) a commenc\u00e9 en 2010 par des manifestations en Alg\u00e9rie, au Maroc puis en Tunisie. Depuis lors presque tous les pays arabes ont \u00e9t\u00e9 touch\u00e9s, &#8230; <a title=\"Lettre ouverte \u00e0 ceux qui soutiennent le r\u00e9gime de Bachar el-Assad\" class=\"read-more\" href=\"https:\/\/bruxelles-pantheres.be\/?p=3089\" aria-label=\"En savoir plus sur Lettre ouverte \u00e0 ceux qui soutiennent le r\u00e9gime de Bachar el-Assad\">Lire la suite<\/a><\/p>\n","protected":false},"author":1,"featured_media":1651,"comment_status":"open","ping_status":"open","sticky":false,"template":"","format":"standard","meta":{"footnotes":""},"categories":[1],"tags":[],"class_list":["post-3089","post","type-post","status-publish","format-standard","has-post-thumbnail","hentry","category-non-classe"],"_links":{"self":[{"href":"https:\/\/bruxelles-pantheres.be\/index.php?rest_route=\/wp\/v2\/posts\/3089","targetHints":{"allow":["GET"]}}],"collection":[{"href":"https:\/\/bruxelles-pantheres.be\/index.php?rest_route=\/wp\/v2\/posts"}],"about":[{"href":"https:\/\/bruxelles-pantheres.be\/index.php?rest_route=\/wp\/v2\/types\/post"}],"author":[{"embeddable":true,"href":"https:\/\/bruxelles-pantheres.be\/index.php?rest_route=\/wp\/v2\/users\/1"}],"replies":[{"embeddable":true,"href":"https:\/\/bruxelles-pantheres.be\/index.php?rest_route=%2Fwp%2Fv2%2Fcomments&post=3089"}],"version-history":[{"count":1,"href":"https:\/\/bruxelles-pantheres.be\/index.php?rest_route=\/wp\/v2\/posts\/3089\/revisions"}],"predecessor-version":[{"id":3091,"href":"https:\/\/bruxelles-pantheres.be\/index.php?rest_route=\/wp\/v2\/posts\/3089\/revisions\/3091"}],"wp:featuredmedia":[{"embeddable":true,"href":"https:\/\/bruxelles-pantheres.be\/index.php?rest_route=\/wp\/v2\/media\/1651"}],"wp:attachment":[{"href":"https:\/\/bruxelles-pantheres.be\/index.php?rest_route=%2Fwp%2Fv2%2Fmedia&parent=3089"}],"wp:term":[{"taxonomy":"category","embeddable":true,"href":"https:\/\/bruxelles-pantheres.be\/index.php?rest_route=%2Fwp%2Fv2%2Fcategories&post=3089"},{"taxonomy":"post_tag","embeddable":true,"href":"https:\/\/bruxelles-pantheres.be\/index.php?rest_route=%2Fwp%2Fv2%2Ftags&post=3089"}],"curies":[{"name":"wp","href":"https:\/\/api.w.org\/{rel}","templated":true}]}}