{"id":3113,"date":"2017-01-02T15:34:59","date_gmt":"2017-01-02T14:34:59","guid":{"rendered":"https:\/\/bruxelles-pantheres.be\/?p=3113"},"modified":"2017-01-02T15:34:59","modified_gmt":"2017-01-02T14:34:59","slug":"lenfermement-en-isolement-ou-la-mise-a-mort-sociale-dali-aarrass","status":"publish","type":"post","link":"https:\/\/bruxelles-pantheres.be\/?p=3113","title":{"rendered":"L\u2019enfermement en isolement ou la mise \u00e0 mort sociale d\u2019Ali Aarrass."},"content":{"rendered":"<nav class=\"container\">\n<div class=\"row\"><\/div>\n<\/nav>\n<section id=\"content\" class=\"container single-article\">\n<div class=\"wrapper\">\n<pre class=\"featimg animated fadeInDown\" data-anim=\"fadeInDown\"><img decoding=\"async\" class=\"img-responsive center-block wp-post-image aligncenter\" src=\"http:\/\/supermax.be\/wp-content\/uploads\/2016\/12\/Tamek-USA.jpg\" alt=\"tamek-usa\" width=\"585\" height=\"329\" \/>\r\n\r\n<em>(photo : Monsieur Tamek donne une conf\u00e9rence sur \u201d L\u2019approche du \r\nMaroc dans la lutte contre l\u2019extr\u00e9misme violent\u201d Washington Institute \r\nfor Near East Policy, le 12 mai 2014.)\u00a0 \r\n<\/em><\/pre>\n<header class=\"topinfo animated bounceIn\" data-anim=\"bounceIn\">\n<h5>L\u2019enfermement en isolement ou la mise \u00e0 mort sociale d\u2019Ali Aarrass : une r\u00e9ponse \u00e0 monsieur Tamek de la DGAPR du Maroc<\/h5>\n<\/header>\n<div class=\"row\">\n<div id=\"main\" class=\"col-sm-9\">\n<article id=\"post-1429\" class=\"post-1429 post type-post status-publish format-standard has-post-thumbnail hentry category-contributing tag-belgiebelgique tag-maroc\">\n<div class=\"textcontent\">\n<p><a href=\"http:\/\/supermax.be\/wp-content\/uploads\/2016\/12\/Solitary-confinement-5.jpg\"><img decoding=\"async\" class=\"alignleft size-medium wp-image-1438 img-responsive\" src=\"http:\/\/supermax.be\/wp-content\/uploads\/2016\/12\/Solitary-confinement-5-300x168.jpg\" alt=\"solitary-confinement-5\" width=\"300\" height=\"168\" \/><\/a><\/p>\n<p>&nbsp;<\/p>\n<p>Luk Vervaet<\/p>\n<p>Les t\u00e9moignages de Farida, sa s\u0153ur,[1] et de Houria, son \u00e9pouse,[2] les deux personnes avec qui Ali Aarrass a eu un contact depuis son transfert \u00e0 la prison de Tiflet, il y a plus de deux mois, sont sans appel. Ali Aarrass est bel et bien enferm\u00e9 en isolement total, dans des conditions inhumaines. Aucune raison n\u2019a \u00e9t\u00e9 donn\u00e9e, ni pour son transfert, ni pour sa mise en isolement.<\/p>\n<p>Les autorit\u00e9s marocaines veulent-elles contraindre d\u00e9finitivement au silence un homme qui n\u2019a pas cess\u00e9 de revendiquer ses droits et de d\u00e9noncer les conditions de d\u00e9tention, les abus et la violence au sein des prisons marocaines\u00a0?<\/p>\n<p>Son transfert \u00e0 Tiflet est survenu deux mois apr\u00e8s la sortie de petites vid\u00e9os sur les abus au sein de la prison de Sal\u00e9 II en juillet et ao\u00fbt 2016.[3] A d\u00e9faut de trouver le(s) coupable(s) pour ces publications clandestines, les autorit\u00e9s ont accus\u00e9 Ali d\u2019en \u00eatre l\u2019auteur. L\u2019homme, qui a toujours assum\u00e9 la responsabilit\u00e9 pour ses actes et ses propos, quel que soit le prix \u00e0 payer, a ni\u00e9. D\u00e9but ao\u00fbt 2016, il a \u00e9t\u00e9 emmen\u00e9 au tribunal o\u00f9 on l\u2019a interrog\u00e9 \u2013 sans avocat \u2013 pour savoir \u00ab\u00a0s\u2019il incitait les autres d\u00e9tenus \u00e0 se r\u00e9volter et s\u2019il tentait de les recruter dans un dessein terroriste\u00a0\u00bb. Au retour du tribunal, il a \u00e9t\u00e9 violemment agress\u00e9 par des cod\u00e9tenus, sans que les autorit\u00e9s r\u00e9agissent. Quinze jours apr\u00e8s la sortie de deux livres sur son affaire en Belgique, fin septembre 2016, Ali est transf\u00e9r\u00e9 \u00e0 Tiflet et mis en isolement total.<\/p>\n<p><strong>En quoi consiste l\u2019enfermement en isolement d\u2019Ali Aarrass\u00a0? <\/strong><\/p>\n<p><a href=\"http:\/\/supermax.be\/wp-content\/uploads\/2016\/12\/Solitary-confinement-1.jpg\"><img decoding=\"async\" class=\"alignleft size-full wp-image-1434 img-responsive\" src=\"http:\/\/supermax.be\/wp-content\/uploads\/2016\/12\/Solitary-confinement-1.jpg\" alt=\"solitary-confinement-1\" width=\"275\" height=\"183\" \/><\/a>Voici les donn\u00e9es dont nous disposons. Ali Aarrass est plac\u00e9 dans une aile de la prison totalement vide. Il reste enferm\u00e9 23h sur 24h dans une cellule de 6m\u00b2. Il sort seul pendant une heure au pr\u00e9au. Il dort sur un bloc de b\u00e9ton, sans matelas. Les couvertures ainsi que la nourriture, apport\u00e9es par sa famille, lui ont \u00e9t\u00e9 refus\u00e9es. Il a droit \u00e0 une douche par semaine. Il ne peut parler \u00e0 personne. Il n\u2019a aucune famille au Maroc et quand son \u00e9pouse a fait le d\u00e9placement depuis Melilla elle n\u2019a pu le voir que pendant une demi-heure. Il ne peut t\u00e9l\u00e9phoner que 5 minutes par semaine, sous la surveillance d\u2019un gardien. L\u2019\u00e9tat de sant\u00e9 d\u2019Ali Aarrass est toujours mauvais. Il souffre de vomissements inexpliqu\u00e9s. Il s\u2019est \u00e9vanoui \u00e0 plusieurs reprises depuis son transfert, mais personne n\u2019est venu pour l\u2019aider, sans doute parce que personne ne l\u2019entend.<\/p>\n<p><strong>\u00ab\u00a0Secrets and lies\u00a0\u00bb<\/strong><\/p>\n<p>S\u2019agissant de ces conditions de d\u00e9tention, la D\u00e9l\u00e9gation g\u00e9n\u00e9rale de l\u2019administration p\u00e9nitentiaire et de la r\u00e9insertion (DGAPR) du Maroc nie tout en bloc. Dans sa r\u00e9ponse du 30 octobre <em>\u00ab\u00a0aux all\u00e9gations d\u2019un blogueur belge au sujet des conditions de d\u00e9tention de Ali Aarrass<\/em>\u00a0\u00bb, publi\u00e9 par le journal 360m[4], elle pr\u00e9tend que mon article ne contient que des \u00ab<em> mensonges pour induire l\u2019opinion publique en erreur et faire pression sur l\u2019administration de l\u2019\u00e9tablissement en vue d\u2019avoir des privil\u00e8ges<\/em>\u00a0\u00bb en faveur d\u2019Ali. Et que \u00ab\u00a0<em>le d\u00e9tenu Ali Aarras et ses d\u00e9fenseurs ont l\u2019habitude de recourir \u00e0 la publication de ce genre de mensonges<\/em>\u00a0\u00bb. Disons que nous avons l\u2019habitude d\u2019\u00eatre toujours confront\u00e9s au m\u00eame d\u00e9ni de la DGAPR quand il s\u2019agit de r\u00e9agir \u00e0 n\u2019importe quel probl\u00e8me signal\u00e9. \u00ab\u00a0<em>Mensonges et pressions<\/em>\u00a0\u00bb quand il s\u2019agissait des nouvelles sur la gr\u00e8ve de la faim d\u2019Ali Aarrass en 2015. \u00ab\u00a0<em>Mensonges et pressions<\/em>\u00a0\u00bb apr\u00e8s la parution de la vid\u00e9o choc, visionn\u00e9e en 2014 \u00e0 l\u2019audience d\u2019un tribunal \u00e0 Bruxelles, montrant Ali Aarrass apr\u00e8s son passage \u00e0 tabac par des gardiens en 2012. \u00ab\u00a0<em>Mensonges et pressions<\/em>\u00a0\u00bb quand Ali a accept\u00e9 d\u2019\u00eatre un des 5 porte-drapeaux de la campagne mondiale d\u2019Amnesty international contre la torture au Maroc.<\/p>\n<p>La question \u00ab\u00a0v\u00e9rit\u00e9 ou mensonges\u00a0\u00bb serait pourtant facile \u00e0 r\u00e9soudre en acceptant la demande officielle belge datant de 2014, et r\u00e9p\u00e9t\u00e9e \u00e0 plusieurs reprises, pour obtenir une visite consulaire belge pour son ressortissant. Cette demande n\u2019a re\u00e7u qu\u2019une r\u00e9ponse en juin 2016, soit un an et demi apr\u00e8s, quand le minist\u00e8re marocain des Affaires \u00e9trang\u00e8res a froidement r\u00e9pondu \u00e0 la Belgique\u00a0: non, nous ne vous accorderons pas de droit de visite ! Ce n\u2019\u00e9tait pas la premi\u00e8re fois que vous refusiez un regard ext\u00e9rieur ou ind\u00e9pendant sur les conditions dans vos prisons. Quand Jeremy Corbyn, l\u2019actuel pr\u00e9sident du Labour Party, a demand\u00e9 officiellement et par lettre, le 1 septembre 2013, de pouvoir rendre visite \u00e0 Ali Aarrass, il a \u00e9t\u00e9 inform\u00e9, le 21 septembre, de votre refus. M\u00eame refus quant \u00e0 la demande de pouvoir envoyer des experts ind\u00e9pendants pour examiner la plainte d\u2019Ali contre la torture. Pourquoi des organisations comme l\u2019AMDH, l\u2019Association marocaine des droits humains, n\u2019ont-elles pas de droit d\u2019acc\u00e8s \u00e0 vos prisons. Si vous \u00eates si s\u00fbr de vous, de quoi avez-vous peur\u00a0?<\/p>\n<p>Prenons votre r\u00e9ponse phrase par phrase et laissons aux lecteurs de juger.<\/p>\n<p><strong>Vous dites\u00a0: \u00ab\u00a0Ali Aarrass b\u00e9n\u00e9ficie de la totalit\u00e9 des droits reconnus par loi pour tous les d\u00e9tenus et sans discrimination\u00a0\u00bb<\/strong><\/p>\n<p>Selon les statistiques officielles de d\u00e9cembre 2016, vous avez 76.794 d\u00e9tenus dans vos prisons. Soit un taux d\u2019incarc\u00e9ration de 222 personnes sur 100.000. 31.334 prisonniers sont en d\u00e9tention pr\u00e9ventive, dont Ali Aarrass qui attend depuis 2012 une r\u00e9ponse \u00e0 sa demande de pourvoi en cassation. Est-ce que sa demande de recevoir une r\u00e9ponse fait partie des privil\u00e8ges qu\u2019Ali Aarrass revendiquerait\u00a0?<\/p>\n<p>Avec pr\u00e8s de 77.000 personnes derri\u00e8re les barreaux, le Maroc devance des pays comme l\u2019Alg\u00e9rie, la Libye ou la Tunisie. Au niveau mondial, le Maroc se situe 19<sup>i\u00e8me<\/sup> dans le classement des pays au monde ayant le plus de d\u00e9tenus.<sup>[5]<\/sup> Avec des cons\u00e9quences dramatiques\u00a0: \u00ab\u00a0<em>L\u2019\u00e9tude r\u00e9v\u00e8le que les 77 prisons du royaume n\u2019ont qu\u2019une capacit\u00e9 d\u2019accueil de \u00ab seulement 40 000 places \u00bb. Ce qui, apr\u00e8s calcul, en revient \u00e0 un taux d\u2019occupation exorbitant de 190%.\u00a0<\/em>\u00bb<sup>[6]<\/sup><\/p>\n<p>Monsieur Tamek, vous qui \u00eates le directeur de la DGAPR, vous savez bien que dans ces circonstances d\u2019enfermement de masse et de surpopulation carc\u00e9rale \u2018exorbitante\u2019, il est tout simplement impossible de parler de \u00ab\u00a0droits des d\u00e9tenus reconnus par la loi\u00a0\u00bb et encore moins de les garantir. Ce n\u2019est pas uniquement un bloggeur belge qui vous le dit. Vos amis du Minist\u00e8re am\u00e9ricain des affaires \u00e9trang\u00e8res ont publi\u00e9 un rapport le 14 avril 2016 sur les prisons marocaines. Leur rapport se base sur des constats de sources gouvernementales et d\u2019ONG. Dans le chapitre consacr\u00e9 aux prisons marocaines, on peut lire : \u00ab <em>Les conditions de d\u00e9tention sont rest\u00e9es m\u00e9diocres et n\u2019ont globalement pas respect\u00e9 les standards internationaux<\/em>\u00a0\u00bb[7].<\/p>\n<p><strong>Vous dites\u00a0: \u00ab<\/strong>\u00a0<strong>Ce d\u00e9tenu re\u00e7oit des repas, d\u2019une mani\u00e8re r\u00e9guli\u00e8re, qui r\u00e9pondent aux crit\u00e8res exig\u00e9s en mati\u00e8re de diversit\u00e9, de quantit\u00e9 et de calories<\/strong>\u00a0\u00bb<\/p>\n<p><a href=\"http:\/\/supermax.be\/wp-content\/uploads\/2016\/12\/Solitary-confinement-4.jpg\"><img decoding=\"async\" class=\"alignleft size-medium wp-image-1437 img-responsive\" src=\"http:\/\/supermax.be\/wp-content\/uploads\/2016\/12\/Solitary-confinement-4-246x300.jpg\" alt=\"solitary-confinement-4\" width=\"246\" height=\"300\" \/><\/a>Monsieur Tamek, comment r\u00e9alisez-vous un tel exploit dans des prisons o\u00f9 l\u2019infrastructure et les cuisines ne sont pr\u00e9vus que pour la moiti\u00e9 des d\u00e9tenus\u00a0? M\u00eame en Belgique, avec seulement un septi\u00e8me de votre population carc\u00e9rale, il y a des prisons o\u00f9 on n\u2019arrive pas \u00e0 nourrir les d\u00e9tenus selon les crit\u00e8res que vous mentionnez.<\/p>\n<p>J\u2019ai pass\u00e9 des heures devant la prison de Sal\u00e9 II et j\u2019ai vu de mes propres yeux les quantit\u00e9s de nourriture que les familles des d\u00e9tenus devaient apporter pour que leurs proches aient suffisamment \u00e0 manger. Constat \u00e0 nouveau confirm\u00e9 par les Am\u00e9ricains dans leur rapport sur les prisons, cit\u00e9 plus haut\u00a0: \u00ab\u00a0\u2026 <em>surpeuplement des prisons et mauvaise qualit\u00e9 et faible quantit\u00e9 de la nourriture qui leur est servie \u00ab surtout en ce qui concerne la distribution de viande [\u2026] les amis et la famille des d\u00e9tenus sont fr\u00e9quemment amen\u00e9s \u00e0 compl\u00e9ter le r\u00e9gime des d\u00e9tenus par des panier-repas<\/em> \u00bb.<\/p>\n<p>Mais retournons \u00e0 Ali Aarrass. En arrivant \u00e0 la prison de Tiflet, le caf\u00e9, les p\u00e2tes, infusions\u2026 qui lui restaient de la prison de Sal\u00e9 lui ont \u00e9t\u00e9 confisqu\u00e9s. Ensuite, l\u2019administration p\u00e9nitentiaire de la prison a refus\u00e9 la nourriture apport\u00e9e par la femme d\u2019Ali Aarrass lors de sa visite. Elle t\u00e9moigne : \u00ab\u00a0<em>Dans cette prison le r\u00e9gime est tr\u00e8s stricte, l\u2019unique chose que peuvent apporter les familles est la nourriture pr\u00e9par\u00e9e et les fruits. C\u2019est apparemment la m\u00eame chose pour tous les d\u00e9tenus dans cette prison. C\u2019est du moins ce qu\u2019ils disent. J\u2019ai demand\u00e9 \u00e0 un fonctionnaire comment c\u2019\u00e9tait possible et il m\u2019a r\u00e9pondu que tout ce que nous apportons peut \u00eatre achet\u00e9 dans le magasin qu\u2019ils ont \u00e0 l\u2019int\u00e9rieur de la prison. Je ne sais pas s\u2019il faut vraiment croire cela, j\u2019ignore \u00e0 quel moment Ali pourrait s\u2019acheter quoi que ce soit alors qu\u2019il est enferm\u00e9 23h\/24. Mais nous veillerons \u00e0 renflouer autant que possible en argent, son compte \u00e0 l\u2019\u00e9conomat de la prison.\u00a0\u00bb<\/em><\/p>\n<p><strong>Vous dites\u00a0: \u00ab\u00a0Il b\u00e9n\u00e9ficie de visites m\u00e9dicales \u00e0 la demande<\/strong><em>\u00a0\u00bb<\/em><\/p>\n<p>Permettez-moi une nouvelle fois de citer le rapport des Affaires \u00e9trang\u00e8res des Etats-Unis concernant l\u2019\u00e9tat des prisons au Maroc. On peut y lire sur les soins de sant\u00e9\u00a0: \u00ab <em>Des agences non gouvernementales locales ont affirm\u00e9 que les prisons ne fournissaient ni d\u2019acc\u00e8s ad\u00e9quat \u00e0 la sant\u00e9, ni une prise en charge adapt\u00e9e aux d\u00e9tenus handicap\u00e9s <\/em>\u00bb.<\/p>\n<p>D\u00e9j\u00e0 \u00e0 Sal\u00e9 II, Ali Aarrass \u00e9tait un d\u00e9tenu avec des probl\u00e8mes de sant\u00e9 multiples, aggrav\u00e9s par sa d\u00e9tention. Je reconnais que vous avez permis deux examens m\u00e9dicaux \u00e0 l\u2019h\u00f4pital depuis qu\u2019il est \u00e0 Tiflet \u2013 un qui a eu lieu, un autre qui a \u00e9t\u00e9 annul\u00e9 parce que la machine \u00e9tait en panne. Mais il se trouve depuis plus de deux mois en isolement et l\u00e0, selon votre propre r\u00e8glement, il ne doit pas <em>demander<\/em> des visites m\u00e9dicales, il doit obligatoirement \u00eatre vu par un m\u00e9decin au moins trois fois par semaine. Je cite l\u2019article 32 du \u00ab\u00a0Dahir n\u00b0 1-99-200 du 13 joumada I 1420 portant promulgation de la loi n\u00b0 23-98 relative \u00e0 l\u2019organisation et au fonctionnement des \u00e9tablissements p\u00e9nitentiaires\u00a0\u00bb\u00a0: \u00ab\u00a0\u00ab\u00a0<em>Les d\u00e9tenus plac\u00e9s \u00e0 l\u2019isolement doivent \u00eatre visit\u00e9s au moins trois fois par semaine par le m\u00e9decin de l\u2019\u00e9tablissement. Lors de chaque visite, celui-ci donne son avis sur l\u2019opportunit\u00e9 de l\u2019isolement ou de sa prolongation. Il peut d\u00e9cider d\u2019y mettre fin<\/em>\u00a0\u00bb[8].<\/p>\n<p><strong>Vous dites\u00a0: \u00ab<\/strong>\u00a0<strong>Il se trouve dans une cellule suffisante pour un d\u00e9tenu, b\u00e9n\u00e9ficiant de toutes les conditions sanitaires<\/strong>\u00a0\u00bb<\/p>\n<p><a href=\"http:\/\/supermax.be\/wp-content\/uploads\/2016\/12\/Solitary-confinement-3.jpg\"><img decoding=\"async\" class=\"alignleft size-medium wp-image-1436 img-responsive\" src=\"http:\/\/supermax.be\/wp-content\/uploads\/2016\/12\/Solitary-confinement-3-300x197.jpg\" alt=\"solitary-confinement-3\" width=\"300\" height=\"197\" \/><\/a>Mais r\u00e9pondez \u00e0 des questions pr\u00e9cises monsieur Tamek\u00a0: est-ce que c\u2019est vrai ou faux qu\u2019Ali Aarrass n\u2019a droit qu\u2019\u00e0 une seule douche par semaine\u00a0? Qu\u2019il dort sur un bloc de b\u00e9ton\u00a0et ne dispose pas de matelas\u00a0? Qu\u2019il est le seul occupant d\u2019une cellule d\u2019un \u00e9tage o\u00f9 toutes les autres cellules sont vides ? Est-ce que la taille de sa cellule est conforme aux r\u00e8gles \u00e9tablies internationalement, c\u2019est-\u00e0-dire entre 7 et 9 m\u00b2, comme disait le journal Le Monde\u00a0: \u00ab\u00a0<em>Bien que le Comit\u00e9 europ\u00e9en pour la pr\u00e9vention de la torture et des peines ou traitements inhumains ou d\u00e9gradants n\u2019ait jamais \u00e9tabli directement une norme, il consid\u00e8re de taille souhaitable une cellule individuelle de 9 \u00e0 10 m\u00e8tres carr\u00e9s. Ce texte, certes non coercitif, indique bien qu\u2019en-dessous de 9 m\u00e8tres carr\u00e9s, une cellule est jug\u00e9e trop petite<\/em>.\u00a0\u00bb[9]<\/p>\n<p><strong>\u00a0Vous dites\u00a0: \u00ab<\/strong>\u00a0<strong>La prison locale Tiflet 2, o\u00f9 Ali Aarras a \u00e9t\u00e9 transf\u00e9r\u00e9, est un \u00e9tablissement p\u00e9nitentiaire normal, et non une prison sous haute surveillance, comme pr\u00e9tendu par le blog<\/strong>\u00a0\u00bb<\/p>\n<p>R\u00e9cemment vous avez organis\u00e9 une journ\u00e9e de visite pour des journalistes dans sept prisons. Sur la prison de Tiflet, l\u2019un d\u2019eux notait\u00a0: \u00ab\u00a0<em>la nouvelle prison de Tiflet a une capacit\u00e9 de 650 d\u00e9tenus et une occupation de 795 prisonniers. La prison de Tiflet rappelle les p\u00e9nitenciers am\u00e9ricains situ\u00e9s dans des no man\u2019s lands, il y est quasiment impossible de tenter une \u00e9vasion\u2026 La prison de Tiflet abrite plus d\u2019une cinquantaine de d\u00e9tenus salafistes que nous n\u2019avons pas eu le droit de rencontrer. \u00ab\u2009Il s\u2019agit de terroristes qui ont du sang sur les mains\u2009\u00bb, nous confie un responsable de la DGAPR. V\u00e9rification faite, on apprend qu\u2019il est question des neuf salafistes qui avaient fui la prison centrale de K\u00e9nitra en avril 2008, en plus d\u2019individus directement impliqu\u00e9s dans les attentats du 16 mai 2003.<\/em>\u00a0\u00bb<\/p>\n<p>Je n\u2019ai jamais dit que la prison de Tiflet \u00e9tait une prison de haute s\u00e9curit\u00e9. Mais vous l\u2019utilisez clairement comme endroit pour y enfermer des terroristes qui ont \u00ab\u00a0essay\u00e9 de s\u2019\u00e9vader\u00a0\u00bb ou qui ont \u00ab\u00a0du sang sur les mains\u00a0\u00bb. Je suppose que vous mettez un homme innocent, mais insoumis, comme Ali Aarrass dans cette cat\u00e9gorie de d\u00e9tenus dangereux et que c\u2019est la raison pour laquelle il a \u00e9t\u00e9 transf\u00e9r\u00e9. M\u00eame si Tiflet n\u2019est pas une prison de haute s\u00e9curit\u00e9, mais une prison normale, vous pouvez y appliquer des m\u00e9thodes de haute s\u00e9curit\u00e9 et d\u2019isolement. Vous avez d\u00e9clar\u00e9 vouloir transformer les prisons marocaines \u00e0 l\u2019am\u00e9ricaine, et vous devez donc bien savoir que les prisons normales am\u00e9ricaines disposent d\u2019unit\u00e9s qui portent diff\u00e9rents noms \u2013 SHU, IMU, SMU, AU, CU (Security Housing Unit, Intensive Management Unit, Special Management Unit, Administrative segregation, Control unit) \u2013 qui cachent toutes la m\u00eame r\u00e9alit\u00e9 : un r\u00e9gime de \u00ab\u00a0solitary confinement\u00a0\u00bb, le confinement solitaire \u00e0 l\u2019extr\u00eame. C\u2019est ce que vous appliquez \u00e0 Ali Aarrass.<\/p>\n<p>Votre r\u00e9ponse ne r\u00e9pond pas \u00e0 cette question. Vous parlez de nourriture et de sanitaire. Mais la question de l\u2019isolement nous am\u00e8ne \u00e0 quelque chose de bien plus profond\u00a0: un \u00eatre humain est plus qu\u2019un animal qui doit \u00eatre nourri. Et m\u00eame un animal nourri ne saurait pas survivre dans des conditions de d\u00e9tention en isolement prolong\u00e9. Pour conclure, je vous conseille la lecture du livre de Lisa Gunther sur les cons\u00e9quences de l\u2019enfermement en isolement, dont je vous mets un extrait. En esp\u00e9rant que vous sortirez Ali Aarrass au plus vite de cette situation inhumaine.<\/p>\n<p>\u00ab\u00a0<em>Des prisonniers dans une Control unit (aile d\u2019enfermement en isolement dans une prison am\u00e9ricaine) peuvent avoir suffisamment \u00e0 manger et \u00e0 boire. Leurs conditions de d\u00e9tention peuvent m\u00eame \u00eatre conformes aux seuils d\u00e9finis comme traitement humain par des Cours de justice. Mais il y a quelque chose dans l\u2019exclusion d\u2019autres \u00eatres vivants de l\u2019espace o\u00f9 nous vivons et dans l\u2019absence d\u2019avoir m\u00eame la possibilit\u00e9 de toucher ou d\u2019\u00eatre touch\u00e9 par un autre, qui risque de nous mettre \u00e0 terre\u2026 Nous avons besoin d\u2019un r\u00e9seau d\u2019autres, non seulement pour survivre, mais aussi pour pouvoir donner un sens au monde, pour pouvoir distinguer r\u00e9alit\u00e9 et illusion, pour pouvoir raisonner, pour pouvoir dire o\u00f9 notre propre existence physique commence et prend fin\u2026 L\u2019isolement prolong\u00e9 coupe les prisonniers de ce r\u00e9seau de soutien au niveau social, affectif, cognitif \u2026 et les rend incapables de trouver du sens, d\u2019avoir une relation humaine s\u00e9rieuse au point de les invalider compl\u00e8tement.<\/em>\u00a0\u00bb [10]<br \/>\n[1] T\u00e9moignage de Farida cit\u00e9 dans <a href=\"http:\/\/lukvervaet.blogspot.be\/2016\/10\/ali-aarrass-en-isolement-total-la.html\">http:\/\/lukvervaet.blogspot.be\/2016\/10\/ali-aarrass-en-isolement-total-la.html<\/a><\/p>\n<p>[2] <a href=\"http:\/\/www.freeali.eu\/le-cri-dalarme-de-houria-la-femme-dali-aarrass-les-conditions-de-detention-dali-sont-inhumaines\/\">http:\/\/www.freeali.eu\/le-cri-dalarme-de-houria-la-femme-dali-aarrass-les-conditions-de-detention-dali-sont-inhumaines\/<\/a><\/p>\n<p>[3] Vid\u00e9os publi\u00e9es sur\u00a0 <a href=\"http:\/\/prisonnierseuropeensaumaroc.blogspot.be\/\">http:\/\/prisonnierseuropeensaumaroc.blogspot.be\/<\/a><\/p>\n<p>[4] <a href=\"http:\/\/fr.le360.ma\/societe\/prisons-ali-aarrass-beneficie-de-tous-les-droits-reconnus-par-la-loi-93317\">http:\/\/fr.le360.ma\/societe\/prisons-ali-aarrass-beneficie-de-tous-les-droits-reconnus-par-la-loi-93317<\/a><\/p>\n<p>[5] <a href=\"http:\/\/www.huffpostmaghreb.com\/2016\/02\/10\/maroc-prison_n_9200132.html\">http:\/\/www.huffpostmaghreb.com\/2016\/02\/10\/maroc-prison_n_9200132.html<\/a><\/p>\n<p>[6] <a href=\"http:\/\/telquel.ma\/2016\/02\/09\/maroc-19eme-pays-au-monde-en-nombre-prisonniers_1481783\">http:\/\/telquel.ma\/2016\/02\/09\/maroc-19eme-pays-au-monde-en-nombre-prisonniers_1481783<\/a><\/p>\n<p>[7] <a href=\"http:\/\/telquel.ma\/2016\/04\/17\/prison_1492282\">http:\/\/telquel.ma\/2016\/04\/17\/prison_1492282<\/a><\/p>\n<p>[8] <a href=\"http:\/\/telquel.ma\/2014\/05\/30\/exclusif-de-lautre-cote-des-barreaux_136807\">http:\/\/telquel.ma\/2014\/05\/30\/exclusif-de-lautre-cote-des-barreaux_136807<\/a> \u00a0<a href=\"http:\/\/adala.justice.gov.ma\/production\/legislation\/fr\/penal\/Dahir%20etablissement%20pententiaire2008.htm\">http:\/\/adala.justice.gov.ma\/production\/legislation\/fr\/penal\/Dahir%20etablissement%20pententiaire2008.htm<\/a><\/p>\n<p>[9] <a href=\"http:\/\/www.lemonde.fr\/les-decodeurs\/article\/2014\/12\/04\/la-cellule-individuelle-un-droit-encore-repousse_4534610_4355770.html#0e08wIH9JxtKA8fY.99\">http:\/\/www.lemonde.fr\/les-decodeurs\/article\/2014\/12\/04\/la-cellule-individuelle-un-droit-encore-repousse_4534610_4355770.html#0e08wIH9JxtKA8fY.99<\/a><\/p>\n<p>[10] Solitary confinement, social death and its afterlives, Lisa Guenther University of Minnesota Press 2013, pg 145-146<\/p>\n<p>R\u00e9vision du texte : Marie-Fran\u00e7oise Cordemans.<\/p>\n<p><a href=\"http:\/\/supermax.be\/lenfermement-en-isolement-ou-la-mise-a-mort-sociale-dali-aarrass-une-reponse-a-monsieur-tamek-de-la-dgapr-du-maroc\/\">Source<\/a><\/p>\n<\/div>\n<\/article>\n<\/div>\n<\/div>\n<\/div>\n<\/section>\n","protected":false},"excerpt":{"rendered":"<p>(photo : Monsieur Tamek donne une conf\u00e9rence sur \u201d L\u2019approche du Maroc dans la lutte contre l\u2019extr\u00e9misme violent\u201d Washington Institute for Near East Policy, le 12 mai 2014.)\u00a0 L\u2019enfermement en isolement ou la mise \u00e0 mort sociale d\u2019Ali Aarrass : une r\u00e9ponse \u00e0 monsieur Tamek de la DGAPR du Maroc &nbsp; Luk Vervaet Les t\u00e9moignages &#8230; <a title=\"L\u2019enfermement en isolement ou la mise \u00e0 mort sociale d\u2019Ali Aarrass.\" class=\"read-more\" href=\"https:\/\/bruxelles-pantheres.be\/?p=3113\" aria-label=\"En savoir plus sur L\u2019enfermement en isolement ou la mise \u00e0 mort sociale d\u2019Ali Aarrass.\">Lire la suite<\/a><\/p>\n","protected":false},"author":1,"featured_media":3003,"comment_status":"open","ping_status":"open","sticky":false,"template":"","format":"standard","meta":{"footnotes":""},"categories":[24,4,8,18,28,5],"tags":[53,31,23],"class_list":["post-3113","post","type-post","status-publish","format-standard","has-post-thumbnail","hentry","category-belgique-maroc","category-islamophobie","category-prisons","category-resistance-bruxelles","category-racismes","category-violence-policiere","tag-ali-aarrass","tag-belgique","tag-discrimination"],"_links":{"self":[{"href":"https:\/\/bruxelles-pantheres.be\/index.php?rest_route=\/wp\/v2\/posts\/3113","targetHints":{"allow":["GET"]}}],"collection":[{"href":"https:\/\/bruxelles-pantheres.be\/index.php?rest_route=\/wp\/v2\/posts"}],"about":[{"href":"https:\/\/bruxelles-pantheres.be\/index.php?rest_route=\/wp\/v2\/types\/post"}],"author":[{"embeddable":true,"href":"https:\/\/bruxelles-pantheres.be\/index.php?rest_route=\/wp\/v2\/users\/1"}],"replies":[{"embeddable":true,"href":"https:\/\/bruxelles-pantheres.be\/index.php?rest_route=%2Fwp%2Fv2%2Fcomments&post=3113"}],"version-history":[{"count":1,"href":"https:\/\/bruxelles-pantheres.be\/index.php?rest_route=\/wp\/v2\/posts\/3113\/revisions"}],"predecessor-version":[{"id":3114,"href":"https:\/\/bruxelles-pantheres.be\/index.php?rest_route=\/wp\/v2\/posts\/3113\/revisions\/3114"}],"wp:featuredmedia":[{"embeddable":true,"href":"https:\/\/bruxelles-pantheres.be\/index.php?rest_route=\/wp\/v2\/media\/3003"}],"wp:attachment":[{"href":"https:\/\/bruxelles-pantheres.be\/index.php?rest_route=%2Fwp%2Fv2%2Fmedia&parent=3113"}],"wp:term":[{"taxonomy":"category","embeddable":true,"href":"https:\/\/bruxelles-pantheres.be\/index.php?rest_route=%2Fwp%2Fv2%2Fcategories&post=3113"},{"taxonomy":"post_tag","embeddable":true,"href":"https:\/\/bruxelles-pantheres.be\/index.php?rest_route=%2Fwp%2Fv2%2Ftags&post=3113"}],"curies":[{"name":"wp","href":"https:\/\/api.w.org\/{rel}","templated":true}]}}