{"id":3132,"date":"2017-01-14T21:47:23","date_gmt":"2017-01-14T20:47:23","guid":{"rendered":"https:\/\/bruxelles-pantheres.be\/?p=3132"},"modified":"2017-01-14T21:47:23","modified_gmt":"2017-01-14T20:47:23","slug":"observatoire-de-la-megaprison-de-bruxelles-haren","status":"publish","type":"post","link":"https:\/\/bruxelles-pantheres.be\/?p=3132","title":{"rendered":"Observatoire de la m\u00e9gaprison de Bruxelles-Haren"},"content":{"rendered":"<h1>Observatoire de la m\u00e9gaprison de Bruxelles-Haren<\/h1>\n<p align=\"center\"><img decoding=\"async\" src=\"http:\/\/www.harenobservatory.net\/img\/harenobservatory_home.jpg\" alt=\"Observatoire de la m\u00e9gaprison de Bruxelles-Haren\" \/><\/p>\n<h2>Lancement de l&rsquo;observatoire de la m\u00e9gaprison de Bruxelles-Haren<\/h2>\n<div class=\"date_txt\">9 janvier 2017<\/div>\n<p>Le Comit\u00e9 de Haren, l&rsquo;asbl Respire, des riverains et des militants lancent aujourd&rsquo;hui \u00ab\u00a0<strong>l&rsquo;observatoire de la m\u00e9gaprison de Bruxelles-Haren<\/strong>\u00a0\u00bb.<\/p>\n<p>Le gouvernement r\u00e9gional a d\u00e9livr\u00e9 le permis pour la m\u00e9gaprison de Bruxelles-Haren le 24 d\u00e9cembre 2016. Une \u00e9ni\u00e8me fois, les d\u00e9cideurs auront donc choisi le moyen le moins acceptable pour imposer ce projet toxique. Apr\u00e8s avoir balay\u00e9 d&rsquo;un revers de la main les centaines de r\u00e9clamations de citoyens et d&rsquo;associations, r\u00e9duisant \u00e0 n\u00e9ant le principe m\u00eame de \u00ab\u00a0participation citoyenne\u00a0\u00bb qu&rsquo;ont \u00e9t\u00e9 suppos\u00e9 incarner les \u00ab\u00a0commissions de concertation\u00a0\u00bb, ceux qui sont cens\u00e9s agir pour le bien de la R\u00e9gion ont d\u00e9cid\u00e9 faire passer en pleines vacances ce projet qu&rsquo;eux-m\u00eames jugent d\u00e9mesur\u00e9. Dans ce dossier comme dans de trop nombreux autres, le d\u00e9go\u00fbt citoyen pour les politiciens ne peut plus surprendre que ceux qui veulent encore l&rsquo;\u00eatre, P\u00e8re No\u00ebl mis \u00e0 part.<\/p>\n<h3>La m\u00e9gaprison de Bruxelles : un r\u00e9v\u00e9lateur politique puissant<\/h3>\n<p>PS et CDH ont donc d\u00e9cid\u00e9 de d\u00e9truire 20 hectares de biodiversit\u00e9 exceptionnelle \u00e0 Bruxelles, d&rsquo;asphyxier le Nord-Est de la capitale dans des embouteillages insolubles, d&rsquo;y mettre en p\u00e9ril le fonctionnement de la justice, de garantir des conditiosn de d\u00e9tention d\u00e9grad\u00e9es aux dizaines de milliers de d\u00e9tenus qui s\u00e9journeront dans cette m\u00e9gaprison \u00e0 l&rsquo;endroit le plus bruyant du pays, de plomber le budget de la Justice de 3 milliards d&rsquo;euros en 25 ans. Autant de pr\u00e9judices publics pour les plus grands profits d&rsquo;entreprises transnationales, dont Macquarie Group qui s&rsquo;est illustr\u00e9 dans des pratiques d&rsquo;\u00e9vasion fiscale et de dumping contre lesquels PS et CDH ont pourtant pr\u00e9tendu s&rsquo;\u00e9lever en faisant mine de s&rsquo;opposer au CETA. Le MR quant \u00e0 lui, est le seul parti francophone \u00e0 porter ce projet au gouvernement f\u00e9d\u00e9ral. Il ob\u00e9it servilement aux injonctions de la N-VA qui trouve avec cette m\u00e9gaprison le moyen de plomber durablement la R\u00e9gion Bruxelloise.<\/p>\n<p>Des recours seront introduits contre les permis. La mobilisation se poursuit. De nombreux citoyens partagent le souci du bien commun et agissent pour une soci\u00e9t\u00e9 plus solidaire, plus humaine et plus libre. A Haren notamment.<\/p>\n<h3>L&rsquo;observatoire de la m\u00e9gaprison\u00a0: ne pas oublier les responsabilit\u00e9s pour enfin changer de cap<\/h3>\n<p>Des citoyens lancent l&rsquo;Observatoire de la m\u00e9gaprison de Haren, un site internet sur lequel le dossier sera archiv\u00e9. L&rsquo;Observatoire de la m\u00e9gaprison permettra de retrouver les acteurs, les origines du dossier et le processus de d\u00e9cision, qui constitue un exemple-type de forfaiture d\u00e9mocratique. Le P\u00e8re-No\u00ebl lui-m\u00eame n&rsquo;avait sans doute pas imagin\u00e9 plus beau specimen.<\/p>\n<p>Les animateurs de l&rsquo;observatoire du chantier de la m\u00e9gaprison initient cette nouvelle dynamique citoyenne, conscients que savoir se souvenir des erreurs du pass\u00e9 est une condition pour \u00e9viter de les reproduire. Avec le ferme espoir de contribuer \u00e0 montrer qu&rsquo;il est n\u00e9cessaire et possible de mettre un terme \u00e0 la politique d&rsquo;enfermement de masse, de marchandisation de la justice et de destruction de la nature.<\/p>\n<h3>L&rsquo;observatoire de la m\u00e9gaprison\u00a0: un contr\u00f4le citoyen rapproch\u00e9<\/h3>\n<p>Dans le cas o\u00f9 la m\u00e9gaprison viendrait effectivement \u00e0 \u00eatre construite, l&rsquo;observatoire serait dans un deuxi\u00e8me temps le lieu de surveillance citoyenne du chantier de la m\u00e9gaprison et de son fonctionnement ult\u00e9rieur. S&rsquo;il venait \u00e0 na\u00eetre, le mastodonte toxique serait mis sous contr\u00f4le citoyen rapproch\u00e9.<\/p>\n<p>Dans ce cas, l&rsquo;observatoire permettrait notamment,<\/p>\n<p><strong> &#8211; Pendant la phase de construction de la m\u00e9gaprison\u00a0:<\/strong><\/p>\n<ul>\n<li>de suivre pas \u00e0 pas l&rsquo;\u00e9volution du chantier,<\/li>\n<li>de documenter les probl\u00e8mes que provoquerait immanquablement ce chantier gigantesque et donner les moyens factuels de lancer de nouvelles actions en justice,<\/li>\n<li>de s&rsquo;assurer que les promesses tenues par les partis politiques, et notamment le PS et le CDH qui auront d\u00e9livr\u00e9 les autorisations urbanistiques et environnementales, ne s&rsquo;av\u00e9reraient pas \u00eatre des mensonges aux cons\u00e9quences d\u00e9sastreuses et, le cas \u00e9ch\u00e9ant, les faire conna\u00eetre au public\u00a0;<\/li>\n<\/ul>\n<p><strong> &#8211; Pendant l&rsquo;exploitation de la m\u00e9gaprison\u00a0:<\/strong><\/p>\n<ul>\n<li>de suivre pas \u00e0 pas l&rsquo;\u00e9volution des conditions de d\u00e9tention et de travail dans la m\u00e9gaprison, aussi bien \u00e0 l&rsquo;int\u00e9rieur m\u00eame de la prison que dans les liens avec l&rsquo;ext\u00e9rieur (notamment en ce qui concerne les droits de visites, les activit\u00e9s pour les d\u00e9tenus, les programmes d&rsquo;accompagnement et de r\u00e9insertion, l&rsquo;acc\u00e8s de la prison aux m\u00e9tiers de la Justice et le transf\u00e8rement des d\u00e9tenus au palais de justice),<\/li>\n<li>de documenter les probl\u00e8mes que poserait immanquablement cette infrastructure g\u00e9ante, mal situ\u00e9e et trop co\u00fbteuse,<\/li>\n<li>de s&rsquo;assurer que les promesses tenues par les partis politiques ne s&rsquo;av\u00e9reraient pas \u00eatre des mensonges aux cons\u00e9quences d\u00e9sastreuses et, le cas \u00e9ch\u00e9ant, les faire connaitre au grand public\u00a0;<\/li>\n<\/ul>\n<p><strong> &#8211; De mani\u00e8re g\u00e9n\u00e9rale\u00a0:<\/strong><\/p>\n<ul>\n<li>de suivre l&rsquo;ensemble du dossier et son \u00e9volution, r\u00e9aliser un travail documentaire et d&rsquo;archivage, pour rendre publiques, visibles, et compr\u00e9hensibles les cons\u00e9quences des choix qu&rsquo;auront fait les partis politiques et leurs \u00e9lus responsables de ce projet, contre l&rsquo;avis et la mobilisation de la soci\u00e9t\u00e9 civile.<\/li>\n<\/ul>\n<p>L&rsquo;observatoire est anim\u00e9 par une dizaine de citoyens qui suivent ce dossier depuis plus de 5 ans. Ils collecteront des informations et traiteront celle qui leur sera envoy\u00e9e pour la rendre accessible au grand public via le blog\u00a0: <a href=\"http:\/\/www.harenobservatory.net\/\">www.HarenObservatory.net<\/a><\/p>\n<h3>Contacts\u00a0:<\/h3>\n<ul>\n<li>Laurent Moulin \u2013 0499 030 901<\/li>\n<li>Jean-Baptiste Godinot \u2013 0488 200 175 (messagerie vocale)<\/li>\n<li><a href=\"mailto:collectif@harenobservatory.net\">collectif@harenobservatory.net<\/a><\/li>\n<\/ul>\n","protected":false},"excerpt":{"rendered":"<p>Observatoire de la m\u00e9gaprison de Bruxelles-Haren Lancement de l&rsquo;observatoire de la m\u00e9gaprison de Bruxelles-Haren 9 janvier 2017 Le Comit\u00e9 de Haren, l&rsquo;asbl Respire, des riverains et des militants lancent aujourd&rsquo;hui \u00ab\u00a0l&rsquo;observatoire de la m\u00e9gaprison de Bruxelles-Haren\u00a0\u00bb. Le gouvernement r\u00e9gional a d\u00e9livr\u00e9 le permis pour la m\u00e9gaprison de Bruxelles-Haren le 24 d\u00e9cembre 2016. Une \u00e9ni\u00e8me fois, &#8230; <a title=\"Observatoire de la m\u00e9gaprison de Bruxelles-Haren\" class=\"read-more\" href=\"https:\/\/bruxelles-pantheres.be\/?p=3132\" aria-label=\"En savoir plus sur Observatoire de la m\u00e9gaprison de Bruxelles-Haren\">Lire la suite<\/a><\/p>\n","protected":false},"author":1,"featured_media":443,"comment_status":"open","ping_status":"open","sticky":false,"template":"","format":"standard","meta":{"footnotes":""},"categories":[8,18],"tags":[31,14,23,96,19,54,15],"class_list":["post-3132","post","type-post","status-publish","format-standard","has-post-thumbnail","hentry","category-prisons","category-resistance-bruxelles","tag-belgique","tag-bruxelles","tag-discrimination","tag-guantanamo","tag-pauvrete","tag-police","tag-resistance"],"_links":{"self":[{"href":"https:\/\/bruxelles-pantheres.be\/index.php?rest_route=\/wp\/v2\/posts\/3132","targetHints":{"allow":["GET"]}}],"collection":[{"href":"https:\/\/bruxelles-pantheres.be\/index.php?rest_route=\/wp\/v2\/posts"}],"about":[{"href":"https:\/\/bruxelles-pantheres.be\/index.php?rest_route=\/wp\/v2\/types\/post"}],"author":[{"embeddable":true,"href":"https:\/\/bruxelles-pantheres.be\/index.php?rest_route=\/wp\/v2\/users\/1"}],"replies":[{"embeddable":true,"href":"https:\/\/bruxelles-pantheres.be\/index.php?rest_route=%2Fwp%2Fv2%2Fcomments&post=3132"}],"version-history":[{"count":1,"href":"https:\/\/bruxelles-pantheres.be\/index.php?rest_route=\/wp\/v2\/posts\/3132\/revisions"}],"predecessor-version":[{"id":3133,"href":"https:\/\/bruxelles-pantheres.be\/index.php?rest_route=\/wp\/v2\/posts\/3132\/revisions\/3133"}],"wp:featuredmedia":[{"embeddable":true,"href":"https:\/\/bruxelles-pantheres.be\/index.php?rest_route=\/wp\/v2\/media\/443"}],"wp:attachment":[{"href":"https:\/\/bruxelles-pantheres.be\/index.php?rest_route=%2Fwp%2Fv2%2Fmedia&parent=3132"}],"wp:term":[{"taxonomy":"category","embeddable":true,"href":"https:\/\/bruxelles-pantheres.be\/index.php?rest_route=%2Fwp%2Fv2%2Fcategories&post=3132"},{"taxonomy":"post_tag","embeddable":true,"href":"https:\/\/bruxelles-pantheres.be\/index.php?rest_route=%2Fwp%2Fv2%2Ftags&post=3132"}],"curies":[{"name":"wp","href":"https:\/\/api.w.org\/{rel}","templated":true}]}}