{"id":3142,"date":"2010-06-05T23:10:43","date_gmt":"2010-06-05T22:10:43","guid":{"rendered":"https:\/\/bruxelles-pantheres.be\/?p=3142"},"modified":"2017-01-16T23:15:18","modified_gmt":"2017-01-16T22:15:18","slug":"stop-a-la-sionisation-de-nos-institutions","status":"publish","type":"post","link":"https:\/\/bruxelles-pantheres.be\/?p=3142","title":{"rendered":"Stop \u00e0 la \u00ab sionisation \u00bb de nos institutions !"},"content":{"rendered":"<header class=\"entry-header\">\n<h4 class=\"entry-title\" style=\"text-align: center;\"><a href=\"https:\/\/bruxelles-pantheres.be\/wp-content\/uploads\/2013\/11\/77793795_o.jpg\"><img decoding=\"async\" class=\"alignnone size-full wp-image-985\" src=\"https:\/\/bruxelles-pantheres.be\/wp-content\/uploads\/2013\/11\/77793795_o.jpg\" alt=\"\" width=\"565\" height=\"346\" srcset=\"https:\/\/bruxelles-pantheres.be\/wp-content\/uploads\/2013\/11\/77793795_o.jpg 565w, https:\/\/bruxelles-pantheres.be\/wp-content\/uploads\/2013\/11\/77793795_o-300x184.jpg 300w\" sizes=\"(max-width: 565px) 100vw, 565px\" \/><\/a><\/h4>\n<h4 class=\"entry-title\">Stop \u00e0 la \u00ab sionisation \u00bb de nos institutions\u00a0!<\/h4>\n<\/header>\n<div class=\"entry-content\">\n<p>En avril 2007, le gouvernement bruxellois a reconnu avoir accord\u00e9 des licences d\u2019exportations \u00e0 la Sabca dans le cadre d\u2019un contrat avec Isra\u00ebl Aerospace Industries Ltd. En 2007, la Belgique \u00e9tait le cinqui\u00e8me exportateur d\u2019armes europ\u00e9en vers Isra\u00ebl.<\/p>\n<p>En d\u00e9cembre 2008, l\u2019Union europ\u00e9enne a d\u00e9cid\u00e9 le \u00ab rehaussement \u00bb des relations bilat\u00e9rales avec Isra\u00ebl. Quelques jours plus tard le territoire de Gaza \u00e9tait mis \u00e0 feu et \u00e0 sang par l\u2019arm\u00e9e isra\u00e9lienne qui avait donc carte blanche pour commettre, en toute impunit\u00e9, des \u00ab crimes de guerre \u00bb, voire des \u00ab crimes contre l\u2019humanit\u00e9 \u00bb.<\/p>\n<p>En 2009, les Nations-Unies adoptent le rapport Goldstone, celui-ci dit que des \u00ab actes assimilables \u00e0 des crimes de guerre et peut-\u00eatre, dans certaines circonstances, \u00e0 des crimes contre l\u2019humanit\u00e9 \u00bb avaient \u00e9t\u00e9 commis durant les massacres contre la population de Gaza fin d\u00e9cembre 2008. La Belgique lors du vote de la r\u00e9solution s\u2019abstient !<\/p>\n<p>Neuf mois apr\u00e8s le massacre de Gaza, un tapis de fleurs \u00e9tait offert par la Ville de Bruxelles, \u00e0 Tel-Aviv. Un an apr\u00e8s, la Direction du Commerce ext\u00e9rieur du Minist\u00e8re de la R\u00e9gion de Bruxelles-Capitale, en collaboration avec Flanders Investment &amp; Trade et AWEX, organise une mission \u00e9conomique multisectorielle en Isra\u00ebl. Cette mission a eu lieu du 6 au 10 d\u00e9cembre 2009 \u00e0 Tel-Aviv.<\/p>\n<p>En mai 2010, la \u00ab flottille pour la libert\u00e9 \u00bb tente de forcer le blocus de Gaza en apportant une aide humanitaire aux assi\u00e9g\u00e9s. La flottille est attaqu\u00e9e dans les eaux internationales par les \u00ab pirates militaires \u00bb isra\u00e9liens qui tuent 9 turcs, blessent et prennent en otage les civils pr\u00e9sents sur les bateaux dont 5 Belges.<\/p>\n<p>L\u2019ONU vote une r\u00e9solution pour la mise en place d\u2019une \u00ab\u00a0mission d\u2019enqu\u00eate internationale\u00a0\u00bb. La Belgique lors du vote de la r\u00e9solution s\u2019abstient !<\/p>\n<p>AUJOURD\u2019HUI ?<\/p>\n<p>L\u2019a\u00e9roport belge de Bierzet est toujours un point de passage oblig\u00e9 pour les armes isra\u00e9liennes. Dans le rapport semestriel du gouvernement concernant l\u2019importation, l\u2019exportation et le transit ainsi que la lutte contre le trafic d\u2019armes (p\u00e9riode du 1er juillet au 31 d\u00e9cembre 2009), on constate qu\u2019une licence d\u2019arme en destination d\u2019Isra\u00ebl a \u00e9t\u00e9 accord\u00e9e par le gouvernement bruxellois, dans la cat\u00e9gorie industrie \u2013 mat\u00e9riel lourd pour un montant de 772.130 euro.<\/p>\n<p>Nous pouvons constater aussi l\u2019achat \u00e0 Isra\u00ebl d\u2019armes l\u00e9g\u00e8res pour un montant de 13.148 euro. Ces armes vont-elles servir \u00e0 \u00ab s\u00e9curiser \u00bb nos quartiers o\u00f9 est mis en place la \u00ab tol\u00e9rance z\u00e9ro \u00bb ?<\/p>\n<p>Ce dimanche 06 juin 2010, une manifestation pro-sioniste \u00e9tait organis\u00e9e devant l\u2019ambassade d\u2019Isra\u00ebl \u00e0 Bruxelles. Cette manifestation \u00e9tait organis\u00e9e par plusieurs organisations de jeunesse juive (Hanoar Hatzoni, Habronim Dror, Hashomer Hatair, Bne Akiva, UEJB) avec le soutien du CCOJB (Comit\u00e9 de coordination des organisations juives de Belgique). Plusieurs mandataires du MR (dont Corinne De Permentier et Viviane Teitelbaum) et du PP (dont Mischael Modrikamen et Jo\u00ebl Rubinfeld) \u00e9taient pr\u00e9sents \u00e0 cette manifestation.<\/p>\n<p>Deux intervenants, David Welner, Pr\u00e9sident de l\u2019UEJB (Union des \u00e9tudiants Juifs de Belgique) et Tamar Samash (ambassadrice d\u2019Isra\u00ebl en Belgique) se sont vus offrir les services de la police bruxelloise ! S\u2019adressant \u00e0 la foule en utilisant le m\u00e9gaphone de la camionnette des policiers belges, la diplomate isra\u00e9lienne a compar\u00e9 les r\u00e9centes victimes du bateau turc \u00e0 \u00ab des cingl\u00e9s qui viennent se fracasser contre un mur \u00bb.<\/p>\n<p>Une dizaine de militants Egalitaires \u00e9taient pr\u00e9sents pour contre-manifester (\u00e0 l\u2019\u00e9cart et encadr\u00e9s par la police) avec des drapeaux palestiniens coll\u00e9s sur la bouche.<\/p>\n<p><strong>La Belgique peut, seule, sans attendre l\u2019accord de ses partenaires europ\u00e9ens, prendre quelques mesures. Nous demandons donc de notre gouvernement :<\/strong><\/p>\n<p>\u00b7 qu\u2019il exige imm\u00e9diatement la mise en libert\u00e9 de tous les ressortissants belges et internationaux retenus ;<\/p>\n<p>\u00b7 qu\u2019il exige la restitution des bateaux arraisonn\u00e9s et l\u2019acheminement des marchandises qu\u2019ils contenaient vers la bande de Gaza ;<\/p>\n<p>\u00b7 la suspension imm\u00e9diate des relations diplomatiques entre la Belgique et Isra\u00ebl ;<\/p>\n<p>\u00b7 la fermeture de l\u2019ambassade isra\u00e9lienne et l\u2019expulsion de l\u2019ambassadeur isra\u00e9lien \u00e0 Bruxelles ;<\/p>\n<p>\u00b7 le retour de notre ambassadeur\/consul belge post\u00e9 en Isra\u00ebl ;<\/p>\n<p>\u00b7 l\u2019instauration du visa \u00e0 tous les citoyens isra\u00e9liens d\u00e9sirant se rendre en Belgique, tant que l\u2019\u00c9tat d\u2019Isra\u00ebl emp\u00eachera nos concitoyens de se rendre librement en Palestine ;<\/p>\n<p>\u00b7 qu\u2019il avise les citoyens belges qui effectuent leur service militaire en Isra\u00ebl, qu\u2019ils ne sont pas autoris\u00e9s \u00e0 servir dans les territoires occup\u00e9s. Leur participation aux actions d\u2019une arm\u00e9e d\u2019occupation pourrait entra\u00eener des poursuites judiciaires.<\/p>\n<p><strong>\u00b7 qu\u2019il lance une campagne pour tracer l\u2019origine des produits isra\u00e9liens export\u00e9s en Belgique et interdire (pas seulement taxer) les produits des colonies ; il s\u2019agit seulement de se conformer au droit et aux d\u00e9cisions de l\u2019Union europ\u00e9enne.<\/strong><\/p>\n<p>Nordine Sa\u00efdi<\/p>\n<p>1er sur la liste Egalit\u00e9<\/p>\n<\/div>\n<p>&nbsp;<\/p>\n","protected":false},"excerpt":{"rendered":"<p>Stop \u00e0 la \u00ab sionisation \u00bb de nos institutions\u00a0! En avril 2007, le gouvernement bruxellois a reconnu avoir accord\u00e9 des licences d\u2019exportations \u00e0 la Sabca dans le cadre d\u2019un contrat avec Isra\u00ebl Aerospace Industries Ltd. En 2007, la Belgique \u00e9tait le cinqui\u00e8me exportateur d\u2019armes europ\u00e9en vers Isra\u00ebl. En d\u00e9cembre 2008, l\u2019Union europ\u00e9enne a d\u00e9cid\u00e9 le &#8230; <a title=\"Stop \u00e0 la \u00ab sionisation \u00bb de nos institutions !\" class=\"read-more\" href=\"https:\/\/bruxelles-pantheres.be\/?p=3142\" aria-label=\"En savoir plus sur Stop \u00e0 la \u00ab sionisation \u00bb de nos institutions !\">Lire la suite<\/a><\/p>\n","protected":false},"author":1,"featured_media":852,"comment_status":"open","ping_status":"open","sticky":false,"template":"","format":"standard","meta":{"footnotes":""},"categories":[36,6,18],"tags":[31,14,13,15,203],"class_list":["post-3142","post","type-post","status-publish","format-standard","has-post-thumbnail","hentry","category-europe","category-palestine-moyen-orient","category-resistance-bruxelles","tag-belgique","tag-bruxelles","tag-nordine-saidi","tag-resistance","tag-sionisme"],"_links":{"self":[{"href":"https:\/\/bruxelles-pantheres.be\/index.php?rest_route=\/wp\/v2\/posts\/3142","targetHints":{"allow":["GET"]}}],"collection":[{"href":"https:\/\/bruxelles-pantheres.be\/index.php?rest_route=\/wp\/v2\/posts"}],"about":[{"href":"https:\/\/bruxelles-pantheres.be\/index.php?rest_route=\/wp\/v2\/types\/post"}],"author":[{"embeddable":true,"href":"https:\/\/bruxelles-pantheres.be\/index.php?rest_route=\/wp\/v2\/users\/1"}],"replies":[{"embeddable":true,"href":"https:\/\/bruxelles-pantheres.be\/index.php?rest_route=%2Fwp%2Fv2%2Fcomments&post=3142"}],"version-history":[{"count":1,"href":"https:\/\/bruxelles-pantheres.be\/index.php?rest_route=\/wp\/v2\/posts\/3142\/revisions"}],"predecessor-version":[{"id":3143,"href":"https:\/\/bruxelles-pantheres.be\/index.php?rest_route=\/wp\/v2\/posts\/3142\/revisions\/3143"}],"wp:featuredmedia":[{"embeddable":true,"href":"https:\/\/bruxelles-pantheres.be\/index.php?rest_route=\/wp\/v2\/media\/852"}],"wp:attachment":[{"href":"https:\/\/bruxelles-pantheres.be\/index.php?rest_route=%2Fwp%2Fv2%2Fmedia&parent=3142"}],"wp:term":[{"taxonomy":"category","embeddable":true,"href":"https:\/\/bruxelles-pantheres.be\/index.php?rest_route=%2Fwp%2Fv2%2Fcategories&post=3142"},{"taxonomy":"post_tag","embeddable":true,"href":"https:\/\/bruxelles-pantheres.be\/index.php?rest_route=%2Fwp%2Fv2%2Ftags&post=3142"}],"curies":[{"name":"wp","href":"https:\/\/api.w.org\/{rel}","templated":true}]}}